{"id":16699,"date":"2019-04-12T00:00:00","date_gmt":"2019-04-11T22:00:00","guid":{"rendered":"https:\/\/lightweb.dev\/l\/svm-temp\/nyheter\/har-grips-efterlyst-svensk-for-penningtvatt\/"},"modified":"2019-04-12T00:00:00","modified_gmt":"2019-04-11T22:00:00","slug":"har-grips-efterlyst-svensk-for-penningtvatt","status":"publish","type":"post","link":"https:\/\/lightweb.dev\/l\/svm-temp\/nyheter\/har-grips-efterlyst-svensk-for-penningtvatt\/","title":{"rendered":"H\u00e4r grips efterlyst svensk f\u00f6r penningtv\u00e4tt"},"content":{"rendered":"<p> En 26-\u00e5rig internationellt efterlyst svensk har gripits av spansk nationalpolis i Alicante. En europeisk arresteringsorder var utf\u00e4rdad p\u00e5 mannen av svenska myndigheter f\u00f6r penningtv\u00e4tt. Nyhetsbyr\u00e5n EFE skriver att mannen har \u00e4gnat sig \u00e5t penningtv\u00e4tt genom att handla med kryptovalutan bitcoin f\u00f6r tv\u00e5 miljoner euro.<\/p>\n<p>Svensken ska ha ing\u00e5tt i en kriminell organisation som \u00e4gnat sig \u00e5t bank- och bedr\u00e4gerier. Hans uppdrag har varit att tv\u00e4tta pengar som ligan tj\u00e4nat. Enligt de svenska myndigheterna har han tv\u00e4ttat mer \u00e4n 18 miljoner svenska kronor, omkring tv\u00e5 miljoner euro.<\/p>\n<p>Mannen har h\u00e5llit p\u00e5 med verksamheten mellan januari 2018 och januari 2019. Han riskerar ett f\u00e4ngelsestraff p\u00e5 sex \u00e5rs f\u00e4ngelse.<\/p>\n<p>Samtidigt har ytterligare tv\u00e5 svenska medborgare gripits i Sverige. Samtliga ing\u00e5r i samma kriminella organisation som mannen i Alicante.<\/p>\n<p>Det \u00e4r spansk och svensk polis i samarbete med ekobrottsmyndigheten som har samarbetat i att avsl\u00f6ja ligan.<\/p>\n<p>Spansk polis fick information av svensk polis att den efterlyste mannen troligtvis befann sig i Alicanteomr\u00e5det. Efter spaning och utredning kunde han lokaliseras till en lyxvilla i utkanten av staden.<\/p>\n<p>Polisen satte svensken under bevakning och kunde snabbt konstatera att han levde lyxliv och spenderade mycket pengar. Svensk polis var p\u00e5 plasts i Alicante i samband med gripandet.<\/p>\n<p>Polisen har \u00e4ven kommit \u00f6ver v\u00e4rdefulla klockor, fem datorer, \u00e5tta mobiltelefoner, 39 SIM-kort samt en bil och en b\u00e5t som l\u00e5g i fritidshamnen i D\u00e9nia.<\/p>\n<p>(Foto: Policia Nacional)<\/p>\n","protected":false},"excerpt":{"rendered":"<p>En 26-\u00e5rig internationellt efterlyst svensk har gripits av spansk nationalpolis i Alicante. En europeisk arresteringsorder var utf\u00e4rdad p\u00e5 mannen av svenska myndigheter f\u00f6r penningtv\u00e4tt. Nyhetsbyr\u00e5n EFE skriver att mannen har \u00e4gnat sig \u00e5t penningtv\u00e4tt genom att handla med kryptovalutan bitcoin f\u00f6r tv\u00e5 miljoner euro. Svensken ska ha ing\u00e5tt i en kriminell organisation som \u00e4gnat sig [&hellip;]<\/p>\n","protected":false},"author":8,"featured_media":16700,"comment_status":"open","ping_status":"open","sticky":false,"template":"","format":"standard","meta":{"_et_pb_use_builder":"","_et_pb_old_content":"","_et_gb_content_width":"","footnotes":""},"categories":[395,3],"tags":[],"class_list":["post-16699","post","type-post","status-publish","format-standard","has-post-thumbnail","hentry","category-arkiv-nyheter","category-nyheter"],"yoast_head":"<!-- This site is optimized with the Yoast SEO Premium plugin v26.2 (Yoast SEO v27.4) - https:\/\/yoast.com\/product\/yoast-seo-premium-wordpress\/ -->\n<title>H\u00e4r grips efterlyst svensk f\u00f6r penningtv\u00e4tt - Svenska Magasinet<\/title>\n<meta name=\"robots\" content=\"noindex, follow, max-snippet:-1, max-image-preview:large, max-video-preview:-1\" \/>\n<meta property=\"og:locale\" content=\"sv_SE\" \/>\n<meta property=\"og:type\" content=\"article\" \/>\n<meta property=\"og:title\" content=\"H\u00e4r grips efterlyst svensk f\u00f6r penningtv\u00e4tt\" \/>\n<meta property=\"og:description\" content=\"En 26-\u00e5rig internationellt efterlyst svensk har gripits av spansk nationalpolis i Alicante. En europeisk arresteringsorder var utf\u00e4rdad p\u00e5 mannen av svenska myndigheter f\u00f6r penningtv\u00e4tt. Nyhetsbyr\u00e5n EFE skriver att mannen har \u00e4gnat sig \u00e5t penningtv\u00e4tt genom att handla med kryptovalutan bitcoin f\u00f6r tv\u00e5 miljoner euro. Svensken ska ha ing\u00e5tt i en kriminell organisation som \u00e4gnat sig [&hellip;]\" \/>\n<meta property=\"og:url\" content=\"https:\/\/lightweb.dev\/l\/svm-temp\/nyheter\/har-grips-efterlyst-svensk-for-penningtvatt\/\" \/>\n<meta property=\"og:site_name\" content=\"Svenska Magasinet\" \/>\n<meta property=\"article:publisher\" content=\"https:\/\/www.facebook.com\/svenskamagasinet\" \/>\n<meta property=\"article:published_time\" content=\"2019-04-11T22:00:00+00:00\" \/>\n<meta property=\"og:image\" content=\"https:\/\/lightweb.dev\/l\/svm-temp\/wp-content\/uploads\/2022\/06\/har-grips-efterlyst-svensk-for-penningtvatt.png\" \/>\n\t<meta property=\"og:image:width\" content=\"500\" \/>\n\t<meta property=\"og:image:height\" content=\"300\" \/>\n\t<meta property=\"og:image:type\" content=\"image\/png\" \/>\n<meta name=\"author\" content=\"Redaktionen SvM\" \/>\n<meta name=\"twitter:card\" content=\"summary_large_image\" \/>\n<meta name=\"twitter:creator\" content=\"@SvenskaMagasine\" \/>\n<meta name=\"twitter:site\" content=\"@SvenskaMagasine\" \/>\n<script type=\"application\/ld+json\" class=\"yoast-schema-graph\">{\"@context\":\"https:\\\/\\\/schema.org\",\"@graph\":[{\"@type\":\"Article\",\"@id\":\"https:\\\/\\\/lightweb.dev\\\/l\\\/svm-temp\\\/nyheter\\\/har-grips-efterlyst-svensk-for-penningtvatt\\\/#article\",\"isPartOf\":{\"@id\":\"https:\\\/\\\/lightweb.dev\\\/l\\\/svm-temp\\\/nyheter\\\/har-grips-efterlyst-svensk-for-penningtvatt\\\/\"},\"author\":{\"name\":\"Redaktionen SvM\",\"@id\":\"https:\\\/\\\/lightweb.dev\\\/l\\\/svm-temp\\\/#\\\/schema\\\/person\\\/206a3bda5b607b0c25e1749191e4d837\"},\"headline\":\"H\u00e4r grips efterlyst svensk f\u00f6r penningtv\u00e4tt\",\"datePublished\":\"2019-04-11T22:00:00+00:00\",\"mainEntityOfPage\":{\"@id\":\"https:\\\/\\\/lightweb.dev\\\/l\\\/svm-temp\\\/nyheter\\\/har-grips-efterlyst-svensk-for-penningtvatt\\\/\"},\"wordCount\":255,\"commentCount\":0,\"publisher\":{\"@id\":\"https:\\\/\\\/lightweb.dev\\\/l\\\/svm-temp\\\/#organization\"},\"image\":{\"@id\":\"https:\\\/\\\/lightweb.dev\\\/l\\\/svm-temp\\\/nyheter\\\/har-grips-efterlyst-svensk-for-penningtvatt\\\/#primaryimage\"},\"thumbnailUrl\":\"https:\\\/\\\/lightweb.dev\\\/l\\\/svm-temp\\\/wp-content\\\/uploads\\\/2022\\\/06\\\/har-grips-efterlyst-svensk-for-penningtvatt.png\",\"articleSection\":[\"Arkiv\",\"Nyheter\"],\"inLanguage\":\"sv-SE\"},{\"@type\":\"WebPage\",\"@id\":\"https:\\\/\\\/lightweb.dev\\\/l\\\/svm-temp\\\/nyheter\\\/har-grips-efterlyst-svensk-for-penningtvatt\\\/\",\"url\":\"https:\\\/\\\/lightweb.dev\\\/l\\\/svm-temp\\\/nyheter\\\/har-grips-efterlyst-svensk-for-penningtvatt\\\/\",\"name\":\"H\u00e4r grips efterlyst svensk f\u00f6r penningtv\u00e4tt - Svenska Magasinet\",\"isPartOf\":{\"@id\":\"https:\\\/\\\/lightweb.dev\\\/l\\\/svm-temp\\\/#website\"},\"primaryImageOfPage\":{\"@id\":\"https:\\\/\\\/lightweb.dev\\\/l\\\/svm-temp\\\/nyheter\\\/har-grips-efterlyst-svensk-for-penningtvatt\\\/#primaryimage\"},\"image\":{\"@id\":\"https:\\\/\\\/lightweb.dev\\\/l\\\/svm-temp\\\/nyheter\\\/har-grips-efterlyst-svensk-for-penningtvatt\\\/#primaryimage\"},\"thumbnailUrl\":\"https:\\\/\\\/lightweb.dev\\\/l\\\/svm-temp\\\/wp-content\\\/uploads\\\/2022\\\/06\\\/har-grips-efterlyst-svensk-for-penningtvatt.png\",\"datePublished\":\"2019-04-11T22:00:00+00:00\",\"breadcrumb\":{\"@id\":\"https:\\\/\\\/lightweb.dev\\\/l\\\/svm-temp\\\/nyheter\\\/har-grips-efterlyst-svensk-for-penningtvatt\\\/#breadcrumb\"},\"inLanguage\":\"sv-SE\",\"potentialAction\":[{\"@type\":\"ReadAction\",\"target\":[\"https:\\\/\\\/lightweb.dev\\\/l\\\/svm-temp\\\/nyheter\\\/har-grips-efterlyst-svensk-for-penningtvatt\\\/\"]}]},{\"@type\":\"ImageObject\",\"inLanguage\":\"sv-SE\",\"@id\":\"https:\\\/\\\/lightweb.dev\\\/l\\\/svm-temp\\\/nyheter\\\/har-grips-efterlyst-svensk-for-penningtvatt\\\/#primaryimage\",\"url\":\"https:\\\/\\\/lightweb.dev\\\/l\\\/svm-temp\\\/wp-content\\\/uploads\\\/2022\\\/06\\\/har-grips-efterlyst-svensk-for-penningtvatt.png\",\"contentUrl\":\"https:\\\/\\\/lightweb.dev\\\/l\\\/svm-temp\\\/wp-content\\\/uploads\\\/2022\\\/06\\\/har-grips-efterlyst-svensk-for-penningtvatt.png\",\"width\":500,\"height\":300},{\"@type\":\"BreadcrumbList\",\"@id\":\"https:\\\/\\\/lightweb.dev\\\/l\\\/svm-temp\\\/nyheter\\\/har-grips-efterlyst-svensk-for-penningtvatt\\\/#breadcrumb\",\"itemListElement\":[{\"@type\":\"ListItem\",\"position\":1,\"name\":\"Hem\",\"item\":\"https:\\\/\\\/lightweb.dev\\\/l\\\/svm-temp\\\/\"},{\"@type\":\"ListItem\",\"position\":2,\"name\":\"H\u00e4r grips efterlyst svensk f\u00f6r penningtv\u00e4tt\"}]},{\"@type\":\"WebSite\",\"@id\":\"https:\\\/\\\/lightweb.dev\\\/l\\\/svm-temp\\\/#website\",\"url\":\"https:\\\/\\\/lightweb.dev\\\/l\\\/svm-temp\\\/\",\"name\":\"Svenska Magasinet\",\"description\":\"Dina Spanska nyheter p&aring; Svenska\",\"publisher\":{\"@id\":\"https:\\\/\\\/lightweb.dev\\\/l\\\/svm-temp\\\/#organization\"},\"potentialAction\":[{\"@type\":\"SearchAction\",\"target\":{\"@type\":\"EntryPoint\",\"urlTemplate\":\"https:\\\/\\\/lightweb.dev\\\/l\\\/svm-temp\\\/?s={search_term_string}\"},\"query-input\":{\"@type\":\"PropertyValueSpecification\",\"valueRequired\":true,\"valueName\":\"search_term_string\"}}],\"inLanguage\":\"sv-SE\"},{\"@type\":\"Organization\",\"@id\":\"https:\\\/\\\/lightweb.dev\\\/l\\\/svm-temp\\\/#organization\",\"name\":\"Melkerson y Nott SL\",\"alternateName\":\"Svenska Magasinet\",\"url\":\"https:\\\/\\\/lightweb.dev\\\/l\\\/svm-temp\\\/\",\"logo\":{\"@type\":\"ImageObject\",\"inLanguage\":\"sv-SE\",\"@id\":\"https:\\\/\\\/lightweb.dev\\\/l\\\/svm-temp\\\/#\\\/schema\\\/logo\\\/image\\\/\",\"url\":\"https:\\\/\\\/lightweb.dev\\\/l\\\/svm-temp\\\/wp-content\\\/uploads\\\/2025\\\/02\\\/SvM-logo-Xtra-Centrerad-SVART.png\",\"contentUrl\":\"https:\\\/\\\/lightweb.dev\\\/l\\\/svm-temp\\\/wp-content\\\/uploads\\\/2025\\\/02\\\/SvM-logo-Xtra-Centrerad-SVART.png\",\"width\":300,\"height\":99,\"caption\":\"Melkerson y Nott SL\"},\"image\":{\"@id\":\"https:\\\/\\\/lightweb.dev\\\/l\\\/svm-temp\\\/#\\\/schema\\\/logo\\\/image\\\/\"},\"sameAs\":[\"https:\\\/\\\/www.facebook.com\\\/svenskamagasinet\",\"https:\\\/\\\/x.com\\\/SvenskaMagasine\"]},{\"@type\":\"Person\",\"@id\":\"https:\\\/\\\/lightweb.dev\\\/l\\\/svm-temp\\\/#\\\/schema\\\/person\\\/206a3bda5b607b0c25e1749191e4d837\",\"name\":\"Redaktionen SvM\",\"description\":\"Redaktionen\",\"sameAs\":[\"https:\\\/\\\/lightweb.dev\\\/l\\\/svm-temp\"],\"url\":\"https:\\\/\\\/lightweb.dev\\\/l\\\/svm-temp\\\/reporter\\\/redaktionen\\\/\"}]}<\/script>\n<!-- \/ Yoast SEO Premium plugin. -->","yoast_head_json":{"title":"H\u00e4r grips efterlyst svensk f\u00f6r penningtv\u00e4tt - Svenska Magasinet","robots":{"index":"noindex","follow":"follow","max-snippet":"max-snippet:-1","max-image-preview":"max-image-preview:large","max-video-preview":"max-video-preview:-1"},"og_locale":"sv_SE","og_type":"article","og_title":"H\u00e4r grips efterlyst svensk f\u00f6r penningtv\u00e4tt","og_description":"En 26-\u00e5rig internationellt efterlyst svensk har gripits av spansk nationalpolis i Alicante. En europeisk arresteringsorder var utf\u00e4rdad p\u00e5 mannen av svenska myndigheter f\u00f6r penningtv\u00e4tt. Nyhetsbyr\u00e5n EFE skriver att mannen har \u00e4gnat sig \u00e5t penningtv\u00e4tt genom att handla med kryptovalutan bitcoin f\u00f6r tv\u00e5 miljoner euro. Svensken ska ha ing\u00e5tt i en kriminell organisation som \u00e4gnat sig [&hellip;]","og_url":"https:\/\/lightweb.dev\/l\/svm-temp\/nyheter\/har-grips-efterlyst-svensk-for-penningtvatt\/","og_site_name":"Svenska Magasinet","article_publisher":"https:\/\/www.facebook.com\/svenskamagasinet","article_published_time":"2019-04-11T22:00:00+00:00","og_image":[{"width":500,"height":300,"url":"https:\/\/lightweb.dev\/l\/svm-temp\/wp-content\/uploads\/2022\/06\/har-grips-efterlyst-svensk-for-penningtvatt.png","type":"image\/png"}],"author":"Redaktionen SvM","twitter_card":"summary_large_image","twitter_creator":"@SvenskaMagasine","twitter_site":"@SvenskaMagasine","schema":{"@context":"https:\/\/schema.org","@graph":[{"@type":"Article","@id":"https:\/\/lightweb.dev\/l\/svm-temp\/nyheter\/har-grips-efterlyst-svensk-for-penningtvatt\/#article","isPartOf":{"@id":"https:\/\/lightweb.dev\/l\/svm-temp\/nyheter\/har-grips-efterlyst-svensk-for-penningtvatt\/"},"author":{"name":"Redaktionen SvM","@id":"https:\/\/lightweb.dev\/l\/svm-temp\/#\/schema\/person\/206a3bda5b607b0c25e1749191e4d837"},"headline":"H\u00e4r grips efterlyst svensk f\u00f6r penningtv\u00e4tt","datePublished":"2019-04-11T22:00:00+00:00","mainEntityOfPage":{"@id":"https:\/\/lightweb.dev\/l\/svm-temp\/nyheter\/har-grips-efterlyst-svensk-for-penningtvatt\/"},"wordCount":255,"commentCount":0,"publisher":{"@id":"https:\/\/lightweb.dev\/l\/svm-temp\/#organization"},"image":{"@id":"https:\/\/lightweb.dev\/l\/svm-temp\/nyheter\/har-grips-efterlyst-svensk-for-penningtvatt\/#primaryimage"},"thumbnailUrl":"https:\/\/lightweb.dev\/l\/svm-temp\/wp-content\/uploads\/2022\/06\/har-grips-efterlyst-svensk-for-penningtvatt.png","articleSection":["Arkiv","Nyheter"],"inLanguage":"sv-SE"},{"@type":"WebPage","@id":"https:\/\/lightweb.dev\/l\/svm-temp\/nyheter\/har-grips-efterlyst-svensk-for-penningtvatt\/","url":"https:\/\/lightweb.dev\/l\/svm-temp\/nyheter\/har-grips-efterlyst-svensk-for-penningtvatt\/","name":"H\u00e4r grips efterlyst svensk f\u00f6r penningtv\u00e4tt - Svenska Magasinet","isPartOf":{"@id":"https:\/\/lightweb.dev\/l\/svm-temp\/#website"},"primaryImageOfPage":{"@id":"https:\/\/lightweb.dev\/l\/svm-temp\/nyheter\/har-grips-efterlyst-svensk-for-penningtvatt\/#primaryimage"},"image":{"@id":"https:\/\/lightweb.dev\/l\/svm-temp\/nyheter\/har-grips-efterlyst-svensk-for-penningtvatt\/#primaryimage"},"thumbnailUrl":"https:\/\/lightweb.dev\/l\/svm-temp\/wp-content\/uploads\/2022\/06\/har-grips-efterlyst-svensk-for-penningtvatt.png","datePublished":"2019-04-11T22:00:00+00:00","breadcrumb":{"@id":"https:\/\/lightweb.dev\/l\/svm-temp\/nyheter\/har-grips-efterlyst-svensk-for-penningtvatt\/#breadcrumb"},"inLanguage":"sv-SE","potentialAction":[{"@type":"ReadAction","target":["https:\/\/lightweb.dev\/l\/svm-temp\/nyheter\/har-grips-efterlyst-svensk-for-penningtvatt\/"]}]},{"@type":"ImageObject","inLanguage":"sv-SE","@id":"https:\/\/lightweb.dev\/l\/svm-temp\/nyheter\/har-grips-efterlyst-svensk-for-penningtvatt\/#primaryimage","url":"https:\/\/lightweb.dev\/l\/svm-temp\/wp-content\/uploads\/2022\/06\/har-grips-efterlyst-svensk-for-penningtvatt.png","contentUrl":"https:\/\/lightweb.dev\/l\/svm-temp\/wp-content\/uploads\/2022\/06\/har-grips-efterlyst-svensk-for-penningtvatt.png","width":500,"height":300},{"@type":"BreadcrumbList","@id":"https:\/\/lightweb.dev\/l\/svm-temp\/nyheter\/har-grips-efterlyst-svensk-for-penningtvatt\/#breadcrumb","itemListElement":[{"@type":"ListItem","position":1,"name":"Hem","item":"https:\/\/lightweb.dev\/l\/svm-temp\/"},{"@type":"ListItem","position":2,"name":"H\u00e4r grips efterlyst svensk f\u00f6r penningtv\u00e4tt"}]},{"@type":"WebSite","@id":"https:\/\/lightweb.dev\/l\/svm-temp\/#website","url":"https:\/\/lightweb.dev\/l\/svm-temp\/","name":"Svenska Magasinet","description":"Dina Spanska nyheter p&aring; Svenska","publisher":{"@id":"https:\/\/lightweb.dev\/l\/svm-temp\/#organization"},"potentialAction":[{"@type":"SearchAction","target":{"@type":"EntryPoint","urlTemplate":"https:\/\/lightweb.dev\/l\/svm-temp\/?s={search_term_string}"},"query-input":{"@type":"PropertyValueSpecification","valueRequired":true,"valueName":"search_term_string"}}],"inLanguage":"sv-SE"},{"@type":"Organization","@id":"https:\/\/lightweb.dev\/l\/svm-temp\/#organization","name":"Melkerson y Nott SL","alternateName":"Svenska Magasinet","url":"https:\/\/lightweb.dev\/l\/svm-temp\/","logo":{"@type":"ImageObject","inLanguage":"sv-SE","@id":"https:\/\/lightweb.dev\/l\/svm-temp\/#\/schema\/logo\/image\/","url":"https:\/\/lightweb.dev\/l\/svm-temp\/wp-content\/uploads\/2025\/02\/SvM-logo-Xtra-Centrerad-SVART.png","contentUrl":"https:\/\/lightweb.dev\/l\/svm-temp\/wp-content\/uploads\/2025\/02\/SvM-logo-Xtra-Centrerad-SVART.png","width":300,"height":99,"caption":"Melkerson y Nott SL"},"image":{"@id":"https:\/\/lightweb.dev\/l\/svm-temp\/#\/schema\/logo\/image\/"},"sameAs":["https:\/\/www.facebook.com\/svenskamagasinet","https:\/\/x.com\/SvenskaMagasine"]},{"@type":"Person","@id":"https:\/\/lightweb.dev\/l\/svm-temp\/#\/schema\/person\/206a3bda5b607b0c25e1749191e4d837","name":"Redaktionen SvM","description":"Redaktionen","sameAs":["https:\/\/lightweb.dev\/l\/svm-temp"],"url":"https:\/\/lightweb.dev\/l\/svm-temp\/reporter\/redaktionen\/"}]}},"_links":{"self":[{"href":"https:\/\/lightweb.dev\/l\/svm-temp\/wp-json\/wp\/v2\/posts\/16699","targetHints":{"allow":["GET"]}}],"collection":[{"href":"https:\/\/lightweb.dev\/l\/svm-temp\/wp-json\/wp\/v2\/posts"}],"about":[{"href":"https:\/\/lightweb.dev\/l\/svm-temp\/wp-json\/wp\/v2\/types\/post"}],"author":[{"embeddable":true,"href":"https:\/\/lightweb.dev\/l\/svm-temp\/wp-json\/wp\/v2\/users\/8"}],"replies":[{"embeddable":true,"href":"https:\/\/lightweb.dev\/l\/svm-temp\/wp-json\/wp\/v2\/comments?post=16699"}],"version-history":[{"count":0,"href":"https:\/\/lightweb.dev\/l\/svm-temp\/wp-json\/wp\/v2\/posts\/16699\/revisions"}],"wp:featuredmedia":[{"embeddable":true,"href":"https:\/\/lightweb.dev\/l\/svm-temp\/wp-json\/wp\/v2\/media\/16700"}],"wp:attachment":[{"href":"https:\/\/lightweb.dev\/l\/svm-temp\/wp-json\/wp\/v2\/media?parent=16699"}],"wp:term":[{"taxonomy":"category","embeddable":true,"href":"https:\/\/lightweb.dev\/l\/svm-temp\/wp-json\/wp\/v2\/categories?post=16699"},{"taxonomy":"post_tag","embeddable":true,"href":"https:\/\/lightweb.dev\/l\/svm-temp\/wp-json\/wp\/v2\/tags?post=16699"}],"curies":[{"name":"wp","href":"https:\/\/api.w.org\/{rel}","templated":true}]}}