{"id":16713,"date":"2019-04-10T00:00:00","date_gmt":"2019-04-09T22:00:00","guid":{"rendered":"https:\/\/lightweb.dev\/l\/svm-temp\/nyheter\/allsang-med-stauppkomik-ar-tillbaka-pa-costa-del-sol\/"},"modified":"2019-04-10T00:00:00","modified_gmt":"2019-04-09T22:00:00","slug":"allsang-med-stauppkomik-ar-tillbaka-pa-costa-del-sol","status":"publish","type":"post","link":"https:\/\/lightweb.dev\/l\/svm-temp\/nyheter\/allsang-med-stauppkomik-ar-tillbaka-pa-costa-del-sol\/","title":{"rendered":"Alls\u00e5ng med st\u00e5uppkomik \u00e4r tillbaka p\u00e5 Costa del Sol"},"content":{"rendered":"<p> Alls\u00e5ng p\u00e5 Skansen \u00e4r f\u00f6rebilden f\u00f6r dessa f\u00f6rest\u00e4llningar men det utlovas ocks\u00e5 st\u00e5uppkomik och roliga mellansnack, temat i \u00e5r \u00e4r ABBA som \u00e4r h\u00f6gaktuellt sedan Mamma Mia 2 gjorde succ\u00e9 i h\u00f6stas.<\/p>\n<p>Det blir l\u00e5tar som publiken i olika \u00e5ldrar kommer att k\u00e4nna igen och alls\u00e5ngsh\u00e4ften med texterna delas ut s\u00e5 att alla kan sjunga med, efter \u00f6nskem\u00e5l fr\u00e5n publiken finns det b\u00e5de svenska och engelska s\u00e5nger i repertoaren.<\/p>\n<p>Komikern Yvonne Skattberg samt musikerna Annika Olsson och Lisen Elwin bjuder in till alls\u00e5ng och humor den 16\/4 p\u00e5 golfklubben Los Naranjos i Marbella och p\u00e5 restaurang La Chispa i Fuengirola den 18\/4. Yvonne Skattberg uts\u00e5gs 2007 till \u00e5rets kvinnliga st\u00e5uppkomiker. Hon upptr\u00e4der p\u00e5 de stora st\u00e5uppscenerna som Norra Brunn och Raw och har medverkat i ett flertal radio och teveprogram som Extra, Extra, Sl\u00e4ng dig i brunnen, Stockholm live m.fl.<\/p>\n<p>Lisen Elwin \u00e4r artist\/l\u00e5tskrivare\/s\u00e5ngerska med tv\u00e5 uppm\u00e4rksammade soloalbum i bagaget. Hon har ocks\u00e5 medverkat i TV4 Nyhetsmorgon samt i Go\u00b4kv\u00e4ll. Lisen \u00e4r utbildad musikl\u00e4rare och bor sedan augusti 2018 i Marbella d\u00e4r hon ocks\u00e5 undervisar elever p\u00e5 Svenska Skolan i musik.<\/p>\n<p>Annika Olsson \u00e4r musikern som flyttade med sin familj till Fuengirola h\u00f6sten 2017. Hon frilansar som musiker, musikl\u00e4rare, l\u00e5tskrivare och k\u00f6rledare h\u00e4r p\u00e5 Costa del Sol. Hon har medverkat i radio-och TV-sammanhang med olika band och teatergrupper. 2018 fick hon ta emot Publikens pris tillsammans med International Theater och f\u00f6rest\u00e4llningen Lost in Translation, ett pris som delades ut p\u00e5 Scenkonstgalan i G\u00f6teborg.<\/p>\n<p>16\/4 kl 19: Los Naranjos, Plaza Cibeles, Marbella. Tel 952 63 91 11<br \/>\nEntr\u00e9: 12\u20ac kontant i d\u00f6rren eller f\u00f6rk\u00f6p genom att swisha 120 SEK till<br \/>\nAnnika Olsson p\u00e5 Tel: 070-7170566.<br \/>\n(barn under 15 \u00e5r gratis)<\/p>\n<p>18\/4 kl 19: restaurang La Chispa Calle Jos\u00e9 Cubero Yiyo, 5, 296 40 Fuengirola<br \/>\nTel 951 219 914<\/p>\n<p>Bildtext: Los Naranjos klubbhus, foto: FalGordo<\/p>\n","protected":false},"excerpt":{"rendered":"<p>Alls\u00e5ng p\u00e5 Skansen \u00e4r f\u00f6rebilden f\u00f6r dessa f\u00f6rest\u00e4llningar men det utlovas ocks\u00e5 st\u00e5uppkomik och roliga mellansnack, temat i \u00e5r \u00e4r ABBA som \u00e4r h\u00f6gaktuellt sedan Mamma Mia 2 gjorde succ\u00e9 i h\u00f6stas. Det blir l\u00e5tar som publiken i olika \u00e5ldrar kommer att k\u00e4nna igen och alls\u00e5ngsh\u00e4ften med texterna delas ut s\u00e5 att alla kan sjunga [&hellip;]<\/p>\n","protected":false},"author":8,"featured_media":16714,"comment_status":"open","ping_status":"open","sticky":false,"template":"","format":"standard","meta":{"_et_pb_use_builder":"","_et_pb_old_content":"","_et_gb_content_width":"","footnotes":""},"categories":[395,3],"tags":[],"class_list":["post-16713","post","type-post","status-publish","format-standard","has-post-thumbnail","hentry","category-arkiv-nyheter","category-nyheter"],"yoast_head":"<!-- This site is optimized with the Yoast SEO Premium plugin v26.2 (Yoast SEO v27.4) - https:\/\/yoast.com\/product\/yoast-seo-premium-wordpress\/ -->\n<title>Alls\u00e5ng med st\u00e5uppkomik \u00e4r tillbaka p\u00e5 Costa del Sol - Svenska Magasinet<\/title>\n<meta name=\"robots\" content=\"noindex, follow, max-snippet:-1, max-image-preview:large, max-video-preview:-1\" \/>\n<meta property=\"og:locale\" content=\"sv_SE\" \/>\n<meta property=\"og:type\" content=\"article\" \/>\n<meta property=\"og:title\" content=\"Alls\u00e5ng med st\u00e5uppkomik \u00e4r tillbaka p\u00e5 Costa del Sol\" \/>\n<meta property=\"og:description\" content=\"Alls\u00e5ng p\u00e5 Skansen \u00e4r f\u00f6rebilden f\u00f6r dessa f\u00f6rest\u00e4llningar men det utlovas ocks\u00e5 st\u00e5uppkomik och roliga mellansnack, temat i \u00e5r \u00e4r ABBA som \u00e4r h\u00f6gaktuellt sedan Mamma Mia 2 gjorde succ\u00e9 i h\u00f6stas. Det blir l\u00e5tar som publiken i olika \u00e5ldrar kommer att k\u00e4nna igen och alls\u00e5ngsh\u00e4ften med texterna delas ut s\u00e5 att alla kan sjunga [&hellip;]\" \/>\n<meta property=\"og:url\" content=\"https:\/\/lightweb.dev\/l\/svm-temp\/nyheter\/allsang-med-stauppkomik-ar-tillbaka-pa-costa-del-sol\/\" \/>\n<meta property=\"og:site_name\" content=\"Svenska Magasinet\" \/>\n<meta property=\"article:publisher\" content=\"https:\/\/www.facebook.com\/svenskamagasinet\" \/>\n<meta property=\"article:published_time\" content=\"2019-04-09T22:00:00+00:00\" \/>\n<meta property=\"og:image\" content=\"https:\/\/lightweb.dev\/l\/svm-temp\/wp-content\/uploads\/2022\/06\/allsang-med-stauppkomik-ar-tillbaka-pa-costa-del-sol.png\" \/>\n\t<meta property=\"og:image:width\" content=\"500\" \/>\n\t<meta property=\"og:image:height\" content=\"300\" \/>\n\t<meta property=\"og:image:type\" content=\"image\/png\" \/>\n<meta name=\"author\" content=\"Redaktionen SvM\" \/>\n<meta name=\"twitter:card\" content=\"summary_large_image\" \/>\n<meta name=\"twitter:creator\" content=\"@SvenskaMagasine\" \/>\n<meta name=\"twitter:site\" content=\"@SvenskaMagasine\" \/>\n<script type=\"application\/ld+json\" class=\"yoast-schema-graph\">{\"@context\":\"https:\\\/\\\/schema.org\",\"@graph\":[{\"@type\":\"Article\",\"@id\":\"https:\\\/\\\/lightweb.dev\\\/l\\\/svm-temp\\\/nyheter\\\/allsang-med-stauppkomik-ar-tillbaka-pa-costa-del-sol\\\/#article\",\"isPartOf\":{\"@id\":\"https:\\\/\\\/lightweb.dev\\\/l\\\/svm-temp\\\/nyheter\\\/allsang-med-stauppkomik-ar-tillbaka-pa-costa-del-sol\\\/\"},\"author\":{\"name\":\"Redaktionen SvM\",\"@id\":\"https:\\\/\\\/lightweb.dev\\\/l\\\/svm-temp\\\/#\\\/schema\\\/person\\\/206a3bda5b607b0c25e1749191e4d837\"},\"headline\":\"Alls\u00e5ng med st\u00e5uppkomik \u00e4r tillbaka p\u00e5 Costa del Sol\",\"datePublished\":\"2019-04-09T22:00:00+00:00\",\"mainEntityOfPage\":{\"@id\":\"https:\\\/\\\/lightweb.dev\\\/l\\\/svm-temp\\\/nyheter\\\/allsang-med-stauppkomik-ar-tillbaka-pa-costa-del-sol\\\/\"},\"wordCount\":333,\"commentCount\":0,\"publisher\":{\"@id\":\"https:\\\/\\\/lightweb.dev\\\/l\\\/svm-temp\\\/#organization\"},\"image\":{\"@id\":\"https:\\\/\\\/lightweb.dev\\\/l\\\/svm-temp\\\/nyheter\\\/allsang-med-stauppkomik-ar-tillbaka-pa-costa-del-sol\\\/#primaryimage\"},\"thumbnailUrl\":\"https:\\\/\\\/lightweb.dev\\\/l\\\/svm-temp\\\/wp-content\\\/uploads\\\/2022\\\/06\\\/allsang-med-stauppkomik-ar-tillbaka-pa-costa-del-sol.png\",\"articleSection\":[\"Arkiv\",\"Nyheter\"],\"inLanguage\":\"sv-SE\"},{\"@type\":\"WebPage\",\"@id\":\"https:\\\/\\\/lightweb.dev\\\/l\\\/svm-temp\\\/nyheter\\\/allsang-med-stauppkomik-ar-tillbaka-pa-costa-del-sol\\\/\",\"url\":\"https:\\\/\\\/lightweb.dev\\\/l\\\/svm-temp\\\/nyheter\\\/allsang-med-stauppkomik-ar-tillbaka-pa-costa-del-sol\\\/\",\"name\":\"Alls\u00e5ng med st\u00e5uppkomik \u00e4r tillbaka p\u00e5 Costa del Sol - Svenska Magasinet\",\"isPartOf\":{\"@id\":\"https:\\\/\\\/lightweb.dev\\\/l\\\/svm-temp\\\/#website\"},\"primaryImageOfPage\":{\"@id\":\"https:\\\/\\\/lightweb.dev\\\/l\\\/svm-temp\\\/nyheter\\\/allsang-med-stauppkomik-ar-tillbaka-pa-costa-del-sol\\\/#primaryimage\"},\"image\":{\"@id\":\"https:\\\/\\\/lightweb.dev\\\/l\\\/svm-temp\\\/nyheter\\\/allsang-med-stauppkomik-ar-tillbaka-pa-costa-del-sol\\\/#primaryimage\"},\"thumbnailUrl\":\"https:\\\/\\\/lightweb.dev\\\/l\\\/svm-temp\\\/wp-content\\\/uploads\\\/2022\\\/06\\\/allsang-med-stauppkomik-ar-tillbaka-pa-costa-del-sol.png\",\"datePublished\":\"2019-04-09T22:00:00+00:00\",\"breadcrumb\":{\"@id\":\"https:\\\/\\\/lightweb.dev\\\/l\\\/svm-temp\\\/nyheter\\\/allsang-med-stauppkomik-ar-tillbaka-pa-costa-del-sol\\\/#breadcrumb\"},\"inLanguage\":\"sv-SE\",\"potentialAction\":[{\"@type\":\"ReadAction\",\"target\":[\"https:\\\/\\\/lightweb.dev\\\/l\\\/svm-temp\\\/nyheter\\\/allsang-med-stauppkomik-ar-tillbaka-pa-costa-del-sol\\\/\"]}]},{\"@type\":\"ImageObject\",\"inLanguage\":\"sv-SE\",\"@id\":\"https:\\\/\\\/lightweb.dev\\\/l\\\/svm-temp\\\/nyheter\\\/allsang-med-stauppkomik-ar-tillbaka-pa-costa-del-sol\\\/#primaryimage\",\"url\":\"https:\\\/\\\/lightweb.dev\\\/l\\\/svm-temp\\\/wp-content\\\/uploads\\\/2022\\\/06\\\/allsang-med-stauppkomik-ar-tillbaka-pa-costa-del-sol.png\",\"contentUrl\":\"https:\\\/\\\/lightweb.dev\\\/l\\\/svm-temp\\\/wp-content\\\/uploads\\\/2022\\\/06\\\/allsang-med-stauppkomik-ar-tillbaka-pa-costa-del-sol.png\",\"width\":500,\"height\":300},{\"@type\":\"BreadcrumbList\",\"@id\":\"https:\\\/\\\/lightweb.dev\\\/l\\\/svm-temp\\\/nyheter\\\/allsang-med-stauppkomik-ar-tillbaka-pa-costa-del-sol\\\/#breadcrumb\",\"itemListElement\":[{\"@type\":\"ListItem\",\"position\":1,\"name\":\"Hem\",\"item\":\"https:\\\/\\\/lightweb.dev\\\/l\\\/svm-temp\\\/\"},{\"@type\":\"ListItem\",\"position\":2,\"name\":\"Alls\u00e5ng med st\u00e5uppkomik \u00e4r tillbaka p\u00e5 Costa del Sol\"}]},{\"@type\":\"WebSite\",\"@id\":\"https:\\\/\\\/lightweb.dev\\\/l\\\/svm-temp\\\/#website\",\"url\":\"https:\\\/\\\/lightweb.dev\\\/l\\\/svm-temp\\\/\",\"name\":\"Svenska Magasinet\",\"description\":\"Dina Spanska nyheter p&aring; Svenska\",\"publisher\":{\"@id\":\"https:\\\/\\\/lightweb.dev\\\/l\\\/svm-temp\\\/#organization\"},\"potentialAction\":[{\"@type\":\"SearchAction\",\"target\":{\"@type\":\"EntryPoint\",\"urlTemplate\":\"https:\\\/\\\/lightweb.dev\\\/l\\\/svm-temp\\\/?s={search_term_string}\"},\"query-input\":{\"@type\":\"PropertyValueSpecification\",\"valueRequired\":true,\"valueName\":\"search_term_string\"}}],\"inLanguage\":\"sv-SE\"},{\"@type\":\"Organization\",\"@id\":\"https:\\\/\\\/lightweb.dev\\\/l\\\/svm-temp\\\/#organization\",\"name\":\"Melkerson y Nott SL\",\"alternateName\":\"Svenska Magasinet\",\"url\":\"https:\\\/\\\/lightweb.dev\\\/l\\\/svm-temp\\\/\",\"logo\":{\"@type\":\"ImageObject\",\"inLanguage\":\"sv-SE\",\"@id\":\"https:\\\/\\\/lightweb.dev\\\/l\\\/svm-temp\\\/#\\\/schema\\\/logo\\\/image\\\/\",\"url\":\"https:\\\/\\\/lightweb.dev\\\/l\\\/svm-temp\\\/wp-content\\\/uploads\\\/2025\\\/02\\\/SvM-logo-Xtra-Centrerad-SVART.png\",\"contentUrl\":\"https:\\\/\\\/lightweb.dev\\\/l\\\/svm-temp\\\/wp-content\\\/uploads\\\/2025\\\/02\\\/SvM-logo-Xtra-Centrerad-SVART.png\",\"width\":300,\"height\":99,\"caption\":\"Melkerson y Nott SL\"},\"image\":{\"@id\":\"https:\\\/\\\/lightweb.dev\\\/l\\\/svm-temp\\\/#\\\/schema\\\/logo\\\/image\\\/\"},\"sameAs\":[\"https:\\\/\\\/www.facebook.com\\\/svenskamagasinet\",\"https:\\\/\\\/x.com\\\/SvenskaMagasine\"]},{\"@type\":\"Person\",\"@id\":\"https:\\\/\\\/lightweb.dev\\\/l\\\/svm-temp\\\/#\\\/schema\\\/person\\\/206a3bda5b607b0c25e1749191e4d837\",\"name\":\"Redaktionen SvM\",\"description\":\"Redaktionen\",\"sameAs\":[\"https:\\\/\\\/lightweb.dev\\\/l\\\/svm-temp\"],\"url\":\"https:\\\/\\\/lightweb.dev\\\/l\\\/svm-temp\\\/reporter\\\/redaktionen\\\/\"}]}<\/script>\n<!-- \/ Yoast SEO Premium plugin. -->","yoast_head_json":{"title":"Alls\u00e5ng med st\u00e5uppkomik \u00e4r tillbaka p\u00e5 Costa del Sol - Svenska Magasinet","robots":{"index":"noindex","follow":"follow","max-snippet":"max-snippet:-1","max-image-preview":"max-image-preview:large","max-video-preview":"max-video-preview:-1"},"og_locale":"sv_SE","og_type":"article","og_title":"Alls\u00e5ng med st\u00e5uppkomik \u00e4r tillbaka p\u00e5 Costa del Sol","og_description":"Alls\u00e5ng p\u00e5 Skansen \u00e4r f\u00f6rebilden f\u00f6r dessa f\u00f6rest\u00e4llningar men det utlovas ocks\u00e5 st\u00e5uppkomik och roliga mellansnack, temat i \u00e5r \u00e4r ABBA som \u00e4r h\u00f6gaktuellt sedan Mamma Mia 2 gjorde succ\u00e9 i h\u00f6stas. Det blir l\u00e5tar som publiken i olika \u00e5ldrar kommer att k\u00e4nna igen och alls\u00e5ngsh\u00e4ften med texterna delas ut s\u00e5 att alla kan sjunga [&hellip;]","og_url":"https:\/\/lightweb.dev\/l\/svm-temp\/nyheter\/allsang-med-stauppkomik-ar-tillbaka-pa-costa-del-sol\/","og_site_name":"Svenska Magasinet","article_publisher":"https:\/\/www.facebook.com\/svenskamagasinet","article_published_time":"2019-04-09T22:00:00+00:00","og_image":[{"width":500,"height":300,"url":"https:\/\/lightweb.dev\/l\/svm-temp\/wp-content\/uploads\/2022\/06\/allsang-med-stauppkomik-ar-tillbaka-pa-costa-del-sol.png","type":"image\/png"}],"author":"Redaktionen SvM","twitter_card":"summary_large_image","twitter_creator":"@SvenskaMagasine","twitter_site":"@SvenskaMagasine","schema":{"@context":"https:\/\/schema.org","@graph":[{"@type":"Article","@id":"https:\/\/lightweb.dev\/l\/svm-temp\/nyheter\/allsang-med-stauppkomik-ar-tillbaka-pa-costa-del-sol\/#article","isPartOf":{"@id":"https:\/\/lightweb.dev\/l\/svm-temp\/nyheter\/allsang-med-stauppkomik-ar-tillbaka-pa-costa-del-sol\/"},"author":{"name":"Redaktionen SvM","@id":"https:\/\/lightweb.dev\/l\/svm-temp\/#\/schema\/person\/206a3bda5b607b0c25e1749191e4d837"},"headline":"Alls\u00e5ng med st\u00e5uppkomik \u00e4r tillbaka p\u00e5 Costa del Sol","datePublished":"2019-04-09T22:00:00+00:00","mainEntityOfPage":{"@id":"https:\/\/lightweb.dev\/l\/svm-temp\/nyheter\/allsang-med-stauppkomik-ar-tillbaka-pa-costa-del-sol\/"},"wordCount":333,"commentCount":0,"publisher":{"@id":"https:\/\/lightweb.dev\/l\/svm-temp\/#organization"},"image":{"@id":"https:\/\/lightweb.dev\/l\/svm-temp\/nyheter\/allsang-med-stauppkomik-ar-tillbaka-pa-costa-del-sol\/#primaryimage"},"thumbnailUrl":"https:\/\/lightweb.dev\/l\/svm-temp\/wp-content\/uploads\/2022\/06\/allsang-med-stauppkomik-ar-tillbaka-pa-costa-del-sol.png","articleSection":["Arkiv","Nyheter"],"inLanguage":"sv-SE"},{"@type":"WebPage","@id":"https:\/\/lightweb.dev\/l\/svm-temp\/nyheter\/allsang-med-stauppkomik-ar-tillbaka-pa-costa-del-sol\/","url":"https:\/\/lightweb.dev\/l\/svm-temp\/nyheter\/allsang-med-stauppkomik-ar-tillbaka-pa-costa-del-sol\/","name":"Alls\u00e5ng med st\u00e5uppkomik \u00e4r tillbaka p\u00e5 Costa del Sol - Svenska Magasinet","isPartOf":{"@id":"https:\/\/lightweb.dev\/l\/svm-temp\/#website"},"primaryImageOfPage":{"@id":"https:\/\/lightweb.dev\/l\/svm-temp\/nyheter\/allsang-med-stauppkomik-ar-tillbaka-pa-costa-del-sol\/#primaryimage"},"image":{"@id":"https:\/\/lightweb.dev\/l\/svm-temp\/nyheter\/allsang-med-stauppkomik-ar-tillbaka-pa-costa-del-sol\/#primaryimage"},"thumbnailUrl":"https:\/\/lightweb.dev\/l\/svm-temp\/wp-content\/uploads\/2022\/06\/allsang-med-stauppkomik-ar-tillbaka-pa-costa-del-sol.png","datePublished":"2019-04-09T22:00:00+00:00","breadcrumb":{"@id":"https:\/\/lightweb.dev\/l\/svm-temp\/nyheter\/allsang-med-stauppkomik-ar-tillbaka-pa-costa-del-sol\/#breadcrumb"},"inLanguage":"sv-SE","potentialAction":[{"@type":"ReadAction","target":["https:\/\/lightweb.dev\/l\/svm-temp\/nyheter\/allsang-med-stauppkomik-ar-tillbaka-pa-costa-del-sol\/"]}]},{"@type":"ImageObject","inLanguage":"sv-SE","@id":"https:\/\/lightweb.dev\/l\/svm-temp\/nyheter\/allsang-med-stauppkomik-ar-tillbaka-pa-costa-del-sol\/#primaryimage","url":"https:\/\/lightweb.dev\/l\/svm-temp\/wp-content\/uploads\/2022\/06\/allsang-med-stauppkomik-ar-tillbaka-pa-costa-del-sol.png","contentUrl":"https:\/\/lightweb.dev\/l\/svm-temp\/wp-content\/uploads\/2022\/06\/allsang-med-stauppkomik-ar-tillbaka-pa-costa-del-sol.png","width":500,"height":300},{"@type":"BreadcrumbList","@id":"https:\/\/lightweb.dev\/l\/svm-temp\/nyheter\/allsang-med-stauppkomik-ar-tillbaka-pa-costa-del-sol\/#breadcrumb","itemListElement":[{"@type":"ListItem","position":1,"name":"Hem","item":"https:\/\/lightweb.dev\/l\/svm-temp\/"},{"@type":"ListItem","position":2,"name":"Alls\u00e5ng med st\u00e5uppkomik \u00e4r tillbaka p\u00e5 Costa del Sol"}]},{"@type":"WebSite","@id":"https:\/\/lightweb.dev\/l\/svm-temp\/#website","url":"https:\/\/lightweb.dev\/l\/svm-temp\/","name":"Svenska Magasinet","description":"Dina Spanska nyheter p&aring; Svenska","publisher":{"@id":"https:\/\/lightweb.dev\/l\/svm-temp\/#organization"},"potentialAction":[{"@type":"SearchAction","target":{"@type":"EntryPoint","urlTemplate":"https:\/\/lightweb.dev\/l\/svm-temp\/?s={search_term_string}"},"query-input":{"@type":"PropertyValueSpecification","valueRequired":true,"valueName":"search_term_string"}}],"inLanguage":"sv-SE"},{"@type":"Organization","@id":"https:\/\/lightweb.dev\/l\/svm-temp\/#organization","name":"Melkerson y Nott SL","alternateName":"Svenska Magasinet","url":"https:\/\/lightweb.dev\/l\/svm-temp\/","logo":{"@type":"ImageObject","inLanguage":"sv-SE","@id":"https:\/\/lightweb.dev\/l\/svm-temp\/#\/schema\/logo\/image\/","url":"https:\/\/lightweb.dev\/l\/svm-temp\/wp-content\/uploads\/2025\/02\/SvM-logo-Xtra-Centrerad-SVART.png","contentUrl":"https:\/\/lightweb.dev\/l\/svm-temp\/wp-content\/uploads\/2025\/02\/SvM-logo-Xtra-Centrerad-SVART.png","width":300,"height":99,"caption":"Melkerson y Nott SL"},"image":{"@id":"https:\/\/lightweb.dev\/l\/svm-temp\/#\/schema\/logo\/image\/"},"sameAs":["https:\/\/www.facebook.com\/svenskamagasinet","https:\/\/x.com\/SvenskaMagasine"]},{"@type":"Person","@id":"https:\/\/lightweb.dev\/l\/svm-temp\/#\/schema\/person\/206a3bda5b607b0c25e1749191e4d837","name":"Redaktionen SvM","description":"Redaktionen","sameAs":["https:\/\/lightweb.dev\/l\/svm-temp"],"url":"https:\/\/lightweb.dev\/l\/svm-temp\/reporter\/redaktionen\/"}]}},"_links":{"self":[{"href":"https:\/\/lightweb.dev\/l\/svm-temp\/wp-json\/wp\/v2\/posts\/16713","targetHints":{"allow":["GET"]}}],"collection":[{"href":"https:\/\/lightweb.dev\/l\/svm-temp\/wp-json\/wp\/v2\/posts"}],"about":[{"href":"https:\/\/lightweb.dev\/l\/svm-temp\/wp-json\/wp\/v2\/types\/post"}],"author":[{"embeddable":true,"href":"https:\/\/lightweb.dev\/l\/svm-temp\/wp-json\/wp\/v2\/users\/8"}],"replies":[{"embeddable":true,"href":"https:\/\/lightweb.dev\/l\/svm-temp\/wp-json\/wp\/v2\/comments?post=16713"}],"version-history":[{"count":0,"href":"https:\/\/lightweb.dev\/l\/svm-temp\/wp-json\/wp\/v2\/posts\/16713\/revisions"}],"wp:featuredmedia":[{"embeddable":true,"href":"https:\/\/lightweb.dev\/l\/svm-temp\/wp-json\/wp\/v2\/media\/16714"}],"wp:attachment":[{"href":"https:\/\/lightweb.dev\/l\/svm-temp\/wp-json\/wp\/v2\/media?parent=16713"}],"wp:term":[{"taxonomy":"category","embeddable":true,"href":"https:\/\/lightweb.dev\/l\/svm-temp\/wp-json\/wp\/v2\/categories?post=16713"},{"taxonomy":"post_tag","embeddable":true,"href":"https:\/\/lightweb.dev\/l\/svm-temp\/wp-json\/wp\/v2\/tags?post=16713"}],"curies":[{"name":"wp","href":"https:\/\/api.w.org\/{rel}","templated":true}]}}