{"id":17491,"date":"2018-11-15T00:00:00","date_gmt":"2018-11-14T23:00:00","guid":{"rendered":"https:\/\/lightweb.dev\/l\/svm-temp\/nyheter\/utlanningar-koper-rekordmanga-bostader-i-spanien\/"},"modified":"2018-11-15T00:00:00","modified_gmt":"2018-11-14T23:00:00","slug":"utlanningar-koper-rekordmanga-bostader-i-spanien","status":"publish","type":"post","link":"https:\/\/lightweb.dev\/l\/svm-temp\/nyheter\/utlanningar-koper-rekordmanga-bostader-i-spanien\/","title":{"rendered":"Utl\u00e4nningar k\u00f6per rekordm\u00e5nga bost\u00e4der i Spanien"},"content":{"rendered":"<p> Bostadsk\u00f6pen bland icke-spanjorer har \u00f6kat explosionsartat och \u00f6verstiger nu de siffror som var f\u00f6re den ekonomiska krisen.<\/p>\n<p>Under f\u00f6rsta halv\u00e5ret 2018 f\u00f6rekom 53.359 bostadsk\u00f6p av utl\u00e4ndska medborgare enligt data sl\u00e4ppta av notarius publicus i tisdags. Detta \u00e4r den h\u00f6gsta siffra i en statistisk serie som b\u00f6rjade f\u00f6rsta halv\u00e5ret 2007, d\u00e5 det registrerades 33.000 f\u00f6rs\u00e4ljningar.<\/p>\n<p>F\u00f6rs\u00e4ljningarna sj\u00f6nk sedan under den p\u00e5f\u00f6ljande ekonomiska krisen och fastighetsmarknaden visade inte tecken p\u00e5 \u00e5terh\u00e4mtning innan 2014. Sedan dess har det varit en stabil tv\u00e5siffrig tillv\u00e4xt p\u00e5 \u00e5rsbasis. N\u00e4r det g\u00e4ller regioner s\u00e5 leder Valencia med bred marginal, n\u00e4stan var tredje f\u00f6rs\u00e4ljning \u00e4gde rum d\u00e4r (15.613), den regionen visade ocks\u00e5 p\u00e5 den st\u00f6rsta \u00e5rliga tillv\u00e4xten med 16,7%.<br \/>\nP\u00e5 andra plats kommer Andalusien med en f\u00f6rs\u00e4ljning p\u00e5 9.737 och en tillv\u00e4xt p\u00e5 8,2%, f\u00f6ljt av Katalonien med 7.570 transaktioner, d\u00e4r noteras d\u00e4remot en minskning med 5,3% under f\u00f6rsta halv\u00e5ret.<\/p>\n<p>Det genomsnittliga priset per kvadratmeter som har betalats av icke-spanjorer \u00e4r 1.687 euro vilket \u00e4r en nedg\u00e5ng fr\u00e5n 1.716 euro fr\u00e5n halv\u00e5ret innan. Men sett p\u00e5 \u00e5rsbasis s\u00e5 har priserna stigit med 0,9% fr\u00e5n \u00e5r till \u00e5r.<\/p>\n<p>Os\u00e4kerheten med Brexit har tydligen inte p\u00e5verkat de brittiska k\u00f6parna i vart fall inte negativt, de har tv\u00e4rtom \u00f6kat sina bostadsink\u00f6p. Britterna leder ligan med 7.613 ink\u00f6p under det f\u00f6rsta halv\u00e5ret, vilket inneb\u00e4r en \u00f6kning med 8,8% j\u00e4mf\u00f6rt med f\u00f6rsta halv\u00e5ret 2017. Som nummer tv\u00e5 kommer fransm\u00e4nnen med 4.211 f\u00f6rv\u00e4rvade bost\u00e4der, vilket dock \u00e4r en nedg\u00e5ng med 4,6%. D\u00e4refter kommer rum\u00e4nerna med 3.872 och marockanerna med 3.662 ink\u00f6p.<\/p>\n<p>De nationaliteter som uppvisade den h\u00f6gsta \u00e5rliga tillv\u00e4xten \u00e4r marockaner (+28,8), irl\u00e4ndare(+24,7%) och danskar (+18,2%).<\/p>\n","protected":false},"excerpt":{"rendered":"<p>Bostadsk\u00f6pen bland icke-spanjorer har \u00f6kat explosionsartat och \u00f6verstiger nu de siffror som var f\u00f6re den ekonomiska krisen. Under f\u00f6rsta halv\u00e5ret 2018 f\u00f6rekom 53.359 bostadsk\u00f6p av utl\u00e4ndska medborgare enligt data sl\u00e4ppta av notarius publicus i tisdags. Detta \u00e4r den h\u00f6gsta siffra i en statistisk serie som b\u00f6rjade f\u00f6rsta halv\u00e5ret 2007, d\u00e5 det registrerades 33.000 f\u00f6rs\u00e4ljningar. F\u00f6rs\u00e4ljningarna [&hellip;]<\/p>\n","protected":false},"author":8,"featured_media":17492,"comment_status":"open","ping_status":"open","sticky":false,"template":"","format":"standard","meta":{"_et_pb_use_builder":"","_et_pb_old_content":"","_et_gb_content_width":"","footnotes":""},"categories":[395,3],"tags":[],"class_list":["post-17491","post","type-post","status-publish","format-standard","has-post-thumbnail","hentry","category-arkiv-nyheter","category-nyheter"],"yoast_head":"<!-- This site is optimized with the Yoast SEO Premium plugin v26.2 (Yoast SEO v27.4) - https:\/\/yoast.com\/product\/yoast-seo-premium-wordpress\/ -->\n<title>Utl\u00e4nningar k\u00f6per rekordm\u00e5nga bost\u00e4der i Spanien - Svenska Magasinet<\/title>\n<meta name=\"robots\" content=\"noindex, follow, max-snippet:-1, max-image-preview:large, max-video-preview:-1\" \/>\n<meta property=\"og:locale\" content=\"sv_SE\" \/>\n<meta property=\"og:type\" content=\"article\" \/>\n<meta property=\"og:title\" content=\"Utl\u00e4nningar k\u00f6per rekordm\u00e5nga bost\u00e4der i Spanien\" \/>\n<meta property=\"og:description\" content=\"Bostadsk\u00f6pen bland icke-spanjorer har \u00f6kat explosionsartat och \u00f6verstiger nu de siffror som var f\u00f6re den ekonomiska krisen. Under f\u00f6rsta halv\u00e5ret 2018 f\u00f6rekom 53.359 bostadsk\u00f6p av utl\u00e4ndska medborgare enligt data sl\u00e4ppta av notarius publicus i tisdags. Detta \u00e4r den h\u00f6gsta siffra i en statistisk serie som b\u00f6rjade f\u00f6rsta halv\u00e5ret 2007, d\u00e5 det registrerades 33.000 f\u00f6rs\u00e4ljningar. F\u00f6rs\u00e4ljningarna [&hellip;]\" \/>\n<meta property=\"og:url\" content=\"https:\/\/lightweb.dev\/l\/svm-temp\/nyheter\/utlanningar-koper-rekordmanga-bostader-i-spanien\/\" \/>\n<meta property=\"og:site_name\" content=\"Svenska Magasinet\" \/>\n<meta property=\"article:publisher\" content=\"https:\/\/www.facebook.com\/svenskamagasinet\" \/>\n<meta property=\"article:published_time\" content=\"2018-11-14T23:00:00+00:00\" \/>\n<meta property=\"og:image\" content=\"https:\/\/lightweb.dev\/l\/svm-temp\/wp-content\/uploads\/2022\/06\/utlanningar-koper-rekordmanga-bostader-i-spanien.png\" \/>\n\t<meta property=\"og:image:width\" content=\"500\" \/>\n\t<meta property=\"og:image:height\" content=\"300\" \/>\n\t<meta property=\"og:image:type\" content=\"image\/png\" \/>\n<meta name=\"author\" content=\"Redaktionen SvM\" \/>\n<meta name=\"twitter:card\" content=\"summary_large_image\" \/>\n<meta name=\"twitter:creator\" content=\"@SvenskaMagasine\" \/>\n<meta name=\"twitter:site\" content=\"@SvenskaMagasine\" \/>\n<script type=\"application\/ld+json\" class=\"yoast-schema-graph\">{\"@context\":\"https:\\\/\\\/schema.org\",\"@graph\":[{\"@type\":\"Article\",\"@id\":\"https:\\\/\\\/lightweb.dev\\\/l\\\/svm-temp\\\/nyheter\\\/utlanningar-koper-rekordmanga-bostader-i-spanien\\\/#article\",\"isPartOf\":{\"@id\":\"https:\\\/\\\/lightweb.dev\\\/l\\\/svm-temp\\\/nyheter\\\/utlanningar-koper-rekordmanga-bostader-i-spanien\\\/\"},\"author\":{\"name\":\"Redaktionen SvM\",\"@id\":\"https:\\\/\\\/lightweb.dev\\\/l\\\/svm-temp\\\/#\\\/schema\\\/person\\\/206a3bda5b607b0c25e1749191e4d837\"},\"headline\":\"Utl\u00e4nningar k\u00f6per rekordm\u00e5nga bost\u00e4der i Spanien\",\"datePublished\":\"2018-11-14T23:00:00+00:00\",\"mainEntityOfPage\":{\"@id\":\"https:\\\/\\\/lightweb.dev\\\/l\\\/svm-temp\\\/nyheter\\\/utlanningar-koper-rekordmanga-bostader-i-spanien\\\/\"},\"wordCount\":316,\"commentCount\":0,\"publisher\":{\"@id\":\"https:\\\/\\\/lightweb.dev\\\/l\\\/svm-temp\\\/#organization\"},\"image\":{\"@id\":\"https:\\\/\\\/lightweb.dev\\\/l\\\/svm-temp\\\/nyheter\\\/utlanningar-koper-rekordmanga-bostader-i-spanien\\\/#primaryimage\"},\"thumbnailUrl\":\"https:\\\/\\\/lightweb.dev\\\/l\\\/svm-temp\\\/wp-content\\\/uploads\\\/2022\\\/06\\\/utlanningar-koper-rekordmanga-bostader-i-spanien.png\",\"articleSection\":[\"Arkiv\",\"Nyheter\"],\"inLanguage\":\"sv-SE\"},{\"@type\":\"WebPage\",\"@id\":\"https:\\\/\\\/lightweb.dev\\\/l\\\/svm-temp\\\/nyheter\\\/utlanningar-koper-rekordmanga-bostader-i-spanien\\\/\",\"url\":\"https:\\\/\\\/lightweb.dev\\\/l\\\/svm-temp\\\/nyheter\\\/utlanningar-koper-rekordmanga-bostader-i-spanien\\\/\",\"name\":\"Utl\u00e4nningar k\u00f6per rekordm\u00e5nga bost\u00e4der i Spanien - Svenska Magasinet\",\"isPartOf\":{\"@id\":\"https:\\\/\\\/lightweb.dev\\\/l\\\/svm-temp\\\/#website\"},\"primaryImageOfPage\":{\"@id\":\"https:\\\/\\\/lightweb.dev\\\/l\\\/svm-temp\\\/nyheter\\\/utlanningar-koper-rekordmanga-bostader-i-spanien\\\/#primaryimage\"},\"image\":{\"@id\":\"https:\\\/\\\/lightweb.dev\\\/l\\\/svm-temp\\\/nyheter\\\/utlanningar-koper-rekordmanga-bostader-i-spanien\\\/#primaryimage\"},\"thumbnailUrl\":\"https:\\\/\\\/lightweb.dev\\\/l\\\/svm-temp\\\/wp-content\\\/uploads\\\/2022\\\/06\\\/utlanningar-koper-rekordmanga-bostader-i-spanien.png\",\"datePublished\":\"2018-11-14T23:00:00+00:00\",\"breadcrumb\":{\"@id\":\"https:\\\/\\\/lightweb.dev\\\/l\\\/svm-temp\\\/nyheter\\\/utlanningar-koper-rekordmanga-bostader-i-spanien\\\/#breadcrumb\"},\"inLanguage\":\"sv-SE\",\"potentialAction\":[{\"@type\":\"ReadAction\",\"target\":[\"https:\\\/\\\/lightweb.dev\\\/l\\\/svm-temp\\\/nyheter\\\/utlanningar-koper-rekordmanga-bostader-i-spanien\\\/\"]}]},{\"@type\":\"ImageObject\",\"inLanguage\":\"sv-SE\",\"@id\":\"https:\\\/\\\/lightweb.dev\\\/l\\\/svm-temp\\\/nyheter\\\/utlanningar-koper-rekordmanga-bostader-i-spanien\\\/#primaryimage\",\"url\":\"https:\\\/\\\/lightweb.dev\\\/l\\\/svm-temp\\\/wp-content\\\/uploads\\\/2022\\\/06\\\/utlanningar-koper-rekordmanga-bostader-i-spanien.png\",\"contentUrl\":\"https:\\\/\\\/lightweb.dev\\\/l\\\/svm-temp\\\/wp-content\\\/uploads\\\/2022\\\/06\\\/utlanningar-koper-rekordmanga-bostader-i-spanien.png\",\"width\":500,\"height\":300},{\"@type\":\"BreadcrumbList\",\"@id\":\"https:\\\/\\\/lightweb.dev\\\/l\\\/svm-temp\\\/nyheter\\\/utlanningar-koper-rekordmanga-bostader-i-spanien\\\/#breadcrumb\",\"itemListElement\":[{\"@type\":\"ListItem\",\"position\":1,\"name\":\"Hem\",\"item\":\"https:\\\/\\\/lightweb.dev\\\/l\\\/svm-temp\\\/\"},{\"@type\":\"ListItem\",\"position\":2,\"name\":\"Utl\u00e4nningar k\u00f6per rekordm\u00e5nga bost\u00e4der i Spanien\"}]},{\"@type\":\"WebSite\",\"@id\":\"https:\\\/\\\/lightweb.dev\\\/l\\\/svm-temp\\\/#website\",\"url\":\"https:\\\/\\\/lightweb.dev\\\/l\\\/svm-temp\\\/\",\"name\":\"Svenska Magasinet\",\"description\":\"Dina Spanska nyheter p&aring; Svenska\",\"publisher\":{\"@id\":\"https:\\\/\\\/lightweb.dev\\\/l\\\/svm-temp\\\/#organization\"},\"potentialAction\":[{\"@type\":\"SearchAction\",\"target\":{\"@type\":\"EntryPoint\",\"urlTemplate\":\"https:\\\/\\\/lightweb.dev\\\/l\\\/svm-temp\\\/?s={search_term_string}\"},\"query-input\":{\"@type\":\"PropertyValueSpecification\",\"valueRequired\":true,\"valueName\":\"search_term_string\"}}],\"inLanguage\":\"sv-SE\"},{\"@type\":\"Organization\",\"@id\":\"https:\\\/\\\/lightweb.dev\\\/l\\\/svm-temp\\\/#organization\",\"name\":\"Melkerson y Nott SL\",\"alternateName\":\"Svenska Magasinet\",\"url\":\"https:\\\/\\\/lightweb.dev\\\/l\\\/svm-temp\\\/\",\"logo\":{\"@type\":\"ImageObject\",\"inLanguage\":\"sv-SE\",\"@id\":\"https:\\\/\\\/lightweb.dev\\\/l\\\/svm-temp\\\/#\\\/schema\\\/logo\\\/image\\\/\",\"url\":\"https:\\\/\\\/lightweb.dev\\\/l\\\/svm-temp\\\/wp-content\\\/uploads\\\/2025\\\/02\\\/SvM-logo-Xtra-Centrerad-SVART.png\",\"contentUrl\":\"https:\\\/\\\/lightweb.dev\\\/l\\\/svm-temp\\\/wp-content\\\/uploads\\\/2025\\\/02\\\/SvM-logo-Xtra-Centrerad-SVART.png\",\"width\":300,\"height\":99,\"caption\":\"Melkerson y Nott SL\"},\"image\":{\"@id\":\"https:\\\/\\\/lightweb.dev\\\/l\\\/svm-temp\\\/#\\\/schema\\\/logo\\\/image\\\/\"},\"sameAs\":[\"https:\\\/\\\/www.facebook.com\\\/svenskamagasinet\",\"https:\\\/\\\/x.com\\\/SvenskaMagasine\"]},{\"@type\":\"Person\",\"@id\":\"https:\\\/\\\/lightweb.dev\\\/l\\\/svm-temp\\\/#\\\/schema\\\/person\\\/206a3bda5b607b0c25e1749191e4d837\",\"name\":\"Redaktionen SvM\",\"description\":\"Redaktionen\",\"sameAs\":[\"https:\\\/\\\/lightweb.dev\\\/l\\\/svm-temp\"],\"url\":\"https:\\\/\\\/lightweb.dev\\\/l\\\/svm-temp\\\/reporter\\\/redaktionen\\\/\"}]}<\/script>\n<!-- \/ Yoast SEO Premium plugin. -->","yoast_head_json":{"title":"Utl\u00e4nningar k\u00f6per rekordm\u00e5nga bost\u00e4der i Spanien - Svenska Magasinet","robots":{"index":"noindex","follow":"follow","max-snippet":"max-snippet:-1","max-image-preview":"max-image-preview:large","max-video-preview":"max-video-preview:-1"},"og_locale":"sv_SE","og_type":"article","og_title":"Utl\u00e4nningar k\u00f6per rekordm\u00e5nga bost\u00e4der i Spanien","og_description":"Bostadsk\u00f6pen bland icke-spanjorer har \u00f6kat explosionsartat och \u00f6verstiger nu de siffror som var f\u00f6re den ekonomiska krisen. Under f\u00f6rsta halv\u00e5ret 2018 f\u00f6rekom 53.359 bostadsk\u00f6p av utl\u00e4ndska medborgare enligt data sl\u00e4ppta av notarius publicus i tisdags. Detta \u00e4r den h\u00f6gsta siffra i en statistisk serie som b\u00f6rjade f\u00f6rsta halv\u00e5ret 2007, d\u00e5 det registrerades 33.000 f\u00f6rs\u00e4ljningar. F\u00f6rs\u00e4ljningarna [&hellip;]","og_url":"https:\/\/lightweb.dev\/l\/svm-temp\/nyheter\/utlanningar-koper-rekordmanga-bostader-i-spanien\/","og_site_name":"Svenska Magasinet","article_publisher":"https:\/\/www.facebook.com\/svenskamagasinet","article_published_time":"2018-11-14T23:00:00+00:00","og_image":[{"width":500,"height":300,"url":"https:\/\/lightweb.dev\/l\/svm-temp\/wp-content\/uploads\/2022\/06\/utlanningar-koper-rekordmanga-bostader-i-spanien.png","type":"image\/png"}],"author":"Redaktionen SvM","twitter_card":"summary_large_image","twitter_creator":"@SvenskaMagasine","twitter_site":"@SvenskaMagasine","schema":{"@context":"https:\/\/schema.org","@graph":[{"@type":"Article","@id":"https:\/\/lightweb.dev\/l\/svm-temp\/nyheter\/utlanningar-koper-rekordmanga-bostader-i-spanien\/#article","isPartOf":{"@id":"https:\/\/lightweb.dev\/l\/svm-temp\/nyheter\/utlanningar-koper-rekordmanga-bostader-i-spanien\/"},"author":{"name":"Redaktionen SvM","@id":"https:\/\/lightweb.dev\/l\/svm-temp\/#\/schema\/person\/206a3bda5b607b0c25e1749191e4d837"},"headline":"Utl\u00e4nningar k\u00f6per rekordm\u00e5nga bost\u00e4der i Spanien","datePublished":"2018-11-14T23:00:00+00:00","mainEntityOfPage":{"@id":"https:\/\/lightweb.dev\/l\/svm-temp\/nyheter\/utlanningar-koper-rekordmanga-bostader-i-spanien\/"},"wordCount":316,"commentCount":0,"publisher":{"@id":"https:\/\/lightweb.dev\/l\/svm-temp\/#organization"},"image":{"@id":"https:\/\/lightweb.dev\/l\/svm-temp\/nyheter\/utlanningar-koper-rekordmanga-bostader-i-spanien\/#primaryimage"},"thumbnailUrl":"https:\/\/lightweb.dev\/l\/svm-temp\/wp-content\/uploads\/2022\/06\/utlanningar-koper-rekordmanga-bostader-i-spanien.png","articleSection":["Arkiv","Nyheter"],"inLanguage":"sv-SE"},{"@type":"WebPage","@id":"https:\/\/lightweb.dev\/l\/svm-temp\/nyheter\/utlanningar-koper-rekordmanga-bostader-i-spanien\/","url":"https:\/\/lightweb.dev\/l\/svm-temp\/nyheter\/utlanningar-koper-rekordmanga-bostader-i-spanien\/","name":"Utl\u00e4nningar k\u00f6per rekordm\u00e5nga bost\u00e4der i Spanien - Svenska Magasinet","isPartOf":{"@id":"https:\/\/lightweb.dev\/l\/svm-temp\/#website"},"primaryImageOfPage":{"@id":"https:\/\/lightweb.dev\/l\/svm-temp\/nyheter\/utlanningar-koper-rekordmanga-bostader-i-spanien\/#primaryimage"},"image":{"@id":"https:\/\/lightweb.dev\/l\/svm-temp\/nyheter\/utlanningar-koper-rekordmanga-bostader-i-spanien\/#primaryimage"},"thumbnailUrl":"https:\/\/lightweb.dev\/l\/svm-temp\/wp-content\/uploads\/2022\/06\/utlanningar-koper-rekordmanga-bostader-i-spanien.png","datePublished":"2018-11-14T23:00:00+00:00","breadcrumb":{"@id":"https:\/\/lightweb.dev\/l\/svm-temp\/nyheter\/utlanningar-koper-rekordmanga-bostader-i-spanien\/#breadcrumb"},"inLanguage":"sv-SE","potentialAction":[{"@type":"ReadAction","target":["https:\/\/lightweb.dev\/l\/svm-temp\/nyheter\/utlanningar-koper-rekordmanga-bostader-i-spanien\/"]}]},{"@type":"ImageObject","inLanguage":"sv-SE","@id":"https:\/\/lightweb.dev\/l\/svm-temp\/nyheter\/utlanningar-koper-rekordmanga-bostader-i-spanien\/#primaryimage","url":"https:\/\/lightweb.dev\/l\/svm-temp\/wp-content\/uploads\/2022\/06\/utlanningar-koper-rekordmanga-bostader-i-spanien.png","contentUrl":"https:\/\/lightweb.dev\/l\/svm-temp\/wp-content\/uploads\/2022\/06\/utlanningar-koper-rekordmanga-bostader-i-spanien.png","width":500,"height":300},{"@type":"BreadcrumbList","@id":"https:\/\/lightweb.dev\/l\/svm-temp\/nyheter\/utlanningar-koper-rekordmanga-bostader-i-spanien\/#breadcrumb","itemListElement":[{"@type":"ListItem","position":1,"name":"Hem","item":"https:\/\/lightweb.dev\/l\/svm-temp\/"},{"@type":"ListItem","position":2,"name":"Utl\u00e4nningar k\u00f6per rekordm\u00e5nga bost\u00e4der i Spanien"}]},{"@type":"WebSite","@id":"https:\/\/lightweb.dev\/l\/svm-temp\/#website","url":"https:\/\/lightweb.dev\/l\/svm-temp\/","name":"Svenska Magasinet","description":"Dina Spanska nyheter p&aring; Svenska","publisher":{"@id":"https:\/\/lightweb.dev\/l\/svm-temp\/#organization"},"potentialAction":[{"@type":"SearchAction","target":{"@type":"EntryPoint","urlTemplate":"https:\/\/lightweb.dev\/l\/svm-temp\/?s={search_term_string}"},"query-input":{"@type":"PropertyValueSpecification","valueRequired":true,"valueName":"search_term_string"}}],"inLanguage":"sv-SE"},{"@type":"Organization","@id":"https:\/\/lightweb.dev\/l\/svm-temp\/#organization","name":"Melkerson y Nott SL","alternateName":"Svenska Magasinet","url":"https:\/\/lightweb.dev\/l\/svm-temp\/","logo":{"@type":"ImageObject","inLanguage":"sv-SE","@id":"https:\/\/lightweb.dev\/l\/svm-temp\/#\/schema\/logo\/image\/","url":"https:\/\/lightweb.dev\/l\/svm-temp\/wp-content\/uploads\/2025\/02\/SvM-logo-Xtra-Centrerad-SVART.png","contentUrl":"https:\/\/lightweb.dev\/l\/svm-temp\/wp-content\/uploads\/2025\/02\/SvM-logo-Xtra-Centrerad-SVART.png","width":300,"height":99,"caption":"Melkerson y Nott SL"},"image":{"@id":"https:\/\/lightweb.dev\/l\/svm-temp\/#\/schema\/logo\/image\/"},"sameAs":["https:\/\/www.facebook.com\/svenskamagasinet","https:\/\/x.com\/SvenskaMagasine"]},{"@type":"Person","@id":"https:\/\/lightweb.dev\/l\/svm-temp\/#\/schema\/person\/206a3bda5b607b0c25e1749191e4d837","name":"Redaktionen SvM","description":"Redaktionen","sameAs":["https:\/\/lightweb.dev\/l\/svm-temp"],"url":"https:\/\/lightweb.dev\/l\/svm-temp\/reporter\/redaktionen\/"}]}},"_links":{"self":[{"href":"https:\/\/lightweb.dev\/l\/svm-temp\/wp-json\/wp\/v2\/posts\/17491","targetHints":{"allow":["GET"]}}],"collection":[{"href":"https:\/\/lightweb.dev\/l\/svm-temp\/wp-json\/wp\/v2\/posts"}],"about":[{"href":"https:\/\/lightweb.dev\/l\/svm-temp\/wp-json\/wp\/v2\/types\/post"}],"author":[{"embeddable":true,"href":"https:\/\/lightweb.dev\/l\/svm-temp\/wp-json\/wp\/v2\/users\/8"}],"replies":[{"embeddable":true,"href":"https:\/\/lightweb.dev\/l\/svm-temp\/wp-json\/wp\/v2\/comments?post=17491"}],"version-history":[{"count":0,"href":"https:\/\/lightweb.dev\/l\/svm-temp\/wp-json\/wp\/v2\/posts\/17491\/revisions"}],"wp:featuredmedia":[{"embeddable":true,"href":"https:\/\/lightweb.dev\/l\/svm-temp\/wp-json\/wp\/v2\/media\/17492"}],"wp:attachment":[{"href":"https:\/\/lightweb.dev\/l\/svm-temp\/wp-json\/wp\/v2\/media?parent=17491"}],"wp:term":[{"taxonomy":"category","embeddable":true,"href":"https:\/\/lightweb.dev\/l\/svm-temp\/wp-json\/wp\/v2\/categories?post=17491"},{"taxonomy":"post_tag","embeddable":true,"href":"https:\/\/lightweb.dev\/l\/svm-temp\/wp-json\/wp\/v2\/tags?post=17491"}],"curies":[{"name":"wp","href":"https:\/\/api.w.org\/{rel}","templated":true}]}}