{"id":17493,"date":"2018-11-15T00:00:00","date_gmt":"2018-11-14T23:00:00","guid":{"rendered":"https:\/\/lightweb.dev\/l\/svm-temp\/nyheter\/marocko-bromsar-aterforandet-av-illegala-invandrare\/"},"modified":"2018-11-15T00:00:00","modified_gmt":"2018-11-14T23:00:00","slug":"marocko-bromsar-aterforandet-av-illegala-invandrare","status":"publish","type":"post","link":"https:\/\/lightweb.dev\/l\/svm-temp\/nyheter\/marocko-bromsar-aterforandet-av-illegala-invandrare\/","title":{"rendered":"Marocko bromsar \u00e5terf\u00f6randet av illegala invandrare"},"content":{"rendered":"<p> Grannlandet Marocko begr\u00e4nsar nu \u00e5terf\u00f6randet av illegala immigranter fr\u00e5n de spanska enklaverna Ceuta och Melilla till bara tio stycken per dag och gr\u00e4nsstation.<\/p>\n<p>Det \u00e4r inte f\u00f6rsta g\u00e5ngen som Marocko \u00e4ndrar sina kriterier i hanteringen av \u00e5ters\u00e4ndningen av immigranter. Vad som g\u00e4llde innan denna f\u00f6r\u00e4ndringen var 25 per dag n\u00e5got som av de spanska myndigheterna betraktades som f\u00f6r lite eftersom det ledde till m\u00e5nader av v\u00e4ntan innan avvisningarna kan ske.<\/p>\n<p>Avvisningarna har normalt skett med f\u00e4rja fr\u00e5n Algeciras till Ceuta och hittills har det varit en eller tv\u00e5 minibussar med 12 platser vardera som har rest \u00f6ver den marockanska gr\u00e4nsen, av praktiska sk\u00e4l har avvisningarna bara skett under vardagar. <\/p>\n<p>Mekanismen f\u00f6r avvisningar har fungerat som ett urverk, polisen har en buss med 46 platser (36 f\u00f6r invandrare och 10 f\u00f6r agenter), men den anv\u00e4nds inte nu med de nya restriktionerna.<\/p>\n<p>Vad som noteras positivt \u00e4r att Algeriet har agerat tv\u00e4rtom och de tar nu emot fler av sina avvisade medborgare \u00e4n f\u00f6rut. I oktober kom cirka 9 500 illegala invandrare fr\u00e5n Nordafrika till Spanien vilket \u00e4r mer \u00e4n dubbelt s\u00e5 m\u00e5nga som f\u00f6r ett \u00e5r sedan. Det \u00e4r en andel som motsvarar 60 procent av de totala antalet olagliga invandrare som uppt\u00e4ckts i Europeiska unionen under den m\u00e5naden, enligt rapport fr\u00e5n Frontex ig\u00e5r. Under de f\u00f6rsta tio m\u00e5naderna 2018 uppgick antalet illegala invandrare till Spanien via den s\u00e5 kallade v\u00e4stra Medelhavsv\u00e4gen till cirka 45 900, vilket mer \u00e4n f\u00f6rdubblats fr\u00e5n januari till oktober 2017.<\/p>\n<p>Bildtext: Gr\u00e4nsstationen i Ceuta.<\/p>\n","protected":false},"excerpt":{"rendered":"<p>Grannlandet Marocko begr\u00e4nsar nu \u00e5terf\u00f6randet av illegala immigranter fr\u00e5n de spanska enklaverna Ceuta och Melilla till bara tio stycken per dag och gr\u00e4nsstation. Det \u00e4r inte f\u00f6rsta g\u00e5ngen som Marocko \u00e4ndrar sina kriterier i hanteringen av \u00e5ters\u00e4ndningen av immigranter. Vad som g\u00e4llde innan denna f\u00f6r\u00e4ndringen var 25 per dag n\u00e5got som av de spanska myndigheterna [&hellip;]<\/p>\n","protected":false},"author":8,"featured_media":17494,"comment_status":"open","ping_status":"open","sticky":false,"template":"","format":"standard","meta":{"_et_pb_use_builder":"","_et_pb_old_content":"","_et_gb_content_width":"","footnotes":""},"categories":[395,3],"tags":[],"class_list":["post-17493","post","type-post","status-publish","format-standard","has-post-thumbnail","hentry","category-arkiv-nyheter","category-nyheter"],"yoast_head":"<!-- This site is optimized with the Yoast SEO Premium plugin v26.2 (Yoast SEO v27.4) - https:\/\/yoast.com\/product\/yoast-seo-premium-wordpress\/ -->\n<title>Marocko bromsar \u00e5terf\u00f6randet av illegala invandrare - Svenska Magasinet<\/title>\n<meta name=\"robots\" content=\"noindex, follow, max-snippet:-1, max-image-preview:large, max-video-preview:-1\" \/>\n<meta property=\"og:locale\" content=\"sv_SE\" \/>\n<meta property=\"og:type\" content=\"article\" \/>\n<meta property=\"og:title\" content=\"Marocko bromsar \u00e5terf\u00f6randet av illegala invandrare\" \/>\n<meta property=\"og:description\" content=\"Grannlandet Marocko begr\u00e4nsar nu \u00e5terf\u00f6randet av illegala immigranter fr\u00e5n de spanska enklaverna Ceuta och Melilla till bara tio stycken per dag och gr\u00e4nsstation. Det \u00e4r inte f\u00f6rsta g\u00e5ngen som Marocko \u00e4ndrar sina kriterier i hanteringen av \u00e5ters\u00e4ndningen av immigranter. Vad som g\u00e4llde innan denna f\u00f6r\u00e4ndringen var 25 per dag n\u00e5got som av de spanska myndigheterna [&hellip;]\" \/>\n<meta property=\"og:url\" content=\"https:\/\/lightweb.dev\/l\/svm-temp\/nyheter\/marocko-bromsar-aterforandet-av-illegala-invandrare\/\" \/>\n<meta property=\"og:site_name\" content=\"Svenska Magasinet\" \/>\n<meta property=\"article:publisher\" content=\"https:\/\/www.facebook.com\/svenskamagasinet\" \/>\n<meta property=\"article:published_time\" content=\"2018-11-14T23:00:00+00:00\" \/>\n<meta property=\"og:image\" content=\"https:\/\/lightweb.dev\/l\/svm-temp\/wp-content\/uploads\/2022\/06\/marocko-bromsar-aterforandet-av-illegala-invandrare.png\" \/>\n\t<meta property=\"og:image:width\" content=\"500\" \/>\n\t<meta property=\"og:image:height\" content=\"301\" \/>\n\t<meta property=\"og:image:type\" content=\"image\/png\" \/>\n<meta name=\"author\" content=\"Redaktionen SvM\" \/>\n<meta name=\"twitter:card\" content=\"summary_large_image\" \/>\n<meta name=\"twitter:creator\" content=\"@SvenskaMagasine\" \/>\n<meta name=\"twitter:site\" content=\"@SvenskaMagasine\" \/>\n<script type=\"application\/ld+json\" class=\"yoast-schema-graph\">{\"@context\":\"https:\\\/\\\/schema.org\",\"@graph\":[{\"@type\":\"Article\",\"@id\":\"https:\\\/\\\/lightweb.dev\\\/l\\\/svm-temp\\\/nyheter\\\/marocko-bromsar-aterforandet-av-illegala-invandrare\\\/#article\",\"isPartOf\":{\"@id\":\"https:\\\/\\\/lightweb.dev\\\/l\\\/svm-temp\\\/nyheter\\\/marocko-bromsar-aterforandet-av-illegala-invandrare\\\/\"},\"author\":{\"name\":\"Redaktionen SvM\",\"@id\":\"https:\\\/\\\/lightweb.dev\\\/l\\\/svm-temp\\\/#\\\/schema\\\/person\\\/206a3bda5b607b0c25e1749191e4d837\"},\"headline\":\"Marocko bromsar \u00e5terf\u00f6randet av illegala invandrare\",\"datePublished\":\"2018-11-14T23:00:00+00:00\",\"mainEntityOfPage\":{\"@id\":\"https:\\\/\\\/lightweb.dev\\\/l\\\/svm-temp\\\/nyheter\\\/marocko-bromsar-aterforandet-av-illegala-invandrare\\\/\"},\"wordCount\":281,\"commentCount\":0,\"publisher\":{\"@id\":\"https:\\\/\\\/lightweb.dev\\\/l\\\/svm-temp\\\/#organization\"},\"image\":{\"@id\":\"https:\\\/\\\/lightweb.dev\\\/l\\\/svm-temp\\\/nyheter\\\/marocko-bromsar-aterforandet-av-illegala-invandrare\\\/#primaryimage\"},\"thumbnailUrl\":\"https:\\\/\\\/lightweb.dev\\\/l\\\/svm-temp\\\/wp-content\\\/uploads\\\/2022\\\/06\\\/marocko-bromsar-aterforandet-av-illegala-invandrare.png\",\"articleSection\":[\"Arkiv\",\"Nyheter\"],\"inLanguage\":\"sv-SE\"},{\"@type\":\"WebPage\",\"@id\":\"https:\\\/\\\/lightweb.dev\\\/l\\\/svm-temp\\\/nyheter\\\/marocko-bromsar-aterforandet-av-illegala-invandrare\\\/\",\"url\":\"https:\\\/\\\/lightweb.dev\\\/l\\\/svm-temp\\\/nyheter\\\/marocko-bromsar-aterforandet-av-illegala-invandrare\\\/\",\"name\":\"Marocko bromsar \u00e5terf\u00f6randet av illegala invandrare - Svenska Magasinet\",\"isPartOf\":{\"@id\":\"https:\\\/\\\/lightweb.dev\\\/l\\\/svm-temp\\\/#website\"},\"primaryImageOfPage\":{\"@id\":\"https:\\\/\\\/lightweb.dev\\\/l\\\/svm-temp\\\/nyheter\\\/marocko-bromsar-aterforandet-av-illegala-invandrare\\\/#primaryimage\"},\"image\":{\"@id\":\"https:\\\/\\\/lightweb.dev\\\/l\\\/svm-temp\\\/nyheter\\\/marocko-bromsar-aterforandet-av-illegala-invandrare\\\/#primaryimage\"},\"thumbnailUrl\":\"https:\\\/\\\/lightweb.dev\\\/l\\\/svm-temp\\\/wp-content\\\/uploads\\\/2022\\\/06\\\/marocko-bromsar-aterforandet-av-illegala-invandrare.png\",\"datePublished\":\"2018-11-14T23:00:00+00:00\",\"breadcrumb\":{\"@id\":\"https:\\\/\\\/lightweb.dev\\\/l\\\/svm-temp\\\/nyheter\\\/marocko-bromsar-aterforandet-av-illegala-invandrare\\\/#breadcrumb\"},\"inLanguage\":\"sv-SE\",\"potentialAction\":[{\"@type\":\"ReadAction\",\"target\":[\"https:\\\/\\\/lightweb.dev\\\/l\\\/svm-temp\\\/nyheter\\\/marocko-bromsar-aterforandet-av-illegala-invandrare\\\/\"]}]},{\"@type\":\"ImageObject\",\"inLanguage\":\"sv-SE\",\"@id\":\"https:\\\/\\\/lightweb.dev\\\/l\\\/svm-temp\\\/nyheter\\\/marocko-bromsar-aterforandet-av-illegala-invandrare\\\/#primaryimage\",\"url\":\"https:\\\/\\\/lightweb.dev\\\/l\\\/svm-temp\\\/wp-content\\\/uploads\\\/2022\\\/06\\\/marocko-bromsar-aterforandet-av-illegala-invandrare.png\",\"contentUrl\":\"https:\\\/\\\/lightweb.dev\\\/l\\\/svm-temp\\\/wp-content\\\/uploads\\\/2022\\\/06\\\/marocko-bromsar-aterforandet-av-illegala-invandrare.png\",\"width\":500,\"height\":301},{\"@type\":\"BreadcrumbList\",\"@id\":\"https:\\\/\\\/lightweb.dev\\\/l\\\/svm-temp\\\/nyheter\\\/marocko-bromsar-aterforandet-av-illegala-invandrare\\\/#breadcrumb\",\"itemListElement\":[{\"@type\":\"ListItem\",\"position\":1,\"name\":\"Hem\",\"item\":\"https:\\\/\\\/lightweb.dev\\\/l\\\/svm-temp\\\/\"},{\"@type\":\"ListItem\",\"position\":2,\"name\":\"Marocko bromsar \u00e5terf\u00f6randet av illegala invandrare\"}]},{\"@type\":\"WebSite\",\"@id\":\"https:\\\/\\\/lightweb.dev\\\/l\\\/svm-temp\\\/#website\",\"url\":\"https:\\\/\\\/lightweb.dev\\\/l\\\/svm-temp\\\/\",\"name\":\"Svenska Magasinet\",\"description\":\"Dina Spanska nyheter p&aring; Svenska\",\"publisher\":{\"@id\":\"https:\\\/\\\/lightweb.dev\\\/l\\\/svm-temp\\\/#organization\"},\"potentialAction\":[{\"@type\":\"SearchAction\",\"target\":{\"@type\":\"EntryPoint\",\"urlTemplate\":\"https:\\\/\\\/lightweb.dev\\\/l\\\/svm-temp\\\/?s={search_term_string}\"},\"query-input\":{\"@type\":\"PropertyValueSpecification\",\"valueRequired\":true,\"valueName\":\"search_term_string\"}}],\"inLanguage\":\"sv-SE\"},{\"@type\":\"Organization\",\"@id\":\"https:\\\/\\\/lightweb.dev\\\/l\\\/svm-temp\\\/#organization\",\"name\":\"Melkerson y Nott SL\",\"alternateName\":\"Svenska Magasinet\",\"url\":\"https:\\\/\\\/lightweb.dev\\\/l\\\/svm-temp\\\/\",\"logo\":{\"@type\":\"ImageObject\",\"inLanguage\":\"sv-SE\",\"@id\":\"https:\\\/\\\/lightweb.dev\\\/l\\\/svm-temp\\\/#\\\/schema\\\/logo\\\/image\\\/\",\"url\":\"https:\\\/\\\/lightweb.dev\\\/l\\\/svm-temp\\\/wp-content\\\/uploads\\\/2025\\\/02\\\/SvM-logo-Xtra-Centrerad-SVART.png\",\"contentUrl\":\"https:\\\/\\\/lightweb.dev\\\/l\\\/svm-temp\\\/wp-content\\\/uploads\\\/2025\\\/02\\\/SvM-logo-Xtra-Centrerad-SVART.png\",\"width\":300,\"height\":99,\"caption\":\"Melkerson y Nott SL\"},\"image\":{\"@id\":\"https:\\\/\\\/lightweb.dev\\\/l\\\/svm-temp\\\/#\\\/schema\\\/logo\\\/image\\\/\"},\"sameAs\":[\"https:\\\/\\\/www.facebook.com\\\/svenskamagasinet\",\"https:\\\/\\\/x.com\\\/SvenskaMagasine\"]},{\"@type\":\"Person\",\"@id\":\"https:\\\/\\\/lightweb.dev\\\/l\\\/svm-temp\\\/#\\\/schema\\\/person\\\/206a3bda5b607b0c25e1749191e4d837\",\"name\":\"Redaktionen SvM\",\"description\":\"Redaktionen\",\"sameAs\":[\"https:\\\/\\\/lightweb.dev\\\/l\\\/svm-temp\"],\"url\":\"https:\\\/\\\/lightweb.dev\\\/l\\\/svm-temp\\\/reporter\\\/redaktionen\\\/\"}]}<\/script>\n<!-- \/ Yoast SEO Premium plugin. -->","yoast_head_json":{"title":"Marocko bromsar \u00e5terf\u00f6randet av illegala invandrare - Svenska Magasinet","robots":{"index":"noindex","follow":"follow","max-snippet":"max-snippet:-1","max-image-preview":"max-image-preview:large","max-video-preview":"max-video-preview:-1"},"og_locale":"sv_SE","og_type":"article","og_title":"Marocko bromsar \u00e5terf\u00f6randet av illegala invandrare","og_description":"Grannlandet Marocko begr\u00e4nsar nu \u00e5terf\u00f6randet av illegala immigranter fr\u00e5n de spanska enklaverna Ceuta och Melilla till bara tio stycken per dag och gr\u00e4nsstation. Det \u00e4r inte f\u00f6rsta g\u00e5ngen som Marocko \u00e4ndrar sina kriterier i hanteringen av \u00e5ters\u00e4ndningen av immigranter. Vad som g\u00e4llde innan denna f\u00f6r\u00e4ndringen var 25 per dag n\u00e5got som av de spanska myndigheterna [&hellip;]","og_url":"https:\/\/lightweb.dev\/l\/svm-temp\/nyheter\/marocko-bromsar-aterforandet-av-illegala-invandrare\/","og_site_name":"Svenska Magasinet","article_publisher":"https:\/\/www.facebook.com\/svenskamagasinet","article_published_time":"2018-11-14T23:00:00+00:00","og_image":[{"width":500,"height":301,"url":"https:\/\/lightweb.dev\/l\/svm-temp\/wp-content\/uploads\/2022\/06\/marocko-bromsar-aterforandet-av-illegala-invandrare.png","type":"image\/png"}],"author":"Redaktionen SvM","twitter_card":"summary_large_image","twitter_creator":"@SvenskaMagasine","twitter_site":"@SvenskaMagasine","schema":{"@context":"https:\/\/schema.org","@graph":[{"@type":"Article","@id":"https:\/\/lightweb.dev\/l\/svm-temp\/nyheter\/marocko-bromsar-aterforandet-av-illegala-invandrare\/#article","isPartOf":{"@id":"https:\/\/lightweb.dev\/l\/svm-temp\/nyheter\/marocko-bromsar-aterforandet-av-illegala-invandrare\/"},"author":{"name":"Redaktionen SvM","@id":"https:\/\/lightweb.dev\/l\/svm-temp\/#\/schema\/person\/206a3bda5b607b0c25e1749191e4d837"},"headline":"Marocko bromsar \u00e5terf\u00f6randet av illegala invandrare","datePublished":"2018-11-14T23:00:00+00:00","mainEntityOfPage":{"@id":"https:\/\/lightweb.dev\/l\/svm-temp\/nyheter\/marocko-bromsar-aterforandet-av-illegala-invandrare\/"},"wordCount":281,"commentCount":0,"publisher":{"@id":"https:\/\/lightweb.dev\/l\/svm-temp\/#organization"},"image":{"@id":"https:\/\/lightweb.dev\/l\/svm-temp\/nyheter\/marocko-bromsar-aterforandet-av-illegala-invandrare\/#primaryimage"},"thumbnailUrl":"https:\/\/lightweb.dev\/l\/svm-temp\/wp-content\/uploads\/2022\/06\/marocko-bromsar-aterforandet-av-illegala-invandrare.png","articleSection":["Arkiv","Nyheter"],"inLanguage":"sv-SE"},{"@type":"WebPage","@id":"https:\/\/lightweb.dev\/l\/svm-temp\/nyheter\/marocko-bromsar-aterforandet-av-illegala-invandrare\/","url":"https:\/\/lightweb.dev\/l\/svm-temp\/nyheter\/marocko-bromsar-aterforandet-av-illegala-invandrare\/","name":"Marocko bromsar \u00e5terf\u00f6randet av illegala invandrare - Svenska Magasinet","isPartOf":{"@id":"https:\/\/lightweb.dev\/l\/svm-temp\/#website"},"primaryImageOfPage":{"@id":"https:\/\/lightweb.dev\/l\/svm-temp\/nyheter\/marocko-bromsar-aterforandet-av-illegala-invandrare\/#primaryimage"},"image":{"@id":"https:\/\/lightweb.dev\/l\/svm-temp\/nyheter\/marocko-bromsar-aterforandet-av-illegala-invandrare\/#primaryimage"},"thumbnailUrl":"https:\/\/lightweb.dev\/l\/svm-temp\/wp-content\/uploads\/2022\/06\/marocko-bromsar-aterforandet-av-illegala-invandrare.png","datePublished":"2018-11-14T23:00:00+00:00","breadcrumb":{"@id":"https:\/\/lightweb.dev\/l\/svm-temp\/nyheter\/marocko-bromsar-aterforandet-av-illegala-invandrare\/#breadcrumb"},"inLanguage":"sv-SE","potentialAction":[{"@type":"ReadAction","target":["https:\/\/lightweb.dev\/l\/svm-temp\/nyheter\/marocko-bromsar-aterforandet-av-illegala-invandrare\/"]}]},{"@type":"ImageObject","inLanguage":"sv-SE","@id":"https:\/\/lightweb.dev\/l\/svm-temp\/nyheter\/marocko-bromsar-aterforandet-av-illegala-invandrare\/#primaryimage","url":"https:\/\/lightweb.dev\/l\/svm-temp\/wp-content\/uploads\/2022\/06\/marocko-bromsar-aterforandet-av-illegala-invandrare.png","contentUrl":"https:\/\/lightweb.dev\/l\/svm-temp\/wp-content\/uploads\/2022\/06\/marocko-bromsar-aterforandet-av-illegala-invandrare.png","width":500,"height":301},{"@type":"BreadcrumbList","@id":"https:\/\/lightweb.dev\/l\/svm-temp\/nyheter\/marocko-bromsar-aterforandet-av-illegala-invandrare\/#breadcrumb","itemListElement":[{"@type":"ListItem","position":1,"name":"Hem","item":"https:\/\/lightweb.dev\/l\/svm-temp\/"},{"@type":"ListItem","position":2,"name":"Marocko bromsar \u00e5terf\u00f6randet av illegala invandrare"}]},{"@type":"WebSite","@id":"https:\/\/lightweb.dev\/l\/svm-temp\/#website","url":"https:\/\/lightweb.dev\/l\/svm-temp\/","name":"Svenska Magasinet","description":"Dina Spanska nyheter p&aring; Svenska","publisher":{"@id":"https:\/\/lightweb.dev\/l\/svm-temp\/#organization"},"potentialAction":[{"@type":"SearchAction","target":{"@type":"EntryPoint","urlTemplate":"https:\/\/lightweb.dev\/l\/svm-temp\/?s={search_term_string}"},"query-input":{"@type":"PropertyValueSpecification","valueRequired":true,"valueName":"search_term_string"}}],"inLanguage":"sv-SE"},{"@type":"Organization","@id":"https:\/\/lightweb.dev\/l\/svm-temp\/#organization","name":"Melkerson y Nott SL","alternateName":"Svenska Magasinet","url":"https:\/\/lightweb.dev\/l\/svm-temp\/","logo":{"@type":"ImageObject","inLanguage":"sv-SE","@id":"https:\/\/lightweb.dev\/l\/svm-temp\/#\/schema\/logo\/image\/","url":"https:\/\/lightweb.dev\/l\/svm-temp\/wp-content\/uploads\/2025\/02\/SvM-logo-Xtra-Centrerad-SVART.png","contentUrl":"https:\/\/lightweb.dev\/l\/svm-temp\/wp-content\/uploads\/2025\/02\/SvM-logo-Xtra-Centrerad-SVART.png","width":300,"height":99,"caption":"Melkerson y Nott SL"},"image":{"@id":"https:\/\/lightweb.dev\/l\/svm-temp\/#\/schema\/logo\/image\/"},"sameAs":["https:\/\/www.facebook.com\/svenskamagasinet","https:\/\/x.com\/SvenskaMagasine"]},{"@type":"Person","@id":"https:\/\/lightweb.dev\/l\/svm-temp\/#\/schema\/person\/206a3bda5b607b0c25e1749191e4d837","name":"Redaktionen SvM","description":"Redaktionen","sameAs":["https:\/\/lightweb.dev\/l\/svm-temp"],"url":"https:\/\/lightweb.dev\/l\/svm-temp\/reporter\/redaktionen\/"}]}},"_links":{"self":[{"href":"https:\/\/lightweb.dev\/l\/svm-temp\/wp-json\/wp\/v2\/posts\/17493","targetHints":{"allow":["GET"]}}],"collection":[{"href":"https:\/\/lightweb.dev\/l\/svm-temp\/wp-json\/wp\/v2\/posts"}],"about":[{"href":"https:\/\/lightweb.dev\/l\/svm-temp\/wp-json\/wp\/v2\/types\/post"}],"author":[{"embeddable":true,"href":"https:\/\/lightweb.dev\/l\/svm-temp\/wp-json\/wp\/v2\/users\/8"}],"replies":[{"embeddable":true,"href":"https:\/\/lightweb.dev\/l\/svm-temp\/wp-json\/wp\/v2\/comments?post=17493"}],"version-history":[{"count":0,"href":"https:\/\/lightweb.dev\/l\/svm-temp\/wp-json\/wp\/v2\/posts\/17493\/revisions"}],"wp:featuredmedia":[{"embeddable":true,"href":"https:\/\/lightweb.dev\/l\/svm-temp\/wp-json\/wp\/v2\/media\/17494"}],"wp:attachment":[{"href":"https:\/\/lightweb.dev\/l\/svm-temp\/wp-json\/wp\/v2\/media?parent=17493"}],"wp:term":[{"taxonomy":"category","embeddable":true,"href":"https:\/\/lightweb.dev\/l\/svm-temp\/wp-json\/wp\/v2\/categories?post=17493"},{"taxonomy":"post_tag","embeddable":true,"href":"https:\/\/lightweb.dev\/l\/svm-temp\/wp-json\/wp\/v2\/tags?post=17493"}],"curies":[{"name":"wp","href":"https:\/\/api.w.org\/{rel}","templated":true}]}}