{"id":17495,"date":"2018-11-15T00:00:00","date_gmt":"2018-11-14T23:00:00","guid":{"rendered":"https:\/\/lightweb.dev\/l\/svm-temp\/nyheter\/stranderna-i-torrevieja-riskerar-mista-sina-kvalitetsflaggor\/"},"modified":"2018-11-15T00:00:00","modified_gmt":"2018-11-14T23:00:00","slug":"stranderna-i-torrevieja-riskerar-mista-sina-kvalitetsflaggor","status":"publish","type":"post","link":"https:\/\/lightweb.dev\/l\/svm-temp\/nyheter\/stranderna-i-torrevieja-riskerar-mista-sina-kvalitetsflaggor\/","title":{"rendered":"Str\u00e4nderna i Torrevieja riskerar mista sina kvalitetsflaggor"},"content":{"rendered":"<p> Torrevieja p\u00e5 Costa Blanca riskerar att f\u00f6rlora sina bl\u00e5 kvalitetflaggor f\u00f6r 2019 efter att de inspektioner som har utf\u00f6rts har visat p\u00e5 alltf\u00f6r m\u00e5nga brister.<\/p>\n<p>Str\u00e4nderna inspekterades den 9 augusti i \u00e5r av inspekt\u00f6rer fr\u00e5n Asociaci\u00f3n de Educaci\u00f3n Ambiental y del Consumidor (ADEAC), vilket \u00e4r den organisation som ansvarar f\u00f6r tilldelningen av de bl\u00e5 flaggorna.<\/p>\n<p>Inspektionerna utf\u00f6rdes p\u00e5 str\u00e4nderna  El Cura, Los N\u00e1ufragos, Cala Piteras, Los Locos och La Mata Sur. Samtliga str\u00e4nder uppvisade d\u00e5lig reng\u00f6ring av sanden. Dessutom fattades det utrustning f\u00f6r livr\u00e4ddarna som godk\u00e4nda beh\u00e5llare f\u00f6r sanitetsavfall och ansiktsmasker f\u00f6r \u00e5terupplivningsf\u00f6rs\u00f6k. Kommunen skyller ifr\u00e5n sig p\u00e5 den sista punkten och anser det vara personlig utrustning som livr\u00e4ddarna skall st\u00e5 f\u00f6r.<\/p>\n<p>P\u00e5 La-Matastranden fanns det f\u00f6r lite sopbeh\u00e5llare som ledde till att de blev \u00f6verfulla. Kommunen f\u00f6rsvarar sig med att inspektionen gjordes bara en timme innan de skulle t\u00f6mmas.<\/p>\n<p>P\u00e5 La Curastranden uppm\u00e4ttes f\u00f6r h\u00f6ga temperaturer i livr\u00e4ddarnas station. Den stranden \u00e4r s\u00e5 popul\u00e4r att de ocks\u00e5 ans\u00e5g att d\u00e4r borde funnits en vattenskoter f\u00f6r r\u00e4ddningstj\u00e4nsten.<\/p>\n<p>F\u00f6r Los N\u00e1ufragos s\u00e5 anser organisationen att flaggan borde ha halats n\u00e4r det blir s\u00e5dana f\u00f6rorenande utsl\u00e4pp som det var i somras. P\u00e5 Cala Piteras var det n\u00e5gra mindre briser p\u00e5 livr\u00e4ddarnas utrustning. Bl\u00e5 Flagg \u00e4r en internationell milj\u00f6utm\u00e4rkelse som beviljas badplatser och sm\u00e5b\u00e5tshamnar som uppfyller vissa kriterier som r\u00f6r vattenkvalitet, s\u00e4kerhet, service och milj\u00f6information. Bl\u00e5 flagg startades 1985 av milj\u00f6f\u00f6respr\u00e5kare i Frankrike, som v\u00e4rnade om de marina milj\u00f6erna.<\/p>\n<p>Mer information: Spanien har 590 kvalitetsm\u00e4rkta str\u00e4nder<\/p>\n","protected":false},"excerpt":{"rendered":"<p>Torrevieja p\u00e5 Costa Blanca riskerar att f\u00f6rlora sina bl\u00e5 kvalitetflaggor f\u00f6r 2019 efter att de inspektioner som har utf\u00f6rts har visat p\u00e5 alltf\u00f6r m\u00e5nga brister. Str\u00e4nderna inspekterades den 9 augusti i \u00e5r av inspekt\u00f6rer fr\u00e5n Asociaci\u00f3n de Educaci\u00f3n Ambiental y del Consumidor (ADEAC), vilket \u00e4r den organisation som ansvarar f\u00f6r tilldelningen av de bl\u00e5 flaggorna. [&hellip;]<\/p>\n","protected":false},"author":8,"featured_media":17496,"comment_status":"open","ping_status":"open","sticky":false,"template":"","format":"standard","meta":{"_et_pb_use_builder":"","_et_pb_old_content":"","_et_gb_content_width":"","footnotes":""},"categories":[395,3],"tags":[],"class_list":["post-17495","post","type-post","status-publish","format-standard","has-post-thumbnail","hentry","category-arkiv-nyheter","category-nyheter"],"yoast_head":"<!-- This site is optimized with the Yoast SEO Premium plugin v26.2 (Yoast SEO v27.4) - https:\/\/yoast.com\/product\/yoast-seo-premium-wordpress\/ -->\n<title>Str\u00e4nderna i Torrevieja riskerar mista sina kvalitetsflaggor - Svenska Magasinet<\/title>\n<meta name=\"robots\" content=\"noindex, follow, max-snippet:-1, max-image-preview:large, max-video-preview:-1\" \/>\n<meta property=\"og:locale\" content=\"sv_SE\" \/>\n<meta property=\"og:type\" content=\"article\" \/>\n<meta property=\"og:title\" content=\"Str\u00e4nderna i Torrevieja riskerar mista sina kvalitetsflaggor\" \/>\n<meta property=\"og:description\" content=\"Torrevieja p\u00e5 Costa Blanca riskerar att f\u00f6rlora sina bl\u00e5 kvalitetflaggor f\u00f6r 2019 efter att de inspektioner som har utf\u00f6rts har visat p\u00e5 alltf\u00f6r m\u00e5nga brister. Str\u00e4nderna inspekterades den 9 augusti i \u00e5r av inspekt\u00f6rer fr\u00e5n Asociaci\u00f3n de Educaci\u00f3n Ambiental y del Consumidor (ADEAC), vilket \u00e4r den organisation som ansvarar f\u00f6r tilldelningen av de bl\u00e5 flaggorna. [&hellip;]\" \/>\n<meta property=\"og:url\" content=\"https:\/\/lightweb.dev\/l\/svm-temp\/nyheter\/stranderna-i-torrevieja-riskerar-mista-sina-kvalitetsflaggor\/\" \/>\n<meta property=\"og:site_name\" content=\"Svenska Magasinet\" \/>\n<meta property=\"article:publisher\" content=\"https:\/\/www.facebook.com\/svenskamagasinet\" \/>\n<meta property=\"article:published_time\" content=\"2018-11-14T23:00:00+00:00\" \/>\n<meta property=\"og:image\" content=\"https:\/\/lightweb.dev\/l\/svm-temp\/wp-content\/uploads\/2022\/06\/stranderna-i-torrevieja-riskerar-mista-sina-kvalitetsflaggor.png\" \/>\n\t<meta property=\"og:image:width\" content=\"500\" \/>\n\t<meta property=\"og:image:height\" content=\"300\" \/>\n\t<meta property=\"og:image:type\" content=\"image\/png\" \/>\n<meta name=\"author\" content=\"Redaktionen SvM\" \/>\n<meta name=\"twitter:card\" content=\"summary_large_image\" \/>\n<meta name=\"twitter:creator\" content=\"@SvenskaMagasine\" \/>\n<meta name=\"twitter:site\" content=\"@SvenskaMagasine\" \/>\n<script type=\"application\/ld+json\" class=\"yoast-schema-graph\">{\"@context\":\"https:\\\/\\\/schema.org\",\"@graph\":[{\"@type\":\"Article\",\"@id\":\"https:\\\/\\\/lightweb.dev\\\/l\\\/svm-temp\\\/nyheter\\\/stranderna-i-torrevieja-riskerar-mista-sina-kvalitetsflaggor\\\/#article\",\"isPartOf\":{\"@id\":\"https:\\\/\\\/lightweb.dev\\\/l\\\/svm-temp\\\/nyheter\\\/stranderna-i-torrevieja-riskerar-mista-sina-kvalitetsflaggor\\\/\"},\"author\":{\"name\":\"Redaktionen SvM\",\"@id\":\"https:\\\/\\\/lightweb.dev\\\/l\\\/svm-temp\\\/#\\\/schema\\\/person\\\/206a3bda5b607b0c25e1749191e4d837\"},\"headline\":\"Str\u00e4nderna i Torrevieja riskerar mista sina kvalitetsflaggor\",\"datePublished\":\"2018-11-14T23:00:00+00:00\",\"mainEntityOfPage\":{\"@id\":\"https:\\\/\\\/lightweb.dev\\\/l\\\/svm-temp\\\/nyheter\\\/stranderna-i-torrevieja-riskerar-mista-sina-kvalitetsflaggor\\\/\"},\"wordCount\":311,\"commentCount\":0,\"publisher\":{\"@id\":\"https:\\\/\\\/lightweb.dev\\\/l\\\/svm-temp\\\/#organization\"},\"image\":{\"@id\":\"https:\\\/\\\/lightweb.dev\\\/l\\\/svm-temp\\\/nyheter\\\/stranderna-i-torrevieja-riskerar-mista-sina-kvalitetsflaggor\\\/#primaryimage\"},\"thumbnailUrl\":\"https:\\\/\\\/lightweb.dev\\\/l\\\/svm-temp\\\/wp-content\\\/uploads\\\/2022\\\/06\\\/stranderna-i-torrevieja-riskerar-mista-sina-kvalitetsflaggor.png\",\"articleSection\":[\"Arkiv\",\"Nyheter\"],\"inLanguage\":\"sv-SE\"},{\"@type\":\"WebPage\",\"@id\":\"https:\\\/\\\/lightweb.dev\\\/l\\\/svm-temp\\\/nyheter\\\/stranderna-i-torrevieja-riskerar-mista-sina-kvalitetsflaggor\\\/\",\"url\":\"https:\\\/\\\/lightweb.dev\\\/l\\\/svm-temp\\\/nyheter\\\/stranderna-i-torrevieja-riskerar-mista-sina-kvalitetsflaggor\\\/\",\"name\":\"Str\u00e4nderna i Torrevieja riskerar mista sina kvalitetsflaggor - Svenska Magasinet\",\"isPartOf\":{\"@id\":\"https:\\\/\\\/lightweb.dev\\\/l\\\/svm-temp\\\/#website\"},\"primaryImageOfPage\":{\"@id\":\"https:\\\/\\\/lightweb.dev\\\/l\\\/svm-temp\\\/nyheter\\\/stranderna-i-torrevieja-riskerar-mista-sina-kvalitetsflaggor\\\/#primaryimage\"},\"image\":{\"@id\":\"https:\\\/\\\/lightweb.dev\\\/l\\\/svm-temp\\\/nyheter\\\/stranderna-i-torrevieja-riskerar-mista-sina-kvalitetsflaggor\\\/#primaryimage\"},\"thumbnailUrl\":\"https:\\\/\\\/lightweb.dev\\\/l\\\/svm-temp\\\/wp-content\\\/uploads\\\/2022\\\/06\\\/stranderna-i-torrevieja-riskerar-mista-sina-kvalitetsflaggor.png\",\"datePublished\":\"2018-11-14T23:00:00+00:00\",\"breadcrumb\":{\"@id\":\"https:\\\/\\\/lightweb.dev\\\/l\\\/svm-temp\\\/nyheter\\\/stranderna-i-torrevieja-riskerar-mista-sina-kvalitetsflaggor\\\/#breadcrumb\"},\"inLanguage\":\"sv-SE\",\"potentialAction\":[{\"@type\":\"ReadAction\",\"target\":[\"https:\\\/\\\/lightweb.dev\\\/l\\\/svm-temp\\\/nyheter\\\/stranderna-i-torrevieja-riskerar-mista-sina-kvalitetsflaggor\\\/\"]}]},{\"@type\":\"ImageObject\",\"inLanguage\":\"sv-SE\",\"@id\":\"https:\\\/\\\/lightweb.dev\\\/l\\\/svm-temp\\\/nyheter\\\/stranderna-i-torrevieja-riskerar-mista-sina-kvalitetsflaggor\\\/#primaryimage\",\"url\":\"https:\\\/\\\/lightweb.dev\\\/l\\\/svm-temp\\\/wp-content\\\/uploads\\\/2022\\\/06\\\/stranderna-i-torrevieja-riskerar-mista-sina-kvalitetsflaggor.png\",\"contentUrl\":\"https:\\\/\\\/lightweb.dev\\\/l\\\/svm-temp\\\/wp-content\\\/uploads\\\/2022\\\/06\\\/stranderna-i-torrevieja-riskerar-mista-sina-kvalitetsflaggor.png\",\"width\":500,\"height\":300},{\"@type\":\"BreadcrumbList\",\"@id\":\"https:\\\/\\\/lightweb.dev\\\/l\\\/svm-temp\\\/nyheter\\\/stranderna-i-torrevieja-riskerar-mista-sina-kvalitetsflaggor\\\/#breadcrumb\",\"itemListElement\":[{\"@type\":\"ListItem\",\"position\":1,\"name\":\"Hem\",\"item\":\"https:\\\/\\\/lightweb.dev\\\/l\\\/svm-temp\\\/\"},{\"@type\":\"ListItem\",\"position\":2,\"name\":\"Str\u00e4nderna i Torrevieja riskerar mista sina kvalitetsflaggor\"}]},{\"@type\":\"WebSite\",\"@id\":\"https:\\\/\\\/lightweb.dev\\\/l\\\/svm-temp\\\/#website\",\"url\":\"https:\\\/\\\/lightweb.dev\\\/l\\\/svm-temp\\\/\",\"name\":\"Svenska Magasinet\",\"description\":\"Dina Spanska nyheter p&aring; Svenska\",\"publisher\":{\"@id\":\"https:\\\/\\\/lightweb.dev\\\/l\\\/svm-temp\\\/#organization\"},\"potentialAction\":[{\"@type\":\"SearchAction\",\"target\":{\"@type\":\"EntryPoint\",\"urlTemplate\":\"https:\\\/\\\/lightweb.dev\\\/l\\\/svm-temp\\\/?s={search_term_string}\"},\"query-input\":{\"@type\":\"PropertyValueSpecification\",\"valueRequired\":true,\"valueName\":\"search_term_string\"}}],\"inLanguage\":\"sv-SE\"},{\"@type\":\"Organization\",\"@id\":\"https:\\\/\\\/lightweb.dev\\\/l\\\/svm-temp\\\/#organization\",\"name\":\"Melkerson y Nott SL\",\"alternateName\":\"Svenska Magasinet\",\"url\":\"https:\\\/\\\/lightweb.dev\\\/l\\\/svm-temp\\\/\",\"logo\":{\"@type\":\"ImageObject\",\"inLanguage\":\"sv-SE\",\"@id\":\"https:\\\/\\\/lightweb.dev\\\/l\\\/svm-temp\\\/#\\\/schema\\\/logo\\\/image\\\/\",\"url\":\"https:\\\/\\\/lightweb.dev\\\/l\\\/svm-temp\\\/wp-content\\\/uploads\\\/2025\\\/02\\\/SvM-logo-Xtra-Centrerad-SVART.png\",\"contentUrl\":\"https:\\\/\\\/lightweb.dev\\\/l\\\/svm-temp\\\/wp-content\\\/uploads\\\/2025\\\/02\\\/SvM-logo-Xtra-Centrerad-SVART.png\",\"width\":300,\"height\":99,\"caption\":\"Melkerson y Nott SL\"},\"image\":{\"@id\":\"https:\\\/\\\/lightweb.dev\\\/l\\\/svm-temp\\\/#\\\/schema\\\/logo\\\/image\\\/\"},\"sameAs\":[\"https:\\\/\\\/www.facebook.com\\\/svenskamagasinet\",\"https:\\\/\\\/x.com\\\/SvenskaMagasine\"]},{\"@type\":\"Person\",\"@id\":\"https:\\\/\\\/lightweb.dev\\\/l\\\/svm-temp\\\/#\\\/schema\\\/person\\\/206a3bda5b607b0c25e1749191e4d837\",\"name\":\"Redaktionen SvM\",\"description\":\"Redaktionen\",\"sameAs\":[\"https:\\\/\\\/lightweb.dev\\\/l\\\/svm-temp\"],\"url\":\"https:\\\/\\\/lightweb.dev\\\/l\\\/svm-temp\\\/reporter\\\/redaktionen\\\/\"}]}<\/script>\n<!-- \/ Yoast SEO Premium plugin. -->","yoast_head_json":{"title":"Str\u00e4nderna i Torrevieja riskerar mista sina kvalitetsflaggor - Svenska Magasinet","robots":{"index":"noindex","follow":"follow","max-snippet":"max-snippet:-1","max-image-preview":"max-image-preview:large","max-video-preview":"max-video-preview:-1"},"og_locale":"sv_SE","og_type":"article","og_title":"Str\u00e4nderna i Torrevieja riskerar mista sina kvalitetsflaggor","og_description":"Torrevieja p\u00e5 Costa Blanca riskerar att f\u00f6rlora sina bl\u00e5 kvalitetflaggor f\u00f6r 2019 efter att de inspektioner som har utf\u00f6rts har visat p\u00e5 alltf\u00f6r m\u00e5nga brister. Str\u00e4nderna inspekterades den 9 augusti i \u00e5r av inspekt\u00f6rer fr\u00e5n Asociaci\u00f3n de Educaci\u00f3n Ambiental y del Consumidor (ADEAC), vilket \u00e4r den organisation som ansvarar f\u00f6r tilldelningen av de bl\u00e5 flaggorna. [&hellip;]","og_url":"https:\/\/lightweb.dev\/l\/svm-temp\/nyheter\/stranderna-i-torrevieja-riskerar-mista-sina-kvalitetsflaggor\/","og_site_name":"Svenska Magasinet","article_publisher":"https:\/\/www.facebook.com\/svenskamagasinet","article_published_time":"2018-11-14T23:00:00+00:00","og_image":[{"width":500,"height":300,"url":"https:\/\/lightweb.dev\/l\/svm-temp\/wp-content\/uploads\/2022\/06\/stranderna-i-torrevieja-riskerar-mista-sina-kvalitetsflaggor.png","type":"image\/png"}],"author":"Redaktionen SvM","twitter_card":"summary_large_image","twitter_creator":"@SvenskaMagasine","twitter_site":"@SvenskaMagasine","schema":{"@context":"https:\/\/schema.org","@graph":[{"@type":"Article","@id":"https:\/\/lightweb.dev\/l\/svm-temp\/nyheter\/stranderna-i-torrevieja-riskerar-mista-sina-kvalitetsflaggor\/#article","isPartOf":{"@id":"https:\/\/lightweb.dev\/l\/svm-temp\/nyheter\/stranderna-i-torrevieja-riskerar-mista-sina-kvalitetsflaggor\/"},"author":{"name":"Redaktionen SvM","@id":"https:\/\/lightweb.dev\/l\/svm-temp\/#\/schema\/person\/206a3bda5b607b0c25e1749191e4d837"},"headline":"Str\u00e4nderna i Torrevieja riskerar mista sina kvalitetsflaggor","datePublished":"2018-11-14T23:00:00+00:00","mainEntityOfPage":{"@id":"https:\/\/lightweb.dev\/l\/svm-temp\/nyheter\/stranderna-i-torrevieja-riskerar-mista-sina-kvalitetsflaggor\/"},"wordCount":311,"commentCount":0,"publisher":{"@id":"https:\/\/lightweb.dev\/l\/svm-temp\/#organization"},"image":{"@id":"https:\/\/lightweb.dev\/l\/svm-temp\/nyheter\/stranderna-i-torrevieja-riskerar-mista-sina-kvalitetsflaggor\/#primaryimage"},"thumbnailUrl":"https:\/\/lightweb.dev\/l\/svm-temp\/wp-content\/uploads\/2022\/06\/stranderna-i-torrevieja-riskerar-mista-sina-kvalitetsflaggor.png","articleSection":["Arkiv","Nyheter"],"inLanguage":"sv-SE"},{"@type":"WebPage","@id":"https:\/\/lightweb.dev\/l\/svm-temp\/nyheter\/stranderna-i-torrevieja-riskerar-mista-sina-kvalitetsflaggor\/","url":"https:\/\/lightweb.dev\/l\/svm-temp\/nyheter\/stranderna-i-torrevieja-riskerar-mista-sina-kvalitetsflaggor\/","name":"Str\u00e4nderna i Torrevieja riskerar mista sina kvalitetsflaggor - Svenska Magasinet","isPartOf":{"@id":"https:\/\/lightweb.dev\/l\/svm-temp\/#website"},"primaryImageOfPage":{"@id":"https:\/\/lightweb.dev\/l\/svm-temp\/nyheter\/stranderna-i-torrevieja-riskerar-mista-sina-kvalitetsflaggor\/#primaryimage"},"image":{"@id":"https:\/\/lightweb.dev\/l\/svm-temp\/nyheter\/stranderna-i-torrevieja-riskerar-mista-sina-kvalitetsflaggor\/#primaryimage"},"thumbnailUrl":"https:\/\/lightweb.dev\/l\/svm-temp\/wp-content\/uploads\/2022\/06\/stranderna-i-torrevieja-riskerar-mista-sina-kvalitetsflaggor.png","datePublished":"2018-11-14T23:00:00+00:00","breadcrumb":{"@id":"https:\/\/lightweb.dev\/l\/svm-temp\/nyheter\/stranderna-i-torrevieja-riskerar-mista-sina-kvalitetsflaggor\/#breadcrumb"},"inLanguage":"sv-SE","potentialAction":[{"@type":"ReadAction","target":["https:\/\/lightweb.dev\/l\/svm-temp\/nyheter\/stranderna-i-torrevieja-riskerar-mista-sina-kvalitetsflaggor\/"]}]},{"@type":"ImageObject","inLanguage":"sv-SE","@id":"https:\/\/lightweb.dev\/l\/svm-temp\/nyheter\/stranderna-i-torrevieja-riskerar-mista-sina-kvalitetsflaggor\/#primaryimage","url":"https:\/\/lightweb.dev\/l\/svm-temp\/wp-content\/uploads\/2022\/06\/stranderna-i-torrevieja-riskerar-mista-sina-kvalitetsflaggor.png","contentUrl":"https:\/\/lightweb.dev\/l\/svm-temp\/wp-content\/uploads\/2022\/06\/stranderna-i-torrevieja-riskerar-mista-sina-kvalitetsflaggor.png","width":500,"height":300},{"@type":"BreadcrumbList","@id":"https:\/\/lightweb.dev\/l\/svm-temp\/nyheter\/stranderna-i-torrevieja-riskerar-mista-sina-kvalitetsflaggor\/#breadcrumb","itemListElement":[{"@type":"ListItem","position":1,"name":"Hem","item":"https:\/\/lightweb.dev\/l\/svm-temp\/"},{"@type":"ListItem","position":2,"name":"Str\u00e4nderna i Torrevieja riskerar mista sina kvalitetsflaggor"}]},{"@type":"WebSite","@id":"https:\/\/lightweb.dev\/l\/svm-temp\/#website","url":"https:\/\/lightweb.dev\/l\/svm-temp\/","name":"Svenska Magasinet","description":"Dina Spanska nyheter p&aring; Svenska","publisher":{"@id":"https:\/\/lightweb.dev\/l\/svm-temp\/#organization"},"potentialAction":[{"@type":"SearchAction","target":{"@type":"EntryPoint","urlTemplate":"https:\/\/lightweb.dev\/l\/svm-temp\/?s={search_term_string}"},"query-input":{"@type":"PropertyValueSpecification","valueRequired":true,"valueName":"search_term_string"}}],"inLanguage":"sv-SE"},{"@type":"Organization","@id":"https:\/\/lightweb.dev\/l\/svm-temp\/#organization","name":"Melkerson y Nott SL","alternateName":"Svenska Magasinet","url":"https:\/\/lightweb.dev\/l\/svm-temp\/","logo":{"@type":"ImageObject","inLanguage":"sv-SE","@id":"https:\/\/lightweb.dev\/l\/svm-temp\/#\/schema\/logo\/image\/","url":"https:\/\/lightweb.dev\/l\/svm-temp\/wp-content\/uploads\/2025\/02\/SvM-logo-Xtra-Centrerad-SVART.png","contentUrl":"https:\/\/lightweb.dev\/l\/svm-temp\/wp-content\/uploads\/2025\/02\/SvM-logo-Xtra-Centrerad-SVART.png","width":300,"height":99,"caption":"Melkerson y Nott SL"},"image":{"@id":"https:\/\/lightweb.dev\/l\/svm-temp\/#\/schema\/logo\/image\/"},"sameAs":["https:\/\/www.facebook.com\/svenskamagasinet","https:\/\/x.com\/SvenskaMagasine"]},{"@type":"Person","@id":"https:\/\/lightweb.dev\/l\/svm-temp\/#\/schema\/person\/206a3bda5b607b0c25e1749191e4d837","name":"Redaktionen SvM","description":"Redaktionen","sameAs":["https:\/\/lightweb.dev\/l\/svm-temp"],"url":"https:\/\/lightweb.dev\/l\/svm-temp\/reporter\/redaktionen\/"}]}},"_links":{"self":[{"href":"https:\/\/lightweb.dev\/l\/svm-temp\/wp-json\/wp\/v2\/posts\/17495","targetHints":{"allow":["GET"]}}],"collection":[{"href":"https:\/\/lightweb.dev\/l\/svm-temp\/wp-json\/wp\/v2\/posts"}],"about":[{"href":"https:\/\/lightweb.dev\/l\/svm-temp\/wp-json\/wp\/v2\/types\/post"}],"author":[{"embeddable":true,"href":"https:\/\/lightweb.dev\/l\/svm-temp\/wp-json\/wp\/v2\/users\/8"}],"replies":[{"embeddable":true,"href":"https:\/\/lightweb.dev\/l\/svm-temp\/wp-json\/wp\/v2\/comments?post=17495"}],"version-history":[{"count":0,"href":"https:\/\/lightweb.dev\/l\/svm-temp\/wp-json\/wp\/v2\/posts\/17495\/revisions"}],"wp:featuredmedia":[{"embeddable":true,"href":"https:\/\/lightweb.dev\/l\/svm-temp\/wp-json\/wp\/v2\/media\/17496"}],"wp:attachment":[{"href":"https:\/\/lightweb.dev\/l\/svm-temp\/wp-json\/wp\/v2\/media?parent=17495"}],"wp:term":[{"taxonomy":"category","embeddable":true,"href":"https:\/\/lightweb.dev\/l\/svm-temp\/wp-json\/wp\/v2\/categories?post=17495"},{"taxonomy":"post_tag","embeddable":true,"href":"https:\/\/lightweb.dev\/l\/svm-temp\/wp-json\/wp\/v2\/tags?post=17495"}],"curies":[{"name":"wp","href":"https:\/\/api.w.org\/{rel}","templated":true}]}}