{"id":17499,"date":"2018-11-15T00:00:00","date_gmt":"2018-11-14T23:00:00","guid":{"rendered":"https:\/\/lightweb.dev\/l\/svm-temp\/nyheter\/pa-lordag-oppnar-avenida-alcalde-clemente-diaz\/"},"modified":"2018-11-15T00:00:00","modified_gmt":"2018-11-14T23:00:00","slug":"pa-lordag-oppnar-avenida-alcalde-clemente-diaz","status":"publish","type":"post","link":"https:\/\/lightweb.dev\/l\/svm-temp\/nyheter\/pa-lordag-oppnar-avenida-alcalde-clemente-diaz\/","title":{"rendered":"P\u00e5 l\u00f6rdag \u00f6ppnar avenida Alcalde Clemente D\u00edaz"},"content":{"rendered":"<p> P\u00e5 l\u00f6rdag \u00f6ppnar den \u00f6vre delen av avenida Alcalde Clemente D\u00edaz i Fuengirola efter tv\u00e5 m\u00e5naders oml\u00e4ggning. Den \u00e4r den andra fasen som nu \u00e4r klar. Totalt handlar det om en investering p\u00e5 fyra miljoner euro.<\/p>\n<p>Avenida Alcalde Clemente D\u00edaz \u00e4r en viktig tillfartsv\u00e4g mellan A-7:an och Fuengirola centrum.<\/p>\n<p>N\u00e4r Svenska Magasinet bes\u00f6kte platsen p\u00e5 torsdagen ber\u00e4ttade personal vid gatukontoret att avenidan \u00f6ppnar p\u00e5 l\u00f6rdag. Den \u00f6vre delen av avenida Alcalde Clemente D\u00edaz f\u00e5r precis som tidigare tv\u00e5 k\u00f6rf\u00e4lt i vardera f\u00e4rdriktning.<\/p>\n<p>LED-belysning \u00e4r installerad utmed hela avenidan som t\u00e4nds automatiskt n\u00e4r g\u00e5ngtrafikanter ska ta sig \u00f6ver vid \u00f6verg\u00e5ngsst\u00e4llena.<\/p>\n<p>\u201dTrots regnet i oktober har vi kunnat h\u00e5lla tidsschemat. Jag vill passa p\u00e5 att tacka grannarna f\u00f6r deras samarbete och t\u00e5lamod under dessa veckor. Jag tror att vi alla kommer att gl\u00e4djas \u00f6ver resultatet\u201d s\u00e4ger borgm\u00e4staren Ana Mula.<\/p>\n<p>Den f\u00f6rsta fasen var klar och invigdes i april 2017.<\/p>\n","protected":false},"excerpt":{"rendered":"<p>P\u00e5 l\u00f6rdag \u00f6ppnar den \u00f6vre delen av avenida Alcalde Clemente D\u00edaz i Fuengirola efter tv\u00e5 m\u00e5naders oml\u00e4ggning. Den \u00e4r den andra fasen som nu \u00e4r klar. Totalt handlar det om en investering p\u00e5 fyra miljoner euro. Avenida Alcalde Clemente D\u00edaz \u00e4r en viktig tillfartsv\u00e4g mellan A-7:an och Fuengirola centrum. N\u00e4r Svenska Magasinet bes\u00f6kte platsen p\u00e5 [&hellip;]<\/p>\n","protected":false},"author":8,"featured_media":17500,"comment_status":"open","ping_status":"open","sticky":false,"template":"","format":"standard","meta":{"_et_pb_use_builder":"","_et_pb_old_content":"","_et_gb_content_width":"","footnotes":""},"categories":[395,3],"tags":[],"class_list":["post-17499","post","type-post","status-publish","format-standard","has-post-thumbnail","hentry","category-arkiv-nyheter","category-nyheter"],"yoast_head":"<!-- This site is optimized with the Yoast SEO Premium plugin v26.2 (Yoast SEO v27.4) - https:\/\/yoast.com\/product\/yoast-seo-premium-wordpress\/ -->\n<title>P\u00e5 l\u00f6rdag \u00f6ppnar avenida Alcalde Clemente D\u00edaz - Svenska Magasinet<\/title>\n<meta name=\"robots\" content=\"noindex, follow, max-snippet:-1, max-image-preview:large, max-video-preview:-1\" \/>\n<meta property=\"og:locale\" content=\"sv_SE\" \/>\n<meta property=\"og:type\" content=\"article\" \/>\n<meta property=\"og:title\" content=\"P\u00e5 l\u00f6rdag \u00f6ppnar avenida Alcalde Clemente D\u00edaz\" \/>\n<meta property=\"og:description\" content=\"P\u00e5 l\u00f6rdag \u00f6ppnar den \u00f6vre delen av avenida Alcalde Clemente D\u00edaz i Fuengirola efter tv\u00e5 m\u00e5naders oml\u00e4ggning. Den \u00e4r den andra fasen som nu \u00e4r klar. Totalt handlar det om en investering p\u00e5 fyra miljoner euro. Avenida Alcalde Clemente D\u00edaz \u00e4r en viktig tillfartsv\u00e4g mellan A-7:an och Fuengirola centrum. N\u00e4r Svenska Magasinet bes\u00f6kte platsen p\u00e5 [&hellip;]\" \/>\n<meta property=\"og:url\" content=\"https:\/\/lightweb.dev\/l\/svm-temp\/nyheter\/pa-lordag-oppnar-avenida-alcalde-clemente-diaz\/\" \/>\n<meta property=\"og:site_name\" content=\"Svenska Magasinet\" \/>\n<meta property=\"article:publisher\" content=\"https:\/\/www.facebook.com\/svenskamagasinet\" \/>\n<meta property=\"article:published_time\" content=\"2018-11-14T23:00:00+00:00\" \/>\n<meta property=\"og:image\" content=\"https:\/\/lightweb.dev\/l\/svm-temp\/wp-content\/uploads\/2022\/06\/pa-lordag-oppnar-avenida-alcalde-clemente-diaz.png\" \/>\n\t<meta property=\"og:image:width\" content=\"500\" \/>\n\t<meta property=\"og:image:height\" content=\"300\" \/>\n\t<meta property=\"og:image:type\" content=\"image\/png\" \/>\n<meta name=\"author\" content=\"Redaktionen SvM\" \/>\n<meta name=\"twitter:card\" content=\"summary_large_image\" \/>\n<meta name=\"twitter:creator\" content=\"@SvenskaMagasine\" \/>\n<meta name=\"twitter:site\" content=\"@SvenskaMagasine\" \/>\n<script type=\"application\/ld+json\" class=\"yoast-schema-graph\">{\"@context\":\"https:\\\/\\\/schema.org\",\"@graph\":[{\"@type\":\"Article\",\"@id\":\"https:\\\/\\\/lightweb.dev\\\/l\\\/svm-temp\\\/nyheter\\\/pa-lordag-oppnar-avenida-alcalde-clemente-diaz\\\/#article\",\"isPartOf\":{\"@id\":\"https:\\\/\\\/lightweb.dev\\\/l\\\/svm-temp\\\/nyheter\\\/pa-lordag-oppnar-avenida-alcalde-clemente-diaz\\\/\"},\"author\":{\"name\":\"Redaktionen SvM\",\"@id\":\"https:\\\/\\\/lightweb.dev\\\/l\\\/svm-temp\\\/#\\\/schema\\\/person\\\/206a3bda5b607b0c25e1749191e4d837\"},\"headline\":\"P\u00e5 l\u00f6rdag \u00f6ppnar avenida Alcalde Clemente D\u00edaz\",\"datePublished\":\"2018-11-14T23:00:00+00:00\",\"mainEntityOfPage\":{\"@id\":\"https:\\\/\\\/lightweb.dev\\\/l\\\/svm-temp\\\/nyheter\\\/pa-lordag-oppnar-avenida-alcalde-clemente-diaz\\\/\"},\"wordCount\":183,\"commentCount\":0,\"publisher\":{\"@id\":\"https:\\\/\\\/lightweb.dev\\\/l\\\/svm-temp\\\/#organization\"},\"image\":{\"@id\":\"https:\\\/\\\/lightweb.dev\\\/l\\\/svm-temp\\\/nyheter\\\/pa-lordag-oppnar-avenida-alcalde-clemente-diaz\\\/#primaryimage\"},\"thumbnailUrl\":\"https:\\\/\\\/lightweb.dev\\\/l\\\/svm-temp\\\/wp-content\\\/uploads\\\/2022\\\/06\\\/pa-lordag-oppnar-avenida-alcalde-clemente-diaz.png\",\"articleSection\":[\"Arkiv\",\"Nyheter\"],\"inLanguage\":\"sv-SE\"},{\"@type\":\"WebPage\",\"@id\":\"https:\\\/\\\/lightweb.dev\\\/l\\\/svm-temp\\\/nyheter\\\/pa-lordag-oppnar-avenida-alcalde-clemente-diaz\\\/\",\"url\":\"https:\\\/\\\/lightweb.dev\\\/l\\\/svm-temp\\\/nyheter\\\/pa-lordag-oppnar-avenida-alcalde-clemente-diaz\\\/\",\"name\":\"P\u00e5 l\u00f6rdag \u00f6ppnar avenida Alcalde Clemente D\u00edaz - Svenska Magasinet\",\"isPartOf\":{\"@id\":\"https:\\\/\\\/lightweb.dev\\\/l\\\/svm-temp\\\/#website\"},\"primaryImageOfPage\":{\"@id\":\"https:\\\/\\\/lightweb.dev\\\/l\\\/svm-temp\\\/nyheter\\\/pa-lordag-oppnar-avenida-alcalde-clemente-diaz\\\/#primaryimage\"},\"image\":{\"@id\":\"https:\\\/\\\/lightweb.dev\\\/l\\\/svm-temp\\\/nyheter\\\/pa-lordag-oppnar-avenida-alcalde-clemente-diaz\\\/#primaryimage\"},\"thumbnailUrl\":\"https:\\\/\\\/lightweb.dev\\\/l\\\/svm-temp\\\/wp-content\\\/uploads\\\/2022\\\/06\\\/pa-lordag-oppnar-avenida-alcalde-clemente-diaz.png\",\"datePublished\":\"2018-11-14T23:00:00+00:00\",\"breadcrumb\":{\"@id\":\"https:\\\/\\\/lightweb.dev\\\/l\\\/svm-temp\\\/nyheter\\\/pa-lordag-oppnar-avenida-alcalde-clemente-diaz\\\/#breadcrumb\"},\"inLanguage\":\"sv-SE\",\"potentialAction\":[{\"@type\":\"ReadAction\",\"target\":[\"https:\\\/\\\/lightweb.dev\\\/l\\\/svm-temp\\\/nyheter\\\/pa-lordag-oppnar-avenida-alcalde-clemente-diaz\\\/\"]}]},{\"@type\":\"ImageObject\",\"inLanguage\":\"sv-SE\",\"@id\":\"https:\\\/\\\/lightweb.dev\\\/l\\\/svm-temp\\\/nyheter\\\/pa-lordag-oppnar-avenida-alcalde-clemente-diaz\\\/#primaryimage\",\"url\":\"https:\\\/\\\/lightweb.dev\\\/l\\\/svm-temp\\\/wp-content\\\/uploads\\\/2022\\\/06\\\/pa-lordag-oppnar-avenida-alcalde-clemente-diaz.png\",\"contentUrl\":\"https:\\\/\\\/lightweb.dev\\\/l\\\/svm-temp\\\/wp-content\\\/uploads\\\/2022\\\/06\\\/pa-lordag-oppnar-avenida-alcalde-clemente-diaz.png\",\"width\":500,\"height\":300},{\"@type\":\"BreadcrumbList\",\"@id\":\"https:\\\/\\\/lightweb.dev\\\/l\\\/svm-temp\\\/nyheter\\\/pa-lordag-oppnar-avenida-alcalde-clemente-diaz\\\/#breadcrumb\",\"itemListElement\":[{\"@type\":\"ListItem\",\"position\":1,\"name\":\"Hem\",\"item\":\"https:\\\/\\\/lightweb.dev\\\/l\\\/svm-temp\\\/\"},{\"@type\":\"ListItem\",\"position\":2,\"name\":\"P\u00e5 l\u00f6rdag \u00f6ppnar avenida Alcalde Clemente D\u00edaz\"}]},{\"@type\":\"WebSite\",\"@id\":\"https:\\\/\\\/lightweb.dev\\\/l\\\/svm-temp\\\/#website\",\"url\":\"https:\\\/\\\/lightweb.dev\\\/l\\\/svm-temp\\\/\",\"name\":\"Svenska Magasinet\",\"description\":\"Dina Spanska nyheter p&aring; Svenska\",\"publisher\":{\"@id\":\"https:\\\/\\\/lightweb.dev\\\/l\\\/svm-temp\\\/#organization\"},\"potentialAction\":[{\"@type\":\"SearchAction\",\"target\":{\"@type\":\"EntryPoint\",\"urlTemplate\":\"https:\\\/\\\/lightweb.dev\\\/l\\\/svm-temp\\\/?s={search_term_string}\"},\"query-input\":{\"@type\":\"PropertyValueSpecification\",\"valueRequired\":true,\"valueName\":\"search_term_string\"}}],\"inLanguage\":\"sv-SE\"},{\"@type\":\"Organization\",\"@id\":\"https:\\\/\\\/lightweb.dev\\\/l\\\/svm-temp\\\/#organization\",\"name\":\"Melkerson y Nott SL\",\"alternateName\":\"Svenska Magasinet\",\"url\":\"https:\\\/\\\/lightweb.dev\\\/l\\\/svm-temp\\\/\",\"logo\":{\"@type\":\"ImageObject\",\"inLanguage\":\"sv-SE\",\"@id\":\"https:\\\/\\\/lightweb.dev\\\/l\\\/svm-temp\\\/#\\\/schema\\\/logo\\\/image\\\/\",\"url\":\"https:\\\/\\\/lightweb.dev\\\/l\\\/svm-temp\\\/wp-content\\\/uploads\\\/2025\\\/02\\\/SvM-logo-Xtra-Centrerad-SVART.png\",\"contentUrl\":\"https:\\\/\\\/lightweb.dev\\\/l\\\/svm-temp\\\/wp-content\\\/uploads\\\/2025\\\/02\\\/SvM-logo-Xtra-Centrerad-SVART.png\",\"width\":300,\"height\":99,\"caption\":\"Melkerson y Nott SL\"},\"image\":{\"@id\":\"https:\\\/\\\/lightweb.dev\\\/l\\\/svm-temp\\\/#\\\/schema\\\/logo\\\/image\\\/\"},\"sameAs\":[\"https:\\\/\\\/www.facebook.com\\\/svenskamagasinet\",\"https:\\\/\\\/x.com\\\/SvenskaMagasine\"]},{\"@type\":\"Person\",\"@id\":\"https:\\\/\\\/lightweb.dev\\\/l\\\/svm-temp\\\/#\\\/schema\\\/person\\\/206a3bda5b607b0c25e1749191e4d837\",\"name\":\"Redaktionen SvM\",\"description\":\"Redaktionen\",\"sameAs\":[\"https:\\\/\\\/lightweb.dev\\\/l\\\/svm-temp\"],\"url\":\"https:\\\/\\\/lightweb.dev\\\/l\\\/svm-temp\\\/reporter\\\/redaktionen\\\/\"}]}<\/script>\n<!-- \/ Yoast SEO Premium plugin. -->","yoast_head_json":{"title":"P\u00e5 l\u00f6rdag \u00f6ppnar avenida Alcalde Clemente D\u00edaz - Svenska Magasinet","robots":{"index":"noindex","follow":"follow","max-snippet":"max-snippet:-1","max-image-preview":"max-image-preview:large","max-video-preview":"max-video-preview:-1"},"og_locale":"sv_SE","og_type":"article","og_title":"P\u00e5 l\u00f6rdag \u00f6ppnar avenida Alcalde Clemente D\u00edaz","og_description":"P\u00e5 l\u00f6rdag \u00f6ppnar den \u00f6vre delen av avenida Alcalde Clemente D\u00edaz i Fuengirola efter tv\u00e5 m\u00e5naders oml\u00e4ggning. Den \u00e4r den andra fasen som nu \u00e4r klar. Totalt handlar det om en investering p\u00e5 fyra miljoner euro. Avenida Alcalde Clemente D\u00edaz \u00e4r en viktig tillfartsv\u00e4g mellan A-7:an och Fuengirola centrum. N\u00e4r Svenska Magasinet bes\u00f6kte platsen p\u00e5 [&hellip;]","og_url":"https:\/\/lightweb.dev\/l\/svm-temp\/nyheter\/pa-lordag-oppnar-avenida-alcalde-clemente-diaz\/","og_site_name":"Svenska Magasinet","article_publisher":"https:\/\/www.facebook.com\/svenskamagasinet","article_published_time":"2018-11-14T23:00:00+00:00","og_image":[{"width":500,"height":300,"url":"https:\/\/lightweb.dev\/l\/svm-temp\/wp-content\/uploads\/2022\/06\/pa-lordag-oppnar-avenida-alcalde-clemente-diaz.png","type":"image\/png"}],"author":"Redaktionen SvM","twitter_card":"summary_large_image","twitter_creator":"@SvenskaMagasine","twitter_site":"@SvenskaMagasine","schema":{"@context":"https:\/\/schema.org","@graph":[{"@type":"Article","@id":"https:\/\/lightweb.dev\/l\/svm-temp\/nyheter\/pa-lordag-oppnar-avenida-alcalde-clemente-diaz\/#article","isPartOf":{"@id":"https:\/\/lightweb.dev\/l\/svm-temp\/nyheter\/pa-lordag-oppnar-avenida-alcalde-clemente-diaz\/"},"author":{"name":"Redaktionen SvM","@id":"https:\/\/lightweb.dev\/l\/svm-temp\/#\/schema\/person\/206a3bda5b607b0c25e1749191e4d837"},"headline":"P\u00e5 l\u00f6rdag \u00f6ppnar avenida Alcalde Clemente D\u00edaz","datePublished":"2018-11-14T23:00:00+00:00","mainEntityOfPage":{"@id":"https:\/\/lightweb.dev\/l\/svm-temp\/nyheter\/pa-lordag-oppnar-avenida-alcalde-clemente-diaz\/"},"wordCount":183,"commentCount":0,"publisher":{"@id":"https:\/\/lightweb.dev\/l\/svm-temp\/#organization"},"image":{"@id":"https:\/\/lightweb.dev\/l\/svm-temp\/nyheter\/pa-lordag-oppnar-avenida-alcalde-clemente-diaz\/#primaryimage"},"thumbnailUrl":"https:\/\/lightweb.dev\/l\/svm-temp\/wp-content\/uploads\/2022\/06\/pa-lordag-oppnar-avenida-alcalde-clemente-diaz.png","articleSection":["Arkiv","Nyheter"],"inLanguage":"sv-SE"},{"@type":"WebPage","@id":"https:\/\/lightweb.dev\/l\/svm-temp\/nyheter\/pa-lordag-oppnar-avenida-alcalde-clemente-diaz\/","url":"https:\/\/lightweb.dev\/l\/svm-temp\/nyheter\/pa-lordag-oppnar-avenida-alcalde-clemente-diaz\/","name":"P\u00e5 l\u00f6rdag \u00f6ppnar avenida Alcalde Clemente D\u00edaz - Svenska Magasinet","isPartOf":{"@id":"https:\/\/lightweb.dev\/l\/svm-temp\/#website"},"primaryImageOfPage":{"@id":"https:\/\/lightweb.dev\/l\/svm-temp\/nyheter\/pa-lordag-oppnar-avenida-alcalde-clemente-diaz\/#primaryimage"},"image":{"@id":"https:\/\/lightweb.dev\/l\/svm-temp\/nyheter\/pa-lordag-oppnar-avenida-alcalde-clemente-diaz\/#primaryimage"},"thumbnailUrl":"https:\/\/lightweb.dev\/l\/svm-temp\/wp-content\/uploads\/2022\/06\/pa-lordag-oppnar-avenida-alcalde-clemente-diaz.png","datePublished":"2018-11-14T23:00:00+00:00","breadcrumb":{"@id":"https:\/\/lightweb.dev\/l\/svm-temp\/nyheter\/pa-lordag-oppnar-avenida-alcalde-clemente-diaz\/#breadcrumb"},"inLanguage":"sv-SE","potentialAction":[{"@type":"ReadAction","target":["https:\/\/lightweb.dev\/l\/svm-temp\/nyheter\/pa-lordag-oppnar-avenida-alcalde-clemente-diaz\/"]}]},{"@type":"ImageObject","inLanguage":"sv-SE","@id":"https:\/\/lightweb.dev\/l\/svm-temp\/nyheter\/pa-lordag-oppnar-avenida-alcalde-clemente-diaz\/#primaryimage","url":"https:\/\/lightweb.dev\/l\/svm-temp\/wp-content\/uploads\/2022\/06\/pa-lordag-oppnar-avenida-alcalde-clemente-diaz.png","contentUrl":"https:\/\/lightweb.dev\/l\/svm-temp\/wp-content\/uploads\/2022\/06\/pa-lordag-oppnar-avenida-alcalde-clemente-diaz.png","width":500,"height":300},{"@type":"BreadcrumbList","@id":"https:\/\/lightweb.dev\/l\/svm-temp\/nyheter\/pa-lordag-oppnar-avenida-alcalde-clemente-diaz\/#breadcrumb","itemListElement":[{"@type":"ListItem","position":1,"name":"Hem","item":"https:\/\/lightweb.dev\/l\/svm-temp\/"},{"@type":"ListItem","position":2,"name":"P\u00e5 l\u00f6rdag \u00f6ppnar avenida Alcalde Clemente D\u00edaz"}]},{"@type":"WebSite","@id":"https:\/\/lightweb.dev\/l\/svm-temp\/#website","url":"https:\/\/lightweb.dev\/l\/svm-temp\/","name":"Svenska Magasinet","description":"Dina Spanska nyheter p&aring; Svenska","publisher":{"@id":"https:\/\/lightweb.dev\/l\/svm-temp\/#organization"},"potentialAction":[{"@type":"SearchAction","target":{"@type":"EntryPoint","urlTemplate":"https:\/\/lightweb.dev\/l\/svm-temp\/?s={search_term_string}"},"query-input":{"@type":"PropertyValueSpecification","valueRequired":true,"valueName":"search_term_string"}}],"inLanguage":"sv-SE"},{"@type":"Organization","@id":"https:\/\/lightweb.dev\/l\/svm-temp\/#organization","name":"Melkerson y Nott SL","alternateName":"Svenska Magasinet","url":"https:\/\/lightweb.dev\/l\/svm-temp\/","logo":{"@type":"ImageObject","inLanguage":"sv-SE","@id":"https:\/\/lightweb.dev\/l\/svm-temp\/#\/schema\/logo\/image\/","url":"https:\/\/lightweb.dev\/l\/svm-temp\/wp-content\/uploads\/2025\/02\/SvM-logo-Xtra-Centrerad-SVART.png","contentUrl":"https:\/\/lightweb.dev\/l\/svm-temp\/wp-content\/uploads\/2025\/02\/SvM-logo-Xtra-Centrerad-SVART.png","width":300,"height":99,"caption":"Melkerson y Nott SL"},"image":{"@id":"https:\/\/lightweb.dev\/l\/svm-temp\/#\/schema\/logo\/image\/"},"sameAs":["https:\/\/www.facebook.com\/svenskamagasinet","https:\/\/x.com\/SvenskaMagasine"]},{"@type":"Person","@id":"https:\/\/lightweb.dev\/l\/svm-temp\/#\/schema\/person\/206a3bda5b607b0c25e1749191e4d837","name":"Redaktionen SvM","description":"Redaktionen","sameAs":["https:\/\/lightweb.dev\/l\/svm-temp"],"url":"https:\/\/lightweb.dev\/l\/svm-temp\/reporter\/redaktionen\/"}]}},"_links":{"self":[{"href":"https:\/\/lightweb.dev\/l\/svm-temp\/wp-json\/wp\/v2\/posts\/17499","targetHints":{"allow":["GET"]}}],"collection":[{"href":"https:\/\/lightweb.dev\/l\/svm-temp\/wp-json\/wp\/v2\/posts"}],"about":[{"href":"https:\/\/lightweb.dev\/l\/svm-temp\/wp-json\/wp\/v2\/types\/post"}],"author":[{"embeddable":true,"href":"https:\/\/lightweb.dev\/l\/svm-temp\/wp-json\/wp\/v2\/users\/8"}],"replies":[{"embeddable":true,"href":"https:\/\/lightweb.dev\/l\/svm-temp\/wp-json\/wp\/v2\/comments?post=17499"}],"version-history":[{"count":0,"href":"https:\/\/lightweb.dev\/l\/svm-temp\/wp-json\/wp\/v2\/posts\/17499\/revisions"}],"wp:featuredmedia":[{"embeddable":true,"href":"https:\/\/lightweb.dev\/l\/svm-temp\/wp-json\/wp\/v2\/media\/17500"}],"wp:attachment":[{"href":"https:\/\/lightweb.dev\/l\/svm-temp\/wp-json\/wp\/v2\/media?parent=17499"}],"wp:term":[{"taxonomy":"category","embeddable":true,"href":"https:\/\/lightweb.dev\/l\/svm-temp\/wp-json\/wp\/v2\/categories?post=17499"},{"taxonomy":"post_tag","embeddable":true,"href":"https:\/\/lightweb.dev\/l\/svm-temp\/wp-json\/wp\/v2\/tags?post=17499"}],"curies":[{"name":"wp","href":"https:\/\/api.w.org\/{rel}","templated":true}]}}