{"id":17509,"date":"2018-11-14T00:00:00","date_gmt":"2018-11-13T23:00:00","guid":{"rendered":"https:\/\/lightweb.dev\/l\/svm-temp\/nyheter\/psoe-storfavorit-infor-regionalvalet-i-andalusien\/"},"modified":"2018-11-14T00:00:00","modified_gmt":"2018-11-13T23:00:00","slug":"psoe-storfavorit-infor-regionalvalet-i-andalusien","status":"publish","type":"post","link":"https:\/\/lightweb.dev\/l\/svm-temp\/nyheter\/psoe-storfavorit-infor-regionalvalet-i-andalusien\/","title":{"rendered":"PSOE storfavorit inf\u00f6r regionalvalet i Andalusien"},"content":{"rendered":"<p> Den 2 december h\u00e5lls regionalval i Andalusien. P\u00e5 onsdagen publicerade CIS en unders\u00f6kning som visar att socialistiska PSOE f\u00e5r st\u00f6d av 37&#8217;41 procent av v\u00e4ljarna vilket betyder mellan 45 till 47 mandat i parlamentet. N\u00e4st st\u00f6rsta parti \u00e4r v\u00e4nsterpartiet Adelante Andaluc\u00eda (tidigare Podemos) som f\u00e5r 19&#8217;34 procent.<\/p>\n<p>Unders\u00f6kningen visar att PSOE tillsammans med Adelante Andaluc\u00eda f\u00e5r tillr\u00e4ckligt med mandat f\u00f6r att bilda en v\u00e4nsterstyrd regionalregering. Det kr\u00e4vs 55 mandat f\u00f6r att f\u00e5 majoritet i det andalusiska parlamentet.<\/p>\n<p>Adelante Andaluc\u00eda skulle bli det n\u00e4st st\u00f6rsta partiet om det vore val idag. Dock \u00e4r det sm\u00e5 marginaler till det tredje och fj\u00e4rde st\u00f6rsta partiet. Partido Popular f\u00e5r 18&#8217;66 procent och Ciudadanos, 18&#8217;55 procent. H\u00f6gerpartiet Vox f\u00e5r tillr\u00e4ckligt med r\u00f6ster f\u00f6r att f\u00e5 sitt f\u00f6rsta mandat visar unders\u00f6kningen fr\u00e5n CIS (Centro de Investigaciones Sociol\u00f3gicas).<\/p>\n<p>J\u00e4mf\u00f6rt med regionalvalet 2015 \u00f6kar Ciudadanos mest. Fr\u00e5n nio mandat till mellan 20 till 22 mandat.<\/p>\n<p>CIS-unders\u00f6kningen gjordes mellan den 15 till 31 oktober. Den bygger p\u00e5 4.920 intervjuer i \u00e5tta andalusiska provinser och kriteriet vilket parti skulle du r\u00f6sta p\u00e5 om det vore val idag.<\/p>\n","protected":false},"excerpt":{"rendered":"<p>Den 2 december h\u00e5lls regionalval i Andalusien. P\u00e5 onsdagen publicerade CIS en unders\u00f6kning som visar att socialistiska PSOE f\u00e5r st\u00f6d av 37&#8217;41 procent av v\u00e4ljarna vilket betyder mellan 45 till 47 mandat i parlamentet. N\u00e4st st\u00f6rsta parti \u00e4r v\u00e4nsterpartiet Adelante Andaluc\u00eda (tidigare Podemos) som f\u00e5r 19&#8217;34 procent. Unders\u00f6kningen visar att PSOE tillsammans med Adelante Andaluc\u00eda [&hellip;]<\/p>\n","protected":false},"author":8,"featured_media":17510,"comment_status":"open","ping_status":"open","sticky":false,"template":"","format":"standard","meta":{"_et_pb_use_builder":"","_et_pb_old_content":"","_et_gb_content_width":"","footnotes":""},"categories":[395,3],"tags":[],"class_list":["post-17509","post","type-post","status-publish","format-standard","has-post-thumbnail","hentry","category-arkiv-nyheter","category-nyheter"],"yoast_head":"<!-- This site is optimized with the Yoast SEO Premium plugin v26.2 (Yoast SEO v27.4) - https:\/\/yoast.com\/product\/yoast-seo-premium-wordpress\/ -->\n<title>PSOE storfavorit inf\u00f6r regionalvalet i Andalusien - Svenska Magasinet<\/title>\n<meta name=\"robots\" content=\"noindex, follow, max-snippet:-1, max-image-preview:large, max-video-preview:-1\" \/>\n<meta property=\"og:locale\" content=\"sv_SE\" \/>\n<meta property=\"og:type\" content=\"article\" \/>\n<meta property=\"og:title\" content=\"PSOE storfavorit inf\u00f6r regionalvalet i Andalusien\" \/>\n<meta property=\"og:description\" content=\"Den 2 december h\u00e5lls regionalval i Andalusien. P\u00e5 onsdagen publicerade CIS en unders\u00f6kning som visar att socialistiska PSOE f\u00e5r st\u00f6d av 37&#8217;41 procent av v\u00e4ljarna vilket betyder mellan 45 till 47 mandat i parlamentet. N\u00e4st st\u00f6rsta parti \u00e4r v\u00e4nsterpartiet Adelante Andaluc\u00eda (tidigare Podemos) som f\u00e5r 19&#8217;34 procent. Unders\u00f6kningen visar att PSOE tillsammans med Adelante Andaluc\u00eda [&hellip;]\" \/>\n<meta property=\"og:url\" content=\"https:\/\/lightweb.dev\/l\/svm-temp\/nyheter\/psoe-storfavorit-infor-regionalvalet-i-andalusien\/\" \/>\n<meta property=\"og:site_name\" content=\"Svenska Magasinet\" \/>\n<meta property=\"article:publisher\" content=\"https:\/\/www.facebook.com\/svenskamagasinet\" \/>\n<meta property=\"article:published_time\" content=\"2018-11-13T23:00:00+00:00\" \/>\n<meta property=\"og:image\" content=\"https:\/\/lightweb.dev\/l\/svm-temp\/wp-content\/uploads\/2022\/06\/psoe-storfavorit-infor-regionalvalet-i-andalusien.png\" \/>\n\t<meta property=\"og:image:width\" content=\"500\" \/>\n\t<meta property=\"og:image:height\" content=\"300\" \/>\n\t<meta property=\"og:image:type\" content=\"image\/png\" \/>\n<meta name=\"author\" content=\"Redaktionen SvM\" \/>\n<meta name=\"twitter:card\" content=\"summary_large_image\" \/>\n<meta name=\"twitter:creator\" content=\"@SvenskaMagasine\" \/>\n<meta name=\"twitter:site\" content=\"@SvenskaMagasine\" \/>\n<script type=\"application\/ld+json\" class=\"yoast-schema-graph\">{\"@context\":\"https:\\\/\\\/schema.org\",\"@graph\":[{\"@type\":\"Article\",\"@id\":\"https:\\\/\\\/lightweb.dev\\\/l\\\/svm-temp\\\/nyheter\\\/psoe-storfavorit-infor-regionalvalet-i-andalusien\\\/#article\",\"isPartOf\":{\"@id\":\"https:\\\/\\\/lightweb.dev\\\/l\\\/svm-temp\\\/nyheter\\\/psoe-storfavorit-infor-regionalvalet-i-andalusien\\\/\"},\"author\":{\"name\":\"Redaktionen SvM\",\"@id\":\"https:\\\/\\\/lightweb.dev\\\/l\\\/svm-temp\\\/#\\\/schema\\\/person\\\/206a3bda5b607b0c25e1749191e4d837\"},\"headline\":\"PSOE storfavorit inf\u00f6r regionalvalet i Andalusien\",\"datePublished\":\"2018-11-13T23:00:00+00:00\",\"mainEntityOfPage\":{\"@id\":\"https:\\\/\\\/lightweb.dev\\\/l\\\/svm-temp\\\/nyheter\\\/psoe-storfavorit-infor-regionalvalet-i-andalusien\\\/\"},\"wordCount\":208,\"commentCount\":0,\"publisher\":{\"@id\":\"https:\\\/\\\/lightweb.dev\\\/l\\\/svm-temp\\\/#organization\"},\"image\":{\"@id\":\"https:\\\/\\\/lightweb.dev\\\/l\\\/svm-temp\\\/nyheter\\\/psoe-storfavorit-infor-regionalvalet-i-andalusien\\\/#primaryimage\"},\"thumbnailUrl\":\"https:\\\/\\\/lightweb.dev\\\/l\\\/svm-temp\\\/wp-content\\\/uploads\\\/2022\\\/06\\\/psoe-storfavorit-infor-regionalvalet-i-andalusien.png\",\"articleSection\":[\"Arkiv\",\"Nyheter\"],\"inLanguage\":\"sv-SE\"},{\"@type\":\"WebPage\",\"@id\":\"https:\\\/\\\/lightweb.dev\\\/l\\\/svm-temp\\\/nyheter\\\/psoe-storfavorit-infor-regionalvalet-i-andalusien\\\/\",\"url\":\"https:\\\/\\\/lightweb.dev\\\/l\\\/svm-temp\\\/nyheter\\\/psoe-storfavorit-infor-regionalvalet-i-andalusien\\\/\",\"name\":\"PSOE storfavorit inf\u00f6r regionalvalet i Andalusien - Svenska Magasinet\",\"isPartOf\":{\"@id\":\"https:\\\/\\\/lightweb.dev\\\/l\\\/svm-temp\\\/#website\"},\"primaryImageOfPage\":{\"@id\":\"https:\\\/\\\/lightweb.dev\\\/l\\\/svm-temp\\\/nyheter\\\/psoe-storfavorit-infor-regionalvalet-i-andalusien\\\/#primaryimage\"},\"image\":{\"@id\":\"https:\\\/\\\/lightweb.dev\\\/l\\\/svm-temp\\\/nyheter\\\/psoe-storfavorit-infor-regionalvalet-i-andalusien\\\/#primaryimage\"},\"thumbnailUrl\":\"https:\\\/\\\/lightweb.dev\\\/l\\\/svm-temp\\\/wp-content\\\/uploads\\\/2022\\\/06\\\/psoe-storfavorit-infor-regionalvalet-i-andalusien.png\",\"datePublished\":\"2018-11-13T23:00:00+00:00\",\"breadcrumb\":{\"@id\":\"https:\\\/\\\/lightweb.dev\\\/l\\\/svm-temp\\\/nyheter\\\/psoe-storfavorit-infor-regionalvalet-i-andalusien\\\/#breadcrumb\"},\"inLanguage\":\"sv-SE\",\"potentialAction\":[{\"@type\":\"ReadAction\",\"target\":[\"https:\\\/\\\/lightweb.dev\\\/l\\\/svm-temp\\\/nyheter\\\/psoe-storfavorit-infor-regionalvalet-i-andalusien\\\/\"]}]},{\"@type\":\"ImageObject\",\"inLanguage\":\"sv-SE\",\"@id\":\"https:\\\/\\\/lightweb.dev\\\/l\\\/svm-temp\\\/nyheter\\\/psoe-storfavorit-infor-regionalvalet-i-andalusien\\\/#primaryimage\",\"url\":\"https:\\\/\\\/lightweb.dev\\\/l\\\/svm-temp\\\/wp-content\\\/uploads\\\/2022\\\/06\\\/psoe-storfavorit-infor-regionalvalet-i-andalusien.png\",\"contentUrl\":\"https:\\\/\\\/lightweb.dev\\\/l\\\/svm-temp\\\/wp-content\\\/uploads\\\/2022\\\/06\\\/psoe-storfavorit-infor-regionalvalet-i-andalusien.png\",\"width\":500,\"height\":300},{\"@type\":\"BreadcrumbList\",\"@id\":\"https:\\\/\\\/lightweb.dev\\\/l\\\/svm-temp\\\/nyheter\\\/psoe-storfavorit-infor-regionalvalet-i-andalusien\\\/#breadcrumb\",\"itemListElement\":[{\"@type\":\"ListItem\",\"position\":1,\"name\":\"Hem\",\"item\":\"https:\\\/\\\/lightweb.dev\\\/l\\\/svm-temp\\\/\"},{\"@type\":\"ListItem\",\"position\":2,\"name\":\"PSOE storfavorit inf\u00f6r regionalvalet i Andalusien\"}]},{\"@type\":\"WebSite\",\"@id\":\"https:\\\/\\\/lightweb.dev\\\/l\\\/svm-temp\\\/#website\",\"url\":\"https:\\\/\\\/lightweb.dev\\\/l\\\/svm-temp\\\/\",\"name\":\"Svenska Magasinet\",\"description\":\"Dina Spanska nyheter p&aring; Svenska\",\"publisher\":{\"@id\":\"https:\\\/\\\/lightweb.dev\\\/l\\\/svm-temp\\\/#organization\"},\"potentialAction\":[{\"@type\":\"SearchAction\",\"target\":{\"@type\":\"EntryPoint\",\"urlTemplate\":\"https:\\\/\\\/lightweb.dev\\\/l\\\/svm-temp\\\/?s={search_term_string}\"},\"query-input\":{\"@type\":\"PropertyValueSpecification\",\"valueRequired\":true,\"valueName\":\"search_term_string\"}}],\"inLanguage\":\"sv-SE\"},{\"@type\":\"Organization\",\"@id\":\"https:\\\/\\\/lightweb.dev\\\/l\\\/svm-temp\\\/#organization\",\"name\":\"Melkerson y Nott SL\",\"alternateName\":\"Svenska Magasinet\",\"url\":\"https:\\\/\\\/lightweb.dev\\\/l\\\/svm-temp\\\/\",\"logo\":{\"@type\":\"ImageObject\",\"inLanguage\":\"sv-SE\",\"@id\":\"https:\\\/\\\/lightweb.dev\\\/l\\\/svm-temp\\\/#\\\/schema\\\/logo\\\/image\\\/\",\"url\":\"https:\\\/\\\/lightweb.dev\\\/l\\\/svm-temp\\\/wp-content\\\/uploads\\\/2025\\\/02\\\/SvM-logo-Xtra-Centrerad-SVART.png\",\"contentUrl\":\"https:\\\/\\\/lightweb.dev\\\/l\\\/svm-temp\\\/wp-content\\\/uploads\\\/2025\\\/02\\\/SvM-logo-Xtra-Centrerad-SVART.png\",\"width\":300,\"height\":99,\"caption\":\"Melkerson y Nott SL\"},\"image\":{\"@id\":\"https:\\\/\\\/lightweb.dev\\\/l\\\/svm-temp\\\/#\\\/schema\\\/logo\\\/image\\\/\"},\"sameAs\":[\"https:\\\/\\\/www.facebook.com\\\/svenskamagasinet\",\"https:\\\/\\\/x.com\\\/SvenskaMagasine\"]},{\"@type\":\"Person\",\"@id\":\"https:\\\/\\\/lightweb.dev\\\/l\\\/svm-temp\\\/#\\\/schema\\\/person\\\/206a3bda5b607b0c25e1749191e4d837\",\"name\":\"Redaktionen SvM\",\"description\":\"Redaktionen\",\"sameAs\":[\"https:\\\/\\\/lightweb.dev\\\/l\\\/svm-temp\"],\"url\":\"https:\\\/\\\/lightweb.dev\\\/l\\\/svm-temp\\\/reporter\\\/redaktionen\\\/\"}]}<\/script>\n<!-- \/ Yoast SEO Premium plugin. -->","yoast_head_json":{"title":"PSOE storfavorit inf\u00f6r regionalvalet i Andalusien - Svenska Magasinet","robots":{"index":"noindex","follow":"follow","max-snippet":"max-snippet:-1","max-image-preview":"max-image-preview:large","max-video-preview":"max-video-preview:-1"},"og_locale":"sv_SE","og_type":"article","og_title":"PSOE storfavorit inf\u00f6r regionalvalet i Andalusien","og_description":"Den 2 december h\u00e5lls regionalval i Andalusien. P\u00e5 onsdagen publicerade CIS en unders\u00f6kning som visar att socialistiska PSOE f\u00e5r st\u00f6d av 37&#8217;41 procent av v\u00e4ljarna vilket betyder mellan 45 till 47 mandat i parlamentet. N\u00e4st st\u00f6rsta parti \u00e4r v\u00e4nsterpartiet Adelante Andaluc\u00eda (tidigare Podemos) som f\u00e5r 19&#8217;34 procent. Unders\u00f6kningen visar att PSOE tillsammans med Adelante Andaluc\u00eda [&hellip;]","og_url":"https:\/\/lightweb.dev\/l\/svm-temp\/nyheter\/psoe-storfavorit-infor-regionalvalet-i-andalusien\/","og_site_name":"Svenska Magasinet","article_publisher":"https:\/\/www.facebook.com\/svenskamagasinet","article_published_time":"2018-11-13T23:00:00+00:00","og_image":[{"width":500,"height":300,"url":"https:\/\/lightweb.dev\/l\/svm-temp\/wp-content\/uploads\/2022\/06\/psoe-storfavorit-infor-regionalvalet-i-andalusien.png","type":"image\/png"}],"author":"Redaktionen SvM","twitter_card":"summary_large_image","twitter_creator":"@SvenskaMagasine","twitter_site":"@SvenskaMagasine","schema":{"@context":"https:\/\/schema.org","@graph":[{"@type":"Article","@id":"https:\/\/lightweb.dev\/l\/svm-temp\/nyheter\/psoe-storfavorit-infor-regionalvalet-i-andalusien\/#article","isPartOf":{"@id":"https:\/\/lightweb.dev\/l\/svm-temp\/nyheter\/psoe-storfavorit-infor-regionalvalet-i-andalusien\/"},"author":{"name":"Redaktionen SvM","@id":"https:\/\/lightweb.dev\/l\/svm-temp\/#\/schema\/person\/206a3bda5b607b0c25e1749191e4d837"},"headline":"PSOE storfavorit inf\u00f6r regionalvalet i Andalusien","datePublished":"2018-11-13T23:00:00+00:00","mainEntityOfPage":{"@id":"https:\/\/lightweb.dev\/l\/svm-temp\/nyheter\/psoe-storfavorit-infor-regionalvalet-i-andalusien\/"},"wordCount":208,"commentCount":0,"publisher":{"@id":"https:\/\/lightweb.dev\/l\/svm-temp\/#organization"},"image":{"@id":"https:\/\/lightweb.dev\/l\/svm-temp\/nyheter\/psoe-storfavorit-infor-regionalvalet-i-andalusien\/#primaryimage"},"thumbnailUrl":"https:\/\/lightweb.dev\/l\/svm-temp\/wp-content\/uploads\/2022\/06\/psoe-storfavorit-infor-regionalvalet-i-andalusien.png","articleSection":["Arkiv","Nyheter"],"inLanguage":"sv-SE"},{"@type":"WebPage","@id":"https:\/\/lightweb.dev\/l\/svm-temp\/nyheter\/psoe-storfavorit-infor-regionalvalet-i-andalusien\/","url":"https:\/\/lightweb.dev\/l\/svm-temp\/nyheter\/psoe-storfavorit-infor-regionalvalet-i-andalusien\/","name":"PSOE storfavorit inf\u00f6r regionalvalet i Andalusien - Svenska Magasinet","isPartOf":{"@id":"https:\/\/lightweb.dev\/l\/svm-temp\/#website"},"primaryImageOfPage":{"@id":"https:\/\/lightweb.dev\/l\/svm-temp\/nyheter\/psoe-storfavorit-infor-regionalvalet-i-andalusien\/#primaryimage"},"image":{"@id":"https:\/\/lightweb.dev\/l\/svm-temp\/nyheter\/psoe-storfavorit-infor-regionalvalet-i-andalusien\/#primaryimage"},"thumbnailUrl":"https:\/\/lightweb.dev\/l\/svm-temp\/wp-content\/uploads\/2022\/06\/psoe-storfavorit-infor-regionalvalet-i-andalusien.png","datePublished":"2018-11-13T23:00:00+00:00","breadcrumb":{"@id":"https:\/\/lightweb.dev\/l\/svm-temp\/nyheter\/psoe-storfavorit-infor-regionalvalet-i-andalusien\/#breadcrumb"},"inLanguage":"sv-SE","potentialAction":[{"@type":"ReadAction","target":["https:\/\/lightweb.dev\/l\/svm-temp\/nyheter\/psoe-storfavorit-infor-regionalvalet-i-andalusien\/"]}]},{"@type":"ImageObject","inLanguage":"sv-SE","@id":"https:\/\/lightweb.dev\/l\/svm-temp\/nyheter\/psoe-storfavorit-infor-regionalvalet-i-andalusien\/#primaryimage","url":"https:\/\/lightweb.dev\/l\/svm-temp\/wp-content\/uploads\/2022\/06\/psoe-storfavorit-infor-regionalvalet-i-andalusien.png","contentUrl":"https:\/\/lightweb.dev\/l\/svm-temp\/wp-content\/uploads\/2022\/06\/psoe-storfavorit-infor-regionalvalet-i-andalusien.png","width":500,"height":300},{"@type":"BreadcrumbList","@id":"https:\/\/lightweb.dev\/l\/svm-temp\/nyheter\/psoe-storfavorit-infor-regionalvalet-i-andalusien\/#breadcrumb","itemListElement":[{"@type":"ListItem","position":1,"name":"Hem","item":"https:\/\/lightweb.dev\/l\/svm-temp\/"},{"@type":"ListItem","position":2,"name":"PSOE storfavorit inf\u00f6r regionalvalet i Andalusien"}]},{"@type":"WebSite","@id":"https:\/\/lightweb.dev\/l\/svm-temp\/#website","url":"https:\/\/lightweb.dev\/l\/svm-temp\/","name":"Svenska Magasinet","description":"Dina Spanska nyheter p&aring; Svenska","publisher":{"@id":"https:\/\/lightweb.dev\/l\/svm-temp\/#organization"},"potentialAction":[{"@type":"SearchAction","target":{"@type":"EntryPoint","urlTemplate":"https:\/\/lightweb.dev\/l\/svm-temp\/?s={search_term_string}"},"query-input":{"@type":"PropertyValueSpecification","valueRequired":true,"valueName":"search_term_string"}}],"inLanguage":"sv-SE"},{"@type":"Organization","@id":"https:\/\/lightweb.dev\/l\/svm-temp\/#organization","name":"Melkerson y Nott SL","alternateName":"Svenska Magasinet","url":"https:\/\/lightweb.dev\/l\/svm-temp\/","logo":{"@type":"ImageObject","inLanguage":"sv-SE","@id":"https:\/\/lightweb.dev\/l\/svm-temp\/#\/schema\/logo\/image\/","url":"https:\/\/lightweb.dev\/l\/svm-temp\/wp-content\/uploads\/2025\/02\/SvM-logo-Xtra-Centrerad-SVART.png","contentUrl":"https:\/\/lightweb.dev\/l\/svm-temp\/wp-content\/uploads\/2025\/02\/SvM-logo-Xtra-Centrerad-SVART.png","width":300,"height":99,"caption":"Melkerson y Nott SL"},"image":{"@id":"https:\/\/lightweb.dev\/l\/svm-temp\/#\/schema\/logo\/image\/"},"sameAs":["https:\/\/www.facebook.com\/svenskamagasinet","https:\/\/x.com\/SvenskaMagasine"]},{"@type":"Person","@id":"https:\/\/lightweb.dev\/l\/svm-temp\/#\/schema\/person\/206a3bda5b607b0c25e1749191e4d837","name":"Redaktionen SvM","description":"Redaktionen","sameAs":["https:\/\/lightweb.dev\/l\/svm-temp"],"url":"https:\/\/lightweb.dev\/l\/svm-temp\/reporter\/redaktionen\/"}]}},"_links":{"self":[{"href":"https:\/\/lightweb.dev\/l\/svm-temp\/wp-json\/wp\/v2\/posts\/17509","targetHints":{"allow":["GET"]}}],"collection":[{"href":"https:\/\/lightweb.dev\/l\/svm-temp\/wp-json\/wp\/v2\/posts"}],"about":[{"href":"https:\/\/lightweb.dev\/l\/svm-temp\/wp-json\/wp\/v2\/types\/post"}],"author":[{"embeddable":true,"href":"https:\/\/lightweb.dev\/l\/svm-temp\/wp-json\/wp\/v2\/users\/8"}],"replies":[{"embeddable":true,"href":"https:\/\/lightweb.dev\/l\/svm-temp\/wp-json\/wp\/v2\/comments?post=17509"}],"version-history":[{"count":0,"href":"https:\/\/lightweb.dev\/l\/svm-temp\/wp-json\/wp\/v2\/posts\/17509\/revisions"}],"wp:featuredmedia":[{"embeddable":true,"href":"https:\/\/lightweb.dev\/l\/svm-temp\/wp-json\/wp\/v2\/media\/17510"}],"wp:attachment":[{"href":"https:\/\/lightweb.dev\/l\/svm-temp\/wp-json\/wp\/v2\/media?parent=17509"}],"wp:term":[{"taxonomy":"category","embeddable":true,"href":"https:\/\/lightweb.dev\/l\/svm-temp\/wp-json\/wp\/v2\/categories?post=17509"},{"taxonomy":"post_tag","embeddable":true,"href":"https:\/\/lightweb.dev\/l\/svm-temp\/wp-json\/wp\/v2\/tags?post=17509"}],"curies":[{"name":"wp","href":"https:\/\/api.w.org\/{rel}","templated":true}]}}