{"id":17597,"date":"2018-10-26T00:00:00","date_gmt":"2018-10-25T22:00:00","guid":{"rendered":"https:\/\/lightweb.dev\/l\/svm-temp\/nyheter\/pp-och-ciudadanos-ifragasatter-opinionsundersokning\/"},"modified":"2018-10-26T00:00:00","modified_gmt":"2018-10-25T22:00:00","slug":"pp-och-ciudadanos-ifragasatter-opinionsundersokning","status":"publish","type":"post","link":"https:\/\/lightweb.dev\/l\/svm-temp\/nyheter\/pp-och-ciudadanos-ifragasatter-opinionsundersokning\/","title":{"rendered":"PP och Ciudadanos ifr\u00e5gas\u00e4tter opinionsunders\u00f6kning"},"content":{"rendered":"<p> G\u00e5rdagens opinionsunders\u00f6kning fr\u00e5n CIS som publicerades i de flesta medier i Spanien ifr\u00e5gas\u00e4tts idag av h\u00f6gerpartierna Partido Popular och Ciudadanos. Enligt CIS har v\u00e4nsterblocket rej\u00e4lt medvind i seglen och b\u00e5de det socialistiska regeringspartiet PSOE och det v\u00e4nsterinriktade protestpartiet Unidos Podemos redovisar uppg\u00e5ngar.<\/p>\n<p>Samtidigt f\u00e5r konservativa Partido Popular sitt s\u00e4msta resultat och skulle om det vore allm\u00e4nna val i Spanien bara bli det tredje st\u00f6rsta partiet. Opinionsunders\u00f6kningen fr\u00e5n CIS som publicerades p\u00e5 torsdagen har kommenterats flitigt det senaste dygnet. <\/p>\n<p>PP och Ciudadanos litar inte p\u00e5 unders\u00f6kningen och menar att uppgifterna har manipuleras till f\u00f6rm\u00e5n f\u00f6r PSOE. Sedan fyra m\u00e5nader \u00e4r det socialisten Jos\u00e9 F\u00e9lix Tezanos som \u00e4r direkt\u00f6r vid CIS. Han har f\u00f6r\u00e4ndrat tekniken vid unders\u00f6kningen och bland annat avst\u00e5tt fr\u00e5n en m\u00e4tningsmetod som tidigare har till\u00e4mpats med ett korrigeringssystem eller felmarginal f\u00f6r att f\u00e5 ett mer troligt resultat.<\/p>\n<p>Partido Populars partisekreterare Teodoro Garc\u00eda Egea anklagar nu PSOE f\u00f6r att f\u00f6rst\u00f6ra CIS trov\u00e4rdighet. Och Jos\u00e9 Manuel Villegas (bilden), partisekreterare hos Ciudadanos, menar att CIS nya direkt\u00f6r, Tezanos, medvetet har bl\u00e5st upp siffrorna f\u00f6r PSOE.<\/p>\n<p>Enligt interna unders\u00f6kningar som gjorts skulle PSOE f\u00e5 26 procent vilket \u00e4r fem procentenheter mindre \u00e4n vad den senaste CIS-unders\u00f6kningen redovisade. Ciudadanos skulle f\u00e5 24 procent, tre procentenheter mer, och PP skulle f\u00e5 22 procent, fyra procentenheter mer j\u00e4mf\u00f6rt med resultatet fr\u00e5n CIS.<\/p>\n<p>Villegas beklagar att CIS har blivit \u201dett sk\u00e4mt i Tezanos och Pedro S\u00e1nchez h\u00e4nder\u201d eftersom det finansieras med offentliga medel och alla spanjorer \u00e4r med och betalar \u00e5t S\u00e1nchez strategi. CIS har f\u00f6rlorat all sin trov\u00e4rdighet, menar Villegas, partisekreterare hos Ciudadanos.<\/p>\n","protected":false},"excerpt":{"rendered":"<p>G\u00e5rdagens opinionsunders\u00f6kning fr\u00e5n CIS som publicerades i de flesta medier i Spanien ifr\u00e5gas\u00e4tts idag av h\u00f6gerpartierna Partido Popular och Ciudadanos. Enligt CIS har v\u00e4nsterblocket rej\u00e4lt medvind i seglen och b\u00e5de det socialistiska regeringspartiet PSOE och det v\u00e4nsterinriktade protestpartiet Unidos Podemos redovisar uppg\u00e5ngar. Samtidigt f\u00e5r konservativa Partido Popular sitt s\u00e4msta resultat och skulle om det vore [&hellip;]<\/p>\n","protected":false},"author":8,"featured_media":17598,"comment_status":"open","ping_status":"open","sticky":false,"template":"","format":"standard","meta":{"_et_pb_use_builder":"","_et_pb_old_content":"","_et_gb_content_width":"","footnotes":""},"categories":[395,3],"tags":[],"class_list":["post-17597","post","type-post","status-publish","format-standard","has-post-thumbnail","hentry","category-arkiv-nyheter","category-nyheter"],"yoast_head":"<!-- This site is optimized with the Yoast SEO Premium plugin v26.2 (Yoast SEO v27.4) - https:\/\/yoast.com\/product\/yoast-seo-premium-wordpress\/ -->\n<title>PP och Ciudadanos ifr\u00e5gas\u00e4tter opinionsunders\u00f6kning - Svenska Magasinet<\/title>\n<meta name=\"robots\" content=\"noindex, follow, max-snippet:-1, max-image-preview:large, max-video-preview:-1\" \/>\n<meta property=\"og:locale\" content=\"sv_SE\" \/>\n<meta property=\"og:type\" content=\"article\" \/>\n<meta property=\"og:title\" content=\"PP och Ciudadanos ifr\u00e5gas\u00e4tter opinionsunders\u00f6kning\" \/>\n<meta property=\"og:description\" content=\"G\u00e5rdagens opinionsunders\u00f6kning fr\u00e5n CIS som publicerades i de flesta medier i Spanien ifr\u00e5gas\u00e4tts idag av h\u00f6gerpartierna Partido Popular och Ciudadanos. Enligt CIS har v\u00e4nsterblocket rej\u00e4lt medvind i seglen och b\u00e5de det socialistiska regeringspartiet PSOE och det v\u00e4nsterinriktade protestpartiet Unidos Podemos redovisar uppg\u00e5ngar. Samtidigt f\u00e5r konservativa Partido Popular sitt s\u00e4msta resultat och skulle om det vore [&hellip;]\" \/>\n<meta property=\"og:url\" content=\"https:\/\/lightweb.dev\/l\/svm-temp\/nyheter\/pp-och-ciudadanos-ifragasatter-opinionsundersokning\/\" \/>\n<meta property=\"og:site_name\" content=\"Svenska Magasinet\" \/>\n<meta property=\"article:publisher\" content=\"https:\/\/www.facebook.com\/svenskamagasinet\" \/>\n<meta property=\"article:published_time\" content=\"2018-10-25T22:00:00+00:00\" \/>\n<meta property=\"og:image\" content=\"https:\/\/lightweb.dev\/l\/svm-temp\/wp-content\/uploads\/2022\/06\/pp-och-ciudadanos-ifragasatter-opinionsundersokning.png\" \/>\n\t<meta property=\"og:image:width\" content=\"500\" \/>\n\t<meta property=\"og:image:height\" content=\"300\" \/>\n\t<meta property=\"og:image:type\" content=\"image\/png\" \/>\n<meta name=\"author\" content=\"Redaktionen SvM\" \/>\n<meta name=\"twitter:card\" content=\"summary_large_image\" \/>\n<meta name=\"twitter:creator\" content=\"@SvenskaMagasine\" \/>\n<meta name=\"twitter:site\" content=\"@SvenskaMagasine\" \/>\n<script type=\"application\/ld+json\" class=\"yoast-schema-graph\">{\"@context\":\"https:\\\/\\\/schema.org\",\"@graph\":[{\"@type\":\"Article\",\"@id\":\"https:\\\/\\\/lightweb.dev\\\/l\\\/svm-temp\\\/nyheter\\\/pp-och-ciudadanos-ifragasatter-opinionsundersokning\\\/#article\",\"isPartOf\":{\"@id\":\"https:\\\/\\\/lightweb.dev\\\/l\\\/svm-temp\\\/nyheter\\\/pp-och-ciudadanos-ifragasatter-opinionsundersokning\\\/\"},\"author\":{\"name\":\"Redaktionen SvM\",\"@id\":\"https:\\\/\\\/lightweb.dev\\\/l\\\/svm-temp\\\/#\\\/schema\\\/person\\\/206a3bda5b607b0c25e1749191e4d837\"},\"headline\":\"PP och Ciudadanos ifr\u00e5gas\u00e4tter opinionsunders\u00f6kning\",\"datePublished\":\"2018-10-25T22:00:00+00:00\",\"mainEntityOfPage\":{\"@id\":\"https:\\\/\\\/lightweb.dev\\\/l\\\/svm-temp\\\/nyheter\\\/pp-och-ciudadanos-ifragasatter-opinionsundersokning\\\/\"},\"wordCount\":313,\"commentCount\":0,\"publisher\":{\"@id\":\"https:\\\/\\\/lightweb.dev\\\/l\\\/svm-temp\\\/#organization\"},\"image\":{\"@id\":\"https:\\\/\\\/lightweb.dev\\\/l\\\/svm-temp\\\/nyheter\\\/pp-och-ciudadanos-ifragasatter-opinionsundersokning\\\/#primaryimage\"},\"thumbnailUrl\":\"https:\\\/\\\/lightweb.dev\\\/l\\\/svm-temp\\\/wp-content\\\/uploads\\\/2022\\\/06\\\/pp-och-ciudadanos-ifragasatter-opinionsundersokning.png\",\"articleSection\":[\"Arkiv\",\"Nyheter\"],\"inLanguage\":\"sv-SE\"},{\"@type\":\"WebPage\",\"@id\":\"https:\\\/\\\/lightweb.dev\\\/l\\\/svm-temp\\\/nyheter\\\/pp-och-ciudadanos-ifragasatter-opinionsundersokning\\\/\",\"url\":\"https:\\\/\\\/lightweb.dev\\\/l\\\/svm-temp\\\/nyheter\\\/pp-och-ciudadanos-ifragasatter-opinionsundersokning\\\/\",\"name\":\"PP och Ciudadanos ifr\u00e5gas\u00e4tter opinionsunders\u00f6kning - Svenska Magasinet\",\"isPartOf\":{\"@id\":\"https:\\\/\\\/lightweb.dev\\\/l\\\/svm-temp\\\/#website\"},\"primaryImageOfPage\":{\"@id\":\"https:\\\/\\\/lightweb.dev\\\/l\\\/svm-temp\\\/nyheter\\\/pp-och-ciudadanos-ifragasatter-opinionsundersokning\\\/#primaryimage\"},\"image\":{\"@id\":\"https:\\\/\\\/lightweb.dev\\\/l\\\/svm-temp\\\/nyheter\\\/pp-och-ciudadanos-ifragasatter-opinionsundersokning\\\/#primaryimage\"},\"thumbnailUrl\":\"https:\\\/\\\/lightweb.dev\\\/l\\\/svm-temp\\\/wp-content\\\/uploads\\\/2022\\\/06\\\/pp-och-ciudadanos-ifragasatter-opinionsundersokning.png\",\"datePublished\":\"2018-10-25T22:00:00+00:00\",\"breadcrumb\":{\"@id\":\"https:\\\/\\\/lightweb.dev\\\/l\\\/svm-temp\\\/nyheter\\\/pp-och-ciudadanos-ifragasatter-opinionsundersokning\\\/#breadcrumb\"},\"inLanguage\":\"sv-SE\",\"potentialAction\":[{\"@type\":\"ReadAction\",\"target\":[\"https:\\\/\\\/lightweb.dev\\\/l\\\/svm-temp\\\/nyheter\\\/pp-och-ciudadanos-ifragasatter-opinionsundersokning\\\/\"]}]},{\"@type\":\"ImageObject\",\"inLanguage\":\"sv-SE\",\"@id\":\"https:\\\/\\\/lightweb.dev\\\/l\\\/svm-temp\\\/nyheter\\\/pp-och-ciudadanos-ifragasatter-opinionsundersokning\\\/#primaryimage\",\"url\":\"https:\\\/\\\/lightweb.dev\\\/l\\\/svm-temp\\\/wp-content\\\/uploads\\\/2022\\\/06\\\/pp-och-ciudadanos-ifragasatter-opinionsundersokning.png\",\"contentUrl\":\"https:\\\/\\\/lightweb.dev\\\/l\\\/svm-temp\\\/wp-content\\\/uploads\\\/2022\\\/06\\\/pp-och-ciudadanos-ifragasatter-opinionsundersokning.png\",\"width\":500,\"height\":300},{\"@type\":\"BreadcrumbList\",\"@id\":\"https:\\\/\\\/lightweb.dev\\\/l\\\/svm-temp\\\/nyheter\\\/pp-och-ciudadanos-ifragasatter-opinionsundersokning\\\/#breadcrumb\",\"itemListElement\":[{\"@type\":\"ListItem\",\"position\":1,\"name\":\"Hem\",\"item\":\"https:\\\/\\\/lightweb.dev\\\/l\\\/svm-temp\\\/\"},{\"@type\":\"ListItem\",\"position\":2,\"name\":\"PP och Ciudadanos ifr\u00e5gas\u00e4tter opinionsunders\u00f6kning\"}]},{\"@type\":\"WebSite\",\"@id\":\"https:\\\/\\\/lightweb.dev\\\/l\\\/svm-temp\\\/#website\",\"url\":\"https:\\\/\\\/lightweb.dev\\\/l\\\/svm-temp\\\/\",\"name\":\"Svenska Magasinet\",\"description\":\"Dina Spanska nyheter p&aring; Svenska\",\"publisher\":{\"@id\":\"https:\\\/\\\/lightweb.dev\\\/l\\\/svm-temp\\\/#organization\"},\"potentialAction\":[{\"@type\":\"SearchAction\",\"target\":{\"@type\":\"EntryPoint\",\"urlTemplate\":\"https:\\\/\\\/lightweb.dev\\\/l\\\/svm-temp\\\/?s={search_term_string}\"},\"query-input\":{\"@type\":\"PropertyValueSpecification\",\"valueRequired\":true,\"valueName\":\"search_term_string\"}}],\"inLanguage\":\"sv-SE\"},{\"@type\":\"Organization\",\"@id\":\"https:\\\/\\\/lightweb.dev\\\/l\\\/svm-temp\\\/#organization\",\"name\":\"Melkerson y Nott SL\",\"alternateName\":\"Svenska Magasinet\",\"url\":\"https:\\\/\\\/lightweb.dev\\\/l\\\/svm-temp\\\/\",\"logo\":{\"@type\":\"ImageObject\",\"inLanguage\":\"sv-SE\",\"@id\":\"https:\\\/\\\/lightweb.dev\\\/l\\\/svm-temp\\\/#\\\/schema\\\/logo\\\/image\\\/\",\"url\":\"https:\\\/\\\/lightweb.dev\\\/l\\\/svm-temp\\\/wp-content\\\/uploads\\\/2025\\\/02\\\/SvM-logo-Xtra-Centrerad-SVART.png\",\"contentUrl\":\"https:\\\/\\\/lightweb.dev\\\/l\\\/svm-temp\\\/wp-content\\\/uploads\\\/2025\\\/02\\\/SvM-logo-Xtra-Centrerad-SVART.png\",\"width\":300,\"height\":99,\"caption\":\"Melkerson y Nott SL\"},\"image\":{\"@id\":\"https:\\\/\\\/lightweb.dev\\\/l\\\/svm-temp\\\/#\\\/schema\\\/logo\\\/image\\\/\"},\"sameAs\":[\"https:\\\/\\\/www.facebook.com\\\/svenskamagasinet\",\"https:\\\/\\\/x.com\\\/SvenskaMagasine\"]},{\"@type\":\"Person\",\"@id\":\"https:\\\/\\\/lightweb.dev\\\/l\\\/svm-temp\\\/#\\\/schema\\\/person\\\/206a3bda5b607b0c25e1749191e4d837\",\"name\":\"Redaktionen SvM\",\"description\":\"Redaktionen\",\"sameAs\":[\"https:\\\/\\\/lightweb.dev\\\/l\\\/svm-temp\"],\"url\":\"https:\\\/\\\/lightweb.dev\\\/l\\\/svm-temp\\\/reporter\\\/redaktionen\\\/\"}]}<\/script>\n<!-- \/ Yoast SEO Premium plugin. -->","yoast_head_json":{"title":"PP och Ciudadanos ifr\u00e5gas\u00e4tter opinionsunders\u00f6kning - Svenska Magasinet","robots":{"index":"noindex","follow":"follow","max-snippet":"max-snippet:-1","max-image-preview":"max-image-preview:large","max-video-preview":"max-video-preview:-1"},"og_locale":"sv_SE","og_type":"article","og_title":"PP och Ciudadanos ifr\u00e5gas\u00e4tter opinionsunders\u00f6kning","og_description":"G\u00e5rdagens opinionsunders\u00f6kning fr\u00e5n CIS som publicerades i de flesta medier i Spanien ifr\u00e5gas\u00e4tts idag av h\u00f6gerpartierna Partido Popular och Ciudadanos. Enligt CIS har v\u00e4nsterblocket rej\u00e4lt medvind i seglen och b\u00e5de det socialistiska regeringspartiet PSOE och det v\u00e4nsterinriktade protestpartiet Unidos Podemos redovisar uppg\u00e5ngar. Samtidigt f\u00e5r konservativa Partido Popular sitt s\u00e4msta resultat och skulle om det vore [&hellip;]","og_url":"https:\/\/lightweb.dev\/l\/svm-temp\/nyheter\/pp-och-ciudadanos-ifragasatter-opinionsundersokning\/","og_site_name":"Svenska Magasinet","article_publisher":"https:\/\/www.facebook.com\/svenskamagasinet","article_published_time":"2018-10-25T22:00:00+00:00","og_image":[{"width":500,"height":300,"url":"https:\/\/lightweb.dev\/l\/svm-temp\/wp-content\/uploads\/2022\/06\/pp-och-ciudadanos-ifragasatter-opinionsundersokning.png","type":"image\/png"}],"author":"Redaktionen SvM","twitter_card":"summary_large_image","twitter_creator":"@SvenskaMagasine","twitter_site":"@SvenskaMagasine","schema":{"@context":"https:\/\/schema.org","@graph":[{"@type":"Article","@id":"https:\/\/lightweb.dev\/l\/svm-temp\/nyheter\/pp-och-ciudadanos-ifragasatter-opinionsundersokning\/#article","isPartOf":{"@id":"https:\/\/lightweb.dev\/l\/svm-temp\/nyheter\/pp-och-ciudadanos-ifragasatter-opinionsundersokning\/"},"author":{"name":"Redaktionen SvM","@id":"https:\/\/lightweb.dev\/l\/svm-temp\/#\/schema\/person\/206a3bda5b607b0c25e1749191e4d837"},"headline":"PP och Ciudadanos ifr\u00e5gas\u00e4tter opinionsunders\u00f6kning","datePublished":"2018-10-25T22:00:00+00:00","mainEntityOfPage":{"@id":"https:\/\/lightweb.dev\/l\/svm-temp\/nyheter\/pp-och-ciudadanos-ifragasatter-opinionsundersokning\/"},"wordCount":313,"commentCount":0,"publisher":{"@id":"https:\/\/lightweb.dev\/l\/svm-temp\/#organization"},"image":{"@id":"https:\/\/lightweb.dev\/l\/svm-temp\/nyheter\/pp-och-ciudadanos-ifragasatter-opinionsundersokning\/#primaryimage"},"thumbnailUrl":"https:\/\/lightweb.dev\/l\/svm-temp\/wp-content\/uploads\/2022\/06\/pp-och-ciudadanos-ifragasatter-opinionsundersokning.png","articleSection":["Arkiv","Nyheter"],"inLanguage":"sv-SE"},{"@type":"WebPage","@id":"https:\/\/lightweb.dev\/l\/svm-temp\/nyheter\/pp-och-ciudadanos-ifragasatter-opinionsundersokning\/","url":"https:\/\/lightweb.dev\/l\/svm-temp\/nyheter\/pp-och-ciudadanos-ifragasatter-opinionsundersokning\/","name":"PP och Ciudadanos ifr\u00e5gas\u00e4tter opinionsunders\u00f6kning - Svenska Magasinet","isPartOf":{"@id":"https:\/\/lightweb.dev\/l\/svm-temp\/#website"},"primaryImageOfPage":{"@id":"https:\/\/lightweb.dev\/l\/svm-temp\/nyheter\/pp-och-ciudadanos-ifragasatter-opinionsundersokning\/#primaryimage"},"image":{"@id":"https:\/\/lightweb.dev\/l\/svm-temp\/nyheter\/pp-och-ciudadanos-ifragasatter-opinionsundersokning\/#primaryimage"},"thumbnailUrl":"https:\/\/lightweb.dev\/l\/svm-temp\/wp-content\/uploads\/2022\/06\/pp-och-ciudadanos-ifragasatter-opinionsundersokning.png","datePublished":"2018-10-25T22:00:00+00:00","breadcrumb":{"@id":"https:\/\/lightweb.dev\/l\/svm-temp\/nyheter\/pp-och-ciudadanos-ifragasatter-opinionsundersokning\/#breadcrumb"},"inLanguage":"sv-SE","potentialAction":[{"@type":"ReadAction","target":["https:\/\/lightweb.dev\/l\/svm-temp\/nyheter\/pp-och-ciudadanos-ifragasatter-opinionsundersokning\/"]}]},{"@type":"ImageObject","inLanguage":"sv-SE","@id":"https:\/\/lightweb.dev\/l\/svm-temp\/nyheter\/pp-och-ciudadanos-ifragasatter-opinionsundersokning\/#primaryimage","url":"https:\/\/lightweb.dev\/l\/svm-temp\/wp-content\/uploads\/2022\/06\/pp-och-ciudadanos-ifragasatter-opinionsundersokning.png","contentUrl":"https:\/\/lightweb.dev\/l\/svm-temp\/wp-content\/uploads\/2022\/06\/pp-och-ciudadanos-ifragasatter-opinionsundersokning.png","width":500,"height":300},{"@type":"BreadcrumbList","@id":"https:\/\/lightweb.dev\/l\/svm-temp\/nyheter\/pp-och-ciudadanos-ifragasatter-opinionsundersokning\/#breadcrumb","itemListElement":[{"@type":"ListItem","position":1,"name":"Hem","item":"https:\/\/lightweb.dev\/l\/svm-temp\/"},{"@type":"ListItem","position":2,"name":"PP och Ciudadanos ifr\u00e5gas\u00e4tter opinionsunders\u00f6kning"}]},{"@type":"WebSite","@id":"https:\/\/lightweb.dev\/l\/svm-temp\/#website","url":"https:\/\/lightweb.dev\/l\/svm-temp\/","name":"Svenska Magasinet","description":"Dina Spanska nyheter p&aring; Svenska","publisher":{"@id":"https:\/\/lightweb.dev\/l\/svm-temp\/#organization"},"potentialAction":[{"@type":"SearchAction","target":{"@type":"EntryPoint","urlTemplate":"https:\/\/lightweb.dev\/l\/svm-temp\/?s={search_term_string}"},"query-input":{"@type":"PropertyValueSpecification","valueRequired":true,"valueName":"search_term_string"}}],"inLanguage":"sv-SE"},{"@type":"Organization","@id":"https:\/\/lightweb.dev\/l\/svm-temp\/#organization","name":"Melkerson y Nott SL","alternateName":"Svenska Magasinet","url":"https:\/\/lightweb.dev\/l\/svm-temp\/","logo":{"@type":"ImageObject","inLanguage":"sv-SE","@id":"https:\/\/lightweb.dev\/l\/svm-temp\/#\/schema\/logo\/image\/","url":"https:\/\/lightweb.dev\/l\/svm-temp\/wp-content\/uploads\/2025\/02\/SvM-logo-Xtra-Centrerad-SVART.png","contentUrl":"https:\/\/lightweb.dev\/l\/svm-temp\/wp-content\/uploads\/2025\/02\/SvM-logo-Xtra-Centrerad-SVART.png","width":300,"height":99,"caption":"Melkerson y Nott SL"},"image":{"@id":"https:\/\/lightweb.dev\/l\/svm-temp\/#\/schema\/logo\/image\/"},"sameAs":["https:\/\/www.facebook.com\/svenskamagasinet","https:\/\/x.com\/SvenskaMagasine"]},{"@type":"Person","@id":"https:\/\/lightweb.dev\/l\/svm-temp\/#\/schema\/person\/206a3bda5b607b0c25e1749191e4d837","name":"Redaktionen SvM","description":"Redaktionen","sameAs":["https:\/\/lightweb.dev\/l\/svm-temp"],"url":"https:\/\/lightweb.dev\/l\/svm-temp\/reporter\/redaktionen\/"}]}},"_links":{"self":[{"href":"https:\/\/lightweb.dev\/l\/svm-temp\/wp-json\/wp\/v2\/posts\/17597","targetHints":{"allow":["GET"]}}],"collection":[{"href":"https:\/\/lightweb.dev\/l\/svm-temp\/wp-json\/wp\/v2\/posts"}],"about":[{"href":"https:\/\/lightweb.dev\/l\/svm-temp\/wp-json\/wp\/v2\/types\/post"}],"author":[{"embeddable":true,"href":"https:\/\/lightweb.dev\/l\/svm-temp\/wp-json\/wp\/v2\/users\/8"}],"replies":[{"embeddable":true,"href":"https:\/\/lightweb.dev\/l\/svm-temp\/wp-json\/wp\/v2\/comments?post=17597"}],"version-history":[{"count":0,"href":"https:\/\/lightweb.dev\/l\/svm-temp\/wp-json\/wp\/v2\/posts\/17597\/revisions"}],"wp:featuredmedia":[{"embeddable":true,"href":"https:\/\/lightweb.dev\/l\/svm-temp\/wp-json\/wp\/v2\/media\/17598"}],"wp:attachment":[{"href":"https:\/\/lightweb.dev\/l\/svm-temp\/wp-json\/wp\/v2\/media?parent=17597"}],"wp:term":[{"taxonomy":"category","embeddable":true,"href":"https:\/\/lightweb.dev\/l\/svm-temp\/wp-json\/wp\/v2\/categories?post=17597"},{"taxonomy":"post_tag","embeddable":true,"href":"https:\/\/lightweb.dev\/l\/svm-temp\/wp-json\/wp\/v2\/tags?post=17597"}],"curies":[{"name":"wp","href":"https:\/\/api.w.org\/{rel}","templated":true}]}}