{"id":17615,"date":"2018-10-24T00:00:00","date_gmt":"2018-10-23T22:00:00","guid":{"rendered":"https:\/\/lightweb.dev\/l\/svm-temp\/nyheter\/sa-kan-du-hjalpa-till-efter-oversvamningarna\/"},"modified":"2018-10-24T00:00:00","modified_gmt":"2018-10-23T22:00:00","slug":"sa-kan-du-hjalpa-till-efter-oversvamningarna","status":"publish","type":"post","link":"https:\/\/lightweb.dev\/l\/svm-temp\/nyheter\/sa-kan-du-hjalpa-till-efter-oversvamningarna\/","title":{"rendered":"S\u00e5 kan du hj\u00e4lpa till efter \u00f6versv\u00e4mningarna"},"content":{"rendered":"<p> Civilf\u00f6rsvaret Protecci\u00f3n Civil i Campillos, Teba och Sierra de Yeguas ber allm\u00e4nheten om hj\u00e4lp att bidra med vattenflaskor, kl\u00e4der och annan utrustning till de drabbade.<\/p>\n<p>Frivilliga och hj\u00e4lporganisationer har de senaste dagarna organiserat hj\u00e4lp \u00e5t de som drabbades v\u00e4rst vid \u00f6versv\u00e4mningarna i provinsen M\u00e1laga den senaste veckan. Bostadskvarter har f\u00e5tt st\u00e4das fr\u00e5n lera, sand, jord och annat br\u00e5te som regnet f\u00f6rde med sig.<\/p>\n<p>Det r\u00e5der stort behov av f\u00e4rskvatten p\u00e5 flaska i dessa kommuner. \u00c4ven kl\u00e4der och hush\u00e5llsartiklar \u00e4r det stort behov av.<\/p>\n<p>Banker som Unicaja Banco och Caixabank har uppr\u00e4ttat konton f\u00f6r donationer och bidrag i samarbete med provinsstyrelsen Diputaci\u00f3n.<\/p>\n<p>Allm\u00e4nheten kan ta kontakt med Civilf\u00f6rsvaret och f\u00e5 n\u00e4rmare uppgifter p\u00e5 var f\u00e4rskvatten, kl\u00e4der och hush\u00e5llsartiklar kan l\u00e4mnas.<\/p>\n<p>Civilf\u00f6rsvaret i Teba har f\u00f6ljande nummer: 629 261 493<br \/>\nCivilf\u00f6rsvaret i Campillos: 618 825 867<\/p>\n<p>Donationer och bidrag kan s\u00e4ttas in p\u00e5 f\u00f6ljande konton:<br \/>\nCaixabank: ES49 2100 5000 5102 0021 3992.<\/p>\n<p>Konto f\u00f6r samh\u00e4llet Teba:<br \/>\nBanco Sabadell: ES4300817471830001145522<br \/>\nUnicaja: ES6621030171880030005416<br \/>\nCajamar: ES8130580734172732104100<\/p>\n","protected":false},"excerpt":{"rendered":"<p>Civilf\u00f6rsvaret Protecci\u00f3n Civil i Campillos, Teba och Sierra de Yeguas ber allm\u00e4nheten om hj\u00e4lp att bidra med vattenflaskor, kl\u00e4der och annan utrustning till de drabbade. Frivilliga och hj\u00e4lporganisationer har de senaste dagarna organiserat hj\u00e4lp \u00e5t de som drabbades v\u00e4rst vid \u00f6versv\u00e4mningarna i provinsen M\u00e1laga den senaste veckan. Bostadskvarter har f\u00e5tt st\u00e4das fr\u00e5n lera, sand, jord [&hellip;]<\/p>\n","protected":false},"author":8,"featured_media":17616,"comment_status":"open","ping_status":"open","sticky":false,"template":"","format":"standard","meta":{"_et_pb_use_builder":"","_et_pb_old_content":"","_et_gb_content_width":"","footnotes":""},"categories":[395,3],"tags":[],"class_list":["post-17615","post","type-post","status-publish","format-standard","has-post-thumbnail","hentry","category-arkiv-nyheter","category-nyheter"],"yoast_head":"<!-- This site is optimized with the Yoast SEO Premium plugin v26.2 (Yoast SEO v27.4) - https:\/\/yoast.com\/product\/yoast-seo-premium-wordpress\/ -->\n<title>S\u00e5 kan du hj\u00e4lpa till efter \u00f6versv\u00e4mningarna - Svenska Magasinet<\/title>\n<meta name=\"robots\" content=\"noindex, follow, max-snippet:-1, max-image-preview:large, max-video-preview:-1\" \/>\n<meta property=\"og:locale\" content=\"sv_SE\" \/>\n<meta property=\"og:type\" content=\"article\" \/>\n<meta property=\"og:title\" content=\"S\u00e5 kan du hj\u00e4lpa till efter \u00f6versv\u00e4mningarna\" \/>\n<meta property=\"og:description\" content=\"Civilf\u00f6rsvaret Protecci\u00f3n Civil i Campillos, Teba och Sierra de Yeguas ber allm\u00e4nheten om hj\u00e4lp att bidra med vattenflaskor, kl\u00e4der och annan utrustning till de drabbade. Frivilliga och hj\u00e4lporganisationer har de senaste dagarna organiserat hj\u00e4lp \u00e5t de som drabbades v\u00e4rst vid \u00f6versv\u00e4mningarna i provinsen M\u00e1laga den senaste veckan. Bostadskvarter har f\u00e5tt st\u00e4das fr\u00e5n lera, sand, jord [&hellip;]\" \/>\n<meta property=\"og:url\" content=\"https:\/\/lightweb.dev\/l\/svm-temp\/nyheter\/sa-kan-du-hjalpa-till-efter-oversvamningarna\/\" \/>\n<meta property=\"og:site_name\" content=\"Svenska Magasinet\" \/>\n<meta property=\"article:publisher\" content=\"https:\/\/www.facebook.com\/svenskamagasinet\" \/>\n<meta property=\"article:published_time\" content=\"2018-10-23T22:00:00+00:00\" \/>\n<meta property=\"og:image\" content=\"https:\/\/lightweb.dev\/l\/svm-temp\/wp-content\/uploads\/2022\/06\/sa-kan-du-hjalpa-till-efter-oversvamningarna.png\" \/>\n\t<meta property=\"og:image:width\" content=\"500\" \/>\n\t<meta property=\"og:image:height\" content=\"300\" \/>\n\t<meta property=\"og:image:type\" content=\"image\/png\" \/>\n<meta name=\"author\" content=\"Redaktionen SvM\" \/>\n<meta name=\"twitter:card\" content=\"summary_large_image\" \/>\n<meta name=\"twitter:creator\" content=\"@SvenskaMagasine\" \/>\n<meta name=\"twitter:site\" content=\"@SvenskaMagasine\" \/>\n<script type=\"application\/ld+json\" class=\"yoast-schema-graph\">{\"@context\":\"https:\\\/\\\/schema.org\",\"@graph\":[{\"@type\":\"Article\",\"@id\":\"https:\\\/\\\/lightweb.dev\\\/l\\\/svm-temp\\\/nyheter\\\/sa-kan-du-hjalpa-till-efter-oversvamningarna\\\/#article\",\"isPartOf\":{\"@id\":\"https:\\\/\\\/lightweb.dev\\\/l\\\/svm-temp\\\/nyheter\\\/sa-kan-du-hjalpa-till-efter-oversvamningarna\\\/\"},\"author\":{\"name\":\"Redaktionen SvM\",\"@id\":\"https:\\\/\\\/lightweb.dev\\\/l\\\/svm-temp\\\/#\\\/schema\\\/person\\\/206a3bda5b607b0c25e1749191e4d837\"},\"headline\":\"S\u00e5 kan du hj\u00e4lpa till efter \u00f6versv\u00e4mningarna\",\"datePublished\":\"2018-10-23T22:00:00+00:00\",\"mainEntityOfPage\":{\"@id\":\"https:\\\/\\\/lightweb.dev\\\/l\\\/svm-temp\\\/nyheter\\\/sa-kan-du-hjalpa-till-efter-oversvamningarna\\\/\"},\"wordCount\":195,\"commentCount\":0,\"publisher\":{\"@id\":\"https:\\\/\\\/lightweb.dev\\\/l\\\/svm-temp\\\/#organization\"},\"image\":{\"@id\":\"https:\\\/\\\/lightweb.dev\\\/l\\\/svm-temp\\\/nyheter\\\/sa-kan-du-hjalpa-till-efter-oversvamningarna\\\/#primaryimage\"},\"thumbnailUrl\":\"https:\\\/\\\/lightweb.dev\\\/l\\\/svm-temp\\\/wp-content\\\/uploads\\\/2022\\\/06\\\/sa-kan-du-hjalpa-till-efter-oversvamningarna.png\",\"articleSection\":[\"Arkiv\",\"Nyheter\"],\"inLanguage\":\"sv-SE\"},{\"@type\":\"WebPage\",\"@id\":\"https:\\\/\\\/lightweb.dev\\\/l\\\/svm-temp\\\/nyheter\\\/sa-kan-du-hjalpa-till-efter-oversvamningarna\\\/\",\"url\":\"https:\\\/\\\/lightweb.dev\\\/l\\\/svm-temp\\\/nyheter\\\/sa-kan-du-hjalpa-till-efter-oversvamningarna\\\/\",\"name\":\"S\u00e5 kan du hj\u00e4lpa till efter \u00f6versv\u00e4mningarna - Svenska Magasinet\",\"isPartOf\":{\"@id\":\"https:\\\/\\\/lightweb.dev\\\/l\\\/svm-temp\\\/#website\"},\"primaryImageOfPage\":{\"@id\":\"https:\\\/\\\/lightweb.dev\\\/l\\\/svm-temp\\\/nyheter\\\/sa-kan-du-hjalpa-till-efter-oversvamningarna\\\/#primaryimage\"},\"image\":{\"@id\":\"https:\\\/\\\/lightweb.dev\\\/l\\\/svm-temp\\\/nyheter\\\/sa-kan-du-hjalpa-till-efter-oversvamningarna\\\/#primaryimage\"},\"thumbnailUrl\":\"https:\\\/\\\/lightweb.dev\\\/l\\\/svm-temp\\\/wp-content\\\/uploads\\\/2022\\\/06\\\/sa-kan-du-hjalpa-till-efter-oversvamningarna.png\",\"datePublished\":\"2018-10-23T22:00:00+00:00\",\"breadcrumb\":{\"@id\":\"https:\\\/\\\/lightweb.dev\\\/l\\\/svm-temp\\\/nyheter\\\/sa-kan-du-hjalpa-till-efter-oversvamningarna\\\/#breadcrumb\"},\"inLanguage\":\"sv-SE\",\"potentialAction\":[{\"@type\":\"ReadAction\",\"target\":[\"https:\\\/\\\/lightweb.dev\\\/l\\\/svm-temp\\\/nyheter\\\/sa-kan-du-hjalpa-till-efter-oversvamningarna\\\/\"]}]},{\"@type\":\"ImageObject\",\"inLanguage\":\"sv-SE\",\"@id\":\"https:\\\/\\\/lightweb.dev\\\/l\\\/svm-temp\\\/nyheter\\\/sa-kan-du-hjalpa-till-efter-oversvamningarna\\\/#primaryimage\",\"url\":\"https:\\\/\\\/lightweb.dev\\\/l\\\/svm-temp\\\/wp-content\\\/uploads\\\/2022\\\/06\\\/sa-kan-du-hjalpa-till-efter-oversvamningarna.png\",\"contentUrl\":\"https:\\\/\\\/lightweb.dev\\\/l\\\/svm-temp\\\/wp-content\\\/uploads\\\/2022\\\/06\\\/sa-kan-du-hjalpa-till-efter-oversvamningarna.png\",\"width\":500,\"height\":300},{\"@type\":\"BreadcrumbList\",\"@id\":\"https:\\\/\\\/lightweb.dev\\\/l\\\/svm-temp\\\/nyheter\\\/sa-kan-du-hjalpa-till-efter-oversvamningarna\\\/#breadcrumb\",\"itemListElement\":[{\"@type\":\"ListItem\",\"position\":1,\"name\":\"Hem\",\"item\":\"https:\\\/\\\/lightweb.dev\\\/l\\\/svm-temp\\\/\"},{\"@type\":\"ListItem\",\"position\":2,\"name\":\"S\u00e5 kan du hj\u00e4lpa till efter \u00f6versv\u00e4mningarna\"}]},{\"@type\":\"WebSite\",\"@id\":\"https:\\\/\\\/lightweb.dev\\\/l\\\/svm-temp\\\/#website\",\"url\":\"https:\\\/\\\/lightweb.dev\\\/l\\\/svm-temp\\\/\",\"name\":\"Svenska Magasinet\",\"description\":\"Dina Spanska nyheter p&aring; Svenska\",\"publisher\":{\"@id\":\"https:\\\/\\\/lightweb.dev\\\/l\\\/svm-temp\\\/#organization\"},\"potentialAction\":[{\"@type\":\"SearchAction\",\"target\":{\"@type\":\"EntryPoint\",\"urlTemplate\":\"https:\\\/\\\/lightweb.dev\\\/l\\\/svm-temp\\\/?s={search_term_string}\"},\"query-input\":{\"@type\":\"PropertyValueSpecification\",\"valueRequired\":true,\"valueName\":\"search_term_string\"}}],\"inLanguage\":\"sv-SE\"},{\"@type\":\"Organization\",\"@id\":\"https:\\\/\\\/lightweb.dev\\\/l\\\/svm-temp\\\/#organization\",\"name\":\"Melkerson y Nott SL\",\"alternateName\":\"Svenska Magasinet\",\"url\":\"https:\\\/\\\/lightweb.dev\\\/l\\\/svm-temp\\\/\",\"logo\":{\"@type\":\"ImageObject\",\"inLanguage\":\"sv-SE\",\"@id\":\"https:\\\/\\\/lightweb.dev\\\/l\\\/svm-temp\\\/#\\\/schema\\\/logo\\\/image\\\/\",\"url\":\"https:\\\/\\\/lightweb.dev\\\/l\\\/svm-temp\\\/wp-content\\\/uploads\\\/2025\\\/02\\\/SvM-logo-Xtra-Centrerad-SVART.png\",\"contentUrl\":\"https:\\\/\\\/lightweb.dev\\\/l\\\/svm-temp\\\/wp-content\\\/uploads\\\/2025\\\/02\\\/SvM-logo-Xtra-Centrerad-SVART.png\",\"width\":300,\"height\":99,\"caption\":\"Melkerson y Nott SL\"},\"image\":{\"@id\":\"https:\\\/\\\/lightweb.dev\\\/l\\\/svm-temp\\\/#\\\/schema\\\/logo\\\/image\\\/\"},\"sameAs\":[\"https:\\\/\\\/www.facebook.com\\\/svenskamagasinet\",\"https:\\\/\\\/x.com\\\/SvenskaMagasine\"]},{\"@type\":\"Person\",\"@id\":\"https:\\\/\\\/lightweb.dev\\\/l\\\/svm-temp\\\/#\\\/schema\\\/person\\\/206a3bda5b607b0c25e1749191e4d837\",\"name\":\"Redaktionen SvM\",\"description\":\"Redaktionen\",\"sameAs\":[\"https:\\\/\\\/lightweb.dev\\\/l\\\/svm-temp\"],\"url\":\"https:\\\/\\\/lightweb.dev\\\/l\\\/svm-temp\\\/reporter\\\/redaktionen\\\/\"}]}<\/script>\n<!-- \/ Yoast SEO Premium plugin. -->","yoast_head_json":{"title":"S\u00e5 kan du hj\u00e4lpa till efter \u00f6versv\u00e4mningarna - Svenska Magasinet","robots":{"index":"noindex","follow":"follow","max-snippet":"max-snippet:-1","max-image-preview":"max-image-preview:large","max-video-preview":"max-video-preview:-1"},"og_locale":"sv_SE","og_type":"article","og_title":"S\u00e5 kan du hj\u00e4lpa till efter \u00f6versv\u00e4mningarna","og_description":"Civilf\u00f6rsvaret Protecci\u00f3n Civil i Campillos, Teba och Sierra de Yeguas ber allm\u00e4nheten om hj\u00e4lp att bidra med vattenflaskor, kl\u00e4der och annan utrustning till de drabbade. Frivilliga och hj\u00e4lporganisationer har de senaste dagarna organiserat hj\u00e4lp \u00e5t de som drabbades v\u00e4rst vid \u00f6versv\u00e4mningarna i provinsen M\u00e1laga den senaste veckan. Bostadskvarter har f\u00e5tt st\u00e4das fr\u00e5n lera, sand, jord [&hellip;]","og_url":"https:\/\/lightweb.dev\/l\/svm-temp\/nyheter\/sa-kan-du-hjalpa-till-efter-oversvamningarna\/","og_site_name":"Svenska Magasinet","article_publisher":"https:\/\/www.facebook.com\/svenskamagasinet","article_published_time":"2018-10-23T22:00:00+00:00","og_image":[{"width":500,"height":300,"url":"https:\/\/lightweb.dev\/l\/svm-temp\/wp-content\/uploads\/2022\/06\/sa-kan-du-hjalpa-till-efter-oversvamningarna.png","type":"image\/png"}],"author":"Redaktionen SvM","twitter_card":"summary_large_image","twitter_creator":"@SvenskaMagasine","twitter_site":"@SvenskaMagasine","schema":{"@context":"https:\/\/schema.org","@graph":[{"@type":"Article","@id":"https:\/\/lightweb.dev\/l\/svm-temp\/nyheter\/sa-kan-du-hjalpa-till-efter-oversvamningarna\/#article","isPartOf":{"@id":"https:\/\/lightweb.dev\/l\/svm-temp\/nyheter\/sa-kan-du-hjalpa-till-efter-oversvamningarna\/"},"author":{"name":"Redaktionen SvM","@id":"https:\/\/lightweb.dev\/l\/svm-temp\/#\/schema\/person\/206a3bda5b607b0c25e1749191e4d837"},"headline":"S\u00e5 kan du hj\u00e4lpa till efter \u00f6versv\u00e4mningarna","datePublished":"2018-10-23T22:00:00+00:00","mainEntityOfPage":{"@id":"https:\/\/lightweb.dev\/l\/svm-temp\/nyheter\/sa-kan-du-hjalpa-till-efter-oversvamningarna\/"},"wordCount":195,"commentCount":0,"publisher":{"@id":"https:\/\/lightweb.dev\/l\/svm-temp\/#organization"},"image":{"@id":"https:\/\/lightweb.dev\/l\/svm-temp\/nyheter\/sa-kan-du-hjalpa-till-efter-oversvamningarna\/#primaryimage"},"thumbnailUrl":"https:\/\/lightweb.dev\/l\/svm-temp\/wp-content\/uploads\/2022\/06\/sa-kan-du-hjalpa-till-efter-oversvamningarna.png","articleSection":["Arkiv","Nyheter"],"inLanguage":"sv-SE"},{"@type":"WebPage","@id":"https:\/\/lightweb.dev\/l\/svm-temp\/nyheter\/sa-kan-du-hjalpa-till-efter-oversvamningarna\/","url":"https:\/\/lightweb.dev\/l\/svm-temp\/nyheter\/sa-kan-du-hjalpa-till-efter-oversvamningarna\/","name":"S\u00e5 kan du hj\u00e4lpa till efter \u00f6versv\u00e4mningarna - Svenska Magasinet","isPartOf":{"@id":"https:\/\/lightweb.dev\/l\/svm-temp\/#website"},"primaryImageOfPage":{"@id":"https:\/\/lightweb.dev\/l\/svm-temp\/nyheter\/sa-kan-du-hjalpa-till-efter-oversvamningarna\/#primaryimage"},"image":{"@id":"https:\/\/lightweb.dev\/l\/svm-temp\/nyheter\/sa-kan-du-hjalpa-till-efter-oversvamningarna\/#primaryimage"},"thumbnailUrl":"https:\/\/lightweb.dev\/l\/svm-temp\/wp-content\/uploads\/2022\/06\/sa-kan-du-hjalpa-till-efter-oversvamningarna.png","datePublished":"2018-10-23T22:00:00+00:00","breadcrumb":{"@id":"https:\/\/lightweb.dev\/l\/svm-temp\/nyheter\/sa-kan-du-hjalpa-till-efter-oversvamningarna\/#breadcrumb"},"inLanguage":"sv-SE","potentialAction":[{"@type":"ReadAction","target":["https:\/\/lightweb.dev\/l\/svm-temp\/nyheter\/sa-kan-du-hjalpa-till-efter-oversvamningarna\/"]}]},{"@type":"ImageObject","inLanguage":"sv-SE","@id":"https:\/\/lightweb.dev\/l\/svm-temp\/nyheter\/sa-kan-du-hjalpa-till-efter-oversvamningarna\/#primaryimage","url":"https:\/\/lightweb.dev\/l\/svm-temp\/wp-content\/uploads\/2022\/06\/sa-kan-du-hjalpa-till-efter-oversvamningarna.png","contentUrl":"https:\/\/lightweb.dev\/l\/svm-temp\/wp-content\/uploads\/2022\/06\/sa-kan-du-hjalpa-till-efter-oversvamningarna.png","width":500,"height":300},{"@type":"BreadcrumbList","@id":"https:\/\/lightweb.dev\/l\/svm-temp\/nyheter\/sa-kan-du-hjalpa-till-efter-oversvamningarna\/#breadcrumb","itemListElement":[{"@type":"ListItem","position":1,"name":"Hem","item":"https:\/\/lightweb.dev\/l\/svm-temp\/"},{"@type":"ListItem","position":2,"name":"S\u00e5 kan du hj\u00e4lpa till efter \u00f6versv\u00e4mningarna"}]},{"@type":"WebSite","@id":"https:\/\/lightweb.dev\/l\/svm-temp\/#website","url":"https:\/\/lightweb.dev\/l\/svm-temp\/","name":"Svenska Magasinet","description":"Dina Spanska nyheter p&aring; Svenska","publisher":{"@id":"https:\/\/lightweb.dev\/l\/svm-temp\/#organization"},"potentialAction":[{"@type":"SearchAction","target":{"@type":"EntryPoint","urlTemplate":"https:\/\/lightweb.dev\/l\/svm-temp\/?s={search_term_string}"},"query-input":{"@type":"PropertyValueSpecification","valueRequired":true,"valueName":"search_term_string"}}],"inLanguage":"sv-SE"},{"@type":"Organization","@id":"https:\/\/lightweb.dev\/l\/svm-temp\/#organization","name":"Melkerson y Nott SL","alternateName":"Svenska Magasinet","url":"https:\/\/lightweb.dev\/l\/svm-temp\/","logo":{"@type":"ImageObject","inLanguage":"sv-SE","@id":"https:\/\/lightweb.dev\/l\/svm-temp\/#\/schema\/logo\/image\/","url":"https:\/\/lightweb.dev\/l\/svm-temp\/wp-content\/uploads\/2025\/02\/SvM-logo-Xtra-Centrerad-SVART.png","contentUrl":"https:\/\/lightweb.dev\/l\/svm-temp\/wp-content\/uploads\/2025\/02\/SvM-logo-Xtra-Centrerad-SVART.png","width":300,"height":99,"caption":"Melkerson y Nott SL"},"image":{"@id":"https:\/\/lightweb.dev\/l\/svm-temp\/#\/schema\/logo\/image\/"},"sameAs":["https:\/\/www.facebook.com\/svenskamagasinet","https:\/\/x.com\/SvenskaMagasine"]},{"@type":"Person","@id":"https:\/\/lightweb.dev\/l\/svm-temp\/#\/schema\/person\/206a3bda5b607b0c25e1749191e4d837","name":"Redaktionen SvM","description":"Redaktionen","sameAs":["https:\/\/lightweb.dev\/l\/svm-temp"],"url":"https:\/\/lightweb.dev\/l\/svm-temp\/reporter\/redaktionen\/"}]}},"_links":{"self":[{"href":"https:\/\/lightweb.dev\/l\/svm-temp\/wp-json\/wp\/v2\/posts\/17615","targetHints":{"allow":["GET"]}}],"collection":[{"href":"https:\/\/lightweb.dev\/l\/svm-temp\/wp-json\/wp\/v2\/posts"}],"about":[{"href":"https:\/\/lightweb.dev\/l\/svm-temp\/wp-json\/wp\/v2\/types\/post"}],"author":[{"embeddable":true,"href":"https:\/\/lightweb.dev\/l\/svm-temp\/wp-json\/wp\/v2\/users\/8"}],"replies":[{"embeddable":true,"href":"https:\/\/lightweb.dev\/l\/svm-temp\/wp-json\/wp\/v2\/comments?post=17615"}],"version-history":[{"count":0,"href":"https:\/\/lightweb.dev\/l\/svm-temp\/wp-json\/wp\/v2\/posts\/17615\/revisions"}],"wp:featuredmedia":[{"embeddable":true,"href":"https:\/\/lightweb.dev\/l\/svm-temp\/wp-json\/wp\/v2\/media\/17616"}],"wp:attachment":[{"href":"https:\/\/lightweb.dev\/l\/svm-temp\/wp-json\/wp\/v2\/media?parent=17615"}],"wp:term":[{"taxonomy":"category","embeddable":true,"href":"https:\/\/lightweb.dev\/l\/svm-temp\/wp-json\/wp\/v2\/categories?post=17615"},{"taxonomy":"post_tag","embeddable":true,"href":"https:\/\/lightweb.dev\/l\/svm-temp\/wp-json\/wp\/v2\/tags?post=17615"}],"curies":[{"name":"wp","href":"https:\/\/api.w.org\/{rel}","templated":true}]}}