{"id":17621,"date":"2018-10-23T00:00:00","date_gmt":"2018-10-22T22:00:00","guid":{"rendered":"https:\/\/lightweb.dev\/l\/svm-temp\/nyheter\/hundagare-far-dryga-boter-for-brott-mot-ordningsstadgan\/"},"modified":"2018-10-23T00:00:00","modified_gmt":"2018-10-22T22:00:00","slug":"hundagare-far-dryga-boter-for-brott-mot-ordningsstadgan","status":"publish","type":"post","link":"https:\/\/lightweb.dev\/l\/svm-temp\/nyheter\/hundagare-far-dryga-boter-for-brott-mot-ordningsstadgan\/","title":{"rendered":"Hund\u00e4gare f\u00e5r dryga b\u00f6ter f\u00f6r brott mot ordningsstadgan"},"content":{"rendered":"<p> Lokalpolisen i M\u00e1laga b\u00f6tf\u00e4ller m\u00e5nga hund\u00e4gare f\u00f6r att inte ha uppfyllt kommunens regler om att alla hundar skall inte bara ha mikrochip utan f\u00f6r att de dessutom skall ha hundarnas DNA-profil registrerad.<\/p>\n<p>Sedan b\u00f6rjan p\u00e5 \u00e5ret har lokalpolisen hittills anm\u00e4lt 467 hund\u00e4gare f\u00f6r att DNA-profilen inte \u00e4r registrerad i kommunens register, detta medf\u00f6r b\u00f6ter p\u00e5 75 \u2013 500 euro.<\/p>\n<p>F\u00f6r n\u00e4rvarande ber\u00e4knas det totala antalet hundar i M\u00e1laga kommun uppg\u00e5 till cirka 70.000, varav 80% har mikrochip enligt den kommunala f\u00f6rordningen fr\u00e5n 1996. Dessutom ber\u00e4knas det att h\u00e4lften av hundarna har sin DNA-profil registrerad.<\/p>\n<p>F\u00f6rordningen i M\u00e1laga \u00e4ger ocks\u00e5 att hund\u00e4garen f\u00e5r en numrerad registreringsbricka som skall sitta p\u00e5 hundens halsband n\u00e4r det befinner sig p\u00e5 stadens gator, samt ett kort som hund\u00e4garen skall ha p\u00e5 sig.<\/p>\n<p>Det har i \u00e5r kommit in 140 anm\u00e4lningar fr\u00e4n allm\u00e4nheten mot hund\u00e4gare som inte har plockat upp efter sina hundar. Lokalpolisen intensifierar nu sin \u00f6vervakning f\u00f6r att haffa de som \u00e4nnu inte har registrerat DNA-profilen och de som till\u00e5ter sina djur att utr\u00e4tta sina behov p\u00e5 allm\u00e4n mark.<\/p>\n<p>Under de senaste nio \u00e5ren har 2.652 hund\u00e4gare anm\u00e4lts f\u00f6r att deras djur har f\u00f6rorenat p\u00e5 kommunens gator och parker, en f\u00f6rseelse som kan ge upp till 500 euro i b\u00f6ter.<\/p>\n","protected":false},"excerpt":{"rendered":"<p>Lokalpolisen i M\u00e1laga b\u00f6tf\u00e4ller m\u00e5nga hund\u00e4gare f\u00f6r att inte ha uppfyllt kommunens regler om att alla hundar skall inte bara ha mikrochip utan f\u00f6r att de dessutom skall ha hundarnas DNA-profil registrerad. Sedan b\u00f6rjan p\u00e5 \u00e5ret har lokalpolisen hittills anm\u00e4lt 467 hund\u00e4gare f\u00f6r att DNA-profilen inte \u00e4r registrerad i kommunens register, detta medf\u00f6r b\u00f6ter p\u00e5 [&hellip;]<\/p>\n","protected":false},"author":8,"featured_media":17622,"comment_status":"open","ping_status":"open","sticky":false,"template":"","format":"standard","meta":{"_et_pb_use_builder":"","_et_pb_old_content":"","_et_gb_content_width":"","footnotes":""},"categories":[395,3],"tags":[],"class_list":["post-17621","post","type-post","status-publish","format-standard","has-post-thumbnail","hentry","category-arkiv-nyheter","category-nyheter"],"yoast_head":"<!-- This site is optimized with the Yoast SEO Premium plugin v26.2 (Yoast SEO v27.4) - https:\/\/yoast.com\/product\/yoast-seo-premium-wordpress\/ -->\n<title>Hund\u00e4gare f\u00e5r dryga b\u00f6ter f\u00f6r brott mot ordningsstadgan - Svenska Magasinet<\/title>\n<meta name=\"robots\" content=\"noindex, follow, max-snippet:-1, max-image-preview:large, max-video-preview:-1\" \/>\n<meta property=\"og:locale\" content=\"sv_SE\" \/>\n<meta property=\"og:type\" content=\"article\" \/>\n<meta property=\"og:title\" content=\"Hund\u00e4gare f\u00e5r dryga b\u00f6ter f\u00f6r brott mot ordningsstadgan\" \/>\n<meta property=\"og:description\" content=\"Lokalpolisen i M\u00e1laga b\u00f6tf\u00e4ller m\u00e5nga hund\u00e4gare f\u00f6r att inte ha uppfyllt kommunens regler om att alla hundar skall inte bara ha mikrochip utan f\u00f6r att de dessutom skall ha hundarnas DNA-profil registrerad. Sedan b\u00f6rjan p\u00e5 \u00e5ret har lokalpolisen hittills anm\u00e4lt 467 hund\u00e4gare f\u00f6r att DNA-profilen inte \u00e4r registrerad i kommunens register, detta medf\u00f6r b\u00f6ter p\u00e5 [&hellip;]\" \/>\n<meta property=\"og:url\" content=\"https:\/\/lightweb.dev\/l\/svm-temp\/nyheter\/hundagare-far-dryga-boter-for-brott-mot-ordningsstadgan\/\" \/>\n<meta property=\"og:site_name\" content=\"Svenska Magasinet\" \/>\n<meta property=\"article:publisher\" content=\"https:\/\/www.facebook.com\/svenskamagasinet\" \/>\n<meta property=\"article:published_time\" content=\"2018-10-22T22:00:00+00:00\" \/>\n<meta property=\"og:image\" content=\"https:\/\/lightweb.dev\/l\/svm-temp\/wp-content\/uploads\/2022\/06\/hundagare-far-dryga-boter-for-brott-mot-ordningsstadgan.png\" \/>\n\t<meta property=\"og:image:width\" content=\"500\" \/>\n\t<meta property=\"og:image:height\" content=\"300\" \/>\n\t<meta property=\"og:image:type\" content=\"image\/png\" \/>\n<meta name=\"author\" content=\"Redaktionen SvM\" \/>\n<meta name=\"twitter:card\" content=\"summary_large_image\" \/>\n<meta name=\"twitter:creator\" content=\"@SvenskaMagasine\" \/>\n<meta name=\"twitter:site\" content=\"@SvenskaMagasine\" \/>\n<script type=\"application\/ld+json\" class=\"yoast-schema-graph\">{\"@context\":\"https:\\\/\\\/schema.org\",\"@graph\":[{\"@type\":\"Article\",\"@id\":\"https:\\\/\\\/lightweb.dev\\\/l\\\/svm-temp\\\/nyheter\\\/hundagare-far-dryga-boter-for-brott-mot-ordningsstadgan\\\/#article\",\"isPartOf\":{\"@id\":\"https:\\\/\\\/lightweb.dev\\\/l\\\/svm-temp\\\/nyheter\\\/hundagare-far-dryga-boter-for-brott-mot-ordningsstadgan\\\/\"},\"author\":{\"name\":\"Redaktionen SvM\",\"@id\":\"https:\\\/\\\/lightweb.dev\\\/l\\\/svm-temp\\\/#\\\/schema\\\/person\\\/206a3bda5b607b0c25e1749191e4d837\"},\"headline\":\"Hund\u00e4gare f\u00e5r dryga b\u00f6ter f\u00f6r brott mot ordningsstadgan\",\"datePublished\":\"2018-10-22T22:00:00+00:00\",\"mainEntityOfPage\":{\"@id\":\"https:\\\/\\\/lightweb.dev\\\/l\\\/svm-temp\\\/nyheter\\\/hundagare-far-dryga-boter-for-brott-mot-ordningsstadgan\\\/\"},\"wordCount\":249,\"commentCount\":0,\"publisher\":{\"@id\":\"https:\\\/\\\/lightweb.dev\\\/l\\\/svm-temp\\\/#organization\"},\"image\":{\"@id\":\"https:\\\/\\\/lightweb.dev\\\/l\\\/svm-temp\\\/nyheter\\\/hundagare-far-dryga-boter-for-brott-mot-ordningsstadgan\\\/#primaryimage\"},\"thumbnailUrl\":\"https:\\\/\\\/lightweb.dev\\\/l\\\/svm-temp\\\/wp-content\\\/uploads\\\/2022\\\/06\\\/hundagare-far-dryga-boter-for-brott-mot-ordningsstadgan.png\",\"articleSection\":[\"Arkiv\",\"Nyheter\"],\"inLanguage\":\"sv-SE\"},{\"@type\":\"WebPage\",\"@id\":\"https:\\\/\\\/lightweb.dev\\\/l\\\/svm-temp\\\/nyheter\\\/hundagare-far-dryga-boter-for-brott-mot-ordningsstadgan\\\/\",\"url\":\"https:\\\/\\\/lightweb.dev\\\/l\\\/svm-temp\\\/nyheter\\\/hundagare-far-dryga-boter-for-brott-mot-ordningsstadgan\\\/\",\"name\":\"Hund\u00e4gare f\u00e5r dryga b\u00f6ter f\u00f6r brott mot ordningsstadgan - Svenska Magasinet\",\"isPartOf\":{\"@id\":\"https:\\\/\\\/lightweb.dev\\\/l\\\/svm-temp\\\/#website\"},\"primaryImageOfPage\":{\"@id\":\"https:\\\/\\\/lightweb.dev\\\/l\\\/svm-temp\\\/nyheter\\\/hundagare-far-dryga-boter-for-brott-mot-ordningsstadgan\\\/#primaryimage\"},\"image\":{\"@id\":\"https:\\\/\\\/lightweb.dev\\\/l\\\/svm-temp\\\/nyheter\\\/hundagare-far-dryga-boter-for-brott-mot-ordningsstadgan\\\/#primaryimage\"},\"thumbnailUrl\":\"https:\\\/\\\/lightweb.dev\\\/l\\\/svm-temp\\\/wp-content\\\/uploads\\\/2022\\\/06\\\/hundagare-far-dryga-boter-for-brott-mot-ordningsstadgan.png\",\"datePublished\":\"2018-10-22T22:00:00+00:00\",\"breadcrumb\":{\"@id\":\"https:\\\/\\\/lightweb.dev\\\/l\\\/svm-temp\\\/nyheter\\\/hundagare-far-dryga-boter-for-brott-mot-ordningsstadgan\\\/#breadcrumb\"},\"inLanguage\":\"sv-SE\",\"potentialAction\":[{\"@type\":\"ReadAction\",\"target\":[\"https:\\\/\\\/lightweb.dev\\\/l\\\/svm-temp\\\/nyheter\\\/hundagare-far-dryga-boter-for-brott-mot-ordningsstadgan\\\/\"]}]},{\"@type\":\"ImageObject\",\"inLanguage\":\"sv-SE\",\"@id\":\"https:\\\/\\\/lightweb.dev\\\/l\\\/svm-temp\\\/nyheter\\\/hundagare-far-dryga-boter-for-brott-mot-ordningsstadgan\\\/#primaryimage\",\"url\":\"https:\\\/\\\/lightweb.dev\\\/l\\\/svm-temp\\\/wp-content\\\/uploads\\\/2022\\\/06\\\/hundagare-far-dryga-boter-for-brott-mot-ordningsstadgan.png\",\"contentUrl\":\"https:\\\/\\\/lightweb.dev\\\/l\\\/svm-temp\\\/wp-content\\\/uploads\\\/2022\\\/06\\\/hundagare-far-dryga-boter-for-brott-mot-ordningsstadgan.png\",\"width\":500,\"height\":300},{\"@type\":\"BreadcrumbList\",\"@id\":\"https:\\\/\\\/lightweb.dev\\\/l\\\/svm-temp\\\/nyheter\\\/hundagare-far-dryga-boter-for-brott-mot-ordningsstadgan\\\/#breadcrumb\",\"itemListElement\":[{\"@type\":\"ListItem\",\"position\":1,\"name\":\"Hem\",\"item\":\"https:\\\/\\\/lightweb.dev\\\/l\\\/svm-temp\\\/\"},{\"@type\":\"ListItem\",\"position\":2,\"name\":\"Hund\u00e4gare f\u00e5r dryga b\u00f6ter f\u00f6r brott mot ordningsstadgan\"}]},{\"@type\":\"WebSite\",\"@id\":\"https:\\\/\\\/lightweb.dev\\\/l\\\/svm-temp\\\/#website\",\"url\":\"https:\\\/\\\/lightweb.dev\\\/l\\\/svm-temp\\\/\",\"name\":\"Svenska Magasinet\",\"description\":\"Dina Spanska nyheter p&aring; Svenska\",\"publisher\":{\"@id\":\"https:\\\/\\\/lightweb.dev\\\/l\\\/svm-temp\\\/#organization\"},\"potentialAction\":[{\"@type\":\"SearchAction\",\"target\":{\"@type\":\"EntryPoint\",\"urlTemplate\":\"https:\\\/\\\/lightweb.dev\\\/l\\\/svm-temp\\\/?s={search_term_string}\"},\"query-input\":{\"@type\":\"PropertyValueSpecification\",\"valueRequired\":true,\"valueName\":\"search_term_string\"}}],\"inLanguage\":\"sv-SE\"},{\"@type\":\"Organization\",\"@id\":\"https:\\\/\\\/lightweb.dev\\\/l\\\/svm-temp\\\/#organization\",\"name\":\"Melkerson y Nott SL\",\"alternateName\":\"Svenska Magasinet\",\"url\":\"https:\\\/\\\/lightweb.dev\\\/l\\\/svm-temp\\\/\",\"logo\":{\"@type\":\"ImageObject\",\"inLanguage\":\"sv-SE\",\"@id\":\"https:\\\/\\\/lightweb.dev\\\/l\\\/svm-temp\\\/#\\\/schema\\\/logo\\\/image\\\/\",\"url\":\"https:\\\/\\\/lightweb.dev\\\/l\\\/svm-temp\\\/wp-content\\\/uploads\\\/2025\\\/02\\\/SvM-logo-Xtra-Centrerad-SVART.png\",\"contentUrl\":\"https:\\\/\\\/lightweb.dev\\\/l\\\/svm-temp\\\/wp-content\\\/uploads\\\/2025\\\/02\\\/SvM-logo-Xtra-Centrerad-SVART.png\",\"width\":300,\"height\":99,\"caption\":\"Melkerson y Nott SL\"},\"image\":{\"@id\":\"https:\\\/\\\/lightweb.dev\\\/l\\\/svm-temp\\\/#\\\/schema\\\/logo\\\/image\\\/\"},\"sameAs\":[\"https:\\\/\\\/www.facebook.com\\\/svenskamagasinet\",\"https:\\\/\\\/x.com\\\/SvenskaMagasine\"]},{\"@type\":\"Person\",\"@id\":\"https:\\\/\\\/lightweb.dev\\\/l\\\/svm-temp\\\/#\\\/schema\\\/person\\\/206a3bda5b607b0c25e1749191e4d837\",\"name\":\"Redaktionen SvM\",\"description\":\"Redaktionen\",\"sameAs\":[\"https:\\\/\\\/lightweb.dev\\\/l\\\/svm-temp\"],\"url\":\"https:\\\/\\\/lightweb.dev\\\/l\\\/svm-temp\\\/reporter\\\/redaktionen\\\/\"}]}<\/script>\n<!-- \/ Yoast SEO Premium plugin. -->","yoast_head_json":{"title":"Hund\u00e4gare f\u00e5r dryga b\u00f6ter f\u00f6r brott mot ordningsstadgan - Svenska Magasinet","robots":{"index":"noindex","follow":"follow","max-snippet":"max-snippet:-1","max-image-preview":"max-image-preview:large","max-video-preview":"max-video-preview:-1"},"og_locale":"sv_SE","og_type":"article","og_title":"Hund\u00e4gare f\u00e5r dryga b\u00f6ter f\u00f6r brott mot ordningsstadgan","og_description":"Lokalpolisen i M\u00e1laga b\u00f6tf\u00e4ller m\u00e5nga hund\u00e4gare f\u00f6r att inte ha uppfyllt kommunens regler om att alla hundar skall inte bara ha mikrochip utan f\u00f6r att de dessutom skall ha hundarnas DNA-profil registrerad. Sedan b\u00f6rjan p\u00e5 \u00e5ret har lokalpolisen hittills anm\u00e4lt 467 hund\u00e4gare f\u00f6r att DNA-profilen inte \u00e4r registrerad i kommunens register, detta medf\u00f6r b\u00f6ter p\u00e5 [&hellip;]","og_url":"https:\/\/lightweb.dev\/l\/svm-temp\/nyheter\/hundagare-far-dryga-boter-for-brott-mot-ordningsstadgan\/","og_site_name":"Svenska Magasinet","article_publisher":"https:\/\/www.facebook.com\/svenskamagasinet","article_published_time":"2018-10-22T22:00:00+00:00","og_image":[{"width":500,"height":300,"url":"https:\/\/lightweb.dev\/l\/svm-temp\/wp-content\/uploads\/2022\/06\/hundagare-far-dryga-boter-for-brott-mot-ordningsstadgan.png","type":"image\/png"}],"author":"Redaktionen SvM","twitter_card":"summary_large_image","twitter_creator":"@SvenskaMagasine","twitter_site":"@SvenskaMagasine","schema":{"@context":"https:\/\/schema.org","@graph":[{"@type":"Article","@id":"https:\/\/lightweb.dev\/l\/svm-temp\/nyheter\/hundagare-far-dryga-boter-for-brott-mot-ordningsstadgan\/#article","isPartOf":{"@id":"https:\/\/lightweb.dev\/l\/svm-temp\/nyheter\/hundagare-far-dryga-boter-for-brott-mot-ordningsstadgan\/"},"author":{"name":"Redaktionen SvM","@id":"https:\/\/lightweb.dev\/l\/svm-temp\/#\/schema\/person\/206a3bda5b607b0c25e1749191e4d837"},"headline":"Hund\u00e4gare f\u00e5r dryga b\u00f6ter f\u00f6r brott mot ordningsstadgan","datePublished":"2018-10-22T22:00:00+00:00","mainEntityOfPage":{"@id":"https:\/\/lightweb.dev\/l\/svm-temp\/nyheter\/hundagare-far-dryga-boter-for-brott-mot-ordningsstadgan\/"},"wordCount":249,"commentCount":0,"publisher":{"@id":"https:\/\/lightweb.dev\/l\/svm-temp\/#organization"},"image":{"@id":"https:\/\/lightweb.dev\/l\/svm-temp\/nyheter\/hundagare-far-dryga-boter-for-brott-mot-ordningsstadgan\/#primaryimage"},"thumbnailUrl":"https:\/\/lightweb.dev\/l\/svm-temp\/wp-content\/uploads\/2022\/06\/hundagare-far-dryga-boter-for-brott-mot-ordningsstadgan.png","articleSection":["Arkiv","Nyheter"],"inLanguage":"sv-SE"},{"@type":"WebPage","@id":"https:\/\/lightweb.dev\/l\/svm-temp\/nyheter\/hundagare-far-dryga-boter-for-brott-mot-ordningsstadgan\/","url":"https:\/\/lightweb.dev\/l\/svm-temp\/nyheter\/hundagare-far-dryga-boter-for-brott-mot-ordningsstadgan\/","name":"Hund\u00e4gare f\u00e5r dryga b\u00f6ter f\u00f6r brott mot ordningsstadgan - Svenska Magasinet","isPartOf":{"@id":"https:\/\/lightweb.dev\/l\/svm-temp\/#website"},"primaryImageOfPage":{"@id":"https:\/\/lightweb.dev\/l\/svm-temp\/nyheter\/hundagare-far-dryga-boter-for-brott-mot-ordningsstadgan\/#primaryimage"},"image":{"@id":"https:\/\/lightweb.dev\/l\/svm-temp\/nyheter\/hundagare-far-dryga-boter-for-brott-mot-ordningsstadgan\/#primaryimage"},"thumbnailUrl":"https:\/\/lightweb.dev\/l\/svm-temp\/wp-content\/uploads\/2022\/06\/hundagare-far-dryga-boter-for-brott-mot-ordningsstadgan.png","datePublished":"2018-10-22T22:00:00+00:00","breadcrumb":{"@id":"https:\/\/lightweb.dev\/l\/svm-temp\/nyheter\/hundagare-far-dryga-boter-for-brott-mot-ordningsstadgan\/#breadcrumb"},"inLanguage":"sv-SE","potentialAction":[{"@type":"ReadAction","target":["https:\/\/lightweb.dev\/l\/svm-temp\/nyheter\/hundagare-far-dryga-boter-for-brott-mot-ordningsstadgan\/"]}]},{"@type":"ImageObject","inLanguage":"sv-SE","@id":"https:\/\/lightweb.dev\/l\/svm-temp\/nyheter\/hundagare-far-dryga-boter-for-brott-mot-ordningsstadgan\/#primaryimage","url":"https:\/\/lightweb.dev\/l\/svm-temp\/wp-content\/uploads\/2022\/06\/hundagare-far-dryga-boter-for-brott-mot-ordningsstadgan.png","contentUrl":"https:\/\/lightweb.dev\/l\/svm-temp\/wp-content\/uploads\/2022\/06\/hundagare-far-dryga-boter-for-brott-mot-ordningsstadgan.png","width":500,"height":300},{"@type":"BreadcrumbList","@id":"https:\/\/lightweb.dev\/l\/svm-temp\/nyheter\/hundagare-far-dryga-boter-for-brott-mot-ordningsstadgan\/#breadcrumb","itemListElement":[{"@type":"ListItem","position":1,"name":"Hem","item":"https:\/\/lightweb.dev\/l\/svm-temp\/"},{"@type":"ListItem","position":2,"name":"Hund\u00e4gare f\u00e5r dryga b\u00f6ter f\u00f6r brott mot ordningsstadgan"}]},{"@type":"WebSite","@id":"https:\/\/lightweb.dev\/l\/svm-temp\/#website","url":"https:\/\/lightweb.dev\/l\/svm-temp\/","name":"Svenska Magasinet","description":"Dina Spanska nyheter p&aring; Svenska","publisher":{"@id":"https:\/\/lightweb.dev\/l\/svm-temp\/#organization"},"potentialAction":[{"@type":"SearchAction","target":{"@type":"EntryPoint","urlTemplate":"https:\/\/lightweb.dev\/l\/svm-temp\/?s={search_term_string}"},"query-input":{"@type":"PropertyValueSpecification","valueRequired":true,"valueName":"search_term_string"}}],"inLanguage":"sv-SE"},{"@type":"Organization","@id":"https:\/\/lightweb.dev\/l\/svm-temp\/#organization","name":"Melkerson y Nott SL","alternateName":"Svenska Magasinet","url":"https:\/\/lightweb.dev\/l\/svm-temp\/","logo":{"@type":"ImageObject","inLanguage":"sv-SE","@id":"https:\/\/lightweb.dev\/l\/svm-temp\/#\/schema\/logo\/image\/","url":"https:\/\/lightweb.dev\/l\/svm-temp\/wp-content\/uploads\/2025\/02\/SvM-logo-Xtra-Centrerad-SVART.png","contentUrl":"https:\/\/lightweb.dev\/l\/svm-temp\/wp-content\/uploads\/2025\/02\/SvM-logo-Xtra-Centrerad-SVART.png","width":300,"height":99,"caption":"Melkerson y Nott SL"},"image":{"@id":"https:\/\/lightweb.dev\/l\/svm-temp\/#\/schema\/logo\/image\/"},"sameAs":["https:\/\/www.facebook.com\/svenskamagasinet","https:\/\/x.com\/SvenskaMagasine"]},{"@type":"Person","@id":"https:\/\/lightweb.dev\/l\/svm-temp\/#\/schema\/person\/206a3bda5b607b0c25e1749191e4d837","name":"Redaktionen SvM","description":"Redaktionen","sameAs":["https:\/\/lightweb.dev\/l\/svm-temp"],"url":"https:\/\/lightweb.dev\/l\/svm-temp\/reporter\/redaktionen\/"}]}},"_links":{"self":[{"href":"https:\/\/lightweb.dev\/l\/svm-temp\/wp-json\/wp\/v2\/posts\/17621","targetHints":{"allow":["GET"]}}],"collection":[{"href":"https:\/\/lightweb.dev\/l\/svm-temp\/wp-json\/wp\/v2\/posts"}],"about":[{"href":"https:\/\/lightweb.dev\/l\/svm-temp\/wp-json\/wp\/v2\/types\/post"}],"author":[{"embeddable":true,"href":"https:\/\/lightweb.dev\/l\/svm-temp\/wp-json\/wp\/v2\/users\/8"}],"replies":[{"embeddable":true,"href":"https:\/\/lightweb.dev\/l\/svm-temp\/wp-json\/wp\/v2\/comments?post=17621"}],"version-history":[{"count":0,"href":"https:\/\/lightweb.dev\/l\/svm-temp\/wp-json\/wp\/v2\/posts\/17621\/revisions"}],"wp:featuredmedia":[{"embeddable":true,"href":"https:\/\/lightweb.dev\/l\/svm-temp\/wp-json\/wp\/v2\/media\/17622"}],"wp:attachment":[{"href":"https:\/\/lightweb.dev\/l\/svm-temp\/wp-json\/wp\/v2\/media?parent=17621"}],"wp:term":[{"taxonomy":"category","embeddable":true,"href":"https:\/\/lightweb.dev\/l\/svm-temp\/wp-json\/wp\/v2\/categories?post=17621"},{"taxonomy":"post_tag","embeddable":true,"href":"https:\/\/lightweb.dev\/l\/svm-temp\/wp-json\/wp\/v2\/tags?post=17621"}],"curies":[{"name":"wp","href":"https:\/\/api.w.org\/{rel}","templated":true}]}}