{"id":17863,"date":"2018-09-05T00:00:00","date_gmt":"2018-09-04T22:00:00","guid":{"rendered":"https:\/\/lightweb.dev\/l\/svm-temp\/nyheter\/norrman-gripen-for-ett-brutalt-drap\/"},"modified":"2018-09-05T00:00:00","modified_gmt":"2018-09-04T22:00:00","slug":"norrman-gripen-for-ett-brutalt-drap","status":"publish","type":"post","link":"https:\/\/lightweb.dev\/l\/svm-temp\/nyheter\/norrman-gripen-for-ett-brutalt-drap\/","title":{"rendered":"Norrman gripen f\u00f6r ett brutalt dr\u00e5p"},"content":{"rendered":"<p> Fyra personer kopplade till ett kriminellt g\u00e4ng i Holland som sk\u00f6t en person till d\u00f6ds i Mijas 2016 \u00e4r identifierade. Tre av dem \u00e4r gripna och en fj\u00e4rde d\u00f6dad, allt \u00e4r relaterat till en konflikt med ett annat kriminellt g\u00e4ng r\u00f6rande st\u00f6ld av en kokainf\u00f6rs\u00e4ndelse.<\/p>\n<p>En av de gripna \u00e4r en 36-\u00e5rig norrman, tv\u00e5 \u00e4r holl\u00e4ndare, 28 respektive 23 \u00e5r gamla. Den fj\u00e4rde av de lejda m\u00f6rdarna sk\u00f6ts till d\u00f6ds under en skottlossning i Medellin i Colombia i december 2016.<\/p>\n<p>Enligt Guardia Civil var det den 19 augusti 2016 i urbanisationen Calypso i Mijas (M\u00e1laga) som h\u00e4ndelsen utspelade sig.  Det var en narkotikauppg\u00f6relse med f\u00f6rgreningar till Holland. En 46-\u00e5rig colombian blev skjuten till d\u00f6ds efter att ha tr\u00e4ffats av sju skott, hans dams\u00e4llskap, ocks\u00e5 hon fr\u00e5n Colombia fick fem skott i sig men \u00f6verlevde. B\u00e5da tv\u00e5 sk\u00f6ts bakifr\u00e5n.<\/p>\n<p>Efter en l\u00e5ng utredning med samverkan mellan Guardia Civil och polis och r\u00e4ttsliga myndigheter i Holland, Norge och Colombia identifierades de p\u00e5st\u00e5dda f\u00f6r\u00f6varna av mordet och mordf\u00f6rs\u00f6ket. En Europeisk arresteringsorder utf\u00e4rdades och f\u00f6r\u00f6varna kunde gripas (f\u00f6rutom den d\u00f6de f\u00f6r\u00f6varen). <\/p>\n<p>Under utredningen har det vidtagits fem husrannsakningar p\u00e5 Costa del Sol i flera olika kommuner. Det har d\u00e5 beslagtagits tre pistoler med ammunition, ett och ett halvt kilo amfetamin, ett kilo hasch, en inomhusplantage av cannabis, dokumentation samt datorer.<\/p>\n<p>Det har ocks\u00e5 uppdagats ett st\u00f6rre fordon som tidigare stulits i Marbella och som n\u00e5gra timmar efter mordet br\u00e4ndes upp i Marbella. Ett annat liknande fordon som anv\u00e4ndes \u201dlagligt\u201d av de gripna har beslagtagits.<\/p>\n<p>En domstol i Fuengirola har h\u00e4ktat samtliga gripna. <\/p>\n","protected":false},"excerpt":{"rendered":"<p>Fyra personer kopplade till ett kriminellt g\u00e4ng i Holland som sk\u00f6t en person till d\u00f6ds i Mijas 2016 \u00e4r identifierade. Tre av dem \u00e4r gripna och en fj\u00e4rde d\u00f6dad, allt \u00e4r relaterat till en konflikt med ett annat kriminellt g\u00e4ng r\u00f6rande st\u00f6ld av en kokainf\u00f6rs\u00e4ndelse. En av de gripna \u00e4r en 36-\u00e5rig norrman, tv\u00e5 \u00e4r [&hellip;]<\/p>\n","protected":false},"author":8,"featured_media":17864,"comment_status":"open","ping_status":"open","sticky":false,"template":"","format":"standard","meta":{"_et_pb_use_builder":"","_et_pb_old_content":"","_et_gb_content_width":"","footnotes":""},"categories":[395,3],"tags":[],"class_list":["post-17863","post","type-post","status-publish","format-standard","has-post-thumbnail","hentry","category-arkiv-nyheter","category-nyheter"],"yoast_head":"<!-- This site is optimized with the Yoast SEO Premium plugin v26.2 (Yoast SEO v27.4) - https:\/\/yoast.com\/product\/yoast-seo-premium-wordpress\/ -->\n<title>Norrman gripen f\u00f6r ett brutalt dr\u00e5p - Svenska Magasinet<\/title>\n<meta name=\"robots\" content=\"noindex, follow, max-snippet:-1, max-image-preview:large, max-video-preview:-1\" \/>\n<meta property=\"og:locale\" content=\"sv_SE\" \/>\n<meta property=\"og:type\" content=\"article\" \/>\n<meta property=\"og:title\" content=\"Norrman gripen f\u00f6r ett brutalt dr\u00e5p\" \/>\n<meta property=\"og:description\" content=\"Fyra personer kopplade till ett kriminellt g\u00e4ng i Holland som sk\u00f6t en person till d\u00f6ds i Mijas 2016 \u00e4r identifierade. Tre av dem \u00e4r gripna och en fj\u00e4rde d\u00f6dad, allt \u00e4r relaterat till en konflikt med ett annat kriminellt g\u00e4ng r\u00f6rande st\u00f6ld av en kokainf\u00f6rs\u00e4ndelse. En av de gripna \u00e4r en 36-\u00e5rig norrman, tv\u00e5 \u00e4r [&hellip;]\" \/>\n<meta property=\"og:url\" content=\"https:\/\/lightweb.dev\/l\/svm-temp\/nyheter\/norrman-gripen-for-ett-brutalt-drap\/\" \/>\n<meta property=\"og:site_name\" content=\"Svenska Magasinet\" \/>\n<meta property=\"article:publisher\" content=\"https:\/\/www.facebook.com\/svenskamagasinet\" \/>\n<meta property=\"article:published_time\" content=\"2018-09-04T22:00:00+00:00\" \/>\n<meta property=\"og:image\" content=\"https:\/\/lightweb.dev\/l\/svm-temp\/wp-content\/uploads\/2022\/06\/norrman-gripen-for-ett-brutalt-drap.png\" \/>\n\t<meta property=\"og:image:width\" content=\"500\" \/>\n\t<meta property=\"og:image:height\" content=\"300\" \/>\n\t<meta property=\"og:image:type\" content=\"image\/png\" \/>\n<meta name=\"author\" content=\"Redaktionen SvM\" \/>\n<meta name=\"twitter:card\" content=\"summary_large_image\" \/>\n<meta name=\"twitter:creator\" content=\"@SvenskaMagasine\" \/>\n<meta name=\"twitter:site\" content=\"@SvenskaMagasine\" \/>\n<script type=\"application\/ld+json\" class=\"yoast-schema-graph\">{\"@context\":\"https:\\\/\\\/schema.org\",\"@graph\":[{\"@type\":\"Article\",\"@id\":\"https:\\\/\\\/lightweb.dev\\\/l\\\/svm-temp\\\/nyheter\\\/norrman-gripen-for-ett-brutalt-drap\\\/#article\",\"isPartOf\":{\"@id\":\"https:\\\/\\\/lightweb.dev\\\/l\\\/svm-temp\\\/nyheter\\\/norrman-gripen-for-ett-brutalt-drap\\\/\"},\"author\":{\"name\":\"Redaktionen SvM\",\"@id\":\"https:\\\/\\\/lightweb.dev\\\/l\\\/svm-temp\\\/#\\\/schema\\\/person\\\/206a3bda5b607b0c25e1749191e4d837\"},\"headline\":\"Norrman gripen f\u00f6r ett brutalt dr\u00e5p\",\"datePublished\":\"2018-09-04T22:00:00+00:00\",\"mainEntityOfPage\":{\"@id\":\"https:\\\/\\\/lightweb.dev\\\/l\\\/svm-temp\\\/nyheter\\\/norrman-gripen-for-ett-brutalt-drap\\\/\"},\"wordCount\":308,\"commentCount\":0,\"publisher\":{\"@id\":\"https:\\\/\\\/lightweb.dev\\\/l\\\/svm-temp\\\/#organization\"},\"image\":{\"@id\":\"https:\\\/\\\/lightweb.dev\\\/l\\\/svm-temp\\\/nyheter\\\/norrman-gripen-for-ett-brutalt-drap\\\/#primaryimage\"},\"thumbnailUrl\":\"https:\\\/\\\/lightweb.dev\\\/l\\\/svm-temp\\\/wp-content\\\/uploads\\\/2022\\\/06\\\/norrman-gripen-for-ett-brutalt-drap.png\",\"articleSection\":[\"Arkiv\",\"Nyheter\"],\"inLanguage\":\"sv-SE\"},{\"@type\":\"WebPage\",\"@id\":\"https:\\\/\\\/lightweb.dev\\\/l\\\/svm-temp\\\/nyheter\\\/norrman-gripen-for-ett-brutalt-drap\\\/\",\"url\":\"https:\\\/\\\/lightweb.dev\\\/l\\\/svm-temp\\\/nyheter\\\/norrman-gripen-for-ett-brutalt-drap\\\/\",\"name\":\"Norrman gripen f\u00f6r ett brutalt dr\u00e5p - Svenska Magasinet\",\"isPartOf\":{\"@id\":\"https:\\\/\\\/lightweb.dev\\\/l\\\/svm-temp\\\/#website\"},\"primaryImageOfPage\":{\"@id\":\"https:\\\/\\\/lightweb.dev\\\/l\\\/svm-temp\\\/nyheter\\\/norrman-gripen-for-ett-brutalt-drap\\\/#primaryimage\"},\"image\":{\"@id\":\"https:\\\/\\\/lightweb.dev\\\/l\\\/svm-temp\\\/nyheter\\\/norrman-gripen-for-ett-brutalt-drap\\\/#primaryimage\"},\"thumbnailUrl\":\"https:\\\/\\\/lightweb.dev\\\/l\\\/svm-temp\\\/wp-content\\\/uploads\\\/2022\\\/06\\\/norrman-gripen-for-ett-brutalt-drap.png\",\"datePublished\":\"2018-09-04T22:00:00+00:00\",\"breadcrumb\":{\"@id\":\"https:\\\/\\\/lightweb.dev\\\/l\\\/svm-temp\\\/nyheter\\\/norrman-gripen-for-ett-brutalt-drap\\\/#breadcrumb\"},\"inLanguage\":\"sv-SE\",\"potentialAction\":[{\"@type\":\"ReadAction\",\"target\":[\"https:\\\/\\\/lightweb.dev\\\/l\\\/svm-temp\\\/nyheter\\\/norrman-gripen-for-ett-brutalt-drap\\\/\"]}]},{\"@type\":\"ImageObject\",\"inLanguage\":\"sv-SE\",\"@id\":\"https:\\\/\\\/lightweb.dev\\\/l\\\/svm-temp\\\/nyheter\\\/norrman-gripen-for-ett-brutalt-drap\\\/#primaryimage\",\"url\":\"https:\\\/\\\/lightweb.dev\\\/l\\\/svm-temp\\\/wp-content\\\/uploads\\\/2022\\\/06\\\/norrman-gripen-for-ett-brutalt-drap.png\",\"contentUrl\":\"https:\\\/\\\/lightweb.dev\\\/l\\\/svm-temp\\\/wp-content\\\/uploads\\\/2022\\\/06\\\/norrman-gripen-for-ett-brutalt-drap.png\",\"width\":500,\"height\":300},{\"@type\":\"BreadcrumbList\",\"@id\":\"https:\\\/\\\/lightweb.dev\\\/l\\\/svm-temp\\\/nyheter\\\/norrman-gripen-for-ett-brutalt-drap\\\/#breadcrumb\",\"itemListElement\":[{\"@type\":\"ListItem\",\"position\":1,\"name\":\"Hem\",\"item\":\"https:\\\/\\\/lightweb.dev\\\/l\\\/svm-temp\\\/\"},{\"@type\":\"ListItem\",\"position\":2,\"name\":\"Norrman gripen f\u00f6r ett brutalt dr\u00e5p\"}]},{\"@type\":\"WebSite\",\"@id\":\"https:\\\/\\\/lightweb.dev\\\/l\\\/svm-temp\\\/#website\",\"url\":\"https:\\\/\\\/lightweb.dev\\\/l\\\/svm-temp\\\/\",\"name\":\"Svenska Magasinet\",\"description\":\"Dina Spanska nyheter p&aring; Svenska\",\"publisher\":{\"@id\":\"https:\\\/\\\/lightweb.dev\\\/l\\\/svm-temp\\\/#organization\"},\"potentialAction\":[{\"@type\":\"SearchAction\",\"target\":{\"@type\":\"EntryPoint\",\"urlTemplate\":\"https:\\\/\\\/lightweb.dev\\\/l\\\/svm-temp\\\/?s={search_term_string}\"},\"query-input\":{\"@type\":\"PropertyValueSpecification\",\"valueRequired\":true,\"valueName\":\"search_term_string\"}}],\"inLanguage\":\"sv-SE\"},{\"@type\":\"Organization\",\"@id\":\"https:\\\/\\\/lightweb.dev\\\/l\\\/svm-temp\\\/#organization\",\"name\":\"Melkerson y Nott SL\",\"alternateName\":\"Svenska Magasinet\",\"url\":\"https:\\\/\\\/lightweb.dev\\\/l\\\/svm-temp\\\/\",\"logo\":{\"@type\":\"ImageObject\",\"inLanguage\":\"sv-SE\",\"@id\":\"https:\\\/\\\/lightweb.dev\\\/l\\\/svm-temp\\\/#\\\/schema\\\/logo\\\/image\\\/\",\"url\":\"https:\\\/\\\/lightweb.dev\\\/l\\\/svm-temp\\\/wp-content\\\/uploads\\\/2025\\\/02\\\/SvM-logo-Xtra-Centrerad-SVART.png\",\"contentUrl\":\"https:\\\/\\\/lightweb.dev\\\/l\\\/svm-temp\\\/wp-content\\\/uploads\\\/2025\\\/02\\\/SvM-logo-Xtra-Centrerad-SVART.png\",\"width\":300,\"height\":99,\"caption\":\"Melkerson y Nott SL\"},\"image\":{\"@id\":\"https:\\\/\\\/lightweb.dev\\\/l\\\/svm-temp\\\/#\\\/schema\\\/logo\\\/image\\\/\"},\"sameAs\":[\"https:\\\/\\\/www.facebook.com\\\/svenskamagasinet\",\"https:\\\/\\\/x.com\\\/SvenskaMagasine\"]},{\"@type\":\"Person\",\"@id\":\"https:\\\/\\\/lightweb.dev\\\/l\\\/svm-temp\\\/#\\\/schema\\\/person\\\/206a3bda5b607b0c25e1749191e4d837\",\"name\":\"Redaktionen SvM\",\"description\":\"Redaktionen\",\"sameAs\":[\"https:\\\/\\\/lightweb.dev\\\/l\\\/svm-temp\"],\"url\":\"https:\\\/\\\/lightweb.dev\\\/l\\\/svm-temp\\\/reporter\\\/redaktionen\\\/\"}]}<\/script>\n<!-- \/ Yoast SEO Premium plugin. -->","yoast_head_json":{"title":"Norrman gripen f\u00f6r ett brutalt dr\u00e5p - Svenska Magasinet","robots":{"index":"noindex","follow":"follow","max-snippet":"max-snippet:-1","max-image-preview":"max-image-preview:large","max-video-preview":"max-video-preview:-1"},"og_locale":"sv_SE","og_type":"article","og_title":"Norrman gripen f\u00f6r ett brutalt dr\u00e5p","og_description":"Fyra personer kopplade till ett kriminellt g\u00e4ng i Holland som sk\u00f6t en person till d\u00f6ds i Mijas 2016 \u00e4r identifierade. Tre av dem \u00e4r gripna och en fj\u00e4rde d\u00f6dad, allt \u00e4r relaterat till en konflikt med ett annat kriminellt g\u00e4ng r\u00f6rande st\u00f6ld av en kokainf\u00f6rs\u00e4ndelse. En av de gripna \u00e4r en 36-\u00e5rig norrman, tv\u00e5 \u00e4r [&hellip;]","og_url":"https:\/\/lightweb.dev\/l\/svm-temp\/nyheter\/norrman-gripen-for-ett-brutalt-drap\/","og_site_name":"Svenska Magasinet","article_publisher":"https:\/\/www.facebook.com\/svenskamagasinet","article_published_time":"2018-09-04T22:00:00+00:00","og_image":[{"width":500,"height":300,"url":"https:\/\/lightweb.dev\/l\/svm-temp\/wp-content\/uploads\/2022\/06\/norrman-gripen-for-ett-brutalt-drap.png","type":"image\/png"}],"author":"Redaktionen SvM","twitter_card":"summary_large_image","twitter_creator":"@SvenskaMagasine","twitter_site":"@SvenskaMagasine","schema":{"@context":"https:\/\/schema.org","@graph":[{"@type":"Article","@id":"https:\/\/lightweb.dev\/l\/svm-temp\/nyheter\/norrman-gripen-for-ett-brutalt-drap\/#article","isPartOf":{"@id":"https:\/\/lightweb.dev\/l\/svm-temp\/nyheter\/norrman-gripen-for-ett-brutalt-drap\/"},"author":{"name":"Redaktionen SvM","@id":"https:\/\/lightweb.dev\/l\/svm-temp\/#\/schema\/person\/206a3bda5b607b0c25e1749191e4d837"},"headline":"Norrman gripen f\u00f6r ett brutalt dr\u00e5p","datePublished":"2018-09-04T22:00:00+00:00","mainEntityOfPage":{"@id":"https:\/\/lightweb.dev\/l\/svm-temp\/nyheter\/norrman-gripen-for-ett-brutalt-drap\/"},"wordCount":308,"commentCount":0,"publisher":{"@id":"https:\/\/lightweb.dev\/l\/svm-temp\/#organization"},"image":{"@id":"https:\/\/lightweb.dev\/l\/svm-temp\/nyheter\/norrman-gripen-for-ett-brutalt-drap\/#primaryimage"},"thumbnailUrl":"https:\/\/lightweb.dev\/l\/svm-temp\/wp-content\/uploads\/2022\/06\/norrman-gripen-for-ett-brutalt-drap.png","articleSection":["Arkiv","Nyheter"],"inLanguage":"sv-SE"},{"@type":"WebPage","@id":"https:\/\/lightweb.dev\/l\/svm-temp\/nyheter\/norrman-gripen-for-ett-brutalt-drap\/","url":"https:\/\/lightweb.dev\/l\/svm-temp\/nyheter\/norrman-gripen-for-ett-brutalt-drap\/","name":"Norrman gripen f\u00f6r ett brutalt dr\u00e5p - Svenska Magasinet","isPartOf":{"@id":"https:\/\/lightweb.dev\/l\/svm-temp\/#website"},"primaryImageOfPage":{"@id":"https:\/\/lightweb.dev\/l\/svm-temp\/nyheter\/norrman-gripen-for-ett-brutalt-drap\/#primaryimage"},"image":{"@id":"https:\/\/lightweb.dev\/l\/svm-temp\/nyheter\/norrman-gripen-for-ett-brutalt-drap\/#primaryimage"},"thumbnailUrl":"https:\/\/lightweb.dev\/l\/svm-temp\/wp-content\/uploads\/2022\/06\/norrman-gripen-for-ett-brutalt-drap.png","datePublished":"2018-09-04T22:00:00+00:00","breadcrumb":{"@id":"https:\/\/lightweb.dev\/l\/svm-temp\/nyheter\/norrman-gripen-for-ett-brutalt-drap\/#breadcrumb"},"inLanguage":"sv-SE","potentialAction":[{"@type":"ReadAction","target":["https:\/\/lightweb.dev\/l\/svm-temp\/nyheter\/norrman-gripen-for-ett-brutalt-drap\/"]}]},{"@type":"ImageObject","inLanguage":"sv-SE","@id":"https:\/\/lightweb.dev\/l\/svm-temp\/nyheter\/norrman-gripen-for-ett-brutalt-drap\/#primaryimage","url":"https:\/\/lightweb.dev\/l\/svm-temp\/wp-content\/uploads\/2022\/06\/norrman-gripen-for-ett-brutalt-drap.png","contentUrl":"https:\/\/lightweb.dev\/l\/svm-temp\/wp-content\/uploads\/2022\/06\/norrman-gripen-for-ett-brutalt-drap.png","width":500,"height":300},{"@type":"BreadcrumbList","@id":"https:\/\/lightweb.dev\/l\/svm-temp\/nyheter\/norrman-gripen-for-ett-brutalt-drap\/#breadcrumb","itemListElement":[{"@type":"ListItem","position":1,"name":"Hem","item":"https:\/\/lightweb.dev\/l\/svm-temp\/"},{"@type":"ListItem","position":2,"name":"Norrman gripen f\u00f6r ett brutalt dr\u00e5p"}]},{"@type":"WebSite","@id":"https:\/\/lightweb.dev\/l\/svm-temp\/#website","url":"https:\/\/lightweb.dev\/l\/svm-temp\/","name":"Svenska Magasinet","description":"Dina Spanska nyheter p&aring; Svenska","publisher":{"@id":"https:\/\/lightweb.dev\/l\/svm-temp\/#organization"},"potentialAction":[{"@type":"SearchAction","target":{"@type":"EntryPoint","urlTemplate":"https:\/\/lightweb.dev\/l\/svm-temp\/?s={search_term_string}"},"query-input":{"@type":"PropertyValueSpecification","valueRequired":true,"valueName":"search_term_string"}}],"inLanguage":"sv-SE"},{"@type":"Organization","@id":"https:\/\/lightweb.dev\/l\/svm-temp\/#organization","name":"Melkerson y Nott SL","alternateName":"Svenska Magasinet","url":"https:\/\/lightweb.dev\/l\/svm-temp\/","logo":{"@type":"ImageObject","inLanguage":"sv-SE","@id":"https:\/\/lightweb.dev\/l\/svm-temp\/#\/schema\/logo\/image\/","url":"https:\/\/lightweb.dev\/l\/svm-temp\/wp-content\/uploads\/2025\/02\/SvM-logo-Xtra-Centrerad-SVART.png","contentUrl":"https:\/\/lightweb.dev\/l\/svm-temp\/wp-content\/uploads\/2025\/02\/SvM-logo-Xtra-Centrerad-SVART.png","width":300,"height":99,"caption":"Melkerson y Nott SL"},"image":{"@id":"https:\/\/lightweb.dev\/l\/svm-temp\/#\/schema\/logo\/image\/"},"sameAs":["https:\/\/www.facebook.com\/svenskamagasinet","https:\/\/x.com\/SvenskaMagasine"]},{"@type":"Person","@id":"https:\/\/lightweb.dev\/l\/svm-temp\/#\/schema\/person\/206a3bda5b607b0c25e1749191e4d837","name":"Redaktionen SvM","description":"Redaktionen","sameAs":["https:\/\/lightweb.dev\/l\/svm-temp"],"url":"https:\/\/lightweb.dev\/l\/svm-temp\/reporter\/redaktionen\/"}]}},"_links":{"self":[{"href":"https:\/\/lightweb.dev\/l\/svm-temp\/wp-json\/wp\/v2\/posts\/17863","targetHints":{"allow":["GET"]}}],"collection":[{"href":"https:\/\/lightweb.dev\/l\/svm-temp\/wp-json\/wp\/v2\/posts"}],"about":[{"href":"https:\/\/lightweb.dev\/l\/svm-temp\/wp-json\/wp\/v2\/types\/post"}],"author":[{"embeddable":true,"href":"https:\/\/lightweb.dev\/l\/svm-temp\/wp-json\/wp\/v2\/users\/8"}],"replies":[{"embeddable":true,"href":"https:\/\/lightweb.dev\/l\/svm-temp\/wp-json\/wp\/v2\/comments?post=17863"}],"version-history":[{"count":0,"href":"https:\/\/lightweb.dev\/l\/svm-temp\/wp-json\/wp\/v2\/posts\/17863\/revisions"}],"wp:featuredmedia":[{"embeddable":true,"href":"https:\/\/lightweb.dev\/l\/svm-temp\/wp-json\/wp\/v2\/media\/17864"}],"wp:attachment":[{"href":"https:\/\/lightweb.dev\/l\/svm-temp\/wp-json\/wp\/v2\/media?parent=17863"}],"wp:term":[{"taxonomy":"category","embeddable":true,"href":"https:\/\/lightweb.dev\/l\/svm-temp\/wp-json\/wp\/v2\/categories?post=17863"},{"taxonomy":"post_tag","embeddable":true,"href":"https:\/\/lightweb.dev\/l\/svm-temp\/wp-json\/wp\/v2\/tags?post=17863"}],"curies":[{"name":"wp","href":"https:\/\/api.w.org\/{rel}","templated":true}]}}