{"id":17875,"date":"2018-09-04T00:00:00","date_gmt":"2018-09-03T22:00:00","guid":{"rendered":"https:\/\/lightweb.dev\/l\/svm-temp\/nyheter\/el-mundo-slut-pa-utopin-i-sverige\/"},"modified":"2018-09-04T00:00:00","modified_gmt":"2018-09-03T22:00:00","slug":"el-mundo-slut-pa-utopin-i-sverige","status":"publish","type":"post","link":"https:\/\/lightweb.dev\/l\/svm-temp\/nyheter\/el-mundo-slut-pa-utopin-i-sverige\/","title":{"rendered":"El Mundo: \u201dSlut p\u00e5 utopin i Sverige\u201d"},"content":{"rendered":"<p> Spaniens regeringschef Pedro S\u00e1nchez reser p\u00e5 onsdagen till Sverige f\u00f6r att tr\u00e4ffa statsminister Stefan L\u00f6fven. Det meddelar regeringskansliet La Moncloa i Madrid. S\u00e1nchez och L\u00f6fven ska tr\u00e4ffas f\u00f6r att dryfta fr\u00e5gor som r\u00f6r de bilaterala avtalen mellan de b\u00e5da l\u00e4nderna. \u00c4ven Europeiska unionens framtid ska behandlas.<\/p>\n<p>En av dem har aldrig vunnit ett val men blev regeringschef i Spanien genom ett misstroendevotum f\u00f6re sommaren mot den sittande h\u00f6gerregeringen. Den andre ser ut att g\u00f6ra sitt s\u00e4msta val n\u00e5gonsin. I morgon m\u00f6ts Pedro S\u00e1nchez och Stefan L\u00f6fven i Stockholm.<\/p>\n<p>De b\u00e5da regeringscheferna tr\u00e4ffades senast i Bryssel i samband med EU-toppm\u00f6tet i juni. Vid m\u00f6tet i Stockholm ska de forts\u00e4tta att prata om de utmaningar som EU st\u00e5r inf\u00f6r som EU:s ekonomiska framtid och migrationskrisen.<\/p>\n<p>Hos de spanska socialisterna har den svenska socialdemokratin alltid setts som ett f\u00f6red\u00f6me. N\u00e4r Pedro S\u00e1nchez i morgon landar p\u00e5 Arlanda flygplats hamnar han i en valr\u00f6relse som kan g\u00e5 till historien f\u00f6r den svenska socialdemokratin. Opinionsm\u00e4tningar visar att socialdemokraterna kan komma att g\u00f6ra sitt s\u00e4msta val n\u00e5gonsin.<\/p>\n<p>Professor Magnus Ranstorp citeras idag i radiokanalen Cope och s\u00e4ger att valet kan ses som en straffr\u00f6stning. M\u00e4nniskor \u00e4r missn\u00f6jda med traditionella partier. Sverigedemokraterna lockar de som tidigare r\u00f6stade p\u00e5 socialdemokraterna.<\/p>\n<p>Dagstidningen El Mundo har p\u00e5 tisdagen rubriken \u201dEl fin de la utop\u00eda en Suecia\u201d, Slut p\u00e5 utopin i Sverige. I den politiska korrekthetens h\u00f6gborg ser s\u00f6ndagens val ut att bli historiskt.<\/p>\n<p>Tidningen skriver om den nationalistiska bommen och kritiken mot invandringen. Opinionsunders\u00f6kningar visar ett ostabilt valresultat utan n\u00e5got regeringsunderlag. El Mundo skriver att den svenska socialdemokratin f\u00f6rlorar r\u00f6ster till den yttersta h\u00f6gern.<\/p>\n","protected":false},"excerpt":{"rendered":"<p>Spaniens regeringschef Pedro S\u00e1nchez reser p\u00e5 onsdagen till Sverige f\u00f6r att tr\u00e4ffa statsminister Stefan L\u00f6fven. Det meddelar regeringskansliet La Moncloa i Madrid. S\u00e1nchez och L\u00f6fven ska tr\u00e4ffas f\u00f6r att dryfta fr\u00e5gor som r\u00f6r de bilaterala avtalen mellan de b\u00e5da l\u00e4nderna. \u00c4ven Europeiska unionens framtid ska behandlas. En av dem har aldrig vunnit ett val men [&hellip;]<\/p>\n","protected":false},"author":8,"featured_media":17876,"comment_status":"open","ping_status":"open","sticky":false,"template":"","format":"standard","meta":{"_et_pb_use_builder":"","_et_pb_old_content":"","_et_gb_content_width":"","footnotes":""},"categories":[395,3],"tags":[],"class_list":["post-17875","post","type-post","status-publish","format-standard","has-post-thumbnail","hentry","category-arkiv-nyheter","category-nyheter"],"yoast_head":"<!-- This site is optimized with the Yoast SEO Premium plugin v26.2 (Yoast SEO v27.4) - https:\/\/yoast.com\/product\/yoast-seo-premium-wordpress\/ -->\n<title>El Mundo: \u201dSlut p\u00e5 utopin i Sverige\u201d - Svenska Magasinet<\/title>\n<meta name=\"robots\" content=\"noindex, follow, max-snippet:-1, max-image-preview:large, max-video-preview:-1\" \/>\n<meta property=\"og:locale\" content=\"sv_SE\" \/>\n<meta property=\"og:type\" content=\"article\" \/>\n<meta property=\"og:title\" content=\"El Mundo: \u201dSlut p\u00e5 utopin i Sverige\u201d\" \/>\n<meta property=\"og:description\" content=\"Spaniens regeringschef Pedro S\u00e1nchez reser p\u00e5 onsdagen till Sverige f\u00f6r att tr\u00e4ffa statsminister Stefan L\u00f6fven. Det meddelar regeringskansliet La Moncloa i Madrid. S\u00e1nchez och L\u00f6fven ska tr\u00e4ffas f\u00f6r att dryfta fr\u00e5gor som r\u00f6r de bilaterala avtalen mellan de b\u00e5da l\u00e4nderna. \u00c4ven Europeiska unionens framtid ska behandlas. En av dem har aldrig vunnit ett val men [&hellip;]\" \/>\n<meta property=\"og:url\" content=\"https:\/\/lightweb.dev\/l\/svm-temp\/nyheter\/el-mundo-slut-pa-utopin-i-sverige\/\" \/>\n<meta property=\"og:site_name\" content=\"Svenska Magasinet\" \/>\n<meta property=\"article:publisher\" content=\"https:\/\/www.facebook.com\/svenskamagasinet\" \/>\n<meta property=\"article:published_time\" content=\"2018-09-03T22:00:00+00:00\" \/>\n<meta property=\"og:image\" content=\"https:\/\/lightweb.dev\/l\/svm-temp\/wp-content\/uploads\/2022\/06\/el-mundo-slut-pa-utopin-i-sverige.png\" \/>\n\t<meta property=\"og:image:width\" content=\"500\" \/>\n\t<meta property=\"og:image:height\" content=\"300\" \/>\n\t<meta property=\"og:image:type\" content=\"image\/png\" \/>\n<meta name=\"author\" content=\"Redaktionen SvM\" \/>\n<meta name=\"twitter:card\" content=\"summary_large_image\" \/>\n<meta name=\"twitter:creator\" content=\"@SvenskaMagasine\" \/>\n<meta name=\"twitter:site\" content=\"@SvenskaMagasine\" \/>\n<script type=\"application\/ld+json\" class=\"yoast-schema-graph\">{\"@context\":\"https:\\\/\\\/schema.org\",\"@graph\":[{\"@type\":\"Article\",\"@id\":\"https:\\\/\\\/lightweb.dev\\\/l\\\/svm-temp\\\/nyheter\\\/el-mundo-slut-pa-utopin-i-sverige\\\/#article\",\"isPartOf\":{\"@id\":\"https:\\\/\\\/lightweb.dev\\\/l\\\/svm-temp\\\/nyheter\\\/el-mundo-slut-pa-utopin-i-sverige\\\/\"},\"author\":{\"name\":\"Redaktionen SvM\",\"@id\":\"https:\\\/\\\/lightweb.dev\\\/l\\\/svm-temp\\\/#\\\/schema\\\/person\\\/206a3bda5b607b0c25e1749191e4d837\"},\"headline\":\"El Mundo: \u201dSlut p\u00e5 utopin i Sverige\u201d\",\"datePublished\":\"2018-09-03T22:00:00+00:00\",\"mainEntityOfPage\":{\"@id\":\"https:\\\/\\\/lightweb.dev\\\/l\\\/svm-temp\\\/nyheter\\\/el-mundo-slut-pa-utopin-i-sverige\\\/\"},\"wordCount\":322,\"commentCount\":0,\"publisher\":{\"@id\":\"https:\\\/\\\/lightweb.dev\\\/l\\\/svm-temp\\\/#organization\"},\"image\":{\"@id\":\"https:\\\/\\\/lightweb.dev\\\/l\\\/svm-temp\\\/nyheter\\\/el-mundo-slut-pa-utopin-i-sverige\\\/#primaryimage\"},\"thumbnailUrl\":\"https:\\\/\\\/lightweb.dev\\\/l\\\/svm-temp\\\/wp-content\\\/uploads\\\/2022\\\/06\\\/el-mundo-slut-pa-utopin-i-sverige.png\",\"articleSection\":[\"Arkiv\",\"Nyheter\"],\"inLanguage\":\"sv-SE\"},{\"@type\":\"WebPage\",\"@id\":\"https:\\\/\\\/lightweb.dev\\\/l\\\/svm-temp\\\/nyheter\\\/el-mundo-slut-pa-utopin-i-sverige\\\/\",\"url\":\"https:\\\/\\\/lightweb.dev\\\/l\\\/svm-temp\\\/nyheter\\\/el-mundo-slut-pa-utopin-i-sverige\\\/\",\"name\":\"El Mundo: \u201dSlut p\u00e5 utopin i Sverige\u201d - Svenska Magasinet\",\"isPartOf\":{\"@id\":\"https:\\\/\\\/lightweb.dev\\\/l\\\/svm-temp\\\/#website\"},\"primaryImageOfPage\":{\"@id\":\"https:\\\/\\\/lightweb.dev\\\/l\\\/svm-temp\\\/nyheter\\\/el-mundo-slut-pa-utopin-i-sverige\\\/#primaryimage\"},\"image\":{\"@id\":\"https:\\\/\\\/lightweb.dev\\\/l\\\/svm-temp\\\/nyheter\\\/el-mundo-slut-pa-utopin-i-sverige\\\/#primaryimage\"},\"thumbnailUrl\":\"https:\\\/\\\/lightweb.dev\\\/l\\\/svm-temp\\\/wp-content\\\/uploads\\\/2022\\\/06\\\/el-mundo-slut-pa-utopin-i-sverige.png\",\"datePublished\":\"2018-09-03T22:00:00+00:00\",\"breadcrumb\":{\"@id\":\"https:\\\/\\\/lightweb.dev\\\/l\\\/svm-temp\\\/nyheter\\\/el-mundo-slut-pa-utopin-i-sverige\\\/#breadcrumb\"},\"inLanguage\":\"sv-SE\",\"potentialAction\":[{\"@type\":\"ReadAction\",\"target\":[\"https:\\\/\\\/lightweb.dev\\\/l\\\/svm-temp\\\/nyheter\\\/el-mundo-slut-pa-utopin-i-sverige\\\/\"]}]},{\"@type\":\"ImageObject\",\"inLanguage\":\"sv-SE\",\"@id\":\"https:\\\/\\\/lightweb.dev\\\/l\\\/svm-temp\\\/nyheter\\\/el-mundo-slut-pa-utopin-i-sverige\\\/#primaryimage\",\"url\":\"https:\\\/\\\/lightweb.dev\\\/l\\\/svm-temp\\\/wp-content\\\/uploads\\\/2022\\\/06\\\/el-mundo-slut-pa-utopin-i-sverige.png\",\"contentUrl\":\"https:\\\/\\\/lightweb.dev\\\/l\\\/svm-temp\\\/wp-content\\\/uploads\\\/2022\\\/06\\\/el-mundo-slut-pa-utopin-i-sverige.png\",\"width\":500,\"height\":300},{\"@type\":\"BreadcrumbList\",\"@id\":\"https:\\\/\\\/lightweb.dev\\\/l\\\/svm-temp\\\/nyheter\\\/el-mundo-slut-pa-utopin-i-sverige\\\/#breadcrumb\",\"itemListElement\":[{\"@type\":\"ListItem\",\"position\":1,\"name\":\"Hem\",\"item\":\"https:\\\/\\\/lightweb.dev\\\/l\\\/svm-temp\\\/\"},{\"@type\":\"ListItem\",\"position\":2,\"name\":\"El Mundo: \u201dSlut p\u00e5 utopin i Sverige\u201d\"}]},{\"@type\":\"WebSite\",\"@id\":\"https:\\\/\\\/lightweb.dev\\\/l\\\/svm-temp\\\/#website\",\"url\":\"https:\\\/\\\/lightweb.dev\\\/l\\\/svm-temp\\\/\",\"name\":\"Svenska Magasinet\",\"description\":\"Dina Spanska nyheter p&aring; Svenska\",\"publisher\":{\"@id\":\"https:\\\/\\\/lightweb.dev\\\/l\\\/svm-temp\\\/#organization\"},\"potentialAction\":[{\"@type\":\"SearchAction\",\"target\":{\"@type\":\"EntryPoint\",\"urlTemplate\":\"https:\\\/\\\/lightweb.dev\\\/l\\\/svm-temp\\\/?s={search_term_string}\"},\"query-input\":{\"@type\":\"PropertyValueSpecification\",\"valueRequired\":true,\"valueName\":\"search_term_string\"}}],\"inLanguage\":\"sv-SE\"},{\"@type\":\"Organization\",\"@id\":\"https:\\\/\\\/lightweb.dev\\\/l\\\/svm-temp\\\/#organization\",\"name\":\"Melkerson y Nott SL\",\"alternateName\":\"Svenska Magasinet\",\"url\":\"https:\\\/\\\/lightweb.dev\\\/l\\\/svm-temp\\\/\",\"logo\":{\"@type\":\"ImageObject\",\"inLanguage\":\"sv-SE\",\"@id\":\"https:\\\/\\\/lightweb.dev\\\/l\\\/svm-temp\\\/#\\\/schema\\\/logo\\\/image\\\/\",\"url\":\"https:\\\/\\\/lightweb.dev\\\/l\\\/svm-temp\\\/wp-content\\\/uploads\\\/2025\\\/02\\\/SvM-logo-Xtra-Centrerad-SVART.png\",\"contentUrl\":\"https:\\\/\\\/lightweb.dev\\\/l\\\/svm-temp\\\/wp-content\\\/uploads\\\/2025\\\/02\\\/SvM-logo-Xtra-Centrerad-SVART.png\",\"width\":300,\"height\":99,\"caption\":\"Melkerson y Nott SL\"},\"image\":{\"@id\":\"https:\\\/\\\/lightweb.dev\\\/l\\\/svm-temp\\\/#\\\/schema\\\/logo\\\/image\\\/\"},\"sameAs\":[\"https:\\\/\\\/www.facebook.com\\\/svenskamagasinet\",\"https:\\\/\\\/x.com\\\/SvenskaMagasine\"]},{\"@type\":\"Person\",\"@id\":\"https:\\\/\\\/lightweb.dev\\\/l\\\/svm-temp\\\/#\\\/schema\\\/person\\\/206a3bda5b607b0c25e1749191e4d837\",\"name\":\"Redaktionen SvM\",\"description\":\"Redaktionen\",\"sameAs\":[\"https:\\\/\\\/lightweb.dev\\\/l\\\/svm-temp\"],\"url\":\"https:\\\/\\\/lightweb.dev\\\/l\\\/svm-temp\\\/reporter\\\/redaktionen\\\/\"}]}<\/script>\n<!-- \/ Yoast SEO Premium plugin. -->","yoast_head_json":{"title":"El Mundo: \u201dSlut p\u00e5 utopin i Sverige\u201d - Svenska Magasinet","robots":{"index":"noindex","follow":"follow","max-snippet":"max-snippet:-1","max-image-preview":"max-image-preview:large","max-video-preview":"max-video-preview:-1"},"og_locale":"sv_SE","og_type":"article","og_title":"El Mundo: \u201dSlut p\u00e5 utopin i Sverige\u201d","og_description":"Spaniens regeringschef Pedro S\u00e1nchez reser p\u00e5 onsdagen till Sverige f\u00f6r att tr\u00e4ffa statsminister Stefan L\u00f6fven. Det meddelar regeringskansliet La Moncloa i Madrid. S\u00e1nchez och L\u00f6fven ska tr\u00e4ffas f\u00f6r att dryfta fr\u00e5gor som r\u00f6r de bilaterala avtalen mellan de b\u00e5da l\u00e4nderna. \u00c4ven Europeiska unionens framtid ska behandlas. En av dem har aldrig vunnit ett val men [&hellip;]","og_url":"https:\/\/lightweb.dev\/l\/svm-temp\/nyheter\/el-mundo-slut-pa-utopin-i-sverige\/","og_site_name":"Svenska Magasinet","article_publisher":"https:\/\/www.facebook.com\/svenskamagasinet","article_published_time":"2018-09-03T22:00:00+00:00","og_image":[{"width":500,"height":300,"url":"https:\/\/lightweb.dev\/l\/svm-temp\/wp-content\/uploads\/2022\/06\/el-mundo-slut-pa-utopin-i-sverige.png","type":"image\/png"}],"author":"Redaktionen SvM","twitter_card":"summary_large_image","twitter_creator":"@SvenskaMagasine","twitter_site":"@SvenskaMagasine","schema":{"@context":"https:\/\/schema.org","@graph":[{"@type":"Article","@id":"https:\/\/lightweb.dev\/l\/svm-temp\/nyheter\/el-mundo-slut-pa-utopin-i-sverige\/#article","isPartOf":{"@id":"https:\/\/lightweb.dev\/l\/svm-temp\/nyheter\/el-mundo-slut-pa-utopin-i-sverige\/"},"author":{"name":"Redaktionen SvM","@id":"https:\/\/lightweb.dev\/l\/svm-temp\/#\/schema\/person\/206a3bda5b607b0c25e1749191e4d837"},"headline":"El Mundo: \u201dSlut p\u00e5 utopin i Sverige\u201d","datePublished":"2018-09-03T22:00:00+00:00","mainEntityOfPage":{"@id":"https:\/\/lightweb.dev\/l\/svm-temp\/nyheter\/el-mundo-slut-pa-utopin-i-sverige\/"},"wordCount":322,"commentCount":0,"publisher":{"@id":"https:\/\/lightweb.dev\/l\/svm-temp\/#organization"},"image":{"@id":"https:\/\/lightweb.dev\/l\/svm-temp\/nyheter\/el-mundo-slut-pa-utopin-i-sverige\/#primaryimage"},"thumbnailUrl":"https:\/\/lightweb.dev\/l\/svm-temp\/wp-content\/uploads\/2022\/06\/el-mundo-slut-pa-utopin-i-sverige.png","articleSection":["Arkiv","Nyheter"],"inLanguage":"sv-SE"},{"@type":"WebPage","@id":"https:\/\/lightweb.dev\/l\/svm-temp\/nyheter\/el-mundo-slut-pa-utopin-i-sverige\/","url":"https:\/\/lightweb.dev\/l\/svm-temp\/nyheter\/el-mundo-slut-pa-utopin-i-sverige\/","name":"El Mundo: \u201dSlut p\u00e5 utopin i Sverige\u201d - Svenska Magasinet","isPartOf":{"@id":"https:\/\/lightweb.dev\/l\/svm-temp\/#website"},"primaryImageOfPage":{"@id":"https:\/\/lightweb.dev\/l\/svm-temp\/nyheter\/el-mundo-slut-pa-utopin-i-sverige\/#primaryimage"},"image":{"@id":"https:\/\/lightweb.dev\/l\/svm-temp\/nyheter\/el-mundo-slut-pa-utopin-i-sverige\/#primaryimage"},"thumbnailUrl":"https:\/\/lightweb.dev\/l\/svm-temp\/wp-content\/uploads\/2022\/06\/el-mundo-slut-pa-utopin-i-sverige.png","datePublished":"2018-09-03T22:00:00+00:00","breadcrumb":{"@id":"https:\/\/lightweb.dev\/l\/svm-temp\/nyheter\/el-mundo-slut-pa-utopin-i-sverige\/#breadcrumb"},"inLanguage":"sv-SE","potentialAction":[{"@type":"ReadAction","target":["https:\/\/lightweb.dev\/l\/svm-temp\/nyheter\/el-mundo-slut-pa-utopin-i-sverige\/"]}]},{"@type":"ImageObject","inLanguage":"sv-SE","@id":"https:\/\/lightweb.dev\/l\/svm-temp\/nyheter\/el-mundo-slut-pa-utopin-i-sverige\/#primaryimage","url":"https:\/\/lightweb.dev\/l\/svm-temp\/wp-content\/uploads\/2022\/06\/el-mundo-slut-pa-utopin-i-sverige.png","contentUrl":"https:\/\/lightweb.dev\/l\/svm-temp\/wp-content\/uploads\/2022\/06\/el-mundo-slut-pa-utopin-i-sverige.png","width":500,"height":300},{"@type":"BreadcrumbList","@id":"https:\/\/lightweb.dev\/l\/svm-temp\/nyheter\/el-mundo-slut-pa-utopin-i-sverige\/#breadcrumb","itemListElement":[{"@type":"ListItem","position":1,"name":"Hem","item":"https:\/\/lightweb.dev\/l\/svm-temp\/"},{"@type":"ListItem","position":2,"name":"El Mundo: \u201dSlut p\u00e5 utopin i Sverige\u201d"}]},{"@type":"WebSite","@id":"https:\/\/lightweb.dev\/l\/svm-temp\/#website","url":"https:\/\/lightweb.dev\/l\/svm-temp\/","name":"Svenska Magasinet","description":"Dina Spanska nyheter p&aring; Svenska","publisher":{"@id":"https:\/\/lightweb.dev\/l\/svm-temp\/#organization"},"potentialAction":[{"@type":"SearchAction","target":{"@type":"EntryPoint","urlTemplate":"https:\/\/lightweb.dev\/l\/svm-temp\/?s={search_term_string}"},"query-input":{"@type":"PropertyValueSpecification","valueRequired":true,"valueName":"search_term_string"}}],"inLanguage":"sv-SE"},{"@type":"Organization","@id":"https:\/\/lightweb.dev\/l\/svm-temp\/#organization","name":"Melkerson y Nott SL","alternateName":"Svenska Magasinet","url":"https:\/\/lightweb.dev\/l\/svm-temp\/","logo":{"@type":"ImageObject","inLanguage":"sv-SE","@id":"https:\/\/lightweb.dev\/l\/svm-temp\/#\/schema\/logo\/image\/","url":"https:\/\/lightweb.dev\/l\/svm-temp\/wp-content\/uploads\/2025\/02\/SvM-logo-Xtra-Centrerad-SVART.png","contentUrl":"https:\/\/lightweb.dev\/l\/svm-temp\/wp-content\/uploads\/2025\/02\/SvM-logo-Xtra-Centrerad-SVART.png","width":300,"height":99,"caption":"Melkerson y Nott SL"},"image":{"@id":"https:\/\/lightweb.dev\/l\/svm-temp\/#\/schema\/logo\/image\/"},"sameAs":["https:\/\/www.facebook.com\/svenskamagasinet","https:\/\/x.com\/SvenskaMagasine"]},{"@type":"Person","@id":"https:\/\/lightweb.dev\/l\/svm-temp\/#\/schema\/person\/206a3bda5b607b0c25e1749191e4d837","name":"Redaktionen SvM","description":"Redaktionen","sameAs":["https:\/\/lightweb.dev\/l\/svm-temp"],"url":"https:\/\/lightweb.dev\/l\/svm-temp\/reporter\/redaktionen\/"}]}},"_links":{"self":[{"href":"https:\/\/lightweb.dev\/l\/svm-temp\/wp-json\/wp\/v2\/posts\/17875","targetHints":{"allow":["GET"]}}],"collection":[{"href":"https:\/\/lightweb.dev\/l\/svm-temp\/wp-json\/wp\/v2\/posts"}],"about":[{"href":"https:\/\/lightweb.dev\/l\/svm-temp\/wp-json\/wp\/v2\/types\/post"}],"author":[{"embeddable":true,"href":"https:\/\/lightweb.dev\/l\/svm-temp\/wp-json\/wp\/v2\/users\/8"}],"replies":[{"embeddable":true,"href":"https:\/\/lightweb.dev\/l\/svm-temp\/wp-json\/wp\/v2\/comments?post=17875"}],"version-history":[{"count":0,"href":"https:\/\/lightweb.dev\/l\/svm-temp\/wp-json\/wp\/v2\/posts\/17875\/revisions"}],"wp:featuredmedia":[{"embeddable":true,"href":"https:\/\/lightweb.dev\/l\/svm-temp\/wp-json\/wp\/v2\/media\/17876"}],"wp:attachment":[{"href":"https:\/\/lightweb.dev\/l\/svm-temp\/wp-json\/wp\/v2\/media?parent=17875"}],"wp:term":[{"taxonomy":"category","embeddable":true,"href":"https:\/\/lightweb.dev\/l\/svm-temp\/wp-json\/wp\/v2\/categories?post=17875"},{"taxonomy":"post_tag","embeddable":true,"href":"https:\/\/lightweb.dev\/l\/svm-temp\/wp-json\/wp\/v2\/tags?post=17875"}],"curies":[{"name":"wp","href":"https:\/\/api.w.org\/{rel}","templated":true}]}}