{"id":17933,"date":"2018-08-23T00:00:00","date_gmt":"2018-08-22T22:00:00","guid":{"rendered":"https:\/\/lightweb.dev\/l\/svm-temp\/nyheter\/spanien-far-ett-mycket-stort-eu-bidrag\/"},"modified":"2018-08-23T00:00:00","modified_gmt":"2018-08-22T22:00:00","slug":"spanien-far-ett-mycket-stort-eu-bidrag","status":"publish","type":"post","link":"https:\/\/lightweb.dev\/l\/svm-temp\/nyheter\/spanien-far-ett-mycket-stort-eu-bidrag\/","title":{"rendered":"Spanien f\u00e5r ett mycket stort EU-bidrag"},"content":{"rendered":"<p> Frankrike, Spanien och Portugal f\u00e5r det st\u00f6rsta EU-bidraget n\u00e5gonsin f\u00f6r ett gemensamt energiinfrastrukturprojekt.<\/p>\n<p>F\u00f6rra m\u00e5naden tr\u00e4ffades regeringscheferna f\u00f6r de tre l\u00e4nderna i Lissabon f\u00f6r att komma \u00f6verens om ett f\u00f6rs\u00f6k att koppla ihop den iberiska halv\u00f6n med det europeiska eln\u00e4tet. Tillsammans och med betydande hj\u00e4lp fr\u00e5n EU, kom de \u00f6verens om att finansiera en 370 km l\u00e5ng undervattenskabel i Biscayabukten som kommer att f\u00f6rdubbla kapacitetsutbytet mellan de tre grannl\u00e4nderna.<\/p>\n<p>Vid m\u00f6tet n\u00e4rvarade Europeiska kommissionens klimat och energiminister Miguel Arias Ca\u00f1ete, Frankrikes president Emmanuel Macron, Spaniens premi\u00e4rminister Pedro S\u00e1nchez, Portugals premi\u00e4rminister Antonio Costa samt Emma Navarro som \u00e4r vice ordf\u00f6rande f\u00f6r den Europeiska investeringsbanken (EIB). EU kommer att finansiera 30 procent av projektet, vilket motsvarar 578 miljoner euro. Detta \u00e4r en o\u00f6vertr\u00e4ffad finansiering fr\u00e5n EU av ett energiinfrastrukturprojekt och belyser EU:s intresse av en mer energiintegrerad union.<\/p>\n<p>Projektet som ber\u00e4knas vara klart f\u00f6r bruk under 2025 f\u00f6rv\u00e4ntas f\u00f6rdubbla kapaciteten f\u00f6r elutbytet mellan Frankrike och den Iberiska halv\u00f6n. Spaniens och Portugals geografiska l\u00e4ge i kombination med med bristande sammankopplingskapacitet inom Europa har l\u00e4mnat dessa l\u00e4nder utanf\u00f6r EU:s elmarknad i \u00e5ratal. Enligt EU-kommisionen \u00e4r endast sex procent av Spaniens elproduktion sammankopplad med EU, vilket inneb\u00e4r att landet ligger l\u00e5ngt efter det femtonprocentiga kopplingsm\u00e5let som har fastst\u00e4llts av EU.<\/p>\n<p>EU:s ordf\u00f6rande Jean-Claude Juncker v\u00e4lkomnade beslutet som han ser som en symbol f\u00f6r regional sammanh\u00e5llning. &#8221;Genom att komma \u00f6verens om \u00e5tg\u00e4rder f\u00f6r att slutf\u00f6ra energikopplingarna mellan Frankrike, Portugal och Spanien &#8230; st\u00e4rker vi energif\u00f6rs\u00f6rjningen i hela Europa och levererar p\u00e5 v\u00e5rt l\u00f6fte att g\u00f6ra Europa till nummer ett p\u00e5 ren energi och f\u00f6rnybara energik\u00e4llor. V\u00e4rlden ser till v\u00e5rt ledarskap i dessa turbulenta tider. L\u00e5t oss visa hur mycket som kan uppn\u00e5s med enighet &#8221;. <\/p>\n<p>B\u00e5de Spanien och Portugal har investerat mycket i f\u00f6rnybar energi, b\u00e5de vind- och solkraft. Portugal har tidvis ett \u00f6verskott av el och kraftledningen ger dem m\u00f6jlighet att via Spanien exportera elen till resten av Europa. Portugal \u00e4r det f\u00f6rsta landet i historien som har lyckats f\u00e5 sin f\u00f6rnybara elproduktion att \u00f6verstiga 100 procent av sitt elbehov, i mars gick landet p\u00e5 enbart f\u00f6rnybar el under mer \u00e4n 24 timmar. Inte bara el \u2013 \u00e4ven gas<\/p>\n<p>Men energisamarbetet handlar inte bara om el utan \u00e4ven om naturgas. Idag importerar Spanien och Portugal en betydande del av sin gas fr\u00e5n Algeriet via en gasledning som blev f\u00e4rdigst\u00e4lld 2011. De har ocks\u00e5 flera hamnar d\u00e4r de tar emot gas fr\u00e5n flera olika l\u00e4nder, bland andra Qatar och USA. Det finns idag en f\u00e4rdig gasledning v\u00e4ster om Pyren\u00e9erna mellan Spanien och Frankrike, men Spanien hoppas att f\u00e5 bygga en ny gasledning till Frankrike i nord\u00f6stra Katalonien. Men h\u00f6ga kostnader och bristande s\u00e4kerhet h\u00e5ller \u00e4n s\u00e5 l\u00e4nge fransm\u00e4nnen kallsinniga till projektet. President Macron anser att de bara skall bygga fler gasledningar om Europas gasf\u00f6rbrukning forts\u00e4tter att vara h\u00f6g. Den franske presidenten sade ocks\u00e5 att det kan bli mer aktuellt i ett scenario d\u00e4r kolanv\u00e4ndningen minskas, en situation som Frankrike automatiskt hamnar i eftersom de har beslutat avveckla kolproduktionen till 2022.<\/p>\n<p>Att l\u00e4gga dessa gasledningar till Europas gasmarknad kommer att s\u00e4nka den stora andelen gas som idag k\u00f6ps fr\u00e5n Ryssland (f\u00f6r n\u00e4rvarande 69% av all gasf\u00f6rbrukning inom EU). Vilket ger hela EU en st\u00f6rre energis\u00e4kerhet och d\u00e4rmed ocks\u00e5 st\u00f6rre politisk handlingskraft.<\/p>\n","protected":false},"excerpt":{"rendered":"<p>Frankrike, Spanien och Portugal f\u00e5r det st\u00f6rsta EU-bidraget n\u00e5gonsin f\u00f6r ett gemensamt energiinfrastrukturprojekt. F\u00f6rra m\u00e5naden tr\u00e4ffades regeringscheferna f\u00f6r de tre l\u00e4nderna i Lissabon f\u00f6r att komma \u00f6verens om ett f\u00f6rs\u00f6k att koppla ihop den iberiska halv\u00f6n med det europeiska eln\u00e4tet. Tillsammans och med betydande hj\u00e4lp fr\u00e5n EU, kom de \u00f6verens om att finansiera en 370 [&hellip;]<\/p>\n","protected":false},"author":8,"featured_media":17934,"comment_status":"open","ping_status":"open","sticky":false,"template":"","format":"standard","meta":{"_et_pb_use_builder":"","_et_pb_old_content":"","_et_gb_content_width":"","footnotes":""},"categories":[395,3],"tags":[],"class_list":["post-17933","post","type-post","status-publish","format-standard","has-post-thumbnail","hentry","category-arkiv-nyheter","category-nyheter"],"yoast_head":"<!-- This site is optimized with the Yoast SEO Premium plugin v26.2 (Yoast SEO v27.4) - https:\/\/yoast.com\/product\/yoast-seo-premium-wordpress\/ -->\n<title>Spanien f\u00e5r ett mycket stort EU-bidrag - Svenska Magasinet<\/title>\n<meta name=\"robots\" content=\"noindex, follow, max-snippet:-1, max-image-preview:large, max-video-preview:-1\" \/>\n<meta property=\"og:locale\" content=\"sv_SE\" \/>\n<meta property=\"og:type\" content=\"article\" \/>\n<meta property=\"og:title\" content=\"Spanien f\u00e5r ett mycket stort EU-bidrag\" \/>\n<meta property=\"og:description\" content=\"Frankrike, Spanien och Portugal f\u00e5r det st\u00f6rsta EU-bidraget n\u00e5gonsin f\u00f6r ett gemensamt energiinfrastrukturprojekt. F\u00f6rra m\u00e5naden tr\u00e4ffades regeringscheferna f\u00f6r de tre l\u00e4nderna i Lissabon f\u00f6r att komma \u00f6verens om ett f\u00f6rs\u00f6k att koppla ihop den iberiska halv\u00f6n med det europeiska eln\u00e4tet. Tillsammans och med betydande hj\u00e4lp fr\u00e5n EU, kom de \u00f6verens om att finansiera en 370 [&hellip;]\" \/>\n<meta property=\"og:url\" content=\"https:\/\/lightweb.dev\/l\/svm-temp\/nyheter\/spanien-far-ett-mycket-stort-eu-bidrag\/\" \/>\n<meta property=\"og:site_name\" content=\"Svenska Magasinet\" \/>\n<meta property=\"article:publisher\" content=\"https:\/\/www.facebook.com\/svenskamagasinet\" \/>\n<meta property=\"article:published_time\" content=\"2018-08-22T22:00:00+00:00\" \/>\n<meta property=\"og:image\" content=\"https:\/\/lightweb.dev\/l\/svm-temp\/wp-content\/uploads\/2022\/06\/spanien-far-ett-mycket-stort-eubidrag.png\" \/>\n\t<meta property=\"og:image:width\" content=\"500\" \/>\n\t<meta property=\"og:image:height\" content=\"300\" \/>\n\t<meta property=\"og:image:type\" content=\"image\/png\" \/>\n<meta name=\"author\" content=\"Redaktionen SvM\" \/>\n<meta name=\"twitter:card\" content=\"summary_large_image\" \/>\n<meta name=\"twitter:creator\" content=\"@SvenskaMagasine\" \/>\n<meta name=\"twitter:site\" content=\"@SvenskaMagasine\" \/>\n<script type=\"application\/ld+json\" class=\"yoast-schema-graph\">{\"@context\":\"https:\\\/\\\/schema.org\",\"@graph\":[{\"@type\":\"Article\",\"@id\":\"https:\\\/\\\/lightweb.dev\\\/l\\\/svm-temp\\\/nyheter\\\/spanien-far-ett-mycket-stort-eu-bidrag\\\/#article\",\"isPartOf\":{\"@id\":\"https:\\\/\\\/lightweb.dev\\\/l\\\/svm-temp\\\/nyheter\\\/spanien-far-ett-mycket-stort-eu-bidrag\\\/\"},\"author\":{\"name\":\"Redaktionen SvM\",\"@id\":\"https:\\\/\\\/lightweb.dev\\\/l\\\/svm-temp\\\/#\\\/schema\\\/person\\\/206a3bda5b607b0c25e1749191e4d837\"},\"headline\":\"Spanien f\u00e5r ett mycket stort EU-bidrag\",\"datePublished\":\"2018-08-22T22:00:00+00:00\",\"mainEntityOfPage\":{\"@id\":\"https:\\\/\\\/lightweb.dev\\\/l\\\/svm-temp\\\/nyheter\\\/spanien-far-ett-mycket-stort-eu-bidrag\\\/\"},\"wordCount\":634,\"commentCount\":0,\"publisher\":{\"@id\":\"https:\\\/\\\/lightweb.dev\\\/l\\\/svm-temp\\\/#organization\"},\"image\":{\"@id\":\"https:\\\/\\\/lightweb.dev\\\/l\\\/svm-temp\\\/nyheter\\\/spanien-far-ett-mycket-stort-eu-bidrag\\\/#primaryimage\"},\"thumbnailUrl\":\"https:\\\/\\\/lightweb.dev\\\/l\\\/svm-temp\\\/wp-content\\\/uploads\\\/2022\\\/06\\\/spanien-far-ett-mycket-stort-eubidrag.png\",\"articleSection\":[\"Arkiv\",\"Nyheter\"],\"inLanguage\":\"sv-SE\"},{\"@type\":\"WebPage\",\"@id\":\"https:\\\/\\\/lightweb.dev\\\/l\\\/svm-temp\\\/nyheter\\\/spanien-far-ett-mycket-stort-eu-bidrag\\\/\",\"url\":\"https:\\\/\\\/lightweb.dev\\\/l\\\/svm-temp\\\/nyheter\\\/spanien-far-ett-mycket-stort-eu-bidrag\\\/\",\"name\":\"Spanien f\u00e5r ett mycket stort EU-bidrag - Svenska Magasinet\",\"isPartOf\":{\"@id\":\"https:\\\/\\\/lightweb.dev\\\/l\\\/svm-temp\\\/#website\"},\"primaryImageOfPage\":{\"@id\":\"https:\\\/\\\/lightweb.dev\\\/l\\\/svm-temp\\\/nyheter\\\/spanien-far-ett-mycket-stort-eu-bidrag\\\/#primaryimage\"},\"image\":{\"@id\":\"https:\\\/\\\/lightweb.dev\\\/l\\\/svm-temp\\\/nyheter\\\/spanien-far-ett-mycket-stort-eu-bidrag\\\/#primaryimage\"},\"thumbnailUrl\":\"https:\\\/\\\/lightweb.dev\\\/l\\\/svm-temp\\\/wp-content\\\/uploads\\\/2022\\\/06\\\/spanien-far-ett-mycket-stort-eubidrag.png\",\"datePublished\":\"2018-08-22T22:00:00+00:00\",\"breadcrumb\":{\"@id\":\"https:\\\/\\\/lightweb.dev\\\/l\\\/svm-temp\\\/nyheter\\\/spanien-far-ett-mycket-stort-eu-bidrag\\\/#breadcrumb\"},\"inLanguage\":\"sv-SE\",\"potentialAction\":[{\"@type\":\"ReadAction\",\"target\":[\"https:\\\/\\\/lightweb.dev\\\/l\\\/svm-temp\\\/nyheter\\\/spanien-far-ett-mycket-stort-eu-bidrag\\\/\"]}]},{\"@type\":\"ImageObject\",\"inLanguage\":\"sv-SE\",\"@id\":\"https:\\\/\\\/lightweb.dev\\\/l\\\/svm-temp\\\/nyheter\\\/spanien-far-ett-mycket-stort-eu-bidrag\\\/#primaryimage\",\"url\":\"https:\\\/\\\/lightweb.dev\\\/l\\\/svm-temp\\\/wp-content\\\/uploads\\\/2022\\\/06\\\/spanien-far-ett-mycket-stort-eubidrag.png\",\"contentUrl\":\"https:\\\/\\\/lightweb.dev\\\/l\\\/svm-temp\\\/wp-content\\\/uploads\\\/2022\\\/06\\\/spanien-far-ett-mycket-stort-eubidrag.png\",\"width\":500,\"height\":300},{\"@type\":\"BreadcrumbList\",\"@id\":\"https:\\\/\\\/lightweb.dev\\\/l\\\/svm-temp\\\/nyheter\\\/spanien-far-ett-mycket-stort-eu-bidrag\\\/#breadcrumb\",\"itemListElement\":[{\"@type\":\"ListItem\",\"position\":1,\"name\":\"Hem\",\"item\":\"https:\\\/\\\/lightweb.dev\\\/l\\\/svm-temp\\\/\"},{\"@type\":\"ListItem\",\"position\":2,\"name\":\"Spanien f\u00e5r ett mycket stort EU-bidrag\"}]},{\"@type\":\"WebSite\",\"@id\":\"https:\\\/\\\/lightweb.dev\\\/l\\\/svm-temp\\\/#website\",\"url\":\"https:\\\/\\\/lightweb.dev\\\/l\\\/svm-temp\\\/\",\"name\":\"Svenska Magasinet\",\"description\":\"Dina Spanska nyheter p&aring; Svenska\",\"publisher\":{\"@id\":\"https:\\\/\\\/lightweb.dev\\\/l\\\/svm-temp\\\/#organization\"},\"potentialAction\":[{\"@type\":\"SearchAction\",\"target\":{\"@type\":\"EntryPoint\",\"urlTemplate\":\"https:\\\/\\\/lightweb.dev\\\/l\\\/svm-temp\\\/?s={search_term_string}\"},\"query-input\":{\"@type\":\"PropertyValueSpecification\",\"valueRequired\":true,\"valueName\":\"search_term_string\"}}],\"inLanguage\":\"sv-SE\"},{\"@type\":\"Organization\",\"@id\":\"https:\\\/\\\/lightweb.dev\\\/l\\\/svm-temp\\\/#organization\",\"name\":\"Melkerson y Nott SL\",\"alternateName\":\"Svenska Magasinet\",\"url\":\"https:\\\/\\\/lightweb.dev\\\/l\\\/svm-temp\\\/\",\"logo\":{\"@type\":\"ImageObject\",\"inLanguage\":\"sv-SE\",\"@id\":\"https:\\\/\\\/lightweb.dev\\\/l\\\/svm-temp\\\/#\\\/schema\\\/logo\\\/image\\\/\",\"url\":\"https:\\\/\\\/lightweb.dev\\\/l\\\/svm-temp\\\/wp-content\\\/uploads\\\/2025\\\/02\\\/SvM-logo-Xtra-Centrerad-SVART.png\",\"contentUrl\":\"https:\\\/\\\/lightweb.dev\\\/l\\\/svm-temp\\\/wp-content\\\/uploads\\\/2025\\\/02\\\/SvM-logo-Xtra-Centrerad-SVART.png\",\"width\":300,\"height\":99,\"caption\":\"Melkerson y Nott SL\"},\"image\":{\"@id\":\"https:\\\/\\\/lightweb.dev\\\/l\\\/svm-temp\\\/#\\\/schema\\\/logo\\\/image\\\/\"},\"sameAs\":[\"https:\\\/\\\/www.facebook.com\\\/svenskamagasinet\",\"https:\\\/\\\/x.com\\\/SvenskaMagasine\"]},{\"@type\":\"Person\",\"@id\":\"https:\\\/\\\/lightweb.dev\\\/l\\\/svm-temp\\\/#\\\/schema\\\/person\\\/206a3bda5b607b0c25e1749191e4d837\",\"name\":\"Redaktionen SvM\",\"description\":\"Redaktionen\",\"sameAs\":[\"https:\\\/\\\/lightweb.dev\\\/l\\\/svm-temp\"],\"url\":\"https:\\\/\\\/lightweb.dev\\\/l\\\/svm-temp\\\/reporter\\\/redaktionen\\\/\"}]}<\/script>\n<!-- \/ Yoast SEO Premium plugin. -->","yoast_head_json":{"title":"Spanien f\u00e5r ett mycket stort EU-bidrag - Svenska Magasinet","robots":{"index":"noindex","follow":"follow","max-snippet":"max-snippet:-1","max-image-preview":"max-image-preview:large","max-video-preview":"max-video-preview:-1"},"og_locale":"sv_SE","og_type":"article","og_title":"Spanien f\u00e5r ett mycket stort EU-bidrag","og_description":"Frankrike, Spanien och Portugal f\u00e5r det st\u00f6rsta EU-bidraget n\u00e5gonsin f\u00f6r ett gemensamt energiinfrastrukturprojekt. F\u00f6rra m\u00e5naden tr\u00e4ffades regeringscheferna f\u00f6r de tre l\u00e4nderna i Lissabon f\u00f6r att komma \u00f6verens om ett f\u00f6rs\u00f6k att koppla ihop den iberiska halv\u00f6n med det europeiska eln\u00e4tet. Tillsammans och med betydande hj\u00e4lp fr\u00e5n EU, kom de \u00f6verens om att finansiera en 370 [&hellip;]","og_url":"https:\/\/lightweb.dev\/l\/svm-temp\/nyheter\/spanien-far-ett-mycket-stort-eu-bidrag\/","og_site_name":"Svenska Magasinet","article_publisher":"https:\/\/www.facebook.com\/svenskamagasinet","article_published_time":"2018-08-22T22:00:00+00:00","og_image":[{"width":500,"height":300,"url":"https:\/\/lightweb.dev\/l\/svm-temp\/wp-content\/uploads\/2022\/06\/spanien-far-ett-mycket-stort-eubidrag.png","type":"image\/png"}],"author":"Redaktionen SvM","twitter_card":"summary_large_image","twitter_creator":"@SvenskaMagasine","twitter_site":"@SvenskaMagasine","schema":{"@context":"https:\/\/schema.org","@graph":[{"@type":"Article","@id":"https:\/\/lightweb.dev\/l\/svm-temp\/nyheter\/spanien-far-ett-mycket-stort-eu-bidrag\/#article","isPartOf":{"@id":"https:\/\/lightweb.dev\/l\/svm-temp\/nyheter\/spanien-far-ett-mycket-stort-eu-bidrag\/"},"author":{"name":"Redaktionen SvM","@id":"https:\/\/lightweb.dev\/l\/svm-temp\/#\/schema\/person\/206a3bda5b607b0c25e1749191e4d837"},"headline":"Spanien f\u00e5r ett mycket stort EU-bidrag","datePublished":"2018-08-22T22:00:00+00:00","mainEntityOfPage":{"@id":"https:\/\/lightweb.dev\/l\/svm-temp\/nyheter\/spanien-far-ett-mycket-stort-eu-bidrag\/"},"wordCount":634,"commentCount":0,"publisher":{"@id":"https:\/\/lightweb.dev\/l\/svm-temp\/#organization"},"image":{"@id":"https:\/\/lightweb.dev\/l\/svm-temp\/nyheter\/spanien-far-ett-mycket-stort-eu-bidrag\/#primaryimage"},"thumbnailUrl":"https:\/\/lightweb.dev\/l\/svm-temp\/wp-content\/uploads\/2022\/06\/spanien-far-ett-mycket-stort-eubidrag.png","articleSection":["Arkiv","Nyheter"],"inLanguage":"sv-SE"},{"@type":"WebPage","@id":"https:\/\/lightweb.dev\/l\/svm-temp\/nyheter\/spanien-far-ett-mycket-stort-eu-bidrag\/","url":"https:\/\/lightweb.dev\/l\/svm-temp\/nyheter\/spanien-far-ett-mycket-stort-eu-bidrag\/","name":"Spanien f\u00e5r ett mycket stort EU-bidrag - Svenska Magasinet","isPartOf":{"@id":"https:\/\/lightweb.dev\/l\/svm-temp\/#website"},"primaryImageOfPage":{"@id":"https:\/\/lightweb.dev\/l\/svm-temp\/nyheter\/spanien-far-ett-mycket-stort-eu-bidrag\/#primaryimage"},"image":{"@id":"https:\/\/lightweb.dev\/l\/svm-temp\/nyheter\/spanien-far-ett-mycket-stort-eu-bidrag\/#primaryimage"},"thumbnailUrl":"https:\/\/lightweb.dev\/l\/svm-temp\/wp-content\/uploads\/2022\/06\/spanien-far-ett-mycket-stort-eubidrag.png","datePublished":"2018-08-22T22:00:00+00:00","breadcrumb":{"@id":"https:\/\/lightweb.dev\/l\/svm-temp\/nyheter\/spanien-far-ett-mycket-stort-eu-bidrag\/#breadcrumb"},"inLanguage":"sv-SE","potentialAction":[{"@type":"ReadAction","target":["https:\/\/lightweb.dev\/l\/svm-temp\/nyheter\/spanien-far-ett-mycket-stort-eu-bidrag\/"]}]},{"@type":"ImageObject","inLanguage":"sv-SE","@id":"https:\/\/lightweb.dev\/l\/svm-temp\/nyheter\/spanien-far-ett-mycket-stort-eu-bidrag\/#primaryimage","url":"https:\/\/lightweb.dev\/l\/svm-temp\/wp-content\/uploads\/2022\/06\/spanien-far-ett-mycket-stort-eubidrag.png","contentUrl":"https:\/\/lightweb.dev\/l\/svm-temp\/wp-content\/uploads\/2022\/06\/spanien-far-ett-mycket-stort-eubidrag.png","width":500,"height":300},{"@type":"BreadcrumbList","@id":"https:\/\/lightweb.dev\/l\/svm-temp\/nyheter\/spanien-far-ett-mycket-stort-eu-bidrag\/#breadcrumb","itemListElement":[{"@type":"ListItem","position":1,"name":"Hem","item":"https:\/\/lightweb.dev\/l\/svm-temp\/"},{"@type":"ListItem","position":2,"name":"Spanien f\u00e5r ett mycket stort EU-bidrag"}]},{"@type":"WebSite","@id":"https:\/\/lightweb.dev\/l\/svm-temp\/#website","url":"https:\/\/lightweb.dev\/l\/svm-temp\/","name":"Svenska Magasinet","description":"Dina Spanska nyheter p&aring; Svenska","publisher":{"@id":"https:\/\/lightweb.dev\/l\/svm-temp\/#organization"},"potentialAction":[{"@type":"SearchAction","target":{"@type":"EntryPoint","urlTemplate":"https:\/\/lightweb.dev\/l\/svm-temp\/?s={search_term_string}"},"query-input":{"@type":"PropertyValueSpecification","valueRequired":true,"valueName":"search_term_string"}}],"inLanguage":"sv-SE"},{"@type":"Organization","@id":"https:\/\/lightweb.dev\/l\/svm-temp\/#organization","name":"Melkerson y Nott SL","alternateName":"Svenska Magasinet","url":"https:\/\/lightweb.dev\/l\/svm-temp\/","logo":{"@type":"ImageObject","inLanguage":"sv-SE","@id":"https:\/\/lightweb.dev\/l\/svm-temp\/#\/schema\/logo\/image\/","url":"https:\/\/lightweb.dev\/l\/svm-temp\/wp-content\/uploads\/2025\/02\/SvM-logo-Xtra-Centrerad-SVART.png","contentUrl":"https:\/\/lightweb.dev\/l\/svm-temp\/wp-content\/uploads\/2025\/02\/SvM-logo-Xtra-Centrerad-SVART.png","width":300,"height":99,"caption":"Melkerson y Nott SL"},"image":{"@id":"https:\/\/lightweb.dev\/l\/svm-temp\/#\/schema\/logo\/image\/"},"sameAs":["https:\/\/www.facebook.com\/svenskamagasinet","https:\/\/x.com\/SvenskaMagasine"]},{"@type":"Person","@id":"https:\/\/lightweb.dev\/l\/svm-temp\/#\/schema\/person\/206a3bda5b607b0c25e1749191e4d837","name":"Redaktionen SvM","description":"Redaktionen","sameAs":["https:\/\/lightweb.dev\/l\/svm-temp"],"url":"https:\/\/lightweb.dev\/l\/svm-temp\/reporter\/redaktionen\/"}]}},"_links":{"self":[{"href":"https:\/\/lightweb.dev\/l\/svm-temp\/wp-json\/wp\/v2\/posts\/17933","targetHints":{"allow":["GET"]}}],"collection":[{"href":"https:\/\/lightweb.dev\/l\/svm-temp\/wp-json\/wp\/v2\/posts"}],"about":[{"href":"https:\/\/lightweb.dev\/l\/svm-temp\/wp-json\/wp\/v2\/types\/post"}],"author":[{"embeddable":true,"href":"https:\/\/lightweb.dev\/l\/svm-temp\/wp-json\/wp\/v2\/users\/8"}],"replies":[{"embeddable":true,"href":"https:\/\/lightweb.dev\/l\/svm-temp\/wp-json\/wp\/v2\/comments?post=17933"}],"version-history":[{"count":0,"href":"https:\/\/lightweb.dev\/l\/svm-temp\/wp-json\/wp\/v2\/posts\/17933\/revisions"}],"wp:featuredmedia":[{"embeddable":true,"href":"https:\/\/lightweb.dev\/l\/svm-temp\/wp-json\/wp\/v2\/media\/17934"}],"wp:attachment":[{"href":"https:\/\/lightweb.dev\/l\/svm-temp\/wp-json\/wp\/v2\/media?parent=17933"}],"wp:term":[{"taxonomy":"category","embeddable":true,"href":"https:\/\/lightweb.dev\/l\/svm-temp\/wp-json\/wp\/v2\/categories?post=17933"},{"taxonomy":"post_tag","embeddable":true,"href":"https:\/\/lightweb.dev\/l\/svm-temp\/wp-json\/wp\/v2\/tags?post=17933"}],"curies":[{"name":"wp","href":"https:\/\/api.w.org\/{rel}","templated":true}]}}