{"id":18207,"date":"2018-06-11T00:00:00","date_gmt":"2018-06-10T22:00:00","guid":{"rendered":"https:\/\/lightweb.dev\/l\/svm-temp\/nyheter\/svenske-richard-blev-tv229-miljonte-bes246karen-vid-mijas-turistkontor\/"},"modified":"2018-06-11T00:00:00","modified_gmt":"2018-06-10T22:00:00","slug":"svenske-richard-blev-tv229-miljonte-bes246karen-vid-mijas-turistkontor","status":"publish","type":"post","link":"https:\/\/lightweb.dev\/l\/svm-temp\/nyheter\/svenske-richard-blev-tv229-miljonte-bes246karen-vid-mijas-turistkontor\/","title":{"rendered":"Svenske Richard blev tv&#x26;#229; miljonte bes&#x26;#246;karen vid Mijas turistkontor"},"content":{"rendered":"<p> Den svenske turisten Richard Larsson uppm\u00e4rksammades nyligen i Mijas som kommunens turist nummer tv\u00e5 miljoner. Det var f\u00f6rsta g\u00e5ngen han bes\u00f6kte Mijas och Spanien och blev vid sitt bes\u00f6k n\u00e5got \u00f6verraskad av utm\u00e4rkelsen.<\/p>\n<p>Det \u00e4r en viktig dag f\u00f6r v\u00e5r kommun. En dag som visar v\u00e5r m\u00e5ls\u00e4ttning med att locka nya turister, sa kommunalr\u00e5det inom turism, Josele Gonz\u00e1lez. Det \u00e4r viktigt att de som bes\u00f6ker oss f\u00f6r f\u00f6rsta g\u00e5ngen f\u00e5r ett positivt intryck inte bara av milj\u00f6n utan \u00e4ven hur de tas emot.<\/p>\n<p>F\u00f6r n\u00e5gra dagar sedan s\u00e5g personalen vid turistkontoret i Mijas att bes\u00f6ksantalet b\u00f6rjade n\u00e4rma sig tv\u00e5 miljoner sedan turistinformationen \u00f6ppnade f\u00f6r 15 \u00e5r sedan.<\/p>\n<p>Sedan starten f\u00f6r15 \u00e5r sedan har Mijas turistinformation haft tv\u00e5 miljoner bes\u00f6kare. Turisterna kommer fr\u00e5n mer \u00e4n 50 olika l\u00e4nder och den som blev nummer 2.000.000 kom allts\u00e5 fr\u00e5n Sverige.<\/p>\n<p>Personalen vid turistkontoret blev n\u00e5got f\u00f6rv\u00e5nade n\u00e4r Rickard Larsson ber\u00e4ttade att han bes\u00f6kte Spanien f\u00f6r f\u00f6rsta g\u00e5ngen.<\/p>\n<p>Vi ville g\u00f6ra n\u00e5got annat \u00e4n att sola s\u00e5 vi best\u00e4mde oss f\u00f6r att bes\u00f6ka Mijas. Vad vi hittills sett \u00e4r det mycket vackert, den gamla bydelen, tapasbarerna och de smala gatorna gjorde att vi ville tillbringa en eftermiddag h\u00e4r, s\u00e4ger Rickard Larsson som t\u00e4nker \u00e5terv\u00e4nda till Mijas.<\/p>\n<p>Richard fick ett diplom och en bok om Mijas historia och hamnade p\u00e5 f\u00f6rstasidan i lokaltidningen Mijas Semanal. <\/p>\n","protected":false},"excerpt":{"rendered":"<p>Den svenske turisten Richard Larsson uppm\u00e4rksammades nyligen i Mijas som kommunens turist nummer tv\u00e5 miljoner. Det var f\u00f6rsta g\u00e5ngen han bes\u00f6kte Mijas och Spanien och blev vid sitt bes\u00f6k n\u00e5got \u00f6verraskad av utm\u00e4rkelsen. Det \u00e4r en viktig dag f\u00f6r v\u00e5r kommun. En dag som visar v\u00e5r m\u00e5ls\u00e4ttning med att locka nya turister, sa kommunalr\u00e5det inom [&hellip;]<\/p>\n","protected":false},"author":8,"featured_media":18208,"comment_status":"open","ping_status":"open","sticky":false,"template":"","format":"standard","meta":{"_et_pb_use_builder":"","_et_pb_old_content":"","_et_gb_content_width":"","footnotes":""},"categories":[3],"tags":[],"class_list":["post-18207","post","type-post","status-publish","format-standard","has-post-thumbnail","hentry","category-nyheter"],"yoast_head":"<!-- This site is optimized with the Yoast SEO Premium plugin v26.2 (Yoast SEO v27.4) - https:\/\/yoast.com\/product\/yoast-seo-premium-wordpress\/ -->\n<title>Svenske Richard blev tv&#x26;#229; miljonte bes&#x26;#246;karen vid Mijas turistkontor - Svenska Magasinet<\/title>\n<meta name=\"robots\" content=\"noindex, follow, max-snippet:-1, max-image-preview:large, max-video-preview:-1\" \/>\n<meta property=\"og:locale\" content=\"sv_SE\" \/>\n<meta property=\"og:type\" content=\"article\" \/>\n<meta property=\"og:title\" content=\"Svenske Richard blev tv&#x26;#229; miljonte bes&#x26;#246;karen vid Mijas turistkontor\" \/>\n<meta property=\"og:description\" content=\"Den svenske turisten Richard Larsson uppm\u00e4rksammades nyligen i Mijas som kommunens turist nummer tv\u00e5 miljoner. Det var f\u00f6rsta g\u00e5ngen han bes\u00f6kte Mijas och Spanien och blev vid sitt bes\u00f6k n\u00e5got \u00f6verraskad av utm\u00e4rkelsen. Det \u00e4r en viktig dag f\u00f6r v\u00e5r kommun. En dag som visar v\u00e5r m\u00e5ls\u00e4ttning med att locka nya turister, sa kommunalr\u00e5det inom [&hellip;]\" \/>\n<meta property=\"og:url\" content=\"https:\/\/lightweb.dev\/l\/svm-temp\/nyheter\/svenske-richard-blev-tv229-miljonte-bes246karen-vid-mijas-turistkontor\/\" \/>\n<meta property=\"og:site_name\" content=\"Svenska Magasinet\" \/>\n<meta property=\"article:publisher\" content=\"https:\/\/www.facebook.com\/svenskamagasinet\" \/>\n<meta property=\"article:published_time\" content=\"2018-06-10T22:00:00+00:00\" \/>\n<meta property=\"og:image\" content=\"https:\/\/lightweb.dev\/l\/svm-temp\/wp-content\/uploads\/2022\/06\/svenske-richard-blev-tvx26229-miljonte-besx26246karen-vid-mijas-turistkontor.png\" \/>\n\t<meta property=\"og:image:width\" content=\"280\" \/>\n\t<meta property=\"og:image:height\" content=\"321\" \/>\n\t<meta property=\"og:image:type\" content=\"image\/png\" \/>\n<meta name=\"author\" content=\"Redaktionen SvM\" \/>\n<meta name=\"twitter:card\" content=\"summary_large_image\" \/>\n<meta name=\"twitter:creator\" content=\"@SvenskaMagasine\" \/>\n<meta name=\"twitter:site\" content=\"@SvenskaMagasine\" \/>\n<script type=\"application\/ld+json\" class=\"yoast-schema-graph\">{\"@context\":\"https:\\\/\\\/schema.org\",\"@graph\":[{\"@type\":\"Article\",\"@id\":\"https:\\\/\\\/lightweb.dev\\\/l\\\/svm-temp\\\/nyheter\\\/svenske-richard-blev-tv229-miljonte-bes246karen-vid-mijas-turistkontor\\\/#article\",\"isPartOf\":{\"@id\":\"https:\\\/\\\/lightweb.dev\\\/l\\\/svm-temp\\\/nyheter\\\/svenske-richard-blev-tv229-miljonte-bes246karen-vid-mijas-turistkontor\\\/\"},\"author\":{\"name\":\"Redaktionen SvM\",\"@id\":\"https:\\\/\\\/lightweb.dev\\\/l\\\/svm-temp\\\/#\\\/schema\\\/person\\\/206a3bda5b607b0c25e1749191e4d837\"},\"headline\":\"Svenske Richard blev tv&#x26;#229; miljonte bes&#x26;#246;karen vid Mijas turistkontor\",\"datePublished\":\"2018-06-10T22:00:00+00:00\",\"mainEntityOfPage\":{\"@id\":\"https:\\\/\\\/lightweb.dev\\\/l\\\/svm-temp\\\/nyheter\\\/svenske-richard-blev-tv229-miljonte-bes246karen-vid-mijas-turistkontor\\\/\"},\"wordCount\":280,\"commentCount\":0,\"publisher\":{\"@id\":\"https:\\\/\\\/lightweb.dev\\\/l\\\/svm-temp\\\/#organization\"},\"image\":{\"@id\":\"https:\\\/\\\/lightweb.dev\\\/l\\\/svm-temp\\\/nyheter\\\/svenske-richard-blev-tv229-miljonte-bes246karen-vid-mijas-turistkontor\\\/#primaryimage\"},\"thumbnailUrl\":\"https:\\\/\\\/lightweb.dev\\\/l\\\/svm-temp\\\/wp-content\\\/uploads\\\/2022\\\/06\\\/svenske-richard-blev-tvx26229-miljonte-besx26246karen-vid-mijas-turistkontor.png\",\"articleSection\":[\"Nyheter\"],\"inLanguage\":\"sv-SE\"},{\"@type\":\"WebPage\",\"@id\":\"https:\\\/\\\/lightweb.dev\\\/l\\\/svm-temp\\\/nyheter\\\/svenske-richard-blev-tv229-miljonte-bes246karen-vid-mijas-turistkontor\\\/\",\"url\":\"https:\\\/\\\/lightweb.dev\\\/l\\\/svm-temp\\\/nyheter\\\/svenske-richard-blev-tv229-miljonte-bes246karen-vid-mijas-turistkontor\\\/\",\"name\":\"Svenske Richard blev tv&#x26;#229; miljonte bes&#x26;#246;karen vid Mijas turistkontor - Svenska Magasinet\",\"isPartOf\":{\"@id\":\"https:\\\/\\\/lightweb.dev\\\/l\\\/svm-temp\\\/#website\"},\"primaryImageOfPage\":{\"@id\":\"https:\\\/\\\/lightweb.dev\\\/l\\\/svm-temp\\\/nyheter\\\/svenske-richard-blev-tv229-miljonte-bes246karen-vid-mijas-turistkontor\\\/#primaryimage\"},\"image\":{\"@id\":\"https:\\\/\\\/lightweb.dev\\\/l\\\/svm-temp\\\/nyheter\\\/svenske-richard-blev-tv229-miljonte-bes246karen-vid-mijas-turistkontor\\\/#primaryimage\"},\"thumbnailUrl\":\"https:\\\/\\\/lightweb.dev\\\/l\\\/svm-temp\\\/wp-content\\\/uploads\\\/2022\\\/06\\\/svenske-richard-blev-tvx26229-miljonte-besx26246karen-vid-mijas-turistkontor.png\",\"datePublished\":\"2018-06-10T22:00:00+00:00\",\"breadcrumb\":{\"@id\":\"https:\\\/\\\/lightweb.dev\\\/l\\\/svm-temp\\\/nyheter\\\/svenske-richard-blev-tv229-miljonte-bes246karen-vid-mijas-turistkontor\\\/#breadcrumb\"},\"inLanguage\":\"sv-SE\",\"potentialAction\":[{\"@type\":\"ReadAction\",\"target\":[\"https:\\\/\\\/lightweb.dev\\\/l\\\/svm-temp\\\/nyheter\\\/svenske-richard-blev-tv229-miljonte-bes246karen-vid-mijas-turistkontor\\\/\"]}]},{\"@type\":\"ImageObject\",\"inLanguage\":\"sv-SE\",\"@id\":\"https:\\\/\\\/lightweb.dev\\\/l\\\/svm-temp\\\/nyheter\\\/svenske-richard-blev-tv229-miljonte-bes246karen-vid-mijas-turistkontor\\\/#primaryimage\",\"url\":\"https:\\\/\\\/lightweb.dev\\\/l\\\/svm-temp\\\/wp-content\\\/uploads\\\/2022\\\/06\\\/svenske-richard-blev-tvx26229-miljonte-besx26246karen-vid-mijas-turistkontor.png\",\"contentUrl\":\"https:\\\/\\\/lightweb.dev\\\/l\\\/svm-temp\\\/wp-content\\\/uploads\\\/2022\\\/06\\\/svenske-richard-blev-tvx26229-miljonte-besx26246karen-vid-mijas-turistkontor.png\",\"width\":280,\"height\":321},{\"@type\":\"BreadcrumbList\",\"@id\":\"https:\\\/\\\/lightweb.dev\\\/l\\\/svm-temp\\\/nyheter\\\/svenske-richard-blev-tv229-miljonte-bes246karen-vid-mijas-turistkontor\\\/#breadcrumb\",\"itemListElement\":[{\"@type\":\"ListItem\",\"position\":1,\"name\":\"Hem\",\"item\":\"https:\\\/\\\/lightweb.dev\\\/l\\\/svm-temp\\\/\"},{\"@type\":\"ListItem\",\"position\":2,\"name\":\"Svenske Richard blev tv&#x26;#229; miljonte bes&#x26;#246;karen vid Mijas turistkontor\"}]},{\"@type\":\"WebSite\",\"@id\":\"https:\\\/\\\/lightweb.dev\\\/l\\\/svm-temp\\\/#website\",\"url\":\"https:\\\/\\\/lightweb.dev\\\/l\\\/svm-temp\\\/\",\"name\":\"Svenska Magasinet\",\"description\":\"Dina Spanska nyheter p&aring; Svenska\",\"publisher\":{\"@id\":\"https:\\\/\\\/lightweb.dev\\\/l\\\/svm-temp\\\/#organization\"},\"potentialAction\":[{\"@type\":\"SearchAction\",\"target\":{\"@type\":\"EntryPoint\",\"urlTemplate\":\"https:\\\/\\\/lightweb.dev\\\/l\\\/svm-temp\\\/?s={search_term_string}\"},\"query-input\":{\"@type\":\"PropertyValueSpecification\",\"valueRequired\":true,\"valueName\":\"search_term_string\"}}],\"inLanguage\":\"sv-SE\"},{\"@type\":\"Organization\",\"@id\":\"https:\\\/\\\/lightweb.dev\\\/l\\\/svm-temp\\\/#organization\",\"name\":\"Melkerson y Nott SL\",\"alternateName\":\"Svenska Magasinet\",\"url\":\"https:\\\/\\\/lightweb.dev\\\/l\\\/svm-temp\\\/\",\"logo\":{\"@type\":\"ImageObject\",\"inLanguage\":\"sv-SE\",\"@id\":\"https:\\\/\\\/lightweb.dev\\\/l\\\/svm-temp\\\/#\\\/schema\\\/logo\\\/image\\\/\",\"url\":\"https:\\\/\\\/lightweb.dev\\\/l\\\/svm-temp\\\/wp-content\\\/uploads\\\/2025\\\/02\\\/SvM-logo-Xtra-Centrerad-SVART.png\",\"contentUrl\":\"https:\\\/\\\/lightweb.dev\\\/l\\\/svm-temp\\\/wp-content\\\/uploads\\\/2025\\\/02\\\/SvM-logo-Xtra-Centrerad-SVART.png\",\"width\":300,\"height\":99,\"caption\":\"Melkerson y Nott SL\"},\"image\":{\"@id\":\"https:\\\/\\\/lightweb.dev\\\/l\\\/svm-temp\\\/#\\\/schema\\\/logo\\\/image\\\/\"},\"sameAs\":[\"https:\\\/\\\/www.facebook.com\\\/svenskamagasinet\",\"https:\\\/\\\/x.com\\\/SvenskaMagasine\"]},{\"@type\":\"Person\",\"@id\":\"https:\\\/\\\/lightweb.dev\\\/l\\\/svm-temp\\\/#\\\/schema\\\/person\\\/206a3bda5b607b0c25e1749191e4d837\",\"name\":\"Redaktionen SvM\",\"description\":\"Redaktionen\",\"sameAs\":[\"https:\\\/\\\/lightweb.dev\\\/l\\\/svm-temp\"],\"url\":\"https:\\\/\\\/lightweb.dev\\\/l\\\/svm-temp\\\/reporter\\\/redaktionen\\\/\"}]}<\/script>\n<!-- \/ Yoast SEO Premium plugin. -->","yoast_head_json":{"title":"Svenske Richard blev tv&#x26;#229; miljonte bes&#x26;#246;karen vid Mijas turistkontor - Svenska Magasinet","robots":{"index":"noindex","follow":"follow","max-snippet":"max-snippet:-1","max-image-preview":"max-image-preview:large","max-video-preview":"max-video-preview:-1"},"og_locale":"sv_SE","og_type":"article","og_title":"Svenske Richard blev tv&#x26;#229; miljonte bes&#x26;#246;karen vid Mijas turistkontor","og_description":"Den svenske turisten Richard Larsson uppm\u00e4rksammades nyligen i Mijas som kommunens turist nummer tv\u00e5 miljoner. Det var f\u00f6rsta g\u00e5ngen han bes\u00f6kte Mijas och Spanien och blev vid sitt bes\u00f6k n\u00e5got \u00f6verraskad av utm\u00e4rkelsen. Det \u00e4r en viktig dag f\u00f6r v\u00e5r kommun. En dag som visar v\u00e5r m\u00e5ls\u00e4ttning med att locka nya turister, sa kommunalr\u00e5det inom [&hellip;]","og_url":"https:\/\/lightweb.dev\/l\/svm-temp\/nyheter\/svenske-richard-blev-tv229-miljonte-bes246karen-vid-mijas-turistkontor\/","og_site_name":"Svenska Magasinet","article_publisher":"https:\/\/www.facebook.com\/svenskamagasinet","article_published_time":"2018-06-10T22:00:00+00:00","og_image":[{"width":280,"height":321,"url":"https:\/\/lightweb.dev\/l\/svm-temp\/wp-content\/uploads\/2022\/06\/svenske-richard-blev-tvx26229-miljonte-besx26246karen-vid-mijas-turistkontor.png","type":"image\/png"}],"author":"Redaktionen SvM","twitter_card":"summary_large_image","twitter_creator":"@SvenskaMagasine","twitter_site":"@SvenskaMagasine","schema":{"@context":"https:\/\/schema.org","@graph":[{"@type":"Article","@id":"https:\/\/lightweb.dev\/l\/svm-temp\/nyheter\/svenske-richard-blev-tv229-miljonte-bes246karen-vid-mijas-turistkontor\/#article","isPartOf":{"@id":"https:\/\/lightweb.dev\/l\/svm-temp\/nyheter\/svenske-richard-blev-tv229-miljonte-bes246karen-vid-mijas-turistkontor\/"},"author":{"name":"Redaktionen SvM","@id":"https:\/\/lightweb.dev\/l\/svm-temp\/#\/schema\/person\/206a3bda5b607b0c25e1749191e4d837"},"headline":"Svenske Richard blev tv&#x26;#229; miljonte bes&#x26;#246;karen vid Mijas turistkontor","datePublished":"2018-06-10T22:00:00+00:00","mainEntityOfPage":{"@id":"https:\/\/lightweb.dev\/l\/svm-temp\/nyheter\/svenske-richard-blev-tv229-miljonte-bes246karen-vid-mijas-turistkontor\/"},"wordCount":280,"commentCount":0,"publisher":{"@id":"https:\/\/lightweb.dev\/l\/svm-temp\/#organization"},"image":{"@id":"https:\/\/lightweb.dev\/l\/svm-temp\/nyheter\/svenske-richard-blev-tv229-miljonte-bes246karen-vid-mijas-turistkontor\/#primaryimage"},"thumbnailUrl":"https:\/\/lightweb.dev\/l\/svm-temp\/wp-content\/uploads\/2022\/06\/svenske-richard-blev-tvx26229-miljonte-besx26246karen-vid-mijas-turistkontor.png","articleSection":["Nyheter"],"inLanguage":"sv-SE"},{"@type":"WebPage","@id":"https:\/\/lightweb.dev\/l\/svm-temp\/nyheter\/svenske-richard-blev-tv229-miljonte-bes246karen-vid-mijas-turistkontor\/","url":"https:\/\/lightweb.dev\/l\/svm-temp\/nyheter\/svenske-richard-blev-tv229-miljonte-bes246karen-vid-mijas-turistkontor\/","name":"Svenske Richard blev tv&#x26;#229; miljonte bes&#x26;#246;karen vid Mijas turistkontor - Svenska Magasinet","isPartOf":{"@id":"https:\/\/lightweb.dev\/l\/svm-temp\/#website"},"primaryImageOfPage":{"@id":"https:\/\/lightweb.dev\/l\/svm-temp\/nyheter\/svenske-richard-blev-tv229-miljonte-bes246karen-vid-mijas-turistkontor\/#primaryimage"},"image":{"@id":"https:\/\/lightweb.dev\/l\/svm-temp\/nyheter\/svenske-richard-blev-tv229-miljonte-bes246karen-vid-mijas-turistkontor\/#primaryimage"},"thumbnailUrl":"https:\/\/lightweb.dev\/l\/svm-temp\/wp-content\/uploads\/2022\/06\/svenske-richard-blev-tvx26229-miljonte-besx26246karen-vid-mijas-turistkontor.png","datePublished":"2018-06-10T22:00:00+00:00","breadcrumb":{"@id":"https:\/\/lightweb.dev\/l\/svm-temp\/nyheter\/svenske-richard-blev-tv229-miljonte-bes246karen-vid-mijas-turistkontor\/#breadcrumb"},"inLanguage":"sv-SE","potentialAction":[{"@type":"ReadAction","target":["https:\/\/lightweb.dev\/l\/svm-temp\/nyheter\/svenske-richard-blev-tv229-miljonte-bes246karen-vid-mijas-turistkontor\/"]}]},{"@type":"ImageObject","inLanguage":"sv-SE","@id":"https:\/\/lightweb.dev\/l\/svm-temp\/nyheter\/svenske-richard-blev-tv229-miljonte-bes246karen-vid-mijas-turistkontor\/#primaryimage","url":"https:\/\/lightweb.dev\/l\/svm-temp\/wp-content\/uploads\/2022\/06\/svenske-richard-blev-tvx26229-miljonte-besx26246karen-vid-mijas-turistkontor.png","contentUrl":"https:\/\/lightweb.dev\/l\/svm-temp\/wp-content\/uploads\/2022\/06\/svenske-richard-blev-tvx26229-miljonte-besx26246karen-vid-mijas-turistkontor.png","width":280,"height":321},{"@type":"BreadcrumbList","@id":"https:\/\/lightweb.dev\/l\/svm-temp\/nyheter\/svenske-richard-blev-tv229-miljonte-bes246karen-vid-mijas-turistkontor\/#breadcrumb","itemListElement":[{"@type":"ListItem","position":1,"name":"Hem","item":"https:\/\/lightweb.dev\/l\/svm-temp\/"},{"@type":"ListItem","position":2,"name":"Svenske Richard blev tv&#x26;#229; miljonte bes&#x26;#246;karen vid Mijas turistkontor"}]},{"@type":"WebSite","@id":"https:\/\/lightweb.dev\/l\/svm-temp\/#website","url":"https:\/\/lightweb.dev\/l\/svm-temp\/","name":"Svenska Magasinet","description":"Dina Spanska nyheter p&aring; Svenska","publisher":{"@id":"https:\/\/lightweb.dev\/l\/svm-temp\/#organization"},"potentialAction":[{"@type":"SearchAction","target":{"@type":"EntryPoint","urlTemplate":"https:\/\/lightweb.dev\/l\/svm-temp\/?s={search_term_string}"},"query-input":{"@type":"PropertyValueSpecification","valueRequired":true,"valueName":"search_term_string"}}],"inLanguage":"sv-SE"},{"@type":"Organization","@id":"https:\/\/lightweb.dev\/l\/svm-temp\/#organization","name":"Melkerson y Nott SL","alternateName":"Svenska Magasinet","url":"https:\/\/lightweb.dev\/l\/svm-temp\/","logo":{"@type":"ImageObject","inLanguage":"sv-SE","@id":"https:\/\/lightweb.dev\/l\/svm-temp\/#\/schema\/logo\/image\/","url":"https:\/\/lightweb.dev\/l\/svm-temp\/wp-content\/uploads\/2025\/02\/SvM-logo-Xtra-Centrerad-SVART.png","contentUrl":"https:\/\/lightweb.dev\/l\/svm-temp\/wp-content\/uploads\/2025\/02\/SvM-logo-Xtra-Centrerad-SVART.png","width":300,"height":99,"caption":"Melkerson y Nott SL"},"image":{"@id":"https:\/\/lightweb.dev\/l\/svm-temp\/#\/schema\/logo\/image\/"},"sameAs":["https:\/\/www.facebook.com\/svenskamagasinet","https:\/\/x.com\/SvenskaMagasine"]},{"@type":"Person","@id":"https:\/\/lightweb.dev\/l\/svm-temp\/#\/schema\/person\/206a3bda5b607b0c25e1749191e4d837","name":"Redaktionen SvM","description":"Redaktionen","sameAs":["https:\/\/lightweb.dev\/l\/svm-temp"],"url":"https:\/\/lightweb.dev\/l\/svm-temp\/reporter\/redaktionen\/"}]}},"_links":{"self":[{"href":"https:\/\/lightweb.dev\/l\/svm-temp\/wp-json\/wp\/v2\/posts\/18207","targetHints":{"allow":["GET"]}}],"collection":[{"href":"https:\/\/lightweb.dev\/l\/svm-temp\/wp-json\/wp\/v2\/posts"}],"about":[{"href":"https:\/\/lightweb.dev\/l\/svm-temp\/wp-json\/wp\/v2\/types\/post"}],"author":[{"embeddable":true,"href":"https:\/\/lightweb.dev\/l\/svm-temp\/wp-json\/wp\/v2\/users\/8"}],"replies":[{"embeddable":true,"href":"https:\/\/lightweb.dev\/l\/svm-temp\/wp-json\/wp\/v2\/comments?post=18207"}],"version-history":[{"count":0,"href":"https:\/\/lightweb.dev\/l\/svm-temp\/wp-json\/wp\/v2\/posts\/18207\/revisions"}],"wp:featuredmedia":[{"embeddable":true,"href":"https:\/\/lightweb.dev\/l\/svm-temp\/wp-json\/wp\/v2\/media\/18208"}],"wp:attachment":[{"href":"https:\/\/lightweb.dev\/l\/svm-temp\/wp-json\/wp\/v2\/media?parent=18207"}],"wp:term":[{"taxonomy":"category","embeddable":true,"href":"https:\/\/lightweb.dev\/l\/svm-temp\/wp-json\/wp\/v2\/categories?post=18207"},{"taxonomy":"post_tag","embeddable":true,"href":"https:\/\/lightweb.dev\/l\/svm-temp\/wp-json\/wp\/v2\/tags?post=18207"}],"curies":[{"name":"wp","href":"https:\/\/api.w.org\/{rel}","templated":true}]}}