{"id":18327,"date":"2018-05-18T00:00:00","date_gmt":"2018-05-17T22:00:00","guid":{"rendered":"https:\/\/lightweb.dev\/l\/svm-temp\/nyheter\/finsk-kvinnlig-turist-gripen-for-att-sexuellt-ofredat-taxichauffor-och-minderarig\/"},"modified":"2018-05-18T00:00:00","modified_gmt":"2018-05-17T22:00:00","slug":"finsk-kvinnlig-turist-gripen-for-att-sexuellt-ofredat-taxichauffor-och-minderarig","status":"publish","type":"post","link":"https:\/\/lightweb.dev\/l\/svm-temp\/nyheter\/finsk-kvinnlig-turist-gripen-for-att-sexuellt-ofredat-taxichauffor-och-minderarig\/","title":{"rendered":"Finsk kvinnlig turist gripen f\u00f6r att sexuellt ofredat taxichauff\u00f6r och minder\u00e5rig"},"content":{"rendered":"<p> En 22-\u00e5rig finsk kvinna p\u00e5 semester i Fuengirola har gripits av polisen efter att ha sexuellt ofredat en 39-\u00e5rig taxichauff\u00f6r. Kvinnan sj\u00e4lv p\u00e5st\u00e5r att hon inte kommer ih\u00e5g n\u00e5got efter att ha konsumerat vodka och cannabis.<\/p>\n<p>Det \u00e4r Diario SUR som p\u00e5 fredagen skriver om h\u00e4ndelsen som intr\u00e4ffade vid midnatt den 11 maj i centrala Fuengirola. Vid tillf\u00e4llet hade kvinnan f\u00e5tt tag p\u00e5 en taxi. Under f\u00e4rden till sitt logi ska hon ha b\u00f6rjat pussa taxichauff\u00f6ren i nacken och smeka dennes k\u00f6nsorgan.<\/p>\n<p>Den 39-\u00e5rige taxichauff\u00f6ren stannade genast och bad kvinnan betala och kliva ur bilen. Kvinnan klev ur bilen men v\u00e4grade att betala. Chauff\u00f6ren ringde nationalpolisen 091 och ber\u00e4ttade att hon hade g\u00e5tt av p\u00e5 calle Navarra.<\/p>\n<p>Senare ska kvinnan ha tr\u00e4ffat p\u00e5 en grupp ungdomar och ofredat en minder\u00e5rig pojke p\u00e5 16 \u00e5r. Pojken fick sugm\u00e4rken p\u00e5 halsen och har uppgett att den finl\u00e4ndska turisten \u00e4ven hade f\u00f6rs\u00f6kt smeka dennes k\u00f6nsorgan.<\/p>\n<p>Senare greps den 22-\u00e5riga finska kvinnan. \u00c4ven d\u00e5 ska kvinnan ha gjort sexuella n\u00e4rmanden mot poliserna. <\/p>\n","protected":false},"excerpt":{"rendered":"<p>En 22-\u00e5rig finsk kvinna p\u00e5 semester i Fuengirola har gripits av polisen efter att ha sexuellt ofredat en 39-\u00e5rig taxichauff\u00f6r. Kvinnan sj\u00e4lv p\u00e5st\u00e5r att hon inte kommer ih\u00e5g n\u00e5got efter att ha konsumerat vodka och cannabis. Det \u00e4r Diario SUR som p\u00e5 fredagen skriver om h\u00e4ndelsen som intr\u00e4ffade vid midnatt den 11 maj i centrala [&hellip;]<\/p>\n","protected":false},"author":8,"featured_media":18328,"comment_status":"open","ping_status":"open","sticky":false,"template":"","format":"standard","meta":{"_et_pb_use_builder":"","_et_pb_old_content":"","_et_gb_content_width":"","footnotes":""},"categories":[395,3],"tags":[],"class_list":["post-18327","post","type-post","status-publish","format-standard","has-post-thumbnail","hentry","category-arkiv-nyheter","category-nyheter"],"yoast_head":"<!-- This site is optimized with the Yoast SEO Premium plugin v26.2 (Yoast SEO v27.4) - https:\/\/yoast.com\/product\/yoast-seo-premium-wordpress\/ -->\n<title>Finsk kvinnlig turist gripen f\u00f6r att sexuellt ofredat taxichauff\u00f6r och minder\u00e5rig - Svenska Magasinet<\/title>\n<meta name=\"robots\" content=\"noindex, follow, max-snippet:-1, max-image-preview:large, max-video-preview:-1\" \/>\n<meta property=\"og:locale\" content=\"sv_SE\" \/>\n<meta property=\"og:type\" content=\"article\" \/>\n<meta property=\"og:title\" content=\"Finsk kvinnlig turist gripen f\u00f6r att sexuellt ofredat taxichauff\u00f6r och minder\u00e5rig\" \/>\n<meta property=\"og:description\" content=\"En 22-\u00e5rig finsk kvinna p\u00e5 semester i Fuengirola har gripits av polisen efter att ha sexuellt ofredat en 39-\u00e5rig taxichauff\u00f6r. Kvinnan sj\u00e4lv p\u00e5st\u00e5r att hon inte kommer ih\u00e5g n\u00e5got efter att ha konsumerat vodka och cannabis. Det \u00e4r Diario SUR som p\u00e5 fredagen skriver om h\u00e4ndelsen som intr\u00e4ffade vid midnatt den 11 maj i centrala [&hellip;]\" \/>\n<meta property=\"og:url\" content=\"https:\/\/lightweb.dev\/l\/svm-temp\/nyheter\/finsk-kvinnlig-turist-gripen-for-att-sexuellt-ofredat-taxichauffor-och-minderarig\/\" \/>\n<meta property=\"og:site_name\" content=\"Svenska Magasinet\" \/>\n<meta property=\"article:publisher\" content=\"https:\/\/www.facebook.com\/svenskamagasinet\" \/>\n<meta property=\"article:published_time\" content=\"2018-05-17T22:00:00+00:00\" \/>\n<meta property=\"og:image\" content=\"https:\/\/lightweb.dev\/l\/svm-temp\/wp-content\/uploads\/2022\/06\/finsk-kvinnlig-turist-gripen-for-att-sexuellt-ofredat-taxichauffor-och-minderarig.png\" \/>\n\t<meta property=\"og:image:width\" content=\"491\" \/>\n\t<meta property=\"og:image:height\" content=\"200\" \/>\n\t<meta property=\"og:image:type\" content=\"image\/png\" \/>\n<meta name=\"author\" content=\"Redaktionen SvM\" \/>\n<meta name=\"twitter:card\" content=\"summary_large_image\" \/>\n<meta name=\"twitter:creator\" content=\"@SvenskaMagasine\" \/>\n<meta name=\"twitter:site\" content=\"@SvenskaMagasine\" \/>\n<script type=\"application\/ld+json\" class=\"yoast-schema-graph\">{\"@context\":\"https:\\\/\\\/schema.org\",\"@graph\":[{\"@type\":\"Article\",\"@id\":\"https:\\\/\\\/lightweb.dev\\\/l\\\/svm-temp\\\/nyheter\\\/finsk-kvinnlig-turist-gripen-for-att-sexuellt-ofredat-taxichauffor-och-minderarig\\\/#article\",\"isPartOf\":{\"@id\":\"https:\\\/\\\/lightweb.dev\\\/l\\\/svm-temp\\\/nyheter\\\/finsk-kvinnlig-turist-gripen-for-att-sexuellt-ofredat-taxichauffor-och-minderarig\\\/\"},\"author\":{\"name\":\"Redaktionen SvM\",\"@id\":\"https:\\\/\\\/lightweb.dev\\\/l\\\/svm-temp\\\/#\\\/schema\\\/person\\\/206a3bda5b607b0c25e1749191e4d837\"},\"headline\":\"Finsk kvinnlig turist gripen f\u00f6r att sexuellt ofredat taxichauff\u00f6r och minder\u00e5rig\",\"datePublished\":\"2018-05-17T22:00:00+00:00\",\"mainEntityOfPage\":{\"@id\":\"https:\\\/\\\/lightweb.dev\\\/l\\\/svm-temp\\\/nyheter\\\/finsk-kvinnlig-turist-gripen-for-att-sexuellt-ofredat-taxichauffor-och-minderarig\\\/\"},\"wordCount\":210,\"commentCount\":0,\"publisher\":{\"@id\":\"https:\\\/\\\/lightweb.dev\\\/l\\\/svm-temp\\\/#organization\"},\"image\":{\"@id\":\"https:\\\/\\\/lightweb.dev\\\/l\\\/svm-temp\\\/nyheter\\\/finsk-kvinnlig-turist-gripen-for-att-sexuellt-ofredat-taxichauffor-och-minderarig\\\/#primaryimage\"},\"thumbnailUrl\":\"https:\\\/\\\/lightweb.dev\\\/l\\\/svm-temp\\\/wp-content\\\/uploads\\\/2022\\\/06\\\/finsk-kvinnlig-turist-gripen-for-att-sexuellt-ofredat-taxichauffor-och-minderarig.png\",\"articleSection\":[\"Arkiv\",\"Nyheter\"],\"inLanguage\":\"sv-SE\"},{\"@type\":\"WebPage\",\"@id\":\"https:\\\/\\\/lightweb.dev\\\/l\\\/svm-temp\\\/nyheter\\\/finsk-kvinnlig-turist-gripen-for-att-sexuellt-ofredat-taxichauffor-och-minderarig\\\/\",\"url\":\"https:\\\/\\\/lightweb.dev\\\/l\\\/svm-temp\\\/nyheter\\\/finsk-kvinnlig-turist-gripen-for-att-sexuellt-ofredat-taxichauffor-och-minderarig\\\/\",\"name\":\"Finsk kvinnlig turist gripen f\u00f6r att sexuellt ofredat taxichauff\u00f6r och minder\u00e5rig - Svenska Magasinet\",\"isPartOf\":{\"@id\":\"https:\\\/\\\/lightweb.dev\\\/l\\\/svm-temp\\\/#website\"},\"primaryImageOfPage\":{\"@id\":\"https:\\\/\\\/lightweb.dev\\\/l\\\/svm-temp\\\/nyheter\\\/finsk-kvinnlig-turist-gripen-for-att-sexuellt-ofredat-taxichauffor-och-minderarig\\\/#primaryimage\"},\"image\":{\"@id\":\"https:\\\/\\\/lightweb.dev\\\/l\\\/svm-temp\\\/nyheter\\\/finsk-kvinnlig-turist-gripen-for-att-sexuellt-ofredat-taxichauffor-och-minderarig\\\/#primaryimage\"},\"thumbnailUrl\":\"https:\\\/\\\/lightweb.dev\\\/l\\\/svm-temp\\\/wp-content\\\/uploads\\\/2022\\\/06\\\/finsk-kvinnlig-turist-gripen-for-att-sexuellt-ofredat-taxichauffor-och-minderarig.png\",\"datePublished\":\"2018-05-17T22:00:00+00:00\",\"breadcrumb\":{\"@id\":\"https:\\\/\\\/lightweb.dev\\\/l\\\/svm-temp\\\/nyheter\\\/finsk-kvinnlig-turist-gripen-for-att-sexuellt-ofredat-taxichauffor-och-minderarig\\\/#breadcrumb\"},\"inLanguage\":\"sv-SE\",\"potentialAction\":[{\"@type\":\"ReadAction\",\"target\":[\"https:\\\/\\\/lightweb.dev\\\/l\\\/svm-temp\\\/nyheter\\\/finsk-kvinnlig-turist-gripen-for-att-sexuellt-ofredat-taxichauffor-och-minderarig\\\/\"]}]},{\"@type\":\"ImageObject\",\"inLanguage\":\"sv-SE\",\"@id\":\"https:\\\/\\\/lightweb.dev\\\/l\\\/svm-temp\\\/nyheter\\\/finsk-kvinnlig-turist-gripen-for-att-sexuellt-ofredat-taxichauffor-och-minderarig\\\/#primaryimage\",\"url\":\"https:\\\/\\\/lightweb.dev\\\/l\\\/svm-temp\\\/wp-content\\\/uploads\\\/2022\\\/06\\\/finsk-kvinnlig-turist-gripen-for-att-sexuellt-ofredat-taxichauffor-och-minderarig.png\",\"contentUrl\":\"https:\\\/\\\/lightweb.dev\\\/l\\\/svm-temp\\\/wp-content\\\/uploads\\\/2022\\\/06\\\/finsk-kvinnlig-turist-gripen-for-att-sexuellt-ofredat-taxichauffor-och-minderarig.png\",\"width\":491,\"height\":200},{\"@type\":\"BreadcrumbList\",\"@id\":\"https:\\\/\\\/lightweb.dev\\\/l\\\/svm-temp\\\/nyheter\\\/finsk-kvinnlig-turist-gripen-for-att-sexuellt-ofredat-taxichauffor-och-minderarig\\\/#breadcrumb\",\"itemListElement\":[{\"@type\":\"ListItem\",\"position\":1,\"name\":\"Hem\",\"item\":\"https:\\\/\\\/lightweb.dev\\\/l\\\/svm-temp\\\/\"},{\"@type\":\"ListItem\",\"position\":2,\"name\":\"Finsk kvinnlig turist gripen f\u00f6r att sexuellt ofredat taxichauff\u00f6r och minder\u00e5rig\"}]},{\"@type\":\"WebSite\",\"@id\":\"https:\\\/\\\/lightweb.dev\\\/l\\\/svm-temp\\\/#website\",\"url\":\"https:\\\/\\\/lightweb.dev\\\/l\\\/svm-temp\\\/\",\"name\":\"Svenska Magasinet\",\"description\":\"Dina Spanska nyheter p&aring; Svenska\",\"publisher\":{\"@id\":\"https:\\\/\\\/lightweb.dev\\\/l\\\/svm-temp\\\/#organization\"},\"potentialAction\":[{\"@type\":\"SearchAction\",\"target\":{\"@type\":\"EntryPoint\",\"urlTemplate\":\"https:\\\/\\\/lightweb.dev\\\/l\\\/svm-temp\\\/?s={search_term_string}\"},\"query-input\":{\"@type\":\"PropertyValueSpecification\",\"valueRequired\":true,\"valueName\":\"search_term_string\"}}],\"inLanguage\":\"sv-SE\"},{\"@type\":\"Organization\",\"@id\":\"https:\\\/\\\/lightweb.dev\\\/l\\\/svm-temp\\\/#organization\",\"name\":\"Melkerson y Nott SL\",\"alternateName\":\"Svenska Magasinet\",\"url\":\"https:\\\/\\\/lightweb.dev\\\/l\\\/svm-temp\\\/\",\"logo\":{\"@type\":\"ImageObject\",\"inLanguage\":\"sv-SE\",\"@id\":\"https:\\\/\\\/lightweb.dev\\\/l\\\/svm-temp\\\/#\\\/schema\\\/logo\\\/image\\\/\",\"url\":\"https:\\\/\\\/lightweb.dev\\\/l\\\/svm-temp\\\/wp-content\\\/uploads\\\/2025\\\/02\\\/SvM-logo-Xtra-Centrerad-SVART.png\",\"contentUrl\":\"https:\\\/\\\/lightweb.dev\\\/l\\\/svm-temp\\\/wp-content\\\/uploads\\\/2025\\\/02\\\/SvM-logo-Xtra-Centrerad-SVART.png\",\"width\":300,\"height\":99,\"caption\":\"Melkerson y Nott SL\"},\"image\":{\"@id\":\"https:\\\/\\\/lightweb.dev\\\/l\\\/svm-temp\\\/#\\\/schema\\\/logo\\\/image\\\/\"},\"sameAs\":[\"https:\\\/\\\/www.facebook.com\\\/svenskamagasinet\",\"https:\\\/\\\/x.com\\\/SvenskaMagasine\"]},{\"@type\":\"Person\",\"@id\":\"https:\\\/\\\/lightweb.dev\\\/l\\\/svm-temp\\\/#\\\/schema\\\/person\\\/206a3bda5b607b0c25e1749191e4d837\",\"name\":\"Redaktionen SvM\",\"description\":\"Redaktionen\",\"sameAs\":[\"https:\\\/\\\/lightweb.dev\\\/l\\\/svm-temp\"],\"url\":\"https:\\\/\\\/lightweb.dev\\\/l\\\/svm-temp\\\/reporter\\\/redaktionen\\\/\"}]}<\/script>\n<!-- \/ Yoast SEO Premium plugin. -->","yoast_head_json":{"title":"Finsk kvinnlig turist gripen f\u00f6r att sexuellt ofredat taxichauff\u00f6r och minder\u00e5rig - Svenska Magasinet","robots":{"index":"noindex","follow":"follow","max-snippet":"max-snippet:-1","max-image-preview":"max-image-preview:large","max-video-preview":"max-video-preview:-1"},"og_locale":"sv_SE","og_type":"article","og_title":"Finsk kvinnlig turist gripen f\u00f6r att sexuellt ofredat taxichauff\u00f6r och minder\u00e5rig","og_description":"En 22-\u00e5rig finsk kvinna p\u00e5 semester i Fuengirola har gripits av polisen efter att ha sexuellt ofredat en 39-\u00e5rig taxichauff\u00f6r. Kvinnan sj\u00e4lv p\u00e5st\u00e5r att hon inte kommer ih\u00e5g n\u00e5got efter att ha konsumerat vodka och cannabis. Det \u00e4r Diario SUR som p\u00e5 fredagen skriver om h\u00e4ndelsen som intr\u00e4ffade vid midnatt den 11 maj i centrala [&hellip;]","og_url":"https:\/\/lightweb.dev\/l\/svm-temp\/nyheter\/finsk-kvinnlig-turist-gripen-for-att-sexuellt-ofredat-taxichauffor-och-minderarig\/","og_site_name":"Svenska Magasinet","article_publisher":"https:\/\/www.facebook.com\/svenskamagasinet","article_published_time":"2018-05-17T22:00:00+00:00","og_image":[{"width":491,"height":200,"url":"https:\/\/lightweb.dev\/l\/svm-temp\/wp-content\/uploads\/2022\/06\/finsk-kvinnlig-turist-gripen-for-att-sexuellt-ofredat-taxichauffor-och-minderarig.png","type":"image\/png"}],"author":"Redaktionen SvM","twitter_card":"summary_large_image","twitter_creator":"@SvenskaMagasine","twitter_site":"@SvenskaMagasine","schema":{"@context":"https:\/\/schema.org","@graph":[{"@type":"Article","@id":"https:\/\/lightweb.dev\/l\/svm-temp\/nyheter\/finsk-kvinnlig-turist-gripen-for-att-sexuellt-ofredat-taxichauffor-och-minderarig\/#article","isPartOf":{"@id":"https:\/\/lightweb.dev\/l\/svm-temp\/nyheter\/finsk-kvinnlig-turist-gripen-for-att-sexuellt-ofredat-taxichauffor-och-minderarig\/"},"author":{"name":"Redaktionen SvM","@id":"https:\/\/lightweb.dev\/l\/svm-temp\/#\/schema\/person\/206a3bda5b607b0c25e1749191e4d837"},"headline":"Finsk kvinnlig turist gripen f\u00f6r att sexuellt ofredat taxichauff\u00f6r och minder\u00e5rig","datePublished":"2018-05-17T22:00:00+00:00","mainEntityOfPage":{"@id":"https:\/\/lightweb.dev\/l\/svm-temp\/nyheter\/finsk-kvinnlig-turist-gripen-for-att-sexuellt-ofredat-taxichauffor-och-minderarig\/"},"wordCount":210,"commentCount":0,"publisher":{"@id":"https:\/\/lightweb.dev\/l\/svm-temp\/#organization"},"image":{"@id":"https:\/\/lightweb.dev\/l\/svm-temp\/nyheter\/finsk-kvinnlig-turist-gripen-for-att-sexuellt-ofredat-taxichauffor-och-minderarig\/#primaryimage"},"thumbnailUrl":"https:\/\/lightweb.dev\/l\/svm-temp\/wp-content\/uploads\/2022\/06\/finsk-kvinnlig-turist-gripen-for-att-sexuellt-ofredat-taxichauffor-och-minderarig.png","articleSection":["Arkiv","Nyheter"],"inLanguage":"sv-SE"},{"@type":"WebPage","@id":"https:\/\/lightweb.dev\/l\/svm-temp\/nyheter\/finsk-kvinnlig-turist-gripen-for-att-sexuellt-ofredat-taxichauffor-och-minderarig\/","url":"https:\/\/lightweb.dev\/l\/svm-temp\/nyheter\/finsk-kvinnlig-turist-gripen-for-att-sexuellt-ofredat-taxichauffor-och-minderarig\/","name":"Finsk kvinnlig turist gripen f\u00f6r att sexuellt ofredat taxichauff\u00f6r och minder\u00e5rig - Svenska Magasinet","isPartOf":{"@id":"https:\/\/lightweb.dev\/l\/svm-temp\/#website"},"primaryImageOfPage":{"@id":"https:\/\/lightweb.dev\/l\/svm-temp\/nyheter\/finsk-kvinnlig-turist-gripen-for-att-sexuellt-ofredat-taxichauffor-och-minderarig\/#primaryimage"},"image":{"@id":"https:\/\/lightweb.dev\/l\/svm-temp\/nyheter\/finsk-kvinnlig-turist-gripen-for-att-sexuellt-ofredat-taxichauffor-och-minderarig\/#primaryimage"},"thumbnailUrl":"https:\/\/lightweb.dev\/l\/svm-temp\/wp-content\/uploads\/2022\/06\/finsk-kvinnlig-turist-gripen-for-att-sexuellt-ofredat-taxichauffor-och-minderarig.png","datePublished":"2018-05-17T22:00:00+00:00","breadcrumb":{"@id":"https:\/\/lightweb.dev\/l\/svm-temp\/nyheter\/finsk-kvinnlig-turist-gripen-for-att-sexuellt-ofredat-taxichauffor-och-minderarig\/#breadcrumb"},"inLanguage":"sv-SE","potentialAction":[{"@type":"ReadAction","target":["https:\/\/lightweb.dev\/l\/svm-temp\/nyheter\/finsk-kvinnlig-turist-gripen-for-att-sexuellt-ofredat-taxichauffor-och-minderarig\/"]}]},{"@type":"ImageObject","inLanguage":"sv-SE","@id":"https:\/\/lightweb.dev\/l\/svm-temp\/nyheter\/finsk-kvinnlig-turist-gripen-for-att-sexuellt-ofredat-taxichauffor-och-minderarig\/#primaryimage","url":"https:\/\/lightweb.dev\/l\/svm-temp\/wp-content\/uploads\/2022\/06\/finsk-kvinnlig-turist-gripen-for-att-sexuellt-ofredat-taxichauffor-och-minderarig.png","contentUrl":"https:\/\/lightweb.dev\/l\/svm-temp\/wp-content\/uploads\/2022\/06\/finsk-kvinnlig-turist-gripen-for-att-sexuellt-ofredat-taxichauffor-och-minderarig.png","width":491,"height":200},{"@type":"BreadcrumbList","@id":"https:\/\/lightweb.dev\/l\/svm-temp\/nyheter\/finsk-kvinnlig-turist-gripen-for-att-sexuellt-ofredat-taxichauffor-och-minderarig\/#breadcrumb","itemListElement":[{"@type":"ListItem","position":1,"name":"Hem","item":"https:\/\/lightweb.dev\/l\/svm-temp\/"},{"@type":"ListItem","position":2,"name":"Finsk kvinnlig turist gripen f\u00f6r att sexuellt ofredat taxichauff\u00f6r och minder\u00e5rig"}]},{"@type":"WebSite","@id":"https:\/\/lightweb.dev\/l\/svm-temp\/#website","url":"https:\/\/lightweb.dev\/l\/svm-temp\/","name":"Svenska Magasinet","description":"Dina Spanska nyheter p&aring; Svenska","publisher":{"@id":"https:\/\/lightweb.dev\/l\/svm-temp\/#organization"},"potentialAction":[{"@type":"SearchAction","target":{"@type":"EntryPoint","urlTemplate":"https:\/\/lightweb.dev\/l\/svm-temp\/?s={search_term_string}"},"query-input":{"@type":"PropertyValueSpecification","valueRequired":true,"valueName":"search_term_string"}}],"inLanguage":"sv-SE"},{"@type":"Organization","@id":"https:\/\/lightweb.dev\/l\/svm-temp\/#organization","name":"Melkerson y Nott SL","alternateName":"Svenska Magasinet","url":"https:\/\/lightweb.dev\/l\/svm-temp\/","logo":{"@type":"ImageObject","inLanguage":"sv-SE","@id":"https:\/\/lightweb.dev\/l\/svm-temp\/#\/schema\/logo\/image\/","url":"https:\/\/lightweb.dev\/l\/svm-temp\/wp-content\/uploads\/2025\/02\/SvM-logo-Xtra-Centrerad-SVART.png","contentUrl":"https:\/\/lightweb.dev\/l\/svm-temp\/wp-content\/uploads\/2025\/02\/SvM-logo-Xtra-Centrerad-SVART.png","width":300,"height":99,"caption":"Melkerson y Nott SL"},"image":{"@id":"https:\/\/lightweb.dev\/l\/svm-temp\/#\/schema\/logo\/image\/"},"sameAs":["https:\/\/www.facebook.com\/svenskamagasinet","https:\/\/x.com\/SvenskaMagasine"]},{"@type":"Person","@id":"https:\/\/lightweb.dev\/l\/svm-temp\/#\/schema\/person\/206a3bda5b607b0c25e1749191e4d837","name":"Redaktionen SvM","description":"Redaktionen","sameAs":["https:\/\/lightweb.dev\/l\/svm-temp"],"url":"https:\/\/lightweb.dev\/l\/svm-temp\/reporter\/redaktionen\/"}]}},"_links":{"self":[{"href":"https:\/\/lightweb.dev\/l\/svm-temp\/wp-json\/wp\/v2\/posts\/18327","targetHints":{"allow":["GET"]}}],"collection":[{"href":"https:\/\/lightweb.dev\/l\/svm-temp\/wp-json\/wp\/v2\/posts"}],"about":[{"href":"https:\/\/lightweb.dev\/l\/svm-temp\/wp-json\/wp\/v2\/types\/post"}],"author":[{"embeddable":true,"href":"https:\/\/lightweb.dev\/l\/svm-temp\/wp-json\/wp\/v2\/users\/8"}],"replies":[{"embeddable":true,"href":"https:\/\/lightweb.dev\/l\/svm-temp\/wp-json\/wp\/v2\/comments?post=18327"}],"version-history":[{"count":0,"href":"https:\/\/lightweb.dev\/l\/svm-temp\/wp-json\/wp\/v2\/posts\/18327\/revisions"}],"wp:featuredmedia":[{"embeddable":true,"href":"https:\/\/lightweb.dev\/l\/svm-temp\/wp-json\/wp\/v2\/media\/18328"}],"wp:attachment":[{"href":"https:\/\/lightweb.dev\/l\/svm-temp\/wp-json\/wp\/v2\/media?parent=18327"}],"wp:term":[{"taxonomy":"category","embeddable":true,"href":"https:\/\/lightweb.dev\/l\/svm-temp\/wp-json\/wp\/v2\/categories?post=18327"},{"taxonomy":"post_tag","embeddable":true,"href":"https:\/\/lightweb.dev\/l\/svm-temp\/wp-json\/wp\/v2\/tags?post=18327"}],"curies":[{"name":"wp","href":"https:\/\/api.w.org\/{rel}","templated":true}]}}