{"id":1871,"date":"2007-03-13T00:00:00","date_gmt":"2007-03-12T23:00:00","guid":{"rendered":"https:\/\/lightweb.dev\/l\/svm-temp\/mikael-rickfors-letar-hus-och-spelar-i-fuengirola\/"},"modified":"2007-03-13T00:00:00","modified_gmt":"2007-03-12T23:00:00","slug":"mikael-rickfors-letar-hus-och-spelar-i-fuengirola","status":"publish","type":"post","link":"https:\/\/lightweb.dev\/l\/svm-temp\/artiklar\/mikael-rickfors-letar-hus-och-spelar-i-fuengirola\/","title":{"rendered":"Mikael Rickfors letar hus och spelar i Fuengirola"},"content":{"rendered":"<p> Mikael Rickfors, 59, g\u00f6r debut vid kulturfestivalen Feria International de Los Pueblos i Fuengirola. Men f\u00f6rutom upptr\u00e4dandet reser han till Solkusten f\u00f6r att titta p\u00e5 hus.  Av Ola Josefsson<\/p>\n<p>-Just nu sitter jag mellan tv\u00e5 h\u00f6tappar kan man s\u00e4ga. Ska v\u00e4lja n\u00e5got av tv\u00e5 skivbolag, sedan v\u00e4ntar en inspelning under v\u00e5ren, s\u00e4ger Mikael Rickfors n\u00e4r vi n\u00e5r honom i Stockholm.<\/p>\n<p>Folkmusik<br \/>\nSedan en tid \u00e4r han tillbaka i Stockholm efter att s\u00e5lt g\u00e5rden p\u00e5 Gotland. 59-\u00e5ringen har vi f\u00f6rknippat med succ\u00e9l\u00e5ten \u201dVingar\u201d och som medlem i Grymlings, d\u00e4r det sedan 1989 har blivit tre plattor, den senaste 2005.<br \/>\n-Det var n\u00e5gra \u00e5r sedan jag spelade in nytt materialet. Det var med Grymlings och sedan blev det n\u00e5gon jazzplatta. Nu har jag skrivit ihop nytt material tillsammans med min fru Eva-Lotta. Den nya musiken har l\u00e5gm\u00e4ld framtoning, mer \u00e5t folkmusik, ber\u00e4ttar Mikael Rickfors som gifte sig med Eva Lotta s\u00e5 sent som i september.<\/p>\n<p>Projekt i Afrika<br \/>\nDe tr\u00e4ffades i Nairobi i Kenya d\u00e4r Eva-Lotta \u00e4r f\u00f6dd. Sedan n\u00e5gra \u00e5r tillbaka har Mikael ett projekt i Nairobi, han st\u00f6ttar en skola ekonomiskt.<br \/>\n-Vi st\u00f6ttar en skola ekonomiskt, vi g\u00f6r konserter i Sverige, pengarna g\u00e5r till skolan. Vi driver projektet tillsammans med en kompanjon i Kenya. Det \u00e4r sv\u00e5rt att hitta projekt som fungerar, men detta fungerar till gl\u00e4dje f\u00f6r 36 skolbarn.<br \/>\nSpelningarna inbringar pengar. Senast kunde skolan bygga nytt k\u00f6k, g\u00e5ngen innan fick de nya skolb\u00e4nkar och skoluniformer. 100 procent g\u00e5r oavkortat till skolan p\u00e5 plats.<br \/>\n-Ibland \u00e5ker vi dit och ger konserter, en eller tv\u00e5 g\u00e5nger om \u00e5ret.<\/p>\n<p>P\u00e5 savannen<br \/>\nDet var vid ett s\u00e5dant bes\u00f6k i Afrika Mikael Rickfors tr\u00e4ffade Eva-Lotta Wahlstr\u00f6m\u2026<br \/>\n-Det var mycket romtantiskt. Vi var ute p\u00e5 savannen och gjorde en konsert, pl\u00f6tsligt stod hon bara d\u00e4r, p\u00e5 savannen. Det var 2001, ifjol gifte vi oss.<br \/>\nMikael Rickfors har t\u00e4nkt en hel del p\u00e5 Spanien senaste tiden. Eva-Lotta har bara bott i Sverige n\u00e5gra \u00e5r, hon \u00e4r f\u00f6dd i v\u00e4rmen och Spanien \u00e4r ett alternativ n\u00e4r familjen Rickfors l\u00e4ngtar bort.<br \/>\n-Det \u00e4r bara kul med f\u00f6r\u00e4ndringar. Vi planerar f\u00f6r att titta p\u00e5 hus, helst n\u00e5gon mysig finca uppe i bergen.<\/p>\n<p>Jazz och blues<br \/>\nDet \u00e4r tack vare Mikael Rickfors samarbete med Torsten Andreasen som nu Spaniensvenskarna har chans att uppleva den svenske rockveteranen och tidigare The Hollies-medlemmen.<br \/>\n-Vi har ett kul och kreativt samarbete, Torsten \u00e4r ibland med p\u00e5 mina st\u00f6dkonserter. Han har sj\u00e4lv ett projekt i Tanzania som jag ibland st\u00e4ller upp p\u00e5.<br \/>\nMikael Rickfors kommer att kompas av Jump 4 Joy som han k\u00e4nner v\u00e4l sedan tidigare. Han har ocks\u00e5 \u201dkompislirat\u201d en del med The Boppers.<br \/>\n-Jag tror att det kommer att bli n\u00e5got \u00e5t det jazz \u2013och blues inspirerade h\u00e5llet. <\/p>\n","protected":false},"excerpt":{"rendered":"<p>Mikael Rickfors, 59, g\u00f6r debut vid kulturfestivalen Feria International de Los Pueblos i Fuengirola. Men f\u00f6rutom upptr\u00e4dandet reser han till Solkusten f\u00f6r att titta p\u00e5 hus. Av Ola Josefsson -Just nu sitter jag mellan tv\u00e5 h\u00f6tappar kan man s\u00e4ga. Ska v\u00e4lja n\u00e5got av tv\u00e5 skivbolag, sedan v\u00e4ntar en inspelning under v\u00e5ren, s\u00e4ger Mikael Rickfors n\u00e4r [&hellip;]<\/p>\n","protected":false},"author":8,"featured_media":1872,"comment_status":"open","ping_status":"open","sticky":false,"template":"","format":"standard","meta":{"_et_pb_use_builder":"","_et_pb_old_content":"","_et_gb_content_width":"","footnotes":""},"categories":[396,4],"tags":[],"class_list":["post-1871","post","type-post","status-publish","format-standard","has-post-thumbnail","hentry","category-arkiv-artiklar","category-artiklar"],"yoast_head":"<!-- This site is optimized with the Yoast SEO Premium plugin v26.2 (Yoast SEO v27.4) - https:\/\/yoast.com\/product\/yoast-seo-premium-wordpress\/ -->\n<title>Mikael Rickfors letar hus och spelar i Fuengirola - Svenska Magasinet<\/title>\n<meta name=\"robots\" content=\"noindex, follow, max-snippet:-1, max-image-preview:large, max-video-preview:-1\" \/>\n<meta property=\"og:locale\" content=\"sv_SE\" \/>\n<meta property=\"og:type\" content=\"article\" \/>\n<meta property=\"og:title\" content=\"Mikael Rickfors letar hus och spelar i Fuengirola\" \/>\n<meta property=\"og:description\" content=\"Mikael Rickfors, 59, g\u00f6r debut vid kulturfestivalen Feria International de Los Pueblos i Fuengirola. Men f\u00f6rutom upptr\u00e4dandet reser han till Solkusten f\u00f6r att titta p\u00e5 hus. Av Ola Josefsson -Just nu sitter jag mellan tv\u00e5 h\u00f6tappar kan man s\u00e4ga. Ska v\u00e4lja n\u00e5got av tv\u00e5 skivbolag, sedan v\u00e4ntar en inspelning under v\u00e5ren, s\u00e4ger Mikael Rickfors n\u00e4r [&hellip;]\" \/>\n<meta property=\"og:url\" content=\"https:\/\/lightweb.dev\/l\/svm-temp\/artiklar\/mikael-rickfors-letar-hus-och-spelar-i-fuengirola\/\" \/>\n<meta property=\"og:site_name\" content=\"Svenska Magasinet\" \/>\n<meta property=\"article:publisher\" content=\"https:\/\/www.facebook.com\/svenskamagasinet\" \/>\n<meta property=\"article:published_time\" content=\"2007-03-12T23:00:00+00:00\" \/>\n<meta property=\"og:image\" content=\"https:\/\/lightweb.dev\/l\/svm-temp\/wp-content\/uploads\/2022\/04\/mikael-rickfors-letar-hus-och-spelar-i-fuengirola.png\" \/>\n\t<meta property=\"og:image:width\" content=\"280\" \/>\n\t<meta property=\"og:image:height\" content=\"210\" \/>\n\t<meta property=\"og:image:type\" content=\"image\/png\" \/>\n<meta name=\"author\" content=\"Redaktionen SvM\" \/>\n<meta name=\"twitter:card\" content=\"summary_large_image\" \/>\n<meta name=\"twitter:creator\" content=\"@SvenskaMagasine\" \/>\n<meta name=\"twitter:site\" content=\"@SvenskaMagasine\" \/>\n<script type=\"application\/ld+json\" class=\"yoast-schema-graph\">{\"@context\":\"https:\\\/\\\/schema.org\",\"@graph\":[{\"@type\":\"Article\",\"@id\":\"https:\\\/\\\/lightweb.dev\\\/l\\\/svm-temp\\\/artiklar\\\/mikael-rickfors-letar-hus-och-spelar-i-fuengirola\\\/#article\",\"isPartOf\":{\"@id\":\"https:\\\/\\\/lightweb.dev\\\/l\\\/svm-temp\\\/artiklar\\\/mikael-rickfors-letar-hus-och-spelar-i-fuengirola\\\/\"},\"author\":{\"name\":\"Redaktionen SvM\",\"@id\":\"https:\\\/\\\/lightweb.dev\\\/l\\\/svm-temp\\\/#\\\/schema\\\/person\\\/206a3bda5b607b0c25e1749191e4d837\"},\"headline\":\"Mikael Rickfors letar hus och spelar i Fuengirola\",\"datePublished\":\"2007-03-12T23:00:00+00:00\",\"mainEntityOfPage\":{\"@id\":\"https:\\\/\\\/lightweb.dev\\\/l\\\/svm-temp\\\/artiklar\\\/mikael-rickfors-letar-hus-och-spelar-i-fuengirola\\\/\"},\"wordCount\":512,\"commentCount\":0,\"publisher\":{\"@id\":\"https:\\\/\\\/lightweb.dev\\\/l\\\/svm-temp\\\/#organization\"},\"image\":{\"@id\":\"https:\\\/\\\/lightweb.dev\\\/l\\\/svm-temp\\\/artiklar\\\/mikael-rickfors-letar-hus-och-spelar-i-fuengirola\\\/#primaryimage\"},\"thumbnailUrl\":\"https:\\\/\\\/lightweb.dev\\\/l\\\/svm-temp\\\/wp-content\\\/uploads\\\/2022\\\/04\\\/mikael-rickfors-letar-hus-och-spelar-i-fuengirola.png\",\"articleSection\":[\"Arkiv\",\"Artiklar\"],\"inLanguage\":\"sv-SE\"},{\"@type\":\"WebPage\",\"@id\":\"https:\\\/\\\/lightweb.dev\\\/l\\\/svm-temp\\\/artiklar\\\/mikael-rickfors-letar-hus-och-spelar-i-fuengirola\\\/\",\"url\":\"https:\\\/\\\/lightweb.dev\\\/l\\\/svm-temp\\\/artiklar\\\/mikael-rickfors-letar-hus-och-spelar-i-fuengirola\\\/\",\"name\":\"Mikael Rickfors letar hus och spelar i Fuengirola - Svenska Magasinet\",\"isPartOf\":{\"@id\":\"https:\\\/\\\/lightweb.dev\\\/l\\\/svm-temp\\\/#website\"},\"primaryImageOfPage\":{\"@id\":\"https:\\\/\\\/lightweb.dev\\\/l\\\/svm-temp\\\/artiklar\\\/mikael-rickfors-letar-hus-och-spelar-i-fuengirola\\\/#primaryimage\"},\"image\":{\"@id\":\"https:\\\/\\\/lightweb.dev\\\/l\\\/svm-temp\\\/artiklar\\\/mikael-rickfors-letar-hus-och-spelar-i-fuengirola\\\/#primaryimage\"},\"thumbnailUrl\":\"https:\\\/\\\/lightweb.dev\\\/l\\\/svm-temp\\\/wp-content\\\/uploads\\\/2022\\\/04\\\/mikael-rickfors-letar-hus-och-spelar-i-fuengirola.png\",\"datePublished\":\"2007-03-12T23:00:00+00:00\",\"breadcrumb\":{\"@id\":\"https:\\\/\\\/lightweb.dev\\\/l\\\/svm-temp\\\/artiklar\\\/mikael-rickfors-letar-hus-och-spelar-i-fuengirola\\\/#breadcrumb\"},\"inLanguage\":\"sv-SE\",\"potentialAction\":[{\"@type\":\"ReadAction\",\"target\":[\"https:\\\/\\\/lightweb.dev\\\/l\\\/svm-temp\\\/artiklar\\\/mikael-rickfors-letar-hus-och-spelar-i-fuengirola\\\/\"]}]},{\"@type\":\"ImageObject\",\"inLanguage\":\"sv-SE\",\"@id\":\"https:\\\/\\\/lightweb.dev\\\/l\\\/svm-temp\\\/artiklar\\\/mikael-rickfors-letar-hus-och-spelar-i-fuengirola\\\/#primaryimage\",\"url\":\"https:\\\/\\\/lightweb.dev\\\/l\\\/svm-temp\\\/wp-content\\\/uploads\\\/2022\\\/04\\\/mikael-rickfors-letar-hus-och-spelar-i-fuengirola.png\",\"contentUrl\":\"https:\\\/\\\/lightweb.dev\\\/l\\\/svm-temp\\\/wp-content\\\/uploads\\\/2022\\\/04\\\/mikael-rickfors-letar-hus-och-spelar-i-fuengirola.png\",\"width\":280,\"height\":210},{\"@type\":\"BreadcrumbList\",\"@id\":\"https:\\\/\\\/lightweb.dev\\\/l\\\/svm-temp\\\/artiklar\\\/mikael-rickfors-letar-hus-och-spelar-i-fuengirola\\\/#breadcrumb\",\"itemListElement\":[{\"@type\":\"ListItem\",\"position\":1,\"name\":\"Hem\",\"item\":\"https:\\\/\\\/lightweb.dev\\\/l\\\/svm-temp\\\/\"},{\"@type\":\"ListItem\",\"position\":2,\"name\":\"Mikael Rickfors letar hus och spelar i Fuengirola\"}]},{\"@type\":\"WebSite\",\"@id\":\"https:\\\/\\\/lightweb.dev\\\/l\\\/svm-temp\\\/#website\",\"url\":\"https:\\\/\\\/lightweb.dev\\\/l\\\/svm-temp\\\/\",\"name\":\"Svenska Magasinet\",\"description\":\"Dina Spanska nyheter p&aring; Svenska\",\"publisher\":{\"@id\":\"https:\\\/\\\/lightweb.dev\\\/l\\\/svm-temp\\\/#organization\"},\"potentialAction\":[{\"@type\":\"SearchAction\",\"target\":{\"@type\":\"EntryPoint\",\"urlTemplate\":\"https:\\\/\\\/lightweb.dev\\\/l\\\/svm-temp\\\/?s={search_term_string}\"},\"query-input\":{\"@type\":\"PropertyValueSpecification\",\"valueRequired\":true,\"valueName\":\"search_term_string\"}}],\"inLanguage\":\"sv-SE\"},{\"@type\":\"Organization\",\"@id\":\"https:\\\/\\\/lightweb.dev\\\/l\\\/svm-temp\\\/#organization\",\"name\":\"Melkerson y Nott SL\",\"alternateName\":\"Svenska Magasinet\",\"url\":\"https:\\\/\\\/lightweb.dev\\\/l\\\/svm-temp\\\/\",\"logo\":{\"@type\":\"ImageObject\",\"inLanguage\":\"sv-SE\",\"@id\":\"https:\\\/\\\/lightweb.dev\\\/l\\\/svm-temp\\\/#\\\/schema\\\/logo\\\/image\\\/\",\"url\":\"https:\\\/\\\/lightweb.dev\\\/l\\\/svm-temp\\\/wp-content\\\/uploads\\\/2025\\\/02\\\/SvM-logo-Xtra-Centrerad-SVART.png\",\"contentUrl\":\"https:\\\/\\\/lightweb.dev\\\/l\\\/svm-temp\\\/wp-content\\\/uploads\\\/2025\\\/02\\\/SvM-logo-Xtra-Centrerad-SVART.png\",\"width\":300,\"height\":99,\"caption\":\"Melkerson y Nott SL\"},\"image\":{\"@id\":\"https:\\\/\\\/lightweb.dev\\\/l\\\/svm-temp\\\/#\\\/schema\\\/logo\\\/image\\\/\"},\"sameAs\":[\"https:\\\/\\\/www.facebook.com\\\/svenskamagasinet\",\"https:\\\/\\\/x.com\\\/SvenskaMagasine\"]},{\"@type\":\"Person\",\"@id\":\"https:\\\/\\\/lightweb.dev\\\/l\\\/svm-temp\\\/#\\\/schema\\\/person\\\/206a3bda5b607b0c25e1749191e4d837\",\"name\":\"Redaktionen SvM\",\"description\":\"Redaktionen\",\"sameAs\":[\"https:\\\/\\\/lightweb.dev\\\/l\\\/svm-temp\"],\"url\":\"https:\\\/\\\/lightweb.dev\\\/l\\\/svm-temp\\\/reporter\\\/redaktionen\\\/\"}]}<\/script>\n<!-- \/ Yoast SEO Premium plugin. -->","yoast_head_json":{"title":"Mikael Rickfors letar hus och spelar i Fuengirola - Svenska Magasinet","robots":{"index":"noindex","follow":"follow","max-snippet":"max-snippet:-1","max-image-preview":"max-image-preview:large","max-video-preview":"max-video-preview:-1"},"og_locale":"sv_SE","og_type":"article","og_title":"Mikael Rickfors letar hus och spelar i Fuengirola","og_description":"Mikael Rickfors, 59, g\u00f6r debut vid kulturfestivalen Feria International de Los Pueblos i Fuengirola. Men f\u00f6rutom upptr\u00e4dandet reser han till Solkusten f\u00f6r att titta p\u00e5 hus. Av Ola Josefsson -Just nu sitter jag mellan tv\u00e5 h\u00f6tappar kan man s\u00e4ga. Ska v\u00e4lja n\u00e5got av tv\u00e5 skivbolag, sedan v\u00e4ntar en inspelning under v\u00e5ren, s\u00e4ger Mikael Rickfors n\u00e4r [&hellip;]","og_url":"https:\/\/lightweb.dev\/l\/svm-temp\/artiklar\/mikael-rickfors-letar-hus-och-spelar-i-fuengirola\/","og_site_name":"Svenska Magasinet","article_publisher":"https:\/\/www.facebook.com\/svenskamagasinet","article_published_time":"2007-03-12T23:00:00+00:00","og_image":[{"width":280,"height":210,"url":"https:\/\/lightweb.dev\/l\/svm-temp\/wp-content\/uploads\/2022\/04\/mikael-rickfors-letar-hus-och-spelar-i-fuengirola.png","type":"image\/png"}],"author":"Redaktionen SvM","twitter_card":"summary_large_image","twitter_creator":"@SvenskaMagasine","twitter_site":"@SvenskaMagasine","schema":{"@context":"https:\/\/schema.org","@graph":[{"@type":"Article","@id":"https:\/\/lightweb.dev\/l\/svm-temp\/artiklar\/mikael-rickfors-letar-hus-och-spelar-i-fuengirola\/#article","isPartOf":{"@id":"https:\/\/lightweb.dev\/l\/svm-temp\/artiklar\/mikael-rickfors-letar-hus-och-spelar-i-fuengirola\/"},"author":{"name":"Redaktionen SvM","@id":"https:\/\/lightweb.dev\/l\/svm-temp\/#\/schema\/person\/206a3bda5b607b0c25e1749191e4d837"},"headline":"Mikael Rickfors letar hus och spelar i Fuengirola","datePublished":"2007-03-12T23:00:00+00:00","mainEntityOfPage":{"@id":"https:\/\/lightweb.dev\/l\/svm-temp\/artiklar\/mikael-rickfors-letar-hus-och-spelar-i-fuengirola\/"},"wordCount":512,"commentCount":0,"publisher":{"@id":"https:\/\/lightweb.dev\/l\/svm-temp\/#organization"},"image":{"@id":"https:\/\/lightweb.dev\/l\/svm-temp\/artiklar\/mikael-rickfors-letar-hus-och-spelar-i-fuengirola\/#primaryimage"},"thumbnailUrl":"https:\/\/lightweb.dev\/l\/svm-temp\/wp-content\/uploads\/2022\/04\/mikael-rickfors-letar-hus-och-spelar-i-fuengirola.png","articleSection":["Arkiv","Artiklar"],"inLanguage":"sv-SE"},{"@type":"WebPage","@id":"https:\/\/lightweb.dev\/l\/svm-temp\/artiklar\/mikael-rickfors-letar-hus-och-spelar-i-fuengirola\/","url":"https:\/\/lightweb.dev\/l\/svm-temp\/artiklar\/mikael-rickfors-letar-hus-och-spelar-i-fuengirola\/","name":"Mikael Rickfors letar hus och spelar i Fuengirola - Svenska Magasinet","isPartOf":{"@id":"https:\/\/lightweb.dev\/l\/svm-temp\/#website"},"primaryImageOfPage":{"@id":"https:\/\/lightweb.dev\/l\/svm-temp\/artiklar\/mikael-rickfors-letar-hus-och-spelar-i-fuengirola\/#primaryimage"},"image":{"@id":"https:\/\/lightweb.dev\/l\/svm-temp\/artiklar\/mikael-rickfors-letar-hus-och-spelar-i-fuengirola\/#primaryimage"},"thumbnailUrl":"https:\/\/lightweb.dev\/l\/svm-temp\/wp-content\/uploads\/2022\/04\/mikael-rickfors-letar-hus-och-spelar-i-fuengirola.png","datePublished":"2007-03-12T23:00:00+00:00","breadcrumb":{"@id":"https:\/\/lightweb.dev\/l\/svm-temp\/artiklar\/mikael-rickfors-letar-hus-och-spelar-i-fuengirola\/#breadcrumb"},"inLanguage":"sv-SE","potentialAction":[{"@type":"ReadAction","target":["https:\/\/lightweb.dev\/l\/svm-temp\/artiklar\/mikael-rickfors-letar-hus-och-spelar-i-fuengirola\/"]}]},{"@type":"ImageObject","inLanguage":"sv-SE","@id":"https:\/\/lightweb.dev\/l\/svm-temp\/artiklar\/mikael-rickfors-letar-hus-och-spelar-i-fuengirola\/#primaryimage","url":"https:\/\/lightweb.dev\/l\/svm-temp\/wp-content\/uploads\/2022\/04\/mikael-rickfors-letar-hus-och-spelar-i-fuengirola.png","contentUrl":"https:\/\/lightweb.dev\/l\/svm-temp\/wp-content\/uploads\/2022\/04\/mikael-rickfors-letar-hus-och-spelar-i-fuengirola.png","width":280,"height":210},{"@type":"BreadcrumbList","@id":"https:\/\/lightweb.dev\/l\/svm-temp\/artiklar\/mikael-rickfors-letar-hus-och-spelar-i-fuengirola\/#breadcrumb","itemListElement":[{"@type":"ListItem","position":1,"name":"Hem","item":"https:\/\/lightweb.dev\/l\/svm-temp\/"},{"@type":"ListItem","position":2,"name":"Mikael Rickfors letar hus och spelar i Fuengirola"}]},{"@type":"WebSite","@id":"https:\/\/lightweb.dev\/l\/svm-temp\/#website","url":"https:\/\/lightweb.dev\/l\/svm-temp\/","name":"Svenska Magasinet","description":"Dina Spanska nyheter p&aring; Svenska","publisher":{"@id":"https:\/\/lightweb.dev\/l\/svm-temp\/#organization"},"potentialAction":[{"@type":"SearchAction","target":{"@type":"EntryPoint","urlTemplate":"https:\/\/lightweb.dev\/l\/svm-temp\/?s={search_term_string}"},"query-input":{"@type":"PropertyValueSpecification","valueRequired":true,"valueName":"search_term_string"}}],"inLanguage":"sv-SE"},{"@type":"Organization","@id":"https:\/\/lightweb.dev\/l\/svm-temp\/#organization","name":"Melkerson y Nott SL","alternateName":"Svenska Magasinet","url":"https:\/\/lightweb.dev\/l\/svm-temp\/","logo":{"@type":"ImageObject","inLanguage":"sv-SE","@id":"https:\/\/lightweb.dev\/l\/svm-temp\/#\/schema\/logo\/image\/","url":"https:\/\/lightweb.dev\/l\/svm-temp\/wp-content\/uploads\/2025\/02\/SvM-logo-Xtra-Centrerad-SVART.png","contentUrl":"https:\/\/lightweb.dev\/l\/svm-temp\/wp-content\/uploads\/2025\/02\/SvM-logo-Xtra-Centrerad-SVART.png","width":300,"height":99,"caption":"Melkerson y Nott SL"},"image":{"@id":"https:\/\/lightweb.dev\/l\/svm-temp\/#\/schema\/logo\/image\/"},"sameAs":["https:\/\/www.facebook.com\/svenskamagasinet","https:\/\/x.com\/SvenskaMagasine"]},{"@type":"Person","@id":"https:\/\/lightweb.dev\/l\/svm-temp\/#\/schema\/person\/206a3bda5b607b0c25e1749191e4d837","name":"Redaktionen SvM","description":"Redaktionen","sameAs":["https:\/\/lightweb.dev\/l\/svm-temp"],"url":"https:\/\/lightweb.dev\/l\/svm-temp\/reporter\/redaktionen\/"}]}},"_links":{"self":[{"href":"https:\/\/lightweb.dev\/l\/svm-temp\/wp-json\/wp\/v2\/posts\/1871","targetHints":{"allow":["GET"]}}],"collection":[{"href":"https:\/\/lightweb.dev\/l\/svm-temp\/wp-json\/wp\/v2\/posts"}],"about":[{"href":"https:\/\/lightweb.dev\/l\/svm-temp\/wp-json\/wp\/v2\/types\/post"}],"author":[{"embeddable":true,"href":"https:\/\/lightweb.dev\/l\/svm-temp\/wp-json\/wp\/v2\/users\/8"}],"replies":[{"embeddable":true,"href":"https:\/\/lightweb.dev\/l\/svm-temp\/wp-json\/wp\/v2\/comments?post=1871"}],"version-history":[{"count":0,"href":"https:\/\/lightweb.dev\/l\/svm-temp\/wp-json\/wp\/v2\/posts\/1871\/revisions"}],"wp:featuredmedia":[{"embeddable":true,"href":"https:\/\/lightweb.dev\/l\/svm-temp\/wp-json\/wp\/v2\/media\/1872"}],"wp:attachment":[{"href":"https:\/\/lightweb.dev\/l\/svm-temp\/wp-json\/wp\/v2\/media?parent=1871"}],"wp:term":[{"taxonomy":"category","embeddable":true,"href":"https:\/\/lightweb.dev\/l\/svm-temp\/wp-json\/wp\/v2\/categories?post=1871"},{"taxonomy":"post_tag","embeddable":true,"href":"https:\/\/lightweb.dev\/l\/svm-temp\/wp-json\/wp\/v2\/tags?post=1871"}],"curies":[{"name":"wp","href":"https:\/\/api.w.org\/{rel}","templated":true}]}}