{"id":18713,"date":"2018-03-13T00:00:00","date_gmt":"2018-03-12T23:00:00","guid":{"rendered":"https:\/\/lightweb.dev\/l\/svm-temp\/nyheter\/uppgifter-ana-julia-quezada-erkanner\/"},"modified":"2018-03-13T00:00:00","modified_gmt":"2018-03-12T23:00:00","slug":"uppgifter-ana-julia-quezada-erkanner","status":"publish","type":"post","link":"https:\/\/lightweb.dev\/l\/svm-temp\/nyheter\/uppgifter-ana-julia-quezada-erkanner\/","title":{"rendered":"Uppgifter: Ana Julia Quezada erk\u00e4nner"},"content":{"rendered":"<p> Ana Julia Quezada, 43, som greps i s\u00f6ndags utanf\u00f6r sin bostad i Puebla de V\u00edcar n\u00e4r hon flyttade kroppen av den \u00e5tta\u00e5rige pojken Gabriel Cruz Ram\u00edrez har vid ett f\u00f6rh\u00f6r p\u00e5 tisdagen erk\u00e4nt att hon d\u00f6dade pojken.<\/p>\n<p>Hon ska vid dagens f\u00f6rh\u00f6r b\u00f6rjat samarbete med utredarna och erk\u00e4nt. Uppgifterna bekr\u00e4ftas av flera medier bland annat av nyhetsbyr\u00e5n EFE.<\/p>\n<p>Hon har tidigare nekat ha n\u00e5got med pojkens d\u00f6d att g\u00f6ra skriver dagstidningen La Voz de Almeria. Hon uppgav f\u00f6rst att hon inte visste att pojken l\u00e5g d\u00f6d i bagageutrymmet. Guardia Civil har filmat hur kvinnan flyttade kroppen fr\u00e5n en brunn.<\/p>\n<p>Den f\u00f6rsta prelimin\u00e4ra rapporten efter obduktionen vid r\u00e4ttsmedicinska IML (Instituto de Medicina Legal) i Almer\u00eda visar att pojken kv\u00e4vdes till d\u00f6ds samma dag som han f\u00f6rsvann, 27 februari. Det handlar om mekanisk asfyxi som kan f\u00f6rklaras som tillt\u00e4ppning av andnings\u00f6ppningarna.<\/p>\n<p>P\u00e5 tisdagen kom nya uppgifter fr\u00e5n obduktionen som visar att pojken mottog ett slag mot huvudet innan han kv\u00e4vdes till d\u00f6ds. Obduktionsrapporten visar att hans n\u00e4sa och mun har blockerats.<\/p>\n<p>Domaren Rafael Soriano vid domstolen i N\u00edjar har under tisdagen utf\u00e4rdat ett f\u00f6rbud mot att kroppen kremeras. Ytterligare obduktioner kan bli n\u00f6dv\u00e4ndiga.<\/p>\n<p>Guardia Civil har de senaste dygnen f\u00f6rs\u00f6kt ha \u00e5tskilliga f\u00f6rh\u00f6r med Ana Julia Quezada som \u00e4ven vallats p\u00e5 platsen d\u00e4r pojken tidigare var placerad i en brunn.<\/p>\n<p>K\u00e4llor n\u00e4ra utredningen som tidningar citerar pekar p\u00e5 att det handlar om svartsjuka eller h\u00e4mnd. Kvinnan ska ha haft en allt s\u00e4mre relation till pojken vars pappa hon var tillsammans med. Hon gav barnet skulden och beslutade att d\u00f6da pojken.<\/p>\n<p>&#8221;Det handlar om svartsjuka eller h\u00e4mnd, eller s\u00e5 kan b\u00e5da orsakerna ligga bakom mordet&#8221; s\u00e4ger en k\u00e4lla vid Guardia Civil. <\/p>\n<p>Kvinnan har \u00e4ven f\u00f6rs\u00f6kt l\u00e4gga ut villosp\u00e5r f\u00f6r att ingen skulle misst\u00e4nka henne. Hon har bland annat erbjudit 10.000 euro och upp till 30.000 euro till den som kunde komma med uppgifter var pojken befann sig n\u00e4r denne rapporterades f\u00f6rsvunnen.<\/p>\n<p>Guardia Civil betraktar detta som villosp\u00e5r som kvinnan lade ut f\u00f6r att inte misstankarna om att ligga bakom pojkens f\u00f6rsvinnande skulle riktas mot henne.<\/p>\n<p>Kvinnan som kommer fr\u00e5n Dominikanska Republiken finns inte med i brottsregistret sedan tidigare och \u00e4r inte k\u00e4nd av polisen. En h\u00e4ndelse i Burgos 1996 d\u00e4r kvinnans fyra\u00e5riga dotter Ridelca Josefina Gil Quezada f\u00f6ll fr\u00e5n en balkong p\u00e5 sjunde v\u00e5ningen den 10 mars 1996 och avled, ska \u00e5terigen utredas.<\/p>\n<p>Den h\u00e4ndelsen p\u00e5 calle Camino Casa La Vega 41 i Burgos rubricerades som en olycksh\u00e4ndelse. Nu vill utredarna f\u00e5 klarlagt om mamman, Ana Julia Quezada, kan ha orsakat flickans fall skriver La Voz de Almer\u00eda som \u00e4r den st\u00f6rsta lokaltidningen i omr\u00e5det d\u00e4r pojken var bosatt och som refererar till flesta k\u00e4llor.<\/p>\n<p>En minnesstund h\u00f6lls i f\u00f6rmiddags i Almer\u00edas katedral f\u00f6r Gabriel Cruz. Minnesstunden f\u00f6rr\u00e4ttades av Almer\u00edas biskop Adolfo Gonz\u00e1lez Montes.<\/p>\n<p>(Foto: Facebook) <\/p>\n","protected":false},"excerpt":{"rendered":"<p>Ana Julia Quezada, 43, som greps i s\u00f6ndags utanf\u00f6r sin bostad i Puebla de V\u00edcar n\u00e4r hon flyttade kroppen av den \u00e5tta\u00e5rige pojken Gabriel Cruz Ram\u00edrez har vid ett f\u00f6rh\u00f6r p\u00e5 tisdagen erk\u00e4nt att hon d\u00f6dade pojken. Hon ska vid dagens f\u00f6rh\u00f6r b\u00f6rjat samarbete med utredarna och erk\u00e4nt. Uppgifterna bekr\u00e4ftas av flera medier bland annat [&hellip;]<\/p>\n","protected":false},"author":8,"featured_media":18714,"comment_status":"open","ping_status":"open","sticky":false,"template":"","format":"standard","meta":{"_et_pb_use_builder":"","_et_pb_old_content":"","_et_gb_content_width":"","footnotes":""},"categories":[395,3],"tags":[],"class_list":["post-18713","post","type-post","status-publish","format-standard","has-post-thumbnail","hentry","category-arkiv-nyheter","category-nyheter"],"yoast_head":"<!-- This site is optimized with the Yoast SEO Premium plugin v26.2 (Yoast SEO v28.2) - https:\/\/yoast.com\/product\/yoast-seo-premium-wordpress\/ -->\n<title>Uppgifter: Ana Julia Quezada erk\u00e4nner - Svenska Magasinet<\/title>\n<meta name=\"robots\" content=\"noindex, follow, max-snippet:-1, max-image-preview:large, max-video-preview:-1\" \/>\n<meta property=\"og:locale\" content=\"sv_SE\" \/>\n<meta property=\"og:type\" content=\"article\" \/>\n<meta property=\"og:title\" content=\"Uppgifter: Ana Julia Quezada erk\u00e4nner\" \/>\n<meta property=\"og:description\" content=\"Ana Julia Quezada, 43, som greps i s\u00f6ndags utanf\u00f6r sin bostad i Puebla de V\u00edcar n\u00e4r hon flyttade kroppen av den \u00e5tta\u00e5rige pojken Gabriel Cruz Ram\u00edrez har vid ett f\u00f6rh\u00f6r p\u00e5 tisdagen erk\u00e4nt att hon d\u00f6dade pojken. Hon ska vid dagens f\u00f6rh\u00f6r b\u00f6rjat samarbete med utredarna och erk\u00e4nt. Uppgifterna bekr\u00e4ftas av flera medier bland annat [&hellip;]\" \/>\n<meta property=\"og:url\" content=\"https:\/\/lightweb.dev\/l\/svm-temp\/nyheter\/uppgifter-ana-julia-quezada-erkanner\/\" \/>\n<meta property=\"og:site_name\" content=\"Svenska Magasinet\" \/>\n<meta property=\"article:publisher\" content=\"https:\/\/www.facebook.com\/svenskamagasinet\" \/>\n<meta property=\"article:published_time\" content=\"2018-03-12T23:00:00+00:00\" \/>\n<meta property=\"og:image\" content=\"https:\/\/lightweb.dev\/l\/svm-temp\/wp-content\/uploads\/2022\/06\/uppgifter-ana-julia-quezada-erkanner.png\" \/>\n\t<meta property=\"og:image:width\" content=\"280\" \/>\n\t<meta property=\"og:image:height\" content=\"279\" \/>\n\t<meta property=\"og:image:type\" content=\"image\/png\" \/>\n<meta name=\"author\" content=\"Redaktionen SvM\" \/>\n<meta name=\"twitter:card\" content=\"summary_large_image\" \/>\n<meta name=\"twitter:creator\" content=\"@SvenskaMagasine\" \/>\n<meta name=\"twitter:site\" content=\"@SvenskaMagasine\" \/>\n<script type=\"application\/ld+json\" class=\"yoast-schema-graph\">{\"@context\":\"https:\\\/\\\/schema.org\",\"@graph\":[{\"@type\":\"Article\",\"@id\":\"https:\\\/\\\/lightweb.dev\\\/l\\\/svm-temp\\\/nyheter\\\/uppgifter-ana-julia-quezada-erkanner\\\/#article\",\"isPartOf\":{\"@id\":\"https:\\\/\\\/lightweb.dev\\\/l\\\/svm-temp\\\/nyheter\\\/uppgifter-ana-julia-quezada-erkanner\\\/\"},\"author\":{\"name\":\"Redaktionen SvM\",\"@id\":\"https:\\\/\\\/lightweb.dev\\\/l\\\/svm-temp\\\/#\\\/schema\\\/person\\\/206a3bda5b607b0c25e1749191e4d837\"},\"headline\":\"Uppgifter: Ana Julia Quezada erk\u00e4nner\",\"datePublished\":\"2018-03-12T23:00:00+00:00\",\"mainEntityOfPage\":{\"@id\":\"https:\\\/\\\/lightweb.dev\\\/l\\\/svm-temp\\\/nyheter\\\/uppgifter-ana-julia-quezada-erkanner\\\/\"},\"wordCount\":551,\"commentCount\":0,\"publisher\":{\"@id\":\"https:\\\/\\\/lightweb.dev\\\/l\\\/svm-temp\\\/#organization\"},\"image\":{\"@id\":\"https:\\\/\\\/lightweb.dev\\\/l\\\/svm-temp\\\/nyheter\\\/uppgifter-ana-julia-quezada-erkanner\\\/#primaryimage\"},\"thumbnailUrl\":\"https:\\\/\\\/lightweb.dev\\\/l\\\/svm-temp\\\/wp-content\\\/uploads\\\/2022\\\/06\\\/uppgifter-ana-julia-quezada-erkanner.png\",\"articleSection\":[\"Arkiv\",\"Nyheter\"],\"inLanguage\":\"sv-SE\"},{\"@type\":\"WebPage\",\"@id\":\"https:\\\/\\\/lightweb.dev\\\/l\\\/svm-temp\\\/nyheter\\\/uppgifter-ana-julia-quezada-erkanner\\\/\",\"url\":\"https:\\\/\\\/lightweb.dev\\\/l\\\/svm-temp\\\/nyheter\\\/uppgifter-ana-julia-quezada-erkanner\\\/\",\"name\":\"Uppgifter: Ana Julia Quezada erk\u00e4nner - Svenska Magasinet\",\"isPartOf\":{\"@id\":\"https:\\\/\\\/lightweb.dev\\\/l\\\/svm-temp\\\/#website\"},\"primaryImageOfPage\":{\"@id\":\"https:\\\/\\\/lightweb.dev\\\/l\\\/svm-temp\\\/nyheter\\\/uppgifter-ana-julia-quezada-erkanner\\\/#primaryimage\"},\"image\":{\"@id\":\"https:\\\/\\\/lightweb.dev\\\/l\\\/svm-temp\\\/nyheter\\\/uppgifter-ana-julia-quezada-erkanner\\\/#primaryimage\"},\"thumbnailUrl\":\"https:\\\/\\\/lightweb.dev\\\/l\\\/svm-temp\\\/wp-content\\\/uploads\\\/2022\\\/06\\\/uppgifter-ana-julia-quezada-erkanner.png\",\"datePublished\":\"2018-03-12T23:00:00+00:00\",\"breadcrumb\":{\"@id\":\"https:\\\/\\\/lightweb.dev\\\/l\\\/svm-temp\\\/nyheter\\\/uppgifter-ana-julia-quezada-erkanner\\\/#breadcrumb\"},\"inLanguage\":\"sv-SE\",\"potentialAction\":[{\"@type\":\"ReadAction\",\"target\":[\"https:\\\/\\\/lightweb.dev\\\/l\\\/svm-temp\\\/nyheter\\\/uppgifter-ana-julia-quezada-erkanner\\\/\"]}]},{\"@type\":\"ImageObject\",\"inLanguage\":\"sv-SE\",\"@id\":\"https:\\\/\\\/lightweb.dev\\\/l\\\/svm-temp\\\/nyheter\\\/uppgifter-ana-julia-quezada-erkanner\\\/#primaryimage\",\"url\":\"https:\\\/\\\/lightweb.dev\\\/l\\\/svm-temp\\\/wp-content\\\/uploads\\\/2022\\\/06\\\/uppgifter-ana-julia-quezada-erkanner.png\",\"contentUrl\":\"https:\\\/\\\/lightweb.dev\\\/l\\\/svm-temp\\\/wp-content\\\/uploads\\\/2022\\\/06\\\/uppgifter-ana-julia-quezada-erkanner.png\",\"width\":280,\"height\":279},{\"@type\":\"BreadcrumbList\",\"@id\":\"https:\\\/\\\/lightweb.dev\\\/l\\\/svm-temp\\\/nyheter\\\/uppgifter-ana-julia-quezada-erkanner\\\/#breadcrumb\",\"itemListElement\":[{\"@type\":\"ListItem\",\"position\":1,\"name\":\"Hem\",\"item\":\"https:\\\/\\\/lightweb.dev\\\/l\\\/svm-temp\\\/\"},{\"@type\":\"ListItem\",\"position\":2,\"name\":\"Uppgifter: Ana Julia Quezada erk\u00e4nner\"}]},{\"@type\":\"WebSite\",\"@id\":\"https:\\\/\\\/lightweb.dev\\\/l\\\/svm-temp\\\/#website\",\"url\":\"https:\\\/\\\/lightweb.dev\\\/l\\\/svm-temp\\\/\",\"name\":\"Svenska Magasinet\",\"description\":\"Dina Spanska nyheter p&aring; Svenska\",\"publisher\":{\"@id\":\"https:\\\/\\\/lightweb.dev\\\/l\\\/svm-temp\\\/#organization\"},\"potentialAction\":[{\"@type\":\"SearchAction\",\"target\":{\"@type\":\"EntryPoint\",\"urlTemplate\":\"https:\\\/\\\/lightweb.dev\\\/l\\\/svm-temp\\\/?s={search_term_string}\"},\"query-input\":{\"@type\":\"PropertyValueSpecification\",\"valueRequired\":true,\"valueName\":\"search_term_string\"}}],\"inLanguage\":\"sv-SE\"},{\"@type\":\"Organization\",\"@id\":\"https:\\\/\\\/lightweb.dev\\\/l\\\/svm-temp\\\/#organization\",\"name\":\"Melkerson y Nott SL\",\"alternateName\":\"Svenska Magasinet\",\"url\":\"https:\\\/\\\/lightweb.dev\\\/l\\\/svm-temp\\\/\",\"logo\":{\"@type\":\"ImageObject\",\"inLanguage\":\"sv-SE\",\"@id\":\"https:\\\/\\\/lightweb.dev\\\/l\\\/svm-temp\\\/#\\\/schema\\\/logo\\\/image\\\/\",\"url\":\"https:\\\/\\\/lightweb.dev\\\/l\\\/svm-temp\\\/wp-content\\\/uploads\\\/2025\\\/02\\\/SvM-logo-Xtra-Centrerad-SVART.png\",\"contentUrl\":\"https:\\\/\\\/lightweb.dev\\\/l\\\/svm-temp\\\/wp-content\\\/uploads\\\/2025\\\/02\\\/SvM-logo-Xtra-Centrerad-SVART.png\",\"width\":300,\"height\":99,\"caption\":\"Melkerson y Nott SL\"},\"image\":{\"@id\":\"https:\\\/\\\/lightweb.dev\\\/l\\\/svm-temp\\\/#\\\/schema\\\/logo\\\/image\\\/\"},\"sameAs\":[\"https:\\\/\\\/www.facebook.com\\\/svenskamagasinet\",\"https:\\\/\\\/x.com\\\/SvenskaMagasine\"]},{\"@type\":\"Person\",\"@id\":\"https:\\\/\\\/lightweb.dev\\\/l\\\/svm-temp\\\/#\\\/schema\\\/person\\\/206a3bda5b607b0c25e1749191e4d837\",\"name\":\"Redaktionen SvM\",\"description\":\"Redaktionen\",\"sameAs\":[\"https:\\\/\\\/lightweb.dev\\\/l\\\/svm-temp\"],\"url\":\"https:\\\/\\\/lightweb.dev\\\/l\\\/svm-temp\\\/reporter\\\/redaktionen\\\/\"}]}<\/script>\n<!-- \/ Yoast SEO Premium plugin. -->","yoast_head_json":{"title":"Uppgifter: Ana Julia Quezada erk\u00e4nner - Svenska Magasinet","robots":{"index":"noindex","follow":"follow","max-snippet":"max-snippet:-1","max-image-preview":"max-image-preview:large","max-video-preview":"max-video-preview:-1"},"og_locale":"sv_SE","og_type":"article","og_title":"Uppgifter: Ana Julia Quezada erk\u00e4nner","og_description":"Ana Julia Quezada, 43, som greps i s\u00f6ndags utanf\u00f6r sin bostad i Puebla de V\u00edcar n\u00e4r hon flyttade kroppen av den \u00e5tta\u00e5rige pojken Gabriel Cruz Ram\u00edrez har vid ett f\u00f6rh\u00f6r p\u00e5 tisdagen erk\u00e4nt att hon d\u00f6dade pojken. Hon ska vid dagens f\u00f6rh\u00f6r b\u00f6rjat samarbete med utredarna och erk\u00e4nt. Uppgifterna bekr\u00e4ftas av flera medier bland annat [&hellip;]","og_url":"https:\/\/lightweb.dev\/l\/svm-temp\/nyheter\/uppgifter-ana-julia-quezada-erkanner\/","og_site_name":"Svenska Magasinet","article_publisher":"https:\/\/www.facebook.com\/svenskamagasinet","article_published_time":"2018-03-12T23:00:00+00:00","og_image":[{"width":280,"height":279,"url":"https:\/\/lightweb.dev\/l\/svm-temp\/wp-content\/uploads\/2022\/06\/uppgifter-ana-julia-quezada-erkanner.png","type":"image\/png"}],"author":"Redaktionen SvM","twitter_card":"summary_large_image","twitter_creator":"@SvenskaMagasine","twitter_site":"@SvenskaMagasine","schema":{"@context":"https:\/\/schema.org","@graph":[{"@type":"Article","@id":"https:\/\/lightweb.dev\/l\/svm-temp\/nyheter\/uppgifter-ana-julia-quezada-erkanner\/#article","isPartOf":{"@id":"https:\/\/lightweb.dev\/l\/svm-temp\/nyheter\/uppgifter-ana-julia-quezada-erkanner\/"},"author":{"name":"Redaktionen SvM","@id":"https:\/\/lightweb.dev\/l\/svm-temp\/#\/schema\/person\/206a3bda5b607b0c25e1749191e4d837"},"headline":"Uppgifter: Ana Julia Quezada erk\u00e4nner","datePublished":"2018-03-12T23:00:00+00:00","mainEntityOfPage":{"@id":"https:\/\/lightweb.dev\/l\/svm-temp\/nyheter\/uppgifter-ana-julia-quezada-erkanner\/"},"wordCount":551,"commentCount":0,"publisher":{"@id":"https:\/\/lightweb.dev\/l\/svm-temp\/#organization"},"image":{"@id":"https:\/\/lightweb.dev\/l\/svm-temp\/nyheter\/uppgifter-ana-julia-quezada-erkanner\/#primaryimage"},"thumbnailUrl":"https:\/\/lightweb.dev\/l\/svm-temp\/wp-content\/uploads\/2022\/06\/uppgifter-ana-julia-quezada-erkanner.png","articleSection":["Arkiv","Nyheter"],"inLanguage":"sv-SE"},{"@type":"WebPage","@id":"https:\/\/lightweb.dev\/l\/svm-temp\/nyheter\/uppgifter-ana-julia-quezada-erkanner\/","url":"https:\/\/lightweb.dev\/l\/svm-temp\/nyheter\/uppgifter-ana-julia-quezada-erkanner\/","name":"Uppgifter: Ana Julia Quezada erk\u00e4nner - Svenska Magasinet","isPartOf":{"@id":"https:\/\/lightweb.dev\/l\/svm-temp\/#website"},"primaryImageOfPage":{"@id":"https:\/\/lightweb.dev\/l\/svm-temp\/nyheter\/uppgifter-ana-julia-quezada-erkanner\/#primaryimage"},"image":{"@id":"https:\/\/lightweb.dev\/l\/svm-temp\/nyheter\/uppgifter-ana-julia-quezada-erkanner\/#primaryimage"},"thumbnailUrl":"https:\/\/lightweb.dev\/l\/svm-temp\/wp-content\/uploads\/2022\/06\/uppgifter-ana-julia-quezada-erkanner.png","datePublished":"2018-03-12T23:00:00+00:00","breadcrumb":{"@id":"https:\/\/lightweb.dev\/l\/svm-temp\/nyheter\/uppgifter-ana-julia-quezada-erkanner\/#breadcrumb"},"inLanguage":"sv-SE","potentialAction":[{"@type":"ReadAction","target":["https:\/\/lightweb.dev\/l\/svm-temp\/nyheter\/uppgifter-ana-julia-quezada-erkanner\/"]}]},{"@type":"ImageObject","inLanguage":"sv-SE","@id":"https:\/\/lightweb.dev\/l\/svm-temp\/nyheter\/uppgifter-ana-julia-quezada-erkanner\/#primaryimage","url":"https:\/\/lightweb.dev\/l\/svm-temp\/wp-content\/uploads\/2022\/06\/uppgifter-ana-julia-quezada-erkanner.png","contentUrl":"https:\/\/lightweb.dev\/l\/svm-temp\/wp-content\/uploads\/2022\/06\/uppgifter-ana-julia-quezada-erkanner.png","width":280,"height":279},{"@type":"BreadcrumbList","@id":"https:\/\/lightweb.dev\/l\/svm-temp\/nyheter\/uppgifter-ana-julia-quezada-erkanner\/#breadcrumb","itemListElement":[{"@type":"ListItem","position":1,"name":"Hem","item":"https:\/\/lightweb.dev\/l\/svm-temp\/"},{"@type":"ListItem","position":2,"name":"Uppgifter: Ana Julia Quezada erk\u00e4nner"}]},{"@type":"WebSite","@id":"https:\/\/lightweb.dev\/l\/svm-temp\/#website","url":"https:\/\/lightweb.dev\/l\/svm-temp\/","name":"Svenska Magasinet","description":"Dina Spanska nyheter p&aring; Svenska","publisher":{"@id":"https:\/\/lightweb.dev\/l\/svm-temp\/#organization"},"potentialAction":[{"@type":"SearchAction","target":{"@type":"EntryPoint","urlTemplate":"https:\/\/lightweb.dev\/l\/svm-temp\/?s={search_term_string}"},"query-input":{"@type":"PropertyValueSpecification","valueRequired":true,"valueName":"search_term_string"}}],"inLanguage":"sv-SE"},{"@type":"Organization","@id":"https:\/\/lightweb.dev\/l\/svm-temp\/#organization","name":"Melkerson y Nott SL","alternateName":"Svenska Magasinet","url":"https:\/\/lightweb.dev\/l\/svm-temp\/","logo":{"@type":"ImageObject","inLanguage":"sv-SE","@id":"https:\/\/lightweb.dev\/l\/svm-temp\/#\/schema\/logo\/image\/","url":"https:\/\/lightweb.dev\/l\/svm-temp\/wp-content\/uploads\/2025\/02\/SvM-logo-Xtra-Centrerad-SVART.png","contentUrl":"https:\/\/lightweb.dev\/l\/svm-temp\/wp-content\/uploads\/2025\/02\/SvM-logo-Xtra-Centrerad-SVART.png","width":300,"height":99,"caption":"Melkerson y Nott SL"},"image":{"@id":"https:\/\/lightweb.dev\/l\/svm-temp\/#\/schema\/logo\/image\/"},"sameAs":["https:\/\/www.facebook.com\/svenskamagasinet","https:\/\/x.com\/SvenskaMagasine"]},{"@type":"Person","@id":"https:\/\/lightweb.dev\/l\/svm-temp\/#\/schema\/person\/206a3bda5b607b0c25e1749191e4d837","name":"Redaktionen SvM","description":"Redaktionen","sameAs":["https:\/\/lightweb.dev\/l\/svm-temp"],"url":"https:\/\/lightweb.dev\/l\/svm-temp\/reporter\/redaktionen\/"}]}},"_links":{"self":[{"href":"https:\/\/lightweb.dev\/l\/svm-temp\/wp-json\/wp\/v2\/posts\/18713","targetHints":{"allow":["GET"]}}],"collection":[{"href":"https:\/\/lightweb.dev\/l\/svm-temp\/wp-json\/wp\/v2\/posts"}],"about":[{"href":"https:\/\/lightweb.dev\/l\/svm-temp\/wp-json\/wp\/v2\/types\/post"}],"author":[{"embeddable":true,"href":"https:\/\/lightweb.dev\/l\/svm-temp\/wp-json\/wp\/v2\/users\/8"}],"replies":[{"embeddable":true,"href":"https:\/\/lightweb.dev\/l\/svm-temp\/wp-json\/wp\/v2\/comments?post=18713"}],"version-history":[{"count":0,"href":"https:\/\/lightweb.dev\/l\/svm-temp\/wp-json\/wp\/v2\/posts\/18713\/revisions"}],"wp:featuredmedia":[{"embeddable":true,"href":"https:\/\/lightweb.dev\/l\/svm-temp\/wp-json\/wp\/v2\/media\/18714"}],"wp:attachment":[{"href":"https:\/\/lightweb.dev\/l\/svm-temp\/wp-json\/wp\/v2\/media?parent=18713"}],"wp:term":[{"taxonomy":"category","embeddable":true,"href":"https:\/\/lightweb.dev\/l\/svm-temp\/wp-json\/wp\/v2\/categories?post=18713"},{"taxonomy":"post_tag","embeddable":true,"href":"https:\/\/lightweb.dev\/l\/svm-temp\/wp-json\/wp\/v2\/tags?post=18713"}],"curies":[{"name":"wp","href":"https:\/\/api.w.org\/{rel}","templated":true}]}}