{"id":18729,"date":"2018-03-12T00:00:00","date_gmt":"2018-03-11T23:00:00","guid":{"rendered":"https:\/\/lightweb.dev\/l\/svm-temp\/nyheter\/estepona-oppnar-nytt-allmant-parkeringsgarage-for-en-euro-per-dag\/"},"modified":"2018-03-12T00:00:00","modified_gmt":"2018-03-11T23:00:00","slug":"estepona-oppnar-nytt-allmant-parkeringsgarage-for-en-euro-per-dag","status":"publish","type":"post","link":"https:\/\/lightweb.dev\/l\/svm-temp\/nyheter\/estepona-oppnar-nytt-allmant-parkeringsgarage-for-en-euro-per-dag\/","title":{"rendered":"Estepona \u00f6ppnar nytt allm\u00e4nt parkeringsgarage f\u00f6r en euro per dag"},"content":{"rendered":"<p> Parkeringsgaraget ligger strategiskt under torget Plaza Antonia Guerrero vid det gamla historiska centrumet och g\u00f6r staden betydligt mer attraktiv f\u00f6r turister, boende och andra bes\u00f6kare till den gamla stadsk\u00e4rnan.<\/p>\n<p>Avgiften \u00e4r en euro  f\u00f6r parkering dagtid mellan klockan 09:00 och 21:00 samt tv\u00e5 euro f\u00f6r nattparkering mellan 21:00 och 09:00. <\/p>\n<p>Parkeringen har en yta p\u00e5 3.405 kvadratmeter f\u00f6rdelat p\u00e5 tre plan och har en kapacitet p\u00e5 mer \u00e4n hundra fordon. I parkeringsgaraget finns ocks\u00e5 laddningsplatser f\u00f6r elbilar. Projektet har inneburit en fullst\u00e4ndig ombyggnad av torget med planteringar och en belyst font\u00e4n, torget \u00e4r nu betydligt mer tillg\u00e4ngligt f\u00f6r alla.<br \/>\n Estepona kommunfullm\u00e4ktige har tr\u00e4ffat en \u00f6verenskommelse med &#8221;Association Prodiscapacitados Ps\u00edquicos de Estepona (Aprona)&#8221; f\u00f6r att ta hand om sk\u00f6tseln av anl\u00e4ggningen. Aprona f\u00e5r ocks\u00e5 hand om sk\u00f6tseln av den offentliga parkeringsplatsen p\u00e5 avenida San Lorenzo, d\u00e4r det finns 140 parkeringsplatser. Avtalet mellan kommunen och Aprona inneb\u00e4r att de de senare f\u00e5r tillg\u00e5ng till ett dussin parkeringsplatser samt att tv\u00e5 personer med funktionshinder f\u00e5r anst\u00e4llning.<\/p>\n<p>F\u00f6rutom dessa tv\u00e5 offentliga parkeringar s\u00e5 \u00f6verl\u00e4mnade kommunstyrelsen f\u00f6rvaltningen av ett nytt aktivitetscenter f\u00f6r \u00e4ldre till Aprona. Detta ligger p\u00e5 calle Lettonia och d\u00e4r skall Aprona organisera evenemang och aktiviteter samt sk\u00f6ta \u00f6ppning och st\u00e4ngning av anl\u00e4ggningen. Kommunen hj\u00e4lper till med en \u00e5rlig subvention, en administrativ assistent, dessutom st\u00e5r kommunen f\u00f6r st\u00e4dningen.<\/p>\n<p>Aprona arbetar med f\u00f6rebyggande och tidig uppt\u00e4ckt av psykosociala risker och erbjuder \u00e4ven tj\u00e4nster som en rehabiliteringsenhet f\u00f6r vuxna (fysioterapi och talterapi) samt dagcenter. F\u00f6r n\u00e4rvarande ing\u00e5r ocks\u00e5 130 barn i deras program.<\/p>\n<p>F\u00f6r den som vill veta mer om Aprona, s\u00e5 har de en informativ webbsida (p\u00e5 spanska): https:\/\/aprona.jimdo.com\/<\/p>\n<p>Bildtext: Det nya parkeringsgaraget, foto: Estepona Kommun via Twitter.<\/p>\n<p>Matchat inneh\u00e5ll SvM:<\/p>\n","protected":false},"excerpt":{"rendered":"<p>Parkeringsgaraget ligger strategiskt under torget Plaza Antonia Guerrero vid det gamla historiska centrumet och g\u00f6r staden betydligt mer attraktiv f\u00f6r turister, boende och andra bes\u00f6kare till den gamla stadsk\u00e4rnan. Avgiften \u00e4r en euro f\u00f6r parkering dagtid mellan klockan 09:00 och 21:00 samt tv\u00e5 euro f\u00f6r nattparkering mellan 21:00 och 09:00. Parkeringen har en yta p\u00e5 [&hellip;]<\/p>\n","protected":false},"author":8,"featured_media":18730,"comment_status":"open","ping_status":"open","sticky":false,"template":"","format":"standard","meta":{"_et_pb_use_builder":"","_et_pb_old_content":"","_et_gb_content_width":"","footnotes":""},"categories":[395,3],"tags":[],"class_list":["post-18729","post","type-post","status-publish","format-standard","has-post-thumbnail","hentry","category-arkiv-nyheter","category-nyheter"],"yoast_head":"<!-- This site is optimized with the Yoast SEO Premium plugin v26.2 (Yoast SEO v28.2) - https:\/\/yoast.com\/product\/yoast-seo-premium-wordpress\/ -->\n<title>Estepona \u00f6ppnar nytt allm\u00e4nt parkeringsgarage f\u00f6r en euro per dag - Svenska Magasinet<\/title>\n<meta name=\"robots\" content=\"noindex, follow, max-snippet:-1, max-image-preview:large, max-video-preview:-1\" \/>\n<meta property=\"og:locale\" content=\"sv_SE\" \/>\n<meta property=\"og:type\" content=\"article\" \/>\n<meta property=\"og:title\" content=\"Estepona \u00f6ppnar nytt allm\u00e4nt parkeringsgarage f\u00f6r en euro per dag\" \/>\n<meta property=\"og:description\" content=\"Parkeringsgaraget ligger strategiskt under torget Plaza Antonia Guerrero vid det gamla historiska centrumet och g\u00f6r staden betydligt mer attraktiv f\u00f6r turister, boende och andra bes\u00f6kare till den gamla stadsk\u00e4rnan. Avgiften \u00e4r en euro f\u00f6r parkering dagtid mellan klockan 09:00 och 21:00 samt tv\u00e5 euro f\u00f6r nattparkering mellan 21:00 och 09:00. Parkeringen har en yta p\u00e5 [&hellip;]\" \/>\n<meta property=\"og:url\" content=\"https:\/\/lightweb.dev\/l\/svm-temp\/nyheter\/estepona-oppnar-nytt-allmant-parkeringsgarage-for-en-euro-per-dag\/\" \/>\n<meta property=\"og:site_name\" content=\"Svenska Magasinet\" \/>\n<meta property=\"article:publisher\" content=\"https:\/\/www.facebook.com\/svenskamagasinet\" \/>\n<meta property=\"article:published_time\" content=\"2018-03-11T23:00:00+00:00\" \/>\n<meta property=\"og:image\" content=\"https:\/\/lightweb.dev\/l\/svm-temp\/wp-content\/uploads\/2022\/06\/estepona-oppnar-nytt-allmant-parkeringsgarage-for-en-euro-per-dag.png\" \/>\n\t<meta property=\"og:image:width\" content=\"280\" \/>\n\t<meta property=\"og:image:height\" content=\"245\" \/>\n\t<meta property=\"og:image:type\" content=\"image\/png\" \/>\n<meta name=\"author\" content=\"Redaktionen SvM\" \/>\n<meta name=\"twitter:card\" content=\"summary_large_image\" \/>\n<meta name=\"twitter:creator\" content=\"@SvenskaMagasine\" \/>\n<meta name=\"twitter:site\" content=\"@SvenskaMagasine\" \/>\n<script type=\"application\/ld+json\" class=\"yoast-schema-graph\">{\"@context\":\"https:\\\/\\\/schema.org\",\"@graph\":[{\"@type\":\"Article\",\"@id\":\"https:\\\/\\\/lightweb.dev\\\/l\\\/svm-temp\\\/nyheter\\\/estepona-oppnar-nytt-allmant-parkeringsgarage-for-en-euro-per-dag\\\/#article\",\"isPartOf\":{\"@id\":\"https:\\\/\\\/lightweb.dev\\\/l\\\/svm-temp\\\/nyheter\\\/estepona-oppnar-nytt-allmant-parkeringsgarage-for-en-euro-per-dag\\\/\"},\"author\":{\"name\":\"Redaktionen SvM\",\"@id\":\"https:\\\/\\\/lightweb.dev\\\/l\\\/svm-temp\\\/#\\\/schema\\\/person\\\/206a3bda5b607b0c25e1749191e4d837\"},\"headline\":\"Estepona \u00f6ppnar nytt allm\u00e4nt parkeringsgarage f\u00f6r en euro per dag\",\"datePublished\":\"2018-03-11T23:00:00+00:00\",\"mainEntityOfPage\":{\"@id\":\"https:\\\/\\\/lightweb.dev\\\/l\\\/svm-temp\\\/nyheter\\\/estepona-oppnar-nytt-allmant-parkeringsgarage-for-en-euro-per-dag\\\/\"},\"wordCount\":332,\"commentCount\":0,\"publisher\":{\"@id\":\"https:\\\/\\\/lightweb.dev\\\/l\\\/svm-temp\\\/#organization\"},\"image\":{\"@id\":\"https:\\\/\\\/lightweb.dev\\\/l\\\/svm-temp\\\/nyheter\\\/estepona-oppnar-nytt-allmant-parkeringsgarage-for-en-euro-per-dag\\\/#primaryimage\"},\"thumbnailUrl\":\"https:\\\/\\\/lightweb.dev\\\/l\\\/svm-temp\\\/wp-content\\\/uploads\\\/2022\\\/06\\\/estepona-oppnar-nytt-allmant-parkeringsgarage-for-en-euro-per-dag.png\",\"articleSection\":[\"Arkiv\",\"Nyheter\"],\"inLanguage\":\"sv-SE\"},{\"@type\":\"WebPage\",\"@id\":\"https:\\\/\\\/lightweb.dev\\\/l\\\/svm-temp\\\/nyheter\\\/estepona-oppnar-nytt-allmant-parkeringsgarage-for-en-euro-per-dag\\\/\",\"url\":\"https:\\\/\\\/lightweb.dev\\\/l\\\/svm-temp\\\/nyheter\\\/estepona-oppnar-nytt-allmant-parkeringsgarage-for-en-euro-per-dag\\\/\",\"name\":\"Estepona \u00f6ppnar nytt allm\u00e4nt parkeringsgarage f\u00f6r en euro per dag - Svenska Magasinet\",\"isPartOf\":{\"@id\":\"https:\\\/\\\/lightweb.dev\\\/l\\\/svm-temp\\\/#website\"},\"primaryImageOfPage\":{\"@id\":\"https:\\\/\\\/lightweb.dev\\\/l\\\/svm-temp\\\/nyheter\\\/estepona-oppnar-nytt-allmant-parkeringsgarage-for-en-euro-per-dag\\\/#primaryimage\"},\"image\":{\"@id\":\"https:\\\/\\\/lightweb.dev\\\/l\\\/svm-temp\\\/nyheter\\\/estepona-oppnar-nytt-allmant-parkeringsgarage-for-en-euro-per-dag\\\/#primaryimage\"},\"thumbnailUrl\":\"https:\\\/\\\/lightweb.dev\\\/l\\\/svm-temp\\\/wp-content\\\/uploads\\\/2022\\\/06\\\/estepona-oppnar-nytt-allmant-parkeringsgarage-for-en-euro-per-dag.png\",\"datePublished\":\"2018-03-11T23:00:00+00:00\",\"breadcrumb\":{\"@id\":\"https:\\\/\\\/lightweb.dev\\\/l\\\/svm-temp\\\/nyheter\\\/estepona-oppnar-nytt-allmant-parkeringsgarage-for-en-euro-per-dag\\\/#breadcrumb\"},\"inLanguage\":\"sv-SE\",\"potentialAction\":[{\"@type\":\"ReadAction\",\"target\":[\"https:\\\/\\\/lightweb.dev\\\/l\\\/svm-temp\\\/nyheter\\\/estepona-oppnar-nytt-allmant-parkeringsgarage-for-en-euro-per-dag\\\/\"]}]},{\"@type\":\"ImageObject\",\"inLanguage\":\"sv-SE\",\"@id\":\"https:\\\/\\\/lightweb.dev\\\/l\\\/svm-temp\\\/nyheter\\\/estepona-oppnar-nytt-allmant-parkeringsgarage-for-en-euro-per-dag\\\/#primaryimage\",\"url\":\"https:\\\/\\\/lightweb.dev\\\/l\\\/svm-temp\\\/wp-content\\\/uploads\\\/2022\\\/06\\\/estepona-oppnar-nytt-allmant-parkeringsgarage-for-en-euro-per-dag.png\",\"contentUrl\":\"https:\\\/\\\/lightweb.dev\\\/l\\\/svm-temp\\\/wp-content\\\/uploads\\\/2022\\\/06\\\/estepona-oppnar-nytt-allmant-parkeringsgarage-for-en-euro-per-dag.png\",\"width\":280,\"height\":245},{\"@type\":\"BreadcrumbList\",\"@id\":\"https:\\\/\\\/lightweb.dev\\\/l\\\/svm-temp\\\/nyheter\\\/estepona-oppnar-nytt-allmant-parkeringsgarage-for-en-euro-per-dag\\\/#breadcrumb\",\"itemListElement\":[{\"@type\":\"ListItem\",\"position\":1,\"name\":\"Hem\",\"item\":\"https:\\\/\\\/lightweb.dev\\\/l\\\/svm-temp\\\/\"},{\"@type\":\"ListItem\",\"position\":2,\"name\":\"Estepona \u00f6ppnar nytt allm\u00e4nt parkeringsgarage f\u00f6r en euro per dag\"}]},{\"@type\":\"WebSite\",\"@id\":\"https:\\\/\\\/lightweb.dev\\\/l\\\/svm-temp\\\/#website\",\"url\":\"https:\\\/\\\/lightweb.dev\\\/l\\\/svm-temp\\\/\",\"name\":\"Svenska Magasinet\",\"description\":\"Dina Spanska nyheter p&aring; Svenska\",\"publisher\":{\"@id\":\"https:\\\/\\\/lightweb.dev\\\/l\\\/svm-temp\\\/#organization\"},\"potentialAction\":[{\"@type\":\"SearchAction\",\"target\":{\"@type\":\"EntryPoint\",\"urlTemplate\":\"https:\\\/\\\/lightweb.dev\\\/l\\\/svm-temp\\\/?s={search_term_string}\"},\"query-input\":{\"@type\":\"PropertyValueSpecification\",\"valueRequired\":true,\"valueName\":\"search_term_string\"}}],\"inLanguage\":\"sv-SE\"},{\"@type\":\"Organization\",\"@id\":\"https:\\\/\\\/lightweb.dev\\\/l\\\/svm-temp\\\/#organization\",\"name\":\"Melkerson y Nott SL\",\"alternateName\":\"Svenska Magasinet\",\"url\":\"https:\\\/\\\/lightweb.dev\\\/l\\\/svm-temp\\\/\",\"logo\":{\"@type\":\"ImageObject\",\"inLanguage\":\"sv-SE\",\"@id\":\"https:\\\/\\\/lightweb.dev\\\/l\\\/svm-temp\\\/#\\\/schema\\\/logo\\\/image\\\/\",\"url\":\"https:\\\/\\\/lightweb.dev\\\/l\\\/svm-temp\\\/wp-content\\\/uploads\\\/2025\\\/02\\\/SvM-logo-Xtra-Centrerad-SVART.png\",\"contentUrl\":\"https:\\\/\\\/lightweb.dev\\\/l\\\/svm-temp\\\/wp-content\\\/uploads\\\/2025\\\/02\\\/SvM-logo-Xtra-Centrerad-SVART.png\",\"width\":300,\"height\":99,\"caption\":\"Melkerson y Nott SL\"},\"image\":{\"@id\":\"https:\\\/\\\/lightweb.dev\\\/l\\\/svm-temp\\\/#\\\/schema\\\/logo\\\/image\\\/\"},\"sameAs\":[\"https:\\\/\\\/www.facebook.com\\\/svenskamagasinet\",\"https:\\\/\\\/x.com\\\/SvenskaMagasine\"]},{\"@type\":\"Person\",\"@id\":\"https:\\\/\\\/lightweb.dev\\\/l\\\/svm-temp\\\/#\\\/schema\\\/person\\\/206a3bda5b607b0c25e1749191e4d837\",\"name\":\"Redaktionen SvM\",\"description\":\"Redaktionen\",\"sameAs\":[\"https:\\\/\\\/lightweb.dev\\\/l\\\/svm-temp\"],\"url\":\"https:\\\/\\\/lightweb.dev\\\/l\\\/svm-temp\\\/reporter\\\/redaktionen\\\/\"}]}<\/script>\n<!-- \/ Yoast SEO Premium plugin. -->","yoast_head_json":{"title":"Estepona \u00f6ppnar nytt allm\u00e4nt parkeringsgarage f\u00f6r en euro per dag - Svenska Magasinet","robots":{"index":"noindex","follow":"follow","max-snippet":"max-snippet:-1","max-image-preview":"max-image-preview:large","max-video-preview":"max-video-preview:-1"},"og_locale":"sv_SE","og_type":"article","og_title":"Estepona \u00f6ppnar nytt allm\u00e4nt parkeringsgarage f\u00f6r en euro per dag","og_description":"Parkeringsgaraget ligger strategiskt under torget Plaza Antonia Guerrero vid det gamla historiska centrumet och g\u00f6r staden betydligt mer attraktiv f\u00f6r turister, boende och andra bes\u00f6kare till den gamla stadsk\u00e4rnan. Avgiften \u00e4r en euro f\u00f6r parkering dagtid mellan klockan 09:00 och 21:00 samt tv\u00e5 euro f\u00f6r nattparkering mellan 21:00 och 09:00. Parkeringen har en yta p\u00e5 [&hellip;]","og_url":"https:\/\/lightweb.dev\/l\/svm-temp\/nyheter\/estepona-oppnar-nytt-allmant-parkeringsgarage-for-en-euro-per-dag\/","og_site_name":"Svenska Magasinet","article_publisher":"https:\/\/www.facebook.com\/svenskamagasinet","article_published_time":"2018-03-11T23:00:00+00:00","og_image":[{"width":280,"height":245,"url":"https:\/\/lightweb.dev\/l\/svm-temp\/wp-content\/uploads\/2022\/06\/estepona-oppnar-nytt-allmant-parkeringsgarage-for-en-euro-per-dag.png","type":"image\/png"}],"author":"Redaktionen SvM","twitter_card":"summary_large_image","twitter_creator":"@SvenskaMagasine","twitter_site":"@SvenskaMagasine","schema":{"@context":"https:\/\/schema.org","@graph":[{"@type":"Article","@id":"https:\/\/lightweb.dev\/l\/svm-temp\/nyheter\/estepona-oppnar-nytt-allmant-parkeringsgarage-for-en-euro-per-dag\/#article","isPartOf":{"@id":"https:\/\/lightweb.dev\/l\/svm-temp\/nyheter\/estepona-oppnar-nytt-allmant-parkeringsgarage-for-en-euro-per-dag\/"},"author":{"name":"Redaktionen SvM","@id":"https:\/\/lightweb.dev\/l\/svm-temp\/#\/schema\/person\/206a3bda5b607b0c25e1749191e4d837"},"headline":"Estepona \u00f6ppnar nytt allm\u00e4nt parkeringsgarage f\u00f6r en euro per dag","datePublished":"2018-03-11T23:00:00+00:00","mainEntityOfPage":{"@id":"https:\/\/lightweb.dev\/l\/svm-temp\/nyheter\/estepona-oppnar-nytt-allmant-parkeringsgarage-for-en-euro-per-dag\/"},"wordCount":332,"commentCount":0,"publisher":{"@id":"https:\/\/lightweb.dev\/l\/svm-temp\/#organization"},"image":{"@id":"https:\/\/lightweb.dev\/l\/svm-temp\/nyheter\/estepona-oppnar-nytt-allmant-parkeringsgarage-for-en-euro-per-dag\/#primaryimage"},"thumbnailUrl":"https:\/\/lightweb.dev\/l\/svm-temp\/wp-content\/uploads\/2022\/06\/estepona-oppnar-nytt-allmant-parkeringsgarage-for-en-euro-per-dag.png","articleSection":["Arkiv","Nyheter"],"inLanguage":"sv-SE"},{"@type":"WebPage","@id":"https:\/\/lightweb.dev\/l\/svm-temp\/nyheter\/estepona-oppnar-nytt-allmant-parkeringsgarage-for-en-euro-per-dag\/","url":"https:\/\/lightweb.dev\/l\/svm-temp\/nyheter\/estepona-oppnar-nytt-allmant-parkeringsgarage-for-en-euro-per-dag\/","name":"Estepona \u00f6ppnar nytt allm\u00e4nt parkeringsgarage f\u00f6r en euro per dag - Svenska Magasinet","isPartOf":{"@id":"https:\/\/lightweb.dev\/l\/svm-temp\/#website"},"primaryImageOfPage":{"@id":"https:\/\/lightweb.dev\/l\/svm-temp\/nyheter\/estepona-oppnar-nytt-allmant-parkeringsgarage-for-en-euro-per-dag\/#primaryimage"},"image":{"@id":"https:\/\/lightweb.dev\/l\/svm-temp\/nyheter\/estepona-oppnar-nytt-allmant-parkeringsgarage-for-en-euro-per-dag\/#primaryimage"},"thumbnailUrl":"https:\/\/lightweb.dev\/l\/svm-temp\/wp-content\/uploads\/2022\/06\/estepona-oppnar-nytt-allmant-parkeringsgarage-for-en-euro-per-dag.png","datePublished":"2018-03-11T23:00:00+00:00","breadcrumb":{"@id":"https:\/\/lightweb.dev\/l\/svm-temp\/nyheter\/estepona-oppnar-nytt-allmant-parkeringsgarage-for-en-euro-per-dag\/#breadcrumb"},"inLanguage":"sv-SE","potentialAction":[{"@type":"ReadAction","target":["https:\/\/lightweb.dev\/l\/svm-temp\/nyheter\/estepona-oppnar-nytt-allmant-parkeringsgarage-for-en-euro-per-dag\/"]}]},{"@type":"ImageObject","inLanguage":"sv-SE","@id":"https:\/\/lightweb.dev\/l\/svm-temp\/nyheter\/estepona-oppnar-nytt-allmant-parkeringsgarage-for-en-euro-per-dag\/#primaryimage","url":"https:\/\/lightweb.dev\/l\/svm-temp\/wp-content\/uploads\/2022\/06\/estepona-oppnar-nytt-allmant-parkeringsgarage-for-en-euro-per-dag.png","contentUrl":"https:\/\/lightweb.dev\/l\/svm-temp\/wp-content\/uploads\/2022\/06\/estepona-oppnar-nytt-allmant-parkeringsgarage-for-en-euro-per-dag.png","width":280,"height":245},{"@type":"BreadcrumbList","@id":"https:\/\/lightweb.dev\/l\/svm-temp\/nyheter\/estepona-oppnar-nytt-allmant-parkeringsgarage-for-en-euro-per-dag\/#breadcrumb","itemListElement":[{"@type":"ListItem","position":1,"name":"Hem","item":"https:\/\/lightweb.dev\/l\/svm-temp\/"},{"@type":"ListItem","position":2,"name":"Estepona \u00f6ppnar nytt allm\u00e4nt parkeringsgarage f\u00f6r en euro per dag"}]},{"@type":"WebSite","@id":"https:\/\/lightweb.dev\/l\/svm-temp\/#website","url":"https:\/\/lightweb.dev\/l\/svm-temp\/","name":"Svenska Magasinet","description":"Dina Spanska nyheter p&aring; Svenska","publisher":{"@id":"https:\/\/lightweb.dev\/l\/svm-temp\/#organization"},"potentialAction":[{"@type":"SearchAction","target":{"@type":"EntryPoint","urlTemplate":"https:\/\/lightweb.dev\/l\/svm-temp\/?s={search_term_string}"},"query-input":{"@type":"PropertyValueSpecification","valueRequired":true,"valueName":"search_term_string"}}],"inLanguage":"sv-SE"},{"@type":"Organization","@id":"https:\/\/lightweb.dev\/l\/svm-temp\/#organization","name":"Melkerson y Nott SL","alternateName":"Svenska Magasinet","url":"https:\/\/lightweb.dev\/l\/svm-temp\/","logo":{"@type":"ImageObject","inLanguage":"sv-SE","@id":"https:\/\/lightweb.dev\/l\/svm-temp\/#\/schema\/logo\/image\/","url":"https:\/\/lightweb.dev\/l\/svm-temp\/wp-content\/uploads\/2025\/02\/SvM-logo-Xtra-Centrerad-SVART.png","contentUrl":"https:\/\/lightweb.dev\/l\/svm-temp\/wp-content\/uploads\/2025\/02\/SvM-logo-Xtra-Centrerad-SVART.png","width":300,"height":99,"caption":"Melkerson y Nott SL"},"image":{"@id":"https:\/\/lightweb.dev\/l\/svm-temp\/#\/schema\/logo\/image\/"},"sameAs":["https:\/\/www.facebook.com\/svenskamagasinet","https:\/\/x.com\/SvenskaMagasine"]},{"@type":"Person","@id":"https:\/\/lightweb.dev\/l\/svm-temp\/#\/schema\/person\/206a3bda5b607b0c25e1749191e4d837","name":"Redaktionen SvM","description":"Redaktionen","sameAs":["https:\/\/lightweb.dev\/l\/svm-temp"],"url":"https:\/\/lightweb.dev\/l\/svm-temp\/reporter\/redaktionen\/"}]}},"_links":{"self":[{"href":"https:\/\/lightweb.dev\/l\/svm-temp\/wp-json\/wp\/v2\/posts\/18729","targetHints":{"allow":["GET"]}}],"collection":[{"href":"https:\/\/lightweb.dev\/l\/svm-temp\/wp-json\/wp\/v2\/posts"}],"about":[{"href":"https:\/\/lightweb.dev\/l\/svm-temp\/wp-json\/wp\/v2\/types\/post"}],"author":[{"embeddable":true,"href":"https:\/\/lightweb.dev\/l\/svm-temp\/wp-json\/wp\/v2\/users\/8"}],"replies":[{"embeddable":true,"href":"https:\/\/lightweb.dev\/l\/svm-temp\/wp-json\/wp\/v2\/comments?post=18729"}],"version-history":[{"count":0,"href":"https:\/\/lightweb.dev\/l\/svm-temp\/wp-json\/wp\/v2\/posts\/18729\/revisions"}],"wp:featuredmedia":[{"embeddable":true,"href":"https:\/\/lightweb.dev\/l\/svm-temp\/wp-json\/wp\/v2\/media\/18730"}],"wp:attachment":[{"href":"https:\/\/lightweb.dev\/l\/svm-temp\/wp-json\/wp\/v2\/media?parent=18729"}],"wp:term":[{"taxonomy":"category","embeddable":true,"href":"https:\/\/lightweb.dev\/l\/svm-temp\/wp-json\/wp\/v2\/categories?post=18729"},{"taxonomy":"post_tag","embeddable":true,"href":"https:\/\/lightweb.dev\/l\/svm-temp\/wp-json\/wp\/v2\/tags?post=18729"}],"curies":[{"name":"wp","href":"https:\/\/api.w.org\/{rel}","templated":true}]}}