{"id":18743,"date":"2018-03-08T00:00:00","date_gmt":"2018-03-07T23:00:00","guid":{"rendered":"https:\/\/lightweb.dev\/l\/svm-temp\/nyheter\/svensk-turist-drogades-och-valdtogs-av-framling\/"},"modified":"2018-03-08T00:00:00","modified_gmt":"2018-03-07T23:00:00","slug":"svensk-turist-drogades-och-valdtogs-av-framling","status":"publish","type":"post","link":"https:\/\/lightweb.dev\/l\/svm-temp\/nyheter\/svensk-turist-drogades-och-valdtogs-av-framling\/","title":{"rendered":"Svensk turist drogades och v\u00e5ldtogs av fr\u00e4mling"},"content":{"rendered":"<p> Nationalpolisen har startat en utredning efter att en svensk kvinna som var i Fuengirola som turist har anm\u00e4lt att hon blivit v\u00e5ldtagen. Enligt kvinnan ska hon ha blivit drogad och f\u00f6rlorat medvetandet. N\u00e4r hon vaknade upp blev hon \u00f6verfallen och sexuellt utnyttjad av en fr\u00e4mling.<\/p>\n<p>Dagstidningen Diario SUR skriver p\u00e5 torsdagen att den svenska kvinnan f\u00f6rdes till sjukhuset Hospital Costa del Sol efter att ha anm\u00e4lt h\u00e4ndelsen som \u00e4gde rum p\u00e5 natten mellan m\u00e5ndagen och tisdagen.<\/p>\n<p>Den svenska kvinnan tog sig till polisen efter att ha vaknat upp naken. Enligt kvinnans vittnesm\u00e5l ska hon ha blivit v\u00e5ldtagen av en fr\u00e4mling i en l\u00e4genhet i Fuengirola. Hon hade aldrig tidigare varit i den l\u00e4genheten eftersom hon bor p\u00e5 hotell.<\/p>\n<p>Kvinnan hade tidigare p\u00e5 kv\u00e4llen varit ute tillsammans med n\u00e5gra andra svenskar som \u00e4r residenta i Fuengirola. Efter middagen beslutade hon sig f\u00f6r att ta sig en drink i en bar efter att klockan hade passerat midnatt. D\u00e4refter minns inte kvinnan n\u00e5got mer f\u00f6rr\u00e4n hon vaknade upp naken i en l\u00e4genhet d\u00e4r en fr\u00e4mmande man v\u00e5ldtog henne.<\/p>\n<p>Den svenska turisten ska d\u00e4refter ha slitit \u00e5t sig de kl\u00e4der hon kom \u00e5t och l\u00e4mnat l\u00e4genheten f\u00f6r att ta sig till polisen. Hon har inga minnesbilder \u00f6ver var l\u00e4genheten l\u00e5g eftersom hon inte hade varit d\u00e4r tidigare.<\/p>\n<p>Ett liknande fall intr\u00e4ffade nyligen i provinsen M\u00e1laga d\u00e4r en kvinna uppger att hon ska ha blivit drogad och d\u00e4refter v\u00e5ldtagen skriver tidningen.<\/p>\n<p>P\u00e5 sjukhuset har det tagits prover f\u00f6r att fastst\u00e4lla vilken drog eller droger kvinnan kan ha f\u00e5tt.<\/p>\n<p>Det \u00e4r polisens enhet UFAM (Unidad de Familia y Atenci\u00f3n a la Mujer) som har tagit \u00f6ver utredningen. UFAM-avdelningen arbetar med fall som r\u00f6r familjer och kvinnor. Betydligt fler v\u00e5ldt\u00e4kter i Sverige \u00e4n i Spanien<\/p>\n","protected":false},"excerpt":{"rendered":"<p>Nationalpolisen har startat en utredning efter att en svensk kvinna som var i Fuengirola som turist har anm\u00e4lt att hon blivit v\u00e5ldtagen. Enligt kvinnan ska hon ha blivit drogad och f\u00f6rlorat medvetandet. N\u00e4r hon vaknade upp blev hon \u00f6verfallen och sexuellt utnyttjad av en fr\u00e4mling. Dagstidningen Diario SUR skriver p\u00e5 torsdagen att den svenska kvinnan [&hellip;]<\/p>\n","protected":false},"author":8,"featured_media":18744,"comment_status":"open","ping_status":"open","sticky":false,"template":"","format":"standard","meta":{"_et_pb_use_builder":"","_et_pb_old_content":"","_et_gb_content_width":"","footnotes":""},"categories":[395,3],"tags":[],"class_list":["post-18743","post","type-post","status-publish","format-standard","has-post-thumbnail","hentry","category-arkiv-nyheter","category-nyheter"],"yoast_head":"<!-- This site is optimized with the Yoast SEO Premium plugin v26.2 (Yoast SEO v28.2) - https:\/\/yoast.com\/product\/yoast-seo-premium-wordpress\/ -->\n<title>Svensk turist drogades och v\u00e5ldtogs av fr\u00e4mling - Svenska Magasinet<\/title>\n<meta name=\"robots\" content=\"noindex, follow, max-snippet:-1, max-image-preview:large, max-video-preview:-1\" \/>\n<meta property=\"og:locale\" content=\"sv_SE\" \/>\n<meta property=\"og:type\" content=\"article\" \/>\n<meta property=\"og:title\" content=\"Svensk turist drogades och v\u00e5ldtogs av fr\u00e4mling\" \/>\n<meta property=\"og:description\" content=\"Nationalpolisen har startat en utredning efter att en svensk kvinna som var i Fuengirola som turist har anm\u00e4lt att hon blivit v\u00e5ldtagen. Enligt kvinnan ska hon ha blivit drogad och f\u00f6rlorat medvetandet. N\u00e4r hon vaknade upp blev hon \u00f6verfallen och sexuellt utnyttjad av en fr\u00e4mling. Dagstidningen Diario SUR skriver p\u00e5 torsdagen att den svenska kvinnan [&hellip;]\" \/>\n<meta property=\"og:url\" content=\"https:\/\/lightweb.dev\/l\/svm-temp\/nyheter\/svensk-turist-drogades-och-valdtogs-av-framling\/\" \/>\n<meta property=\"og:site_name\" content=\"Svenska Magasinet\" \/>\n<meta property=\"article:publisher\" content=\"https:\/\/www.facebook.com\/svenskamagasinet\" \/>\n<meta property=\"article:published_time\" content=\"2018-03-07T23:00:00+00:00\" \/>\n<meta property=\"og:image\" content=\"https:\/\/lightweb.dev\/l\/svm-temp\/wp-content\/uploads\/2022\/06\/svensk-turist-drogades-och-valdtogs-av-framling.png\" \/>\n\t<meta property=\"og:image:width\" content=\"280\" \/>\n\t<meta property=\"og:image:height\" content=\"211\" \/>\n\t<meta property=\"og:image:type\" content=\"image\/png\" \/>\n<meta name=\"author\" content=\"Redaktionen SvM\" \/>\n<meta name=\"twitter:card\" content=\"summary_large_image\" \/>\n<meta name=\"twitter:creator\" content=\"@SvenskaMagasine\" \/>\n<meta name=\"twitter:site\" content=\"@SvenskaMagasine\" \/>\n<script type=\"application\/ld+json\" class=\"yoast-schema-graph\">{\"@context\":\"https:\\\/\\\/schema.org\",\"@graph\":[{\"@type\":\"Article\",\"@id\":\"https:\\\/\\\/lightweb.dev\\\/l\\\/svm-temp\\\/nyheter\\\/svensk-turist-drogades-och-valdtogs-av-framling\\\/#article\",\"isPartOf\":{\"@id\":\"https:\\\/\\\/lightweb.dev\\\/l\\\/svm-temp\\\/nyheter\\\/svensk-turist-drogades-och-valdtogs-av-framling\\\/\"},\"author\":{\"name\":\"Redaktionen SvM\",\"@id\":\"https:\\\/\\\/lightweb.dev\\\/l\\\/svm-temp\\\/#\\\/schema\\\/person\\\/206a3bda5b607b0c25e1749191e4d837\"},\"headline\":\"Svensk turist drogades och v\u00e5ldtogs av fr\u00e4mling\",\"datePublished\":\"2018-03-07T23:00:00+00:00\",\"mainEntityOfPage\":{\"@id\":\"https:\\\/\\\/lightweb.dev\\\/l\\\/svm-temp\\\/nyheter\\\/svensk-turist-drogades-och-valdtogs-av-framling\\\/\"},\"wordCount\":342,\"commentCount\":0,\"publisher\":{\"@id\":\"https:\\\/\\\/lightweb.dev\\\/l\\\/svm-temp\\\/#organization\"},\"image\":{\"@id\":\"https:\\\/\\\/lightweb.dev\\\/l\\\/svm-temp\\\/nyheter\\\/svensk-turist-drogades-och-valdtogs-av-framling\\\/#primaryimage\"},\"thumbnailUrl\":\"https:\\\/\\\/lightweb.dev\\\/l\\\/svm-temp\\\/wp-content\\\/uploads\\\/2022\\\/06\\\/svensk-turist-drogades-och-valdtogs-av-framling.png\",\"articleSection\":[\"Arkiv\",\"Nyheter\"],\"inLanguage\":\"sv-SE\"},{\"@type\":\"WebPage\",\"@id\":\"https:\\\/\\\/lightweb.dev\\\/l\\\/svm-temp\\\/nyheter\\\/svensk-turist-drogades-och-valdtogs-av-framling\\\/\",\"url\":\"https:\\\/\\\/lightweb.dev\\\/l\\\/svm-temp\\\/nyheter\\\/svensk-turist-drogades-och-valdtogs-av-framling\\\/\",\"name\":\"Svensk turist drogades och v\u00e5ldtogs av fr\u00e4mling - Svenska Magasinet\",\"isPartOf\":{\"@id\":\"https:\\\/\\\/lightweb.dev\\\/l\\\/svm-temp\\\/#website\"},\"primaryImageOfPage\":{\"@id\":\"https:\\\/\\\/lightweb.dev\\\/l\\\/svm-temp\\\/nyheter\\\/svensk-turist-drogades-och-valdtogs-av-framling\\\/#primaryimage\"},\"image\":{\"@id\":\"https:\\\/\\\/lightweb.dev\\\/l\\\/svm-temp\\\/nyheter\\\/svensk-turist-drogades-och-valdtogs-av-framling\\\/#primaryimage\"},\"thumbnailUrl\":\"https:\\\/\\\/lightweb.dev\\\/l\\\/svm-temp\\\/wp-content\\\/uploads\\\/2022\\\/06\\\/svensk-turist-drogades-och-valdtogs-av-framling.png\",\"datePublished\":\"2018-03-07T23:00:00+00:00\",\"breadcrumb\":{\"@id\":\"https:\\\/\\\/lightweb.dev\\\/l\\\/svm-temp\\\/nyheter\\\/svensk-turist-drogades-och-valdtogs-av-framling\\\/#breadcrumb\"},\"inLanguage\":\"sv-SE\",\"potentialAction\":[{\"@type\":\"ReadAction\",\"target\":[\"https:\\\/\\\/lightweb.dev\\\/l\\\/svm-temp\\\/nyheter\\\/svensk-turist-drogades-och-valdtogs-av-framling\\\/\"]}]},{\"@type\":\"ImageObject\",\"inLanguage\":\"sv-SE\",\"@id\":\"https:\\\/\\\/lightweb.dev\\\/l\\\/svm-temp\\\/nyheter\\\/svensk-turist-drogades-och-valdtogs-av-framling\\\/#primaryimage\",\"url\":\"https:\\\/\\\/lightweb.dev\\\/l\\\/svm-temp\\\/wp-content\\\/uploads\\\/2022\\\/06\\\/svensk-turist-drogades-och-valdtogs-av-framling.png\",\"contentUrl\":\"https:\\\/\\\/lightweb.dev\\\/l\\\/svm-temp\\\/wp-content\\\/uploads\\\/2022\\\/06\\\/svensk-turist-drogades-och-valdtogs-av-framling.png\",\"width\":280,\"height\":211},{\"@type\":\"BreadcrumbList\",\"@id\":\"https:\\\/\\\/lightweb.dev\\\/l\\\/svm-temp\\\/nyheter\\\/svensk-turist-drogades-och-valdtogs-av-framling\\\/#breadcrumb\",\"itemListElement\":[{\"@type\":\"ListItem\",\"position\":1,\"name\":\"Hem\",\"item\":\"https:\\\/\\\/lightweb.dev\\\/l\\\/svm-temp\\\/\"},{\"@type\":\"ListItem\",\"position\":2,\"name\":\"Svensk turist drogades och v\u00e5ldtogs av fr\u00e4mling\"}]},{\"@type\":\"WebSite\",\"@id\":\"https:\\\/\\\/lightweb.dev\\\/l\\\/svm-temp\\\/#website\",\"url\":\"https:\\\/\\\/lightweb.dev\\\/l\\\/svm-temp\\\/\",\"name\":\"Svenska Magasinet\",\"description\":\"Dina Spanska nyheter p&aring; Svenska\",\"publisher\":{\"@id\":\"https:\\\/\\\/lightweb.dev\\\/l\\\/svm-temp\\\/#organization\"},\"potentialAction\":[{\"@type\":\"SearchAction\",\"target\":{\"@type\":\"EntryPoint\",\"urlTemplate\":\"https:\\\/\\\/lightweb.dev\\\/l\\\/svm-temp\\\/?s={search_term_string}\"},\"query-input\":{\"@type\":\"PropertyValueSpecification\",\"valueRequired\":true,\"valueName\":\"search_term_string\"}}],\"inLanguage\":\"sv-SE\"},{\"@type\":\"Organization\",\"@id\":\"https:\\\/\\\/lightweb.dev\\\/l\\\/svm-temp\\\/#organization\",\"name\":\"Melkerson y Nott SL\",\"alternateName\":\"Svenska Magasinet\",\"url\":\"https:\\\/\\\/lightweb.dev\\\/l\\\/svm-temp\\\/\",\"logo\":{\"@type\":\"ImageObject\",\"inLanguage\":\"sv-SE\",\"@id\":\"https:\\\/\\\/lightweb.dev\\\/l\\\/svm-temp\\\/#\\\/schema\\\/logo\\\/image\\\/\",\"url\":\"https:\\\/\\\/lightweb.dev\\\/l\\\/svm-temp\\\/wp-content\\\/uploads\\\/2025\\\/02\\\/SvM-logo-Xtra-Centrerad-SVART.png\",\"contentUrl\":\"https:\\\/\\\/lightweb.dev\\\/l\\\/svm-temp\\\/wp-content\\\/uploads\\\/2025\\\/02\\\/SvM-logo-Xtra-Centrerad-SVART.png\",\"width\":300,\"height\":99,\"caption\":\"Melkerson y Nott SL\"},\"image\":{\"@id\":\"https:\\\/\\\/lightweb.dev\\\/l\\\/svm-temp\\\/#\\\/schema\\\/logo\\\/image\\\/\"},\"sameAs\":[\"https:\\\/\\\/www.facebook.com\\\/svenskamagasinet\",\"https:\\\/\\\/x.com\\\/SvenskaMagasine\"]},{\"@type\":\"Person\",\"@id\":\"https:\\\/\\\/lightweb.dev\\\/l\\\/svm-temp\\\/#\\\/schema\\\/person\\\/206a3bda5b607b0c25e1749191e4d837\",\"name\":\"Redaktionen SvM\",\"description\":\"Redaktionen\",\"sameAs\":[\"https:\\\/\\\/lightweb.dev\\\/l\\\/svm-temp\"],\"url\":\"https:\\\/\\\/lightweb.dev\\\/l\\\/svm-temp\\\/reporter\\\/redaktionen\\\/\"}]}<\/script>\n<!-- \/ Yoast SEO Premium plugin. -->","yoast_head_json":{"title":"Svensk turist drogades och v\u00e5ldtogs av fr\u00e4mling - Svenska Magasinet","robots":{"index":"noindex","follow":"follow","max-snippet":"max-snippet:-1","max-image-preview":"max-image-preview:large","max-video-preview":"max-video-preview:-1"},"og_locale":"sv_SE","og_type":"article","og_title":"Svensk turist drogades och v\u00e5ldtogs av fr\u00e4mling","og_description":"Nationalpolisen har startat en utredning efter att en svensk kvinna som var i Fuengirola som turist har anm\u00e4lt att hon blivit v\u00e5ldtagen. Enligt kvinnan ska hon ha blivit drogad och f\u00f6rlorat medvetandet. N\u00e4r hon vaknade upp blev hon \u00f6verfallen och sexuellt utnyttjad av en fr\u00e4mling. Dagstidningen Diario SUR skriver p\u00e5 torsdagen att den svenska kvinnan [&hellip;]","og_url":"https:\/\/lightweb.dev\/l\/svm-temp\/nyheter\/svensk-turist-drogades-och-valdtogs-av-framling\/","og_site_name":"Svenska Magasinet","article_publisher":"https:\/\/www.facebook.com\/svenskamagasinet","article_published_time":"2018-03-07T23:00:00+00:00","og_image":[{"width":280,"height":211,"url":"https:\/\/lightweb.dev\/l\/svm-temp\/wp-content\/uploads\/2022\/06\/svensk-turist-drogades-och-valdtogs-av-framling.png","type":"image\/png"}],"author":"Redaktionen SvM","twitter_card":"summary_large_image","twitter_creator":"@SvenskaMagasine","twitter_site":"@SvenskaMagasine","schema":{"@context":"https:\/\/schema.org","@graph":[{"@type":"Article","@id":"https:\/\/lightweb.dev\/l\/svm-temp\/nyheter\/svensk-turist-drogades-och-valdtogs-av-framling\/#article","isPartOf":{"@id":"https:\/\/lightweb.dev\/l\/svm-temp\/nyheter\/svensk-turist-drogades-och-valdtogs-av-framling\/"},"author":{"name":"Redaktionen SvM","@id":"https:\/\/lightweb.dev\/l\/svm-temp\/#\/schema\/person\/206a3bda5b607b0c25e1749191e4d837"},"headline":"Svensk turist drogades och v\u00e5ldtogs av fr\u00e4mling","datePublished":"2018-03-07T23:00:00+00:00","mainEntityOfPage":{"@id":"https:\/\/lightweb.dev\/l\/svm-temp\/nyheter\/svensk-turist-drogades-och-valdtogs-av-framling\/"},"wordCount":342,"commentCount":0,"publisher":{"@id":"https:\/\/lightweb.dev\/l\/svm-temp\/#organization"},"image":{"@id":"https:\/\/lightweb.dev\/l\/svm-temp\/nyheter\/svensk-turist-drogades-och-valdtogs-av-framling\/#primaryimage"},"thumbnailUrl":"https:\/\/lightweb.dev\/l\/svm-temp\/wp-content\/uploads\/2022\/06\/svensk-turist-drogades-och-valdtogs-av-framling.png","articleSection":["Arkiv","Nyheter"],"inLanguage":"sv-SE"},{"@type":"WebPage","@id":"https:\/\/lightweb.dev\/l\/svm-temp\/nyheter\/svensk-turist-drogades-och-valdtogs-av-framling\/","url":"https:\/\/lightweb.dev\/l\/svm-temp\/nyheter\/svensk-turist-drogades-och-valdtogs-av-framling\/","name":"Svensk turist drogades och v\u00e5ldtogs av fr\u00e4mling - Svenska Magasinet","isPartOf":{"@id":"https:\/\/lightweb.dev\/l\/svm-temp\/#website"},"primaryImageOfPage":{"@id":"https:\/\/lightweb.dev\/l\/svm-temp\/nyheter\/svensk-turist-drogades-och-valdtogs-av-framling\/#primaryimage"},"image":{"@id":"https:\/\/lightweb.dev\/l\/svm-temp\/nyheter\/svensk-turist-drogades-och-valdtogs-av-framling\/#primaryimage"},"thumbnailUrl":"https:\/\/lightweb.dev\/l\/svm-temp\/wp-content\/uploads\/2022\/06\/svensk-turist-drogades-och-valdtogs-av-framling.png","datePublished":"2018-03-07T23:00:00+00:00","breadcrumb":{"@id":"https:\/\/lightweb.dev\/l\/svm-temp\/nyheter\/svensk-turist-drogades-och-valdtogs-av-framling\/#breadcrumb"},"inLanguage":"sv-SE","potentialAction":[{"@type":"ReadAction","target":["https:\/\/lightweb.dev\/l\/svm-temp\/nyheter\/svensk-turist-drogades-och-valdtogs-av-framling\/"]}]},{"@type":"ImageObject","inLanguage":"sv-SE","@id":"https:\/\/lightweb.dev\/l\/svm-temp\/nyheter\/svensk-turist-drogades-och-valdtogs-av-framling\/#primaryimage","url":"https:\/\/lightweb.dev\/l\/svm-temp\/wp-content\/uploads\/2022\/06\/svensk-turist-drogades-och-valdtogs-av-framling.png","contentUrl":"https:\/\/lightweb.dev\/l\/svm-temp\/wp-content\/uploads\/2022\/06\/svensk-turist-drogades-och-valdtogs-av-framling.png","width":280,"height":211},{"@type":"BreadcrumbList","@id":"https:\/\/lightweb.dev\/l\/svm-temp\/nyheter\/svensk-turist-drogades-och-valdtogs-av-framling\/#breadcrumb","itemListElement":[{"@type":"ListItem","position":1,"name":"Hem","item":"https:\/\/lightweb.dev\/l\/svm-temp\/"},{"@type":"ListItem","position":2,"name":"Svensk turist drogades och v\u00e5ldtogs av fr\u00e4mling"}]},{"@type":"WebSite","@id":"https:\/\/lightweb.dev\/l\/svm-temp\/#website","url":"https:\/\/lightweb.dev\/l\/svm-temp\/","name":"Svenska Magasinet","description":"Dina Spanska nyheter p&aring; Svenska","publisher":{"@id":"https:\/\/lightweb.dev\/l\/svm-temp\/#organization"},"potentialAction":[{"@type":"SearchAction","target":{"@type":"EntryPoint","urlTemplate":"https:\/\/lightweb.dev\/l\/svm-temp\/?s={search_term_string}"},"query-input":{"@type":"PropertyValueSpecification","valueRequired":true,"valueName":"search_term_string"}}],"inLanguage":"sv-SE"},{"@type":"Organization","@id":"https:\/\/lightweb.dev\/l\/svm-temp\/#organization","name":"Melkerson y Nott SL","alternateName":"Svenska Magasinet","url":"https:\/\/lightweb.dev\/l\/svm-temp\/","logo":{"@type":"ImageObject","inLanguage":"sv-SE","@id":"https:\/\/lightweb.dev\/l\/svm-temp\/#\/schema\/logo\/image\/","url":"https:\/\/lightweb.dev\/l\/svm-temp\/wp-content\/uploads\/2025\/02\/SvM-logo-Xtra-Centrerad-SVART.png","contentUrl":"https:\/\/lightweb.dev\/l\/svm-temp\/wp-content\/uploads\/2025\/02\/SvM-logo-Xtra-Centrerad-SVART.png","width":300,"height":99,"caption":"Melkerson y Nott SL"},"image":{"@id":"https:\/\/lightweb.dev\/l\/svm-temp\/#\/schema\/logo\/image\/"},"sameAs":["https:\/\/www.facebook.com\/svenskamagasinet","https:\/\/x.com\/SvenskaMagasine"]},{"@type":"Person","@id":"https:\/\/lightweb.dev\/l\/svm-temp\/#\/schema\/person\/206a3bda5b607b0c25e1749191e4d837","name":"Redaktionen SvM","description":"Redaktionen","sameAs":["https:\/\/lightweb.dev\/l\/svm-temp"],"url":"https:\/\/lightweb.dev\/l\/svm-temp\/reporter\/redaktionen\/"}]}},"_links":{"self":[{"href":"https:\/\/lightweb.dev\/l\/svm-temp\/wp-json\/wp\/v2\/posts\/18743","targetHints":{"allow":["GET"]}}],"collection":[{"href":"https:\/\/lightweb.dev\/l\/svm-temp\/wp-json\/wp\/v2\/posts"}],"about":[{"href":"https:\/\/lightweb.dev\/l\/svm-temp\/wp-json\/wp\/v2\/types\/post"}],"author":[{"embeddable":true,"href":"https:\/\/lightweb.dev\/l\/svm-temp\/wp-json\/wp\/v2\/users\/8"}],"replies":[{"embeddable":true,"href":"https:\/\/lightweb.dev\/l\/svm-temp\/wp-json\/wp\/v2\/comments?post=18743"}],"version-history":[{"count":0,"href":"https:\/\/lightweb.dev\/l\/svm-temp\/wp-json\/wp\/v2\/posts\/18743\/revisions"}],"wp:featuredmedia":[{"embeddable":true,"href":"https:\/\/lightweb.dev\/l\/svm-temp\/wp-json\/wp\/v2\/media\/18744"}],"wp:attachment":[{"href":"https:\/\/lightweb.dev\/l\/svm-temp\/wp-json\/wp\/v2\/media?parent=18743"}],"wp:term":[{"taxonomy":"category","embeddable":true,"href":"https:\/\/lightweb.dev\/l\/svm-temp\/wp-json\/wp\/v2\/categories?post=18743"},{"taxonomy":"post_tag","embeddable":true,"href":"https:\/\/lightweb.dev\/l\/svm-temp\/wp-json\/wp\/v2\/tags?post=18743"}],"curies":[{"name":"wp","href":"https:\/\/api.w.org\/{rel}","templated":true}]}}