{"id":18751,"date":"2018-03-07T00:00:00","date_gmt":"2018-03-06T23:00:00","guid":{"rendered":"https:\/\/lightweb.dev\/l\/svm-temp\/nyheter\/kopiosa-mangder-sno-i-sierra-nevada\/"},"modified":"2018-03-07T00:00:00","modified_gmt":"2018-03-06T23:00:00","slug":"kopiosa-mangder-sno-i-sierra-nevada","status":"publish","type":"post","link":"https:\/\/lightweb.dev\/l\/svm-temp\/nyheter\/kopiosa-mangder-sno-i-sierra-nevada\/","title":{"rendered":"Kopi\u00f6sa m\u00e4ngder sn\u00f6 i Sierra Nevada"},"content":{"rendered":"<p> Den sydspanska skidorten har under det senaste ov\u00e4dret beg\u00e5vats med m\u00e4ngder med sn\u00f6, \u00f6ver 50 personer sitter f\u00f6r n\u00e4rvarande insn\u00f6ade i ett vandrarhem.<\/p>\n<p>De som tittade p\u00e5 de lokala TV-nyheterna i morse kunde se ett sn\u00f6rikt inslag fr\u00e5n Sierra Nevada. De visade vandrarhemmet &#8221;Albergue Universitario de Sierra Nevada&#8221; som ligger p\u00e5 2.500 meters h\u00f6jd i n\u00e4rheten av Pe\u00f1ones de San Francisco. Det \u00e4r en \u00e4ldre byggnad som ligger tre kilometer fr\u00e5n sj\u00e4lva skidorten Pradollano. Sj\u00e4lva byggnaden \u00e4r mer eller mindre \u00f6versn\u00f6ad och bilarna utanf\u00f6r syns inte \u00f6verhuvudtaget. De f\u00f6rs\u00f6ker nu lokalisera bilarna f\u00f6r att de inte skall bli skadade n\u00e4r sn\u00f6n r\u00f6js bort. Det har kommit mellan 3 och 4 meter sn\u00f6 i det senaste sn\u00f6fallet, men det f\u00f6ruts\u00e4tts att v\u00e4gen till vandrarhemmet kommer att \u00f6ppnas under dagen.<\/p>\n<p>Enligt rapport inifr\u00e5n vandrarhemmet s\u00e5 har de det bra med tillr\u00e4ckligt med mat och gasol och beh\u00f6ver de handla s\u00e5 kan de ta skidorna ner till Pradollano. Barnen l\u00e4r vara glada och roar sig med att gr\u00e4va tunnlar.<br \/>\n V\u00e4gen till skidorten \u00e4r i nul\u00e4get \u00f6ppen f\u00f6r personbilar med sn\u00f6kedjor men \u00e4r st\u00e4ngd f\u00f6r lastbilar och bussar, detta kan dock \u00e4ndras under dagen. De kommande veckorna sp\u00e5s bli ett verkligt eldorado f\u00f6r den som tycker om sn\u00f6 och skid\u00e5kning.<br \/>\nBildtexter: B\u00e5da bilderna \u00e4r f\u00e4rska bilder fr\u00e5n Sierra Nevada.<\/p>\n","protected":false},"excerpt":{"rendered":"<p>Den sydspanska skidorten har under det senaste ov\u00e4dret beg\u00e5vats med m\u00e4ngder med sn\u00f6, \u00f6ver 50 personer sitter f\u00f6r n\u00e4rvarande insn\u00f6ade i ett vandrarhem. De som tittade p\u00e5 de lokala TV-nyheterna i morse kunde se ett sn\u00f6rikt inslag fr\u00e5n Sierra Nevada. De visade vandrarhemmet &#8221;Albergue Universitario de Sierra Nevada&#8221; som ligger p\u00e5 2.500 meters h\u00f6jd i [&hellip;]<\/p>\n","protected":false},"author":8,"featured_media":18752,"comment_status":"open","ping_status":"open","sticky":false,"template":"","format":"standard","meta":{"_et_pb_use_builder":"","_et_pb_old_content":"","_et_gb_content_width":"","footnotes":""},"categories":[395,3],"tags":[],"class_list":["post-18751","post","type-post","status-publish","format-standard","has-post-thumbnail","hentry","category-arkiv-nyheter","category-nyheter"],"yoast_head":"<!-- This site is optimized with the Yoast SEO Premium plugin v26.2 (Yoast SEO v28.2) - https:\/\/yoast.com\/product\/yoast-seo-premium-wordpress\/ -->\n<title>Kopi\u00f6sa m\u00e4ngder sn\u00f6 i Sierra Nevada - Svenska Magasinet<\/title>\n<meta name=\"robots\" content=\"noindex, follow, max-snippet:-1, max-image-preview:large, max-video-preview:-1\" \/>\n<meta property=\"og:locale\" content=\"sv_SE\" \/>\n<meta property=\"og:type\" content=\"article\" \/>\n<meta property=\"og:title\" content=\"Kopi\u00f6sa m\u00e4ngder sn\u00f6 i Sierra Nevada\" \/>\n<meta property=\"og:description\" content=\"Den sydspanska skidorten har under det senaste ov\u00e4dret beg\u00e5vats med m\u00e4ngder med sn\u00f6, \u00f6ver 50 personer sitter f\u00f6r n\u00e4rvarande insn\u00f6ade i ett vandrarhem. De som tittade p\u00e5 de lokala TV-nyheterna i morse kunde se ett sn\u00f6rikt inslag fr\u00e5n Sierra Nevada. De visade vandrarhemmet &#8221;Albergue Universitario de Sierra Nevada&#8221; som ligger p\u00e5 2.500 meters h\u00f6jd i [&hellip;]\" \/>\n<meta property=\"og:url\" content=\"https:\/\/lightweb.dev\/l\/svm-temp\/nyheter\/kopiosa-mangder-sno-i-sierra-nevada\/\" \/>\n<meta property=\"og:site_name\" content=\"Svenska Magasinet\" \/>\n<meta property=\"article:publisher\" content=\"https:\/\/www.facebook.com\/svenskamagasinet\" \/>\n<meta property=\"article:published_time\" content=\"2018-03-06T23:00:00+00:00\" \/>\n<meta property=\"og:image\" content=\"https:\/\/lightweb.dev\/l\/svm-temp\/wp-content\/uploads\/2022\/06\/kopiosa-mangder-sno-i-sierra-nevada.png\" \/>\n\t<meta property=\"og:image:width\" content=\"324\" \/>\n\t<meta property=\"og:image:height\" content=\"200\" \/>\n\t<meta property=\"og:image:type\" content=\"image\/png\" \/>\n<meta name=\"author\" content=\"Redaktionen SvM\" \/>\n<meta name=\"twitter:card\" content=\"summary_large_image\" \/>\n<meta name=\"twitter:creator\" content=\"@SvenskaMagasine\" \/>\n<meta name=\"twitter:site\" content=\"@SvenskaMagasine\" \/>\n<script type=\"application\/ld+json\" class=\"yoast-schema-graph\">{\"@context\":\"https:\\\/\\\/schema.org\",\"@graph\":[{\"@type\":\"Article\",\"@id\":\"https:\\\/\\\/lightweb.dev\\\/l\\\/svm-temp\\\/nyheter\\\/kopiosa-mangder-sno-i-sierra-nevada\\\/#article\",\"isPartOf\":{\"@id\":\"https:\\\/\\\/lightweb.dev\\\/l\\\/svm-temp\\\/nyheter\\\/kopiosa-mangder-sno-i-sierra-nevada\\\/\"},\"author\":{\"name\":\"Redaktionen SvM\",\"@id\":\"https:\\\/\\\/lightweb.dev\\\/l\\\/svm-temp\\\/#\\\/schema\\\/person\\\/206a3bda5b607b0c25e1749191e4d837\"},\"headline\":\"Kopi\u00f6sa m\u00e4ngder sn\u00f6 i Sierra Nevada\",\"datePublished\":\"2018-03-06T23:00:00+00:00\",\"mainEntityOfPage\":{\"@id\":\"https:\\\/\\\/lightweb.dev\\\/l\\\/svm-temp\\\/nyheter\\\/kopiosa-mangder-sno-i-sierra-nevada\\\/\"},\"wordCount\":262,\"commentCount\":0,\"publisher\":{\"@id\":\"https:\\\/\\\/lightweb.dev\\\/l\\\/svm-temp\\\/#organization\"},\"image\":{\"@id\":\"https:\\\/\\\/lightweb.dev\\\/l\\\/svm-temp\\\/nyheter\\\/kopiosa-mangder-sno-i-sierra-nevada\\\/#primaryimage\"},\"thumbnailUrl\":\"https:\\\/\\\/lightweb.dev\\\/l\\\/svm-temp\\\/wp-content\\\/uploads\\\/2022\\\/06\\\/kopiosa-mangder-sno-i-sierra-nevada.png\",\"articleSection\":[\"Arkiv\",\"Nyheter\"],\"inLanguage\":\"sv-SE\"},{\"@type\":\"WebPage\",\"@id\":\"https:\\\/\\\/lightweb.dev\\\/l\\\/svm-temp\\\/nyheter\\\/kopiosa-mangder-sno-i-sierra-nevada\\\/\",\"url\":\"https:\\\/\\\/lightweb.dev\\\/l\\\/svm-temp\\\/nyheter\\\/kopiosa-mangder-sno-i-sierra-nevada\\\/\",\"name\":\"Kopi\u00f6sa m\u00e4ngder sn\u00f6 i Sierra Nevada - Svenska Magasinet\",\"isPartOf\":{\"@id\":\"https:\\\/\\\/lightweb.dev\\\/l\\\/svm-temp\\\/#website\"},\"primaryImageOfPage\":{\"@id\":\"https:\\\/\\\/lightweb.dev\\\/l\\\/svm-temp\\\/nyheter\\\/kopiosa-mangder-sno-i-sierra-nevada\\\/#primaryimage\"},\"image\":{\"@id\":\"https:\\\/\\\/lightweb.dev\\\/l\\\/svm-temp\\\/nyheter\\\/kopiosa-mangder-sno-i-sierra-nevada\\\/#primaryimage\"},\"thumbnailUrl\":\"https:\\\/\\\/lightweb.dev\\\/l\\\/svm-temp\\\/wp-content\\\/uploads\\\/2022\\\/06\\\/kopiosa-mangder-sno-i-sierra-nevada.png\",\"datePublished\":\"2018-03-06T23:00:00+00:00\",\"breadcrumb\":{\"@id\":\"https:\\\/\\\/lightweb.dev\\\/l\\\/svm-temp\\\/nyheter\\\/kopiosa-mangder-sno-i-sierra-nevada\\\/#breadcrumb\"},\"inLanguage\":\"sv-SE\",\"potentialAction\":[{\"@type\":\"ReadAction\",\"target\":[\"https:\\\/\\\/lightweb.dev\\\/l\\\/svm-temp\\\/nyheter\\\/kopiosa-mangder-sno-i-sierra-nevada\\\/\"]}]},{\"@type\":\"ImageObject\",\"inLanguage\":\"sv-SE\",\"@id\":\"https:\\\/\\\/lightweb.dev\\\/l\\\/svm-temp\\\/nyheter\\\/kopiosa-mangder-sno-i-sierra-nevada\\\/#primaryimage\",\"url\":\"https:\\\/\\\/lightweb.dev\\\/l\\\/svm-temp\\\/wp-content\\\/uploads\\\/2022\\\/06\\\/kopiosa-mangder-sno-i-sierra-nevada.png\",\"contentUrl\":\"https:\\\/\\\/lightweb.dev\\\/l\\\/svm-temp\\\/wp-content\\\/uploads\\\/2022\\\/06\\\/kopiosa-mangder-sno-i-sierra-nevada.png\",\"width\":324,\"height\":200},{\"@type\":\"BreadcrumbList\",\"@id\":\"https:\\\/\\\/lightweb.dev\\\/l\\\/svm-temp\\\/nyheter\\\/kopiosa-mangder-sno-i-sierra-nevada\\\/#breadcrumb\",\"itemListElement\":[{\"@type\":\"ListItem\",\"position\":1,\"name\":\"Hem\",\"item\":\"https:\\\/\\\/lightweb.dev\\\/l\\\/svm-temp\\\/\"},{\"@type\":\"ListItem\",\"position\":2,\"name\":\"Kopi\u00f6sa m\u00e4ngder sn\u00f6 i Sierra Nevada\"}]},{\"@type\":\"WebSite\",\"@id\":\"https:\\\/\\\/lightweb.dev\\\/l\\\/svm-temp\\\/#website\",\"url\":\"https:\\\/\\\/lightweb.dev\\\/l\\\/svm-temp\\\/\",\"name\":\"Svenska Magasinet\",\"description\":\"Dina Spanska nyheter p&aring; Svenska\",\"publisher\":{\"@id\":\"https:\\\/\\\/lightweb.dev\\\/l\\\/svm-temp\\\/#organization\"},\"potentialAction\":[{\"@type\":\"SearchAction\",\"target\":{\"@type\":\"EntryPoint\",\"urlTemplate\":\"https:\\\/\\\/lightweb.dev\\\/l\\\/svm-temp\\\/?s={search_term_string}\"},\"query-input\":{\"@type\":\"PropertyValueSpecification\",\"valueRequired\":true,\"valueName\":\"search_term_string\"}}],\"inLanguage\":\"sv-SE\"},{\"@type\":\"Organization\",\"@id\":\"https:\\\/\\\/lightweb.dev\\\/l\\\/svm-temp\\\/#organization\",\"name\":\"Melkerson y Nott SL\",\"alternateName\":\"Svenska Magasinet\",\"url\":\"https:\\\/\\\/lightweb.dev\\\/l\\\/svm-temp\\\/\",\"logo\":{\"@type\":\"ImageObject\",\"inLanguage\":\"sv-SE\",\"@id\":\"https:\\\/\\\/lightweb.dev\\\/l\\\/svm-temp\\\/#\\\/schema\\\/logo\\\/image\\\/\",\"url\":\"https:\\\/\\\/lightweb.dev\\\/l\\\/svm-temp\\\/wp-content\\\/uploads\\\/2025\\\/02\\\/SvM-logo-Xtra-Centrerad-SVART.png\",\"contentUrl\":\"https:\\\/\\\/lightweb.dev\\\/l\\\/svm-temp\\\/wp-content\\\/uploads\\\/2025\\\/02\\\/SvM-logo-Xtra-Centrerad-SVART.png\",\"width\":300,\"height\":99,\"caption\":\"Melkerson y Nott SL\"},\"image\":{\"@id\":\"https:\\\/\\\/lightweb.dev\\\/l\\\/svm-temp\\\/#\\\/schema\\\/logo\\\/image\\\/\"},\"sameAs\":[\"https:\\\/\\\/www.facebook.com\\\/svenskamagasinet\",\"https:\\\/\\\/x.com\\\/SvenskaMagasine\"]},{\"@type\":\"Person\",\"@id\":\"https:\\\/\\\/lightweb.dev\\\/l\\\/svm-temp\\\/#\\\/schema\\\/person\\\/206a3bda5b607b0c25e1749191e4d837\",\"name\":\"Redaktionen SvM\",\"description\":\"Redaktionen\",\"sameAs\":[\"https:\\\/\\\/lightweb.dev\\\/l\\\/svm-temp\"],\"url\":\"https:\\\/\\\/lightweb.dev\\\/l\\\/svm-temp\\\/reporter\\\/redaktionen\\\/\"}]}<\/script>\n<!-- \/ Yoast SEO Premium plugin. -->","yoast_head_json":{"title":"Kopi\u00f6sa m\u00e4ngder sn\u00f6 i Sierra Nevada - Svenska Magasinet","robots":{"index":"noindex","follow":"follow","max-snippet":"max-snippet:-1","max-image-preview":"max-image-preview:large","max-video-preview":"max-video-preview:-1"},"og_locale":"sv_SE","og_type":"article","og_title":"Kopi\u00f6sa m\u00e4ngder sn\u00f6 i Sierra Nevada","og_description":"Den sydspanska skidorten har under det senaste ov\u00e4dret beg\u00e5vats med m\u00e4ngder med sn\u00f6, \u00f6ver 50 personer sitter f\u00f6r n\u00e4rvarande insn\u00f6ade i ett vandrarhem. De som tittade p\u00e5 de lokala TV-nyheterna i morse kunde se ett sn\u00f6rikt inslag fr\u00e5n Sierra Nevada. De visade vandrarhemmet &#8221;Albergue Universitario de Sierra Nevada&#8221; som ligger p\u00e5 2.500 meters h\u00f6jd i [&hellip;]","og_url":"https:\/\/lightweb.dev\/l\/svm-temp\/nyheter\/kopiosa-mangder-sno-i-sierra-nevada\/","og_site_name":"Svenska Magasinet","article_publisher":"https:\/\/www.facebook.com\/svenskamagasinet","article_published_time":"2018-03-06T23:00:00+00:00","og_image":[{"width":324,"height":200,"url":"https:\/\/lightweb.dev\/l\/svm-temp\/wp-content\/uploads\/2022\/06\/kopiosa-mangder-sno-i-sierra-nevada.png","type":"image\/png"}],"author":"Redaktionen SvM","twitter_card":"summary_large_image","twitter_creator":"@SvenskaMagasine","twitter_site":"@SvenskaMagasine","schema":{"@context":"https:\/\/schema.org","@graph":[{"@type":"Article","@id":"https:\/\/lightweb.dev\/l\/svm-temp\/nyheter\/kopiosa-mangder-sno-i-sierra-nevada\/#article","isPartOf":{"@id":"https:\/\/lightweb.dev\/l\/svm-temp\/nyheter\/kopiosa-mangder-sno-i-sierra-nevada\/"},"author":{"name":"Redaktionen SvM","@id":"https:\/\/lightweb.dev\/l\/svm-temp\/#\/schema\/person\/206a3bda5b607b0c25e1749191e4d837"},"headline":"Kopi\u00f6sa m\u00e4ngder sn\u00f6 i Sierra Nevada","datePublished":"2018-03-06T23:00:00+00:00","mainEntityOfPage":{"@id":"https:\/\/lightweb.dev\/l\/svm-temp\/nyheter\/kopiosa-mangder-sno-i-sierra-nevada\/"},"wordCount":262,"commentCount":0,"publisher":{"@id":"https:\/\/lightweb.dev\/l\/svm-temp\/#organization"},"image":{"@id":"https:\/\/lightweb.dev\/l\/svm-temp\/nyheter\/kopiosa-mangder-sno-i-sierra-nevada\/#primaryimage"},"thumbnailUrl":"https:\/\/lightweb.dev\/l\/svm-temp\/wp-content\/uploads\/2022\/06\/kopiosa-mangder-sno-i-sierra-nevada.png","articleSection":["Arkiv","Nyheter"],"inLanguage":"sv-SE"},{"@type":"WebPage","@id":"https:\/\/lightweb.dev\/l\/svm-temp\/nyheter\/kopiosa-mangder-sno-i-sierra-nevada\/","url":"https:\/\/lightweb.dev\/l\/svm-temp\/nyheter\/kopiosa-mangder-sno-i-sierra-nevada\/","name":"Kopi\u00f6sa m\u00e4ngder sn\u00f6 i Sierra Nevada - Svenska Magasinet","isPartOf":{"@id":"https:\/\/lightweb.dev\/l\/svm-temp\/#website"},"primaryImageOfPage":{"@id":"https:\/\/lightweb.dev\/l\/svm-temp\/nyheter\/kopiosa-mangder-sno-i-sierra-nevada\/#primaryimage"},"image":{"@id":"https:\/\/lightweb.dev\/l\/svm-temp\/nyheter\/kopiosa-mangder-sno-i-sierra-nevada\/#primaryimage"},"thumbnailUrl":"https:\/\/lightweb.dev\/l\/svm-temp\/wp-content\/uploads\/2022\/06\/kopiosa-mangder-sno-i-sierra-nevada.png","datePublished":"2018-03-06T23:00:00+00:00","breadcrumb":{"@id":"https:\/\/lightweb.dev\/l\/svm-temp\/nyheter\/kopiosa-mangder-sno-i-sierra-nevada\/#breadcrumb"},"inLanguage":"sv-SE","potentialAction":[{"@type":"ReadAction","target":["https:\/\/lightweb.dev\/l\/svm-temp\/nyheter\/kopiosa-mangder-sno-i-sierra-nevada\/"]}]},{"@type":"ImageObject","inLanguage":"sv-SE","@id":"https:\/\/lightweb.dev\/l\/svm-temp\/nyheter\/kopiosa-mangder-sno-i-sierra-nevada\/#primaryimage","url":"https:\/\/lightweb.dev\/l\/svm-temp\/wp-content\/uploads\/2022\/06\/kopiosa-mangder-sno-i-sierra-nevada.png","contentUrl":"https:\/\/lightweb.dev\/l\/svm-temp\/wp-content\/uploads\/2022\/06\/kopiosa-mangder-sno-i-sierra-nevada.png","width":324,"height":200},{"@type":"BreadcrumbList","@id":"https:\/\/lightweb.dev\/l\/svm-temp\/nyheter\/kopiosa-mangder-sno-i-sierra-nevada\/#breadcrumb","itemListElement":[{"@type":"ListItem","position":1,"name":"Hem","item":"https:\/\/lightweb.dev\/l\/svm-temp\/"},{"@type":"ListItem","position":2,"name":"Kopi\u00f6sa m\u00e4ngder sn\u00f6 i Sierra Nevada"}]},{"@type":"WebSite","@id":"https:\/\/lightweb.dev\/l\/svm-temp\/#website","url":"https:\/\/lightweb.dev\/l\/svm-temp\/","name":"Svenska Magasinet","description":"Dina Spanska nyheter p&aring; Svenska","publisher":{"@id":"https:\/\/lightweb.dev\/l\/svm-temp\/#organization"},"potentialAction":[{"@type":"SearchAction","target":{"@type":"EntryPoint","urlTemplate":"https:\/\/lightweb.dev\/l\/svm-temp\/?s={search_term_string}"},"query-input":{"@type":"PropertyValueSpecification","valueRequired":true,"valueName":"search_term_string"}}],"inLanguage":"sv-SE"},{"@type":"Organization","@id":"https:\/\/lightweb.dev\/l\/svm-temp\/#organization","name":"Melkerson y Nott SL","alternateName":"Svenska Magasinet","url":"https:\/\/lightweb.dev\/l\/svm-temp\/","logo":{"@type":"ImageObject","inLanguage":"sv-SE","@id":"https:\/\/lightweb.dev\/l\/svm-temp\/#\/schema\/logo\/image\/","url":"https:\/\/lightweb.dev\/l\/svm-temp\/wp-content\/uploads\/2025\/02\/SvM-logo-Xtra-Centrerad-SVART.png","contentUrl":"https:\/\/lightweb.dev\/l\/svm-temp\/wp-content\/uploads\/2025\/02\/SvM-logo-Xtra-Centrerad-SVART.png","width":300,"height":99,"caption":"Melkerson y Nott SL"},"image":{"@id":"https:\/\/lightweb.dev\/l\/svm-temp\/#\/schema\/logo\/image\/"},"sameAs":["https:\/\/www.facebook.com\/svenskamagasinet","https:\/\/x.com\/SvenskaMagasine"]},{"@type":"Person","@id":"https:\/\/lightweb.dev\/l\/svm-temp\/#\/schema\/person\/206a3bda5b607b0c25e1749191e4d837","name":"Redaktionen SvM","description":"Redaktionen","sameAs":["https:\/\/lightweb.dev\/l\/svm-temp"],"url":"https:\/\/lightweb.dev\/l\/svm-temp\/reporter\/redaktionen\/"}]}},"_links":{"self":[{"href":"https:\/\/lightweb.dev\/l\/svm-temp\/wp-json\/wp\/v2\/posts\/18751","targetHints":{"allow":["GET"]}}],"collection":[{"href":"https:\/\/lightweb.dev\/l\/svm-temp\/wp-json\/wp\/v2\/posts"}],"about":[{"href":"https:\/\/lightweb.dev\/l\/svm-temp\/wp-json\/wp\/v2\/types\/post"}],"author":[{"embeddable":true,"href":"https:\/\/lightweb.dev\/l\/svm-temp\/wp-json\/wp\/v2\/users\/8"}],"replies":[{"embeddable":true,"href":"https:\/\/lightweb.dev\/l\/svm-temp\/wp-json\/wp\/v2\/comments?post=18751"}],"version-history":[{"count":0,"href":"https:\/\/lightweb.dev\/l\/svm-temp\/wp-json\/wp\/v2\/posts\/18751\/revisions"}],"wp:featuredmedia":[{"embeddable":true,"href":"https:\/\/lightweb.dev\/l\/svm-temp\/wp-json\/wp\/v2\/media\/18752"}],"wp:attachment":[{"href":"https:\/\/lightweb.dev\/l\/svm-temp\/wp-json\/wp\/v2\/media?parent=18751"}],"wp:term":[{"taxonomy":"category","embeddable":true,"href":"https:\/\/lightweb.dev\/l\/svm-temp\/wp-json\/wp\/v2\/categories?post=18751"},{"taxonomy":"post_tag","embeddable":true,"href":"https:\/\/lightweb.dev\/l\/svm-temp\/wp-json\/wp\/v2\/tags?post=18751"}],"curies":[{"name":"wp","href":"https:\/\/api.w.org\/{rel}","templated":true}]}}