{"id":1881,"date":"2007-03-13T00:00:00","date_gmt":"2007-03-12T23:00:00","guid":{"rendered":"https:\/\/lightweb.dev\/l\/svm-temp\/spanien-just-nu-rekordvarme-i-sommar-spar-experter\/"},"modified":"2007-03-13T00:00:00","modified_gmt":"2007-03-12T23:00:00","slug":"spanien-just-nu-rekordvarme-i-sommar-spar-experter","status":"publish","type":"post","link":"https:\/\/lightweb.dev\/l\/svm-temp\/artiklar\/spanien-just-nu-rekordvarme-i-sommar-spar-experter\/","title":{"rendered":"Spanien just nu: Rekordv\u00e4rme i sommar sp\u00e5r experter"},"content":{"rendered":"<p> Klimatf\u00f6r\u00e4ndringarna kan komma att sl\u00e5 h\u00e5rt p\u00e5 Sydspanien visar rapporter. I framtiden kommer \u00e5rsnederb\u00f6rden att minska med 40 procent i s\u00f6dra Spanien. Samtidigt v\u00e4ntas stigande sommartemperaturer som orsakar missv\u00e4xt, torka och vattenransoneringar Av Ola Josefsson<\/p>\n<p>I en artikel i ansedda Financial Times ber\u00e4ttas det om storkarna som har slutat att flytta till norra Afrika eftersom de spanska vintrarna \u00e4r s\u00e5 milda. Tidningen skriver ocks\u00e5 att experter r\u00e4knar med att en tredjedel av den spanska arealen kommer att vara \u00f6ken om 50 \u00e5r.<br \/>\nDet \u00e4r syd\u00f6stra h\u00f6rnet av Spanien, fr\u00e5n Valencia via Murcia och Almeria bort mot M\u00e1laga, vilket r\u00e4knas som ett \u00f6kenspridningsomr\u00e5de i klass med utkanten av Sahara i Nordafrika.<\/p>\n<p>Under fjol\u00e5ret slogs flera v\u00e4rmerekord i vissa delar av Spanien som exempelvis Murcia och centrala Katalonien. Nu tror flera experter att medeltemperaturen forts\u00e4tter att \u00f6ka.<\/p>\n<p>2007 kommer att g\u00e5 till historien som ett av de varmaste \u00e5ren, kanske inte med de h\u00f6gsta noteringarna men sett \u00f6ver ett helt \u00e5r blir det varmare, enligt Spaniens motsvarighet till SMHI, Instituto Nacional de Meteorologia (INM). Efter otaliga analyser av insamlad statistik f\u00f6rutsp\u00e5r v\u00e4dertj\u00e4nsten att 2007 kan bli extremt. V\u00e4derfenomenet \u201dEl Ni\u00f1o\u201d l\u00e4r spela en huvudroll f\u00f6rsta halv\u00e5ret.<\/p>\n<p>Jos\u00e9 Antonio L\u00f3pez, \u00e4r chef f\u00f6r den klimatiska tekniska avdelningen vid INM. Han s\u00e4ger till den spanska nyhetsbyr\u00e5n Efe att de fem senaste \u00e5ren \u00e4r de varmaste under de senaste femton \u00e5ren. 2006 tillh\u00f6r det varmaste \u00e5ret. Med det vill han ha sagt att det har blivit varmare och hetare de senaste \u00e5ren.<br \/>\nLopez inst\u00e4mmer i det som professorn i meteorologi, Phil Jones, s\u00e4ger till den brittiska dagstidningen \u201dThe Independent\u201d, att \u00f6kningen kommer att forts\u00e4tta och g\u00f6ra att 2007 kan komma att bli det varmaste \u00e5ret n\u00e5gonsin i v\u00e4rldshistorien. Jos\u00e9 Antonio L\u00f3pez f\u00f6rklarar att dessa p\u00e5st\u00e5enden inte \u00e4r n\u00e5gra spekulationer, det handlar klimatf\u00f6r\u00e4ndringar d\u00e4r m\u00e4nniskan b\u00e4r skulden.<\/p>\n<p>Enligt Phil Jones kommer prognosen f\u00f6r 2007 att leda till extrema klimatf\u00f6rh\u00e5llanden i hela v\u00e4rlden som orsakar stor torka i Indonesien och \u00f6versv\u00e4mningar i Kalifornien. N\u00e4r det g\u00e4ller 2006 menar Lopez att det var ett ovanligt varmt \u00e5r. Flera zoner i Spanien registrerade sina h\u00f6gsta m\u00e4tningar n\u00e5gonsin som exempelvis Murcia och centrala Katalonien.<br \/>\nDen h\u00f6gsta medeltemperaturen p\u00e5 mer \u00e4n 100 \u00e5r registrerades vid ett observatorium i Retiro-parken mitt i centrala Madrid med en medeltemperatur p\u00e5 15,9 grader. Den \u00f6versteg den gamla noteringen fr\u00e5n 1995 med en tiondel.<\/p>\n<p>\u00c4ven i Tortosa (Tarragona) registrerades den \u00e5rliga h\u00f6gsta temperaturen sedan 1904 d\u00e5 man b\u00f6rjade f\u00f6ra statistik. Medeltemperatur under 2006 hamnade p\u00e5 18,5. \u00c4ven Zaragoza n\u00e5dde den h\u00f6gsta \u00e5rliga medeltemperaturen. N\u00e4r det g\u00e4ller \u00e5rsgenomsnittet i temperatur kom2006 p\u00e5 andra plats i Alicante och sj\u00e4tte plats i M\u00e1laga.<\/p>\n<p>Fram till nu har 2003 var det varmaste \u00e5ret sett till hela Spanien d\u00e5 landet drabbades av en intensiv och extremt l\u00e5ng v\u00e4rmeb\u00f6lja. Men 2006 hamnar inte l\u00e5ngt efter trots att avsaknaden har extrem v\u00e4rmeb\u00f6lja.<br \/>\nFebruari 2007 b\u00f6rjade med rekordv\u00e4rme i M\u00e1lagaprovinsen. Medeltemperaturen l\u00e5g under tv\u00e5 veckor \u00e5tta grader \u00f6ver genomsnittet sett under de senaste 30 \u00e5ren. Maxtemperaturen n\u00e5dde till exempel s\u00e5 h\u00f6gt som 25 grader i M\u00e1laga, vilket ska j\u00e4mf\u00f6ras med den genomsnittliga maxtemperaturen p\u00e5 17,5 grader under de senaste tre decennierna. <\/p>\n","protected":false},"excerpt":{"rendered":"<p>Klimatf\u00f6r\u00e4ndringarna kan komma att sl\u00e5 h\u00e5rt p\u00e5 Sydspanien visar rapporter. I framtiden kommer \u00e5rsnederb\u00f6rden att minska med 40 procent i s\u00f6dra Spanien. Samtidigt v\u00e4ntas stigande sommartemperaturer som orsakar missv\u00e4xt, torka och vattenransoneringar Av Ola Josefsson I en artikel i ansedda Financial Times ber\u00e4ttas det om storkarna som har slutat att flytta till norra Afrika eftersom [&hellip;]<\/p>\n","protected":false},"author":8,"featured_media":1882,"comment_status":"open","ping_status":"open","sticky":false,"template":"","format":"standard","meta":{"_et_pb_use_builder":"","_et_pb_old_content":"","_et_gb_content_width":"","footnotes":""},"categories":[4,36],"tags":[],"class_list":["post-1881","post","type-post","status-publish","format-standard","has-post-thumbnail","hentry","category-artiklar","category-spanien-just-nu"],"yoast_head":"<!-- This site is optimized with the Yoast SEO Premium plugin v26.2 (Yoast SEO v28.2) - https:\/\/yoast.com\/product\/yoast-seo-premium-wordpress\/ -->\n<title>Spanien just nu: Rekordv\u00e4rme i sommar sp\u00e5r experter - Svenska Magasinet<\/title>\n<meta name=\"robots\" content=\"noindex, follow, max-snippet:-1, max-image-preview:large, max-video-preview:-1\" \/>\n<meta property=\"og:locale\" content=\"sv_SE\" \/>\n<meta property=\"og:type\" content=\"article\" \/>\n<meta property=\"og:title\" content=\"Spanien just nu: Rekordv\u00e4rme i sommar sp\u00e5r experter\" \/>\n<meta property=\"og:description\" content=\"Klimatf\u00f6r\u00e4ndringarna kan komma att sl\u00e5 h\u00e5rt p\u00e5 Sydspanien visar rapporter. I framtiden kommer \u00e5rsnederb\u00f6rden att minska med 40 procent i s\u00f6dra Spanien. Samtidigt v\u00e4ntas stigande sommartemperaturer som orsakar missv\u00e4xt, torka och vattenransoneringar Av Ola Josefsson I en artikel i ansedda Financial Times ber\u00e4ttas det om storkarna som har slutat att flytta till norra Afrika eftersom [&hellip;]\" \/>\n<meta property=\"og:url\" content=\"https:\/\/lightweb.dev\/l\/svm-temp\/artiklar\/spanien-just-nu-rekordvarme-i-sommar-spar-experter\/\" \/>\n<meta property=\"og:site_name\" content=\"Svenska Magasinet\" \/>\n<meta property=\"article:publisher\" content=\"https:\/\/www.facebook.com\/svenskamagasinet\" \/>\n<meta property=\"article:published_time\" content=\"2007-03-12T23:00:00+00:00\" \/>\n<meta property=\"og:image\" content=\"https:\/\/lightweb.dev\/l\/svm-temp\/wp-content\/uploads\/2022\/04\/spanien-just-nu-rekordvrme-i-sommar-spr-experter.png\" \/>\n\t<meta property=\"og:image:width\" content=\"306\" \/>\n\t<meta property=\"og:image:height\" content=\"200\" \/>\n\t<meta property=\"og:image:type\" content=\"image\/png\" \/>\n<meta name=\"author\" content=\"Redaktionen SvM\" \/>\n<meta name=\"twitter:card\" content=\"summary_large_image\" \/>\n<meta name=\"twitter:creator\" content=\"@SvenskaMagasine\" \/>\n<meta name=\"twitter:site\" content=\"@SvenskaMagasine\" \/>\n<script type=\"application\/ld+json\" class=\"yoast-schema-graph\">{\"@context\":\"https:\\\/\\\/schema.org\",\"@graph\":[{\"@type\":\"Article\",\"@id\":\"https:\\\/\\\/lightweb.dev\\\/l\\\/svm-temp\\\/artiklar\\\/spanien-just-nu-rekordvarme-i-sommar-spar-experter\\\/#article\",\"isPartOf\":{\"@id\":\"https:\\\/\\\/lightweb.dev\\\/l\\\/svm-temp\\\/artiklar\\\/spanien-just-nu-rekordvarme-i-sommar-spar-experter\\\/\"},\"author\":{\"name\":\"Redaktionen SvM\",\"@id\":\"https:\\\/\\\/lightweb.dev\\\/l\\\/svm-temp\\\/#\\\/schema\\\/person\\\/206a3bda5b607b0c25e1749191e4d837\"},\"headline\":\"Spanien just nu: Rekordv\u00e4rme i sommar sp\u00e5r experter\",\"datePublished\":\"2007-03-12T23:00:00+00:00\",\"mainEntityOfPage\":{\"@id\":\"https:\\\/\\\/lightweb.dev\\\/l\\\/svm-temp\\\/artiklar\\\/spanien-just-nu-rekordvarme-i-sommar-spar-experter\\\/\"},\"wordCount\":592,\"commentCount\":0,\"publisher\":{\"@id\":\"https:\\\/\\\/lightweb.dev\\\/l\\\/svm-temp\\\/#organization\"},\"image\":{\"@id\":\"https:\\\/\\\/lightweb.dev\\\/l\\\/svm-temp\\\/artiklar\\\/spanien-just-nu-rekordvarme-i-sommar-spar-experter\\\/#primaryimage\"},\"thumbnailUrl\":\"https:\\\/\\\/lightweb.dev\\\/l\\\/svm-temp\\\/wp-content\\\/uploads\\\/2022\\\/04\\\/spanien-just-nu-rekordvrme-i-sommar-spr-experter.png\",\"articleSection\":[\"Artiklar\",\"Spanien just nu\"],\"inLanguage\":\"sv-SE\"},{\"@type\":\"WebPage\",\"@id\":\"https:\\\/\\\/lightweb.dev\\\/l\\\/svm-temp\\\/artiklar\\\/spanien-just-nu-rekordvarme-i-sommar-spar-experter\\\/\",\"url\":\"https:\\\/\\\/lightweb.dev\\\/l\\\/svm-temp\\\/artiklar\\\/spanien-just-nu-rekordvarme-i-sommar-spar-experter\\\/\",\"name\":\"Spanien just nu: Rekordv\u00e4rme i sommar sp\u00e5r experter - Svenska Magasinet\",\"isPartOf\":{\"@id\":\"https:\\\/\\\/lightweb.dev\\\/l\\\/svm-temp\\\/#website\"},\"primaryImageOfPage\":{\"@id\":\"https:\\\/\\\/lightweb.dev\\\/l\\\/svm-temp\\\/artiklar\\\/spanien-just-nu-rekordvarme-i-sommar-spar-experter\\\/#primaryimage\"},\"image\":{\"@id\":\"https:\\\/\\\/lightweb.dev\\\/l\\\/svm-temp\\\/artiklar\\\/spanien-just-nu-rekordvarme-i-sommar-spar-experter\\\/#primaryimage\"},\"thumbnailUrl\":\"https:\\\/\\\/lightweb.dev\\\/l\\\/svm-temp\\\/wp-content\\\/uploads\\\/2022\\\/04\\\/spanien-just-nu-rekordvrme-i-sommar-spr-experter.png\",\"datePublished\":\"2007-03-12T23:00:00+00:00\",\"breadcrumb\":{\"@id\":\"https:\\\/\\\/lightweb.dev\\\/l\\\/svm-temp\\\/artiklar\\\/spanien-just-nu-rekordvarme-i-sommar-spar-experter\\\/#breadcrumb\"},\"inLanguage\":\"sv-SE\",\"potentialAction\":[{\"@type\":\"ReadAction\",\"target\":[\"https:\\\/\\\/lightweb.dev\\\/l\\\/svm-temp\\\/artiklar\\\/spanien-just-nu-rekordvarme-i-sommar-spar-experter\\\/\"]}]},{\"@type\":\"ImageObject\",\"inLanguage\":\"sv-SE\",\"@id\":\"https:\\\/\\\/lightweb.dev\\\/l\\\/svm-temp\\\/artiklar\\\/spanien-just-nu-rekordvarme-i-sommar-spar-experter\\\/#primaryimage\",\"url\":\"https:\\\/\\\/lightweb.dev\\\/l\\\/svm-temp\\\/wp-content\\\/uploads\\\/2022\\\/04\\\/spanien-just-nu-rekordvrme-i-sommar-spr-experter.png\",\"contentUrl\":\"https:\\\/\\\/lightweb.dev\\\/l\\\/svm-temp\\\/wp-content\\\/uploads\\\/2022\\\/04\\\/spanien-just-nu-rekordvrme-i-sommar-spr-experter.png\",\"width\":306,\"height\":200},{\"@type\":\"BreadcrumbList\",\"@id\":\"https:\\\/\\\/lightweb.dev\\\/l\\\/svm-temp\\\/artiklar\\\/spanien-just-nu-rekordvarme-i-sommar-spar-experter\\\/#breadcrumb\",\"itemListElement\":[{\"@type\":\"ListItem\",\"position\":1,\"name\":\"Hem\",\"item\":\"https:\\\/\\\/lightweb.dev\\\/l\\\/svm-temp\\\/\"},{\"@type\":\"ListItem\",\"position\":2,\"name\":\"Spanien just nu: Rekordv\u00e4rme i sommar sp\u00e5r experter\"}]},{\"@type\":\"WebSite\",\"@id\":\"https:\\\/\\\/lightweb.dev\\\/l\\\/svm-temp\\\/#website\",\"url\":\"https:\\\/\\\/lightweb.dev\\\/l\\\/svm-temp\\\/\",\"name\":\"Svenska Magasinet\",\"description\":\"Dina Spanska nyheter p&aring; Svenska\",\"publisher\":{\"@id\":\"https:\\\/\\\/lightweb.dev\\\/l\\\/svm-temp\\\/#organization\"},\"potentialAction\":[{\"@type\":\"SearchAction\",\"target\":{\"@type\":\"EntryPoint\",\"urlTemplate\":\"https:\\\/\\\/lightweb.dev\\\/l\\\/svm-temp\\\/?s={search_term_string}\"},\"query-input\":{\"@type\":\"PropertyValueSpecification\",\"valueRequired\":true,\"valueName\":\"search_term_string\"}}],\"inLanguage\":\"sv-SE\"},{\"@type\":\"Organization\",\"@id\":\"https:\\\/\\\/lightweb.dev\\\/l\\\/svm-temp\\\/#organization\",\"name\":\"Melkerson y Nott SL\",\"alternateName\":\"Svenska Magasinet\",\"url\":\"https:\\\/\\\/lightweb.dev\\\/l\\\/svm-temp\\\/\",\"logo\":{\"@type\":\"ImageObject\",\"inLanguage\":\"sv-SE\",\"@id\":\"https:\\\/\\\/lightweb.dev\\\/l\\\/svm-temp\\\/#\\\/schema\\\/logo\\\/image\\\/\",\"url\":\"https:\\\/\\\/lightweb.dev\\\/l\\\/svm-temp\\\/wp-content\\\/uploads\\\/2025\\\/02\\\/SvM-logo-Xtra-Centrerad-SVART.png\",\"contentUrl\":\"https:\\\/\\\/lightweb.dev\\\/l\\\/svm-temp\\\/wp-content\\\/uploads\\\/2025\\\/02\\\/SvM-logo-Xtra-Centrerad-SVART.png\",\"width\":300,\"height\":99,\"caption\":\"Melkerson y Nott SL\"},\"image\":{\"@id\":\"https:\\\/\\\/lightweb.dev\\\/l\\\/svm-temp\\\/#\\\/schema\\\/logo\\\/image\\\/\"},\"sameAs\":[\"https:\\\/\\\/www.facebook.com\\\/svenskamagasinet\",\"https:\\\/\\\/x.com\\\/SvenskaMagasine\"]},{\"@type\":\"Person\",\"@id\":\"https:\\\/\\\/lightweb.dev\\\/l\\\/svm-temp\\\/#\\\/schema\\\/person\\\/206a3bda5b607b0c25e1749191e4d837\",\"name\":\"Redaktionen SvM\",\"description\":\"Redaktionen\",\"sameAs\":[\"https:\\\/\\\/lightweb.dev\\\/l\\\/svm-temp\"],\"url\":\"https:\\\/\\\/lightweb.dev\\\/l\\\/svm-temp\\\/reporter\\\/redaktionen\\\/\"}]}<\/script>\n<!-- \/ Yoast SEO Premium plugin. -->","yoast_head_json":{"title":"Spanien just nu: Rekordv\u00e4rme i sommar sp\u00e5r experter - Svenska Magasinet","robots":{"index":"noindex","follow":"follow","max-snippet":"max-snippet:-1","max-image-preview":"max-image-preview:large","max-video-preview":"max-video-preview:-1"},"og_locale":"sv_SE","og_type":"article","og_title":"Spanien just nu: Rekordv\u00e4rme i sommar sp\u00e5r experter","og_description":"Klimatf\u00f6r\u00e4ndringarna kan komma att sl\u00e5 h\u00e5rt p\u00e5 Sydspanien visar rapporter. I framtiden kommer \u00e5rsnederb\u00f6rden att minska med 40 procent i s\u00f6dra Spanien. Samtidigt v\u00e4ntas stigande sommartemperaturer som orsakar missv\u00e4xt, torka och vattenransoneringar Av Ola Josefsson I en artikel i ansedda Financial Times ber\u00e4ttas det om storkarna som har slutat att flytta till norra Afrika eftersom [&hellip;]","og_url":"https:\/\/lightweb.dev\/l\/svm-temp\/artiklar\/spanien-just-nu-rekordvarme-i-sommar-spar-experter\/","og_site_name":"Svenska Magasinet","article_publisher":"https:\/\/www.facebook.com\/svenskamagasinet","article_published_time":"2007-03-12T23:00:00+00:00","og_image":[{"width":306,"height":200,"url":"https:\/\/lightweb.dev\/l\/svm-temp\/wp-content\/uploads\/2022\/04\/spanien-just-nu-rekordvrme-i-sommar-spr-experter.png","type":"image\/png"}],"author":"Redaktionen SvM","twitter_card":"summary_large_image","twitter_creator":"@SvenskaMagasine","twitter_site":"@SvenskaMagasine","schema":{"@context":"https:\/\/schema.org","@graph":[{"@type":"Article","@id":"https:\/\/lightweb.dev\/l\/svm-temp\/artiklar\/spanien-just-nu-rekordvarme-i-sommar-spar-experter\/#article","isPartOf":{"@id":"https:\/\/lightweb.dev\/l\/svm-temp\/artiklar\/spanien-just-nu-rekordvarme-i-sommar-spar-experter\/"},"author":{"name":"Redaktionen SvM","@id":"https:\/\/lightweb.dev\/l\/svm-temp\/#\/schema\/person\/206a3bda5b607b0c25e1749191e4d837"},"headline":"Spanien just nu: Rekordv\u00e4rme i sommar sp\u00e5r experter","datePublished":"2007-03-12T23:00:00+00:00","mainEntityOfPage":{"@id":"https:\/\/lightweb.dev\/l\/svm-temp\/artiklar\/spanien-just-nu-rekordvarme-i-sommar-spar-experter\/"},"wordCount":592,"commentCount":0,"publisher":{"@id":"https:\/\/lightweb.dev\/l\/svm-temp\/#organization"},"image":{"@id":"https:\/\/lightweb.dev\/l\/svm-temp\/artiklar\/spanien-just-nu-rekordvarme-i-sommar-spar-experter\/#primaryimage"},"thumbnailUrl":"https:\/\/lightweb.dev\/l\/svm-temp\/wp-content\/uploads\/2022\/04\/spanien-just-nu-rekordvrme-i-sommar-spr-experter.png","articleSection":["Artiklar","Spanien just nu"],"inLanguage":"sv-SE"},{"@type":"WebPage","@id":"https:\/\/lightweb.dev\/l\/svm-temp\/artiklar\/spanien-just-nu-rekordvarme-i-sommar-spar-experter\/","url":"https:\/\/lightweb.dev\/l\/svm-temp\/artiklar\/spanien-just-nu-rekordvarme-i-sommar-spar-experter\/","name":"Spanien just nu: Rekordv\u00e4rme i sommar sp\u00e5r experter - Svenska Magasinet","isPartOf":{"@id":"https:\/\/lightweb.dev\/l\/svm-temp\/#website"},"primaryImageOfPage":{"@id":"https:\/\/lightweb.dev\/l\/svm-temp\/artiklar\/spanien-just-nu-rekordvarme-i-sommar-spar-experter\/#primaryimage"},"image":{"@id":"https:\/\/lightweb.dev\/l\/svm-temp\/artiklar\/spanien-just-nu-rekordvarme-i-sommar-spar-experter\/#primaryimage"},"thumbnailUrl":"https:\/\/lightweb.dev\/l\/svm-temp\/wp-content\/uploads\/2022\/04\/spanien-just-nu-rekordvrme-i-sommar-spr-experter.png","datePublished":"2007-03-12T23:00:00+00:00","breadcrumb":{"@id":"https:\/\/lightweb.dev\/l\/svm-temp\/artiklar\/spanien-just-nu-rekordvarme-i-sommar-spar-experter\/#breadcrumb"},"inLanguage":"sv-SE","potentialAction":[{"@type":"ReadAction","target":["https:\/\/lightweb.dev\/l\/svm-temp\/artiklar\/spanien-just-nu-rekordvarme-i-sommar-spar-experter\/"]}]},{"@type":"ImageObject","inLanguage":"sv-SE","@id":"https:\/\/lightweb.dev\/l\/svm-temp\/artiklar\/spanien-just-nu-rekordvarme-i-sommar-spar-experter\/#primaryimage","url":"https:\/\/lightweb.dev\/l\/svm-temp\/wp-content\/uploads\/2022\/04\/spanien-just-nu-rekordvrme-i-sommar-spr-experter.png","contentUrl":"https:\/\/lightweb.dev\/l\/svm-temp\/wp-content\/uploads\/2022\/04\/spanien-just-nu-rekordvrme-i-sommar-spr-experter.png","width":306,"height":200},{"@type":"BreadcrumbList","@id":"https:\/\/lightweb.dev\/l\/svm-temp\/artiklar\/spanien-just-nu-rekordvarme-i-sommar-spar-experter\/#breadcrumb","itemListElement":[{"@type":"ListItem","position":1,"name":"Hem","item":"https:\/\/lightweb.dev\/l\/svm-temp\/"},{"@type":"ListItem","position":2,"name":"Spanien just nu: Rekordv\u00e4rme i sommar sp\u00e5r experter"}]},{"@type":"WebSite","@id":"https:\/\/lightweb.dev\/l\/svm-temp\/#website","url":"https:\/\/lightweb.dev\/l\/svm-temp\/","name":"Svenska Magasinet","description":"Dina Spanska nyheter p&aring; Svenska","publisher":{"@id":"https:\/\/lightweb.dev\/l\/svm-temp\/#organization"},"potentialAction":[{"@type":"SearchAction","target":{"@type":"EntryPoint","urlTemplate":"https:\/\/lightweb.dev\/l\/svm-temp\/?s={search_term_string}"},"query-input":{"@type":"PropertyValueSpecification","valueRequired":true,"valueName":"search_term_string"}}],"inLanguage":"sv-SE"},{"@type":"Organization","@id":"https:\/\/lightweb.dev\/l\/svm-temp\/#organization","name":"Melkerson y Nott SL","alternateName":"Svenska Magasinet","url":"https:\/\/lightweb.dev\/l\/svm-temp\/","logo":{"@type":"ImageObject","inLanguage":"sv-SE","@id":"https:\/\/lightweb.dev\/l\/svm-temp\/#\/schema\/logo\/image\/","url":"https:\/\/lightweb.dev\/l\/svm-temp\/wp-content\/uploads\/2025\/02\/SvM-logo-Xtra-Centrerad-SVART.png","contentUrl":"https:\/\/lightweb.dev\/l\/svm-temp\/wp-content\/uploads\/2025\/02\/SvM-logo-Xtra-Centrerad-SVART.png","width":300,"height":99,"caption":"Melkerson y Nott SL"},"image":{"@id":"https:\/\/lightweb.dev\/l\/svm-temp\/#\/schema\/logo\/image\/"},"sameAs":["https:\/\/www.facebook.com\/svenskamagasinet","https:\/\/x.com\/SvenskaMagasine"]},{"@type":"Person","@id":"https:\/\/lightweb.dev\/l\/svm-temp\/#\/schema\/person\/206a3bda5b607b0c25e1749191e4d837","name":"Redaktionen SvM","description":"Redaktionen","sameAs":["https:\/\/lightweb.dev\/l\/svm-temp"],"url":"https:\/\/lightweb.dev\/l\/svm-temp\/reporter\/redaktionen\/"}]}},"_links":{"self":[{"href":"https:\/\/lightweb.dev\/l\/svm-temp\/wp-json\/wp\/v2\/posts\/1881","targetHints":{"allow":["GET"]}}],"collection":[{"href":"https:\/\/lightweb.dev\/l\/svm-temp\/wp-json\/wp\/v2\/posts"}],"about":[{"href":"https:\/\/lightweb.dev\/l\/svm-temp\/wp-json\/wp\/v2\/types\/post"}],"author":[{"embeddable":true,"href":"https:\/\/lightweb.dev\/l\/svm-temp\/wp-json\/wp\/v2\/users\/8"}],"replies":[{"embeddable":true,"href":"https:\/\/lightweb.dev\/l\/svm-temp\/wp-json\/wp\/v2\/comments?post=1881"}],"version-history":[{"count":0,"href":"https:\/\/lightweb.dev\/l\/svm-temp\/wp-json\/wp\/v2\/posts\/1881\/revisions"}],"wp:featuredmedia":[{"embeddable":true,"href":"https:\/\/lightweb.dev\/l\/svm-temp\/wp-json\/wp\/v2\/media\/1882"}],"wp:attachment":[{"href":"https:\/\/lightweb.dev\/l\/svm-temp\/wp-json\/wp\/v2\/media?parent=1881"}],"wp:term":[{"taxonomy":"category","embeddable":true,"href":"https:\/\/lightweb.dev\/l\/svm-temp\/wp-json\/wp\/v2\/categories?post=1881"},{"taxonomy":"post_tag","embeddable":true,"href":"https:\/\/lightweb.dev\/l\/svm-temp\/wp-json\/wp\/v2\/tags?post=1881"}],"curies":[{"name":"wp","href":"https:\/\/api.w.org\/{rel}","templated":true}]}}