{"id":1889,"date":"2007-02-13T00:00:00","date_gmt":"2007-02-12T23:00:00","guid":{"rendered":"https:\/\/lightweb.dev\/l\/svm-temp\/gudrun-vill-ersatta-kungen-med-en-prinsessa\/"},"modified":"2007-02-13T00:00:00","modified_gmt":"2007-02-12T23:00:00","slug":"gudrun-vill-ersatta-kungen-med-en-prinsessa","status":"publish","type":"post","link":"https:\/\/lightweb.dev\/l\/svm-temp\/artiklar\/gudrun-vill-ersatta-kungen-med-en-prinsessa\/","title":{"rendered":"Gudrun vill ers\u00e4tta Kungen med en Prinsessa"},"content":{"rendered":"<p> Bort med kungen och s\u00e4tt ditt Pippi L\u00e5ngstrump p\u00e5 svenska mynt &#8211; den uppmaningen kommer fr\u00e5n Gudrun Schyman i Republikanska f\u00f6reningen. Vad inte f\u00f6rre v\u00e4nsterpartiets ledare tycks veta \u00e4r att Pippi L\u00e5ngstrump \u00e4r prinsessa, hon vill bara byta bort en kunglighet mot en annan\u2026 Av Ola Josefsson<\/p>\n<p>Hillevi Larsson, riksdagsledamot (s), ordf\u00f6rande i republikanska f\u00f6reningen och dess styrelsdeledamot Gudrun Schyman vill ha bort alla kungligheter fr\u00e5n de svenska mynten. De riktar uppmaningen direkt till Riksbanken. Republikanska f\u00f6reningen \u00e4r partipolitisk obunden och verkar f\u00f6r inf\u00f6rande av republik.<br \/>\nF\u00f6reningen ser hellre Astrid Lingdren p\u00e5 ena sidan myntet och n\u00e5gon av hennes figurer t ex Pippi p\u00e5 baksidan.<\/p>\n<p>\u201dHoppade av\u2026\u201d<br \/>\nI en intervju i programmet Frukost med Ulf Ekegren p\u00e5 Kustradion 105 p\u00e5 Costa del Sol h\u00e4vdar Gudrun Schyman att Pippi L\u00e5ngstrump inte \u00e4r Prinsessa!<br \/>\n-Hon \u00e5tog sig aldrig det, hon hoppade av det f\u00e5r man v\u00e4l \u00e4nd\u00e5 s\u00e4ga\u2026, s\u00e4ger Gudrun vars m\u00e5l \u00e4r att avskaffa det Svenska Kungahuset med dess Kung, Drottning, Prins och Prinsessor\u2026 Negerkung<br \/>\nEnligt Astrid Lindgrens barnbok \u201dPippi h\u00e5ller kalas\u201d som Svenska Magasinet har lusl\u00e4st framkommer det att Pippis Pappa \u00e4r negerkung \u00f6ver Kurrekurredutterna p\u00e5 Kurrekurredutt\u00f6n. I boken utropar Pippi med stor gl\u00e4dje:<br \/>\n-Hurra! D\u00e5 blir jag ju Prinsessa\u201d.<br \/>\nI barnboken \u201dPippi flyttar in\u201d s\u00e4ger Pippi: \u201dHan \u00e4r en negerkung, min pappa\u201d. Uppgifter som har g\u00e5tt Gudrun Schyman obem\u00e4rkt f\u00f6rbi.<\/p>\n<p>Opinionsbildning<br \/>\n-Vi samlar m\u00e4nniskor f\u00f6r opinionsbildning omkring statsskicket i Sverige . Vi tycker inte att ett modernt land ska ha monarki, vi tycker att det rimmar illa med de demokratiska v\u00e4rderingarna. Det \u00e4r fel n\u00e4r positioner och poster g\u00e5r i arv, s\u00e4ger Gudrun Schyman.<br \/>\nEtt led i hur monarkin tar sig i uttryck \u00e4r att kungen finns med p\u00e5 kronan, vilket inte Republikanska f\u00f6reningen tycker \u00e4r n\u00f6dv\u00e4ndigt. Det finns m\u00e5nga andra m\u00e4nniskor inom vetenskap och forskning som har betytt mycket f\u00f6r utvecklingen som kunde vara med p\u00e5 mynten eller inom litteratur och kultur i bred bem\u00e4rkelse.<\/p>\n<p>\u201dSelman\u201d<br \/>\nI Kustradion 105 utdelar Gudrun Schyman en k\u00e4nga \u00e5t Nobelkommitt\u00e9n:<br \/>\n-Hon borde f\u00e5tt Nobelpriset f\u00f6r l\u00e4nge sedan, om det inte var barnlitteratur som hon h\u00f6ll p\u00e5 med\u2026<br \/>\nN\u00e4r Gudrun Schyman f\u00e5r fr\u00e5gan om hur realistiskt det \u00e4r med att ha Pippi p\u00e5 svenska mynt, tvekar hon.<br \/>\n-Vi har gjort det h\u00e4r uttalandet mest f\u00f6r att v\u00e4cka debatt i fr\u00e5gan. Men vi har ju tagit steget fr\u00e5n att bara ha kungligheter p\u00e5 sedlar. P\u00e5 20-sedlarna har vi ju exempelvis Selma Lagerl\u00f6f. Det har ju blivit v\u00e4ldigt popul\u00e4rt, den kallas ju f\u00f6r Selman, den h\u00e4r sedeln\u2026<\/p>\n","protected":false},"excerpt":{"rendered":"<p>Bort med kungen och s\u00e4tt ditt Pippi L\u00e5ngstrump p\u00e5 svenska mynt &#8211; den uppmaningen kommer fr\u00e5n Gudrun Schyman i Republikanska f\u00f6reningen. Vad inte f\u00f6rre v\u00e4nsterpartiets ledare tycks veta \u00e4r att Pippi L\u00e5ngstrump \u00e4r prinsessa, hon vill bara byta bort en kunglighet mot en annan\u2026 Av Ola Josefsson Hillevi Larsson, riksdagsledamot (s), ordf\u00f6rande i republikanska f\u00f6reningen [&hellip;]<\/p>\n","protected":false},"author":8,"featured_media":1890,"comment_status":"open","ping_status":"open","sticky":false,"template":"","format":"standard","meta":{"_et_pb_use_builder":"","_et_pb_old_content":"","_et_gb_content_width":"","footnotes":""},"categories":[396,4],"tags":[],"class_list":["post-1889","post","type-post","status-publish","format-standard","has-post-thumbnail","hentry","category-arkiv-artiklar","category-artiklar"],"yoast_head":"<!-- This site is optimized with the Yoast SEO Premium plugin v26.2 (Yoast SEO v27.4) - https:\/\/yoast.com\/product\/yoast-seo-premium-wordpress\/ -->\n<title>Gudrun vill ers\u00e4tta Kungen med en Prinsessa - Svenska Magasinet<\/title>\n<meta name=\"robots\" content=\"noindex, follow, max-snippet:-1, max-image-preview:large, max-video-preview:-1\" \/>\n<meta property=\"og:locale\" content=\"sv_SE\" \/>\n<meta property=\"og:type\" content=\"article\" \/>\n<meta property=\"og:title\" content=\"Gudrun vill ers\u00e4tta Kungen med en Prinsessa\" \/>\n<meta property=\"og:description\" content=\"Bort med kungen och s\u00e4tt ditt Pippi L\u00e5ngstrump p\u00e5 svenska mynt &#8211; den uppmaningen kommer fr\u00e5n Gudrun Schyman i Republikanska f\u00f6reningen. Vad inte f\u00f6rre v\u00e4nsterpartiets ledare tycks veta \u00e4r att Pippi L\u00e5ngstrump \u00e4r prinsessa, hon vill bara byta bort en kunglighet mot en annan\u2026 Av Ola Josefsson Hillevi Larsson, riksdagsledamot (s), ordf\u00f6rande i republikanska f\u00f6reningen [&hellip;]\" \/>\n<meta property=\"og:url\" content=\"https:\/\/lightweb.dev\/l\/svm-temp\/artiklar\/gudrun-vill-ersatta-kungen-med-en-prinsessa\/\" \/>\n<meta property=\"og:site_name\" content=\"Svenska Magasinet\" \/>\n<meta property=\"article:publisher\" content=\"https:\/\/www.facebook.com\/svenskamagasinet\" \/>\n<meta property=\"article:published_time\" content=\"2007-02-12T23:00:00+00:00\" \/>\n<meta property=\"og:image\" content=\"https:\/\/lightweb.dev\/l\/svm-temp\/wp-content\/uploads\/2022\/04\/gudrun-vill-erstta-kungen-med-en-prinsessa.png\" \/>\n\t<meta property=\"og:image:width\" content=\"280\" \/>\n\t<meta property=\"og:image:height\" content=\"268\" \/>\n\t<meta property=\"og:image:type\" content=\"image\/png\" \/>\n<meta name=\"author\" content=\"Redaktionen SvM\" \/>\n<meta name=\"twitter:card\" content=\"summary_large_image\" \/>\n<meta name=\"twitter:creator\" content=\"@SvenskaMagasine\" \/>\n<meta name=\"twitter:site\" content=\"@SvenskaMagasine\" \/>\n<script type=\"application\/ld+json\" class=\"yoast-schema-graph\">{\"@context\":\"https:\\\/\\\/schema.org\",\"@graph\":[{\"@type\":\"Article\",\"@id\":\"https:\\\/\\\/lightweb.dev\\\/l\\\/svm-temp\\\/artiklar\\\/gudrun-vill-ersatta-kungen-med-en-prinsessa\\\/#article\",\"isPartOf\":{\"@id\":\"https:\\\/\\\/lightweb.dev\\\/l\\\/svm-temp\\\/artiklar\\\/gudrun-vill-ersatta-kungen-med-en-prinsessa\\\/\"},\"author\":{\"name\":\"Redaktionen SvM\",\"@id\":\"https:\\\/\\\/lightweb.dev\\\/l\\\/svm-temp\\\/#\\\/schema\\\/person\\\/206a3bda5b607b0c25e1749191e4d837\"},\"headline\":\"Gudrun vill ers\u00e4tta Kungen med en Prinsessa\",\"datePublished\":\"2007-02-12T23:00:00+00:00\",\"mainEntityOfPage\":{\"@id\":\"https:\\\/\\\/lightweb.dev\\\/l\\\/svm-temp\\\/artiklar\\\/gudrun-vill-ersatta-kungen-med-en-prinsessa\\\/\"},\"wordCount\":479,\"commentCount\":0,\"publisher\":{\"@id\":\"https:\\\/\\\/lightweb.dev\\\/l\\\/svm-temp\\\/#organization\"},\"image\":{\"@id\":\"https:\\\/\\\/lightweb.dev\\\/l\\\/svm-temp\\\/artiklar\\\/gudrun-vill-ersatta-kungen-med-en-prinsessa\\\/#primaryimage\"},\"thumbnailUrl\":\"https:\\\/\\\/lightweb.dev\\\/l\\\/svm-temp\\\/wp-content\\\/uploads\\\/2022\\\/04\\\/gudrun-vill-erstta-kungen-med-en-prinsessa.png\",\"articleSection\":[\"Arkiv\",\"Artiklar\"],\"inLanguage\":\"sv-SE\"},{\"@type\":\"WebPage\",\"@id\":\"https:\\\/\\\/lightweb.dev\\\/l\\\/svm-temp\\\/artiklar\\\/gudrun-vill-ersatta-kungen-med-en-prinsessa\\\/\",\"url\":\"https:\\\/\\\/lightweb.dev\\\/l\\\/svm-temp\\\/artiklar\\\/gudrun-vill-ersatta-kungen-med-en-prinsessa\\\/\",\"name\":\"Gudrun vill ers\u00e4tta Kungen med en Prinsessa - Svenska Magasinet\",\"isPartOf\":{\"@id\":\"https:\\\/\\\/lightweb.dev\\\/l\\\/svm-temp\\\/#website\"},\"primaryImageOfPage\":{\"@id\":\"https:\\\/\\\/lightweb.dev\\\/l\\\/svm-temp\\\/artiklar\\\/gudrun-vill-ersatta-kungen-med-en-prinsessa\\\/#primaryimage\"},\"image\":{\"@id\":\"https:\\\/\\\/lightweb.dev\\\/l\\\/svm-temp\\\/artiklar\\\/gudrun-vill-ersatta-kungen-med-en-prinsessa\\\/#primaryimage\"},\"thumbnailUrl\":\"https:\\\/\\\/lightweb.dev\\\/l\\\/svm-temp\\\/wp-content\\\/uploads\\\/2022\\\/04\\\/gudrun-vill-erstta-kungen-med-en-prinsessa.png\",\"datePublished\":\"2007-02-12T23:00:00+00:00\",\"breadcrumb\":{\"@id\":\"https:\\\/\\\/lightweb.dev\\\/l\\\/svm-temp\\\/artiklar\\\/gudrun-vill-ersatta-kungen-med-en-prinsessa\\\/#breadcrumb\"},\"inLanguage\":\"sv-SE\",\"potentialAction\":[{\"@type\":\"ReadAction\",\"target\":[\"https:\\\/\\\/lightweb.dev\\\/l\\\/svm-temp\\\/artiklar\\\/gudrun-vill-ersatta-kungen-med-en-prinsessa\\\/\"]}]},{\"@type\":\"ImageObject\",\"inLanguage\":\"sv-SE\",\"@id\":\"https:\\\/\\\/lightweb.dev\\\/l\\\/svm-temp\\\/artiklar\\\/gudrun-vill-ersatta-kungen-med-en-prinsessa\\\/#primaryimage\",\"url\":\"https:\\\/\\\/lightweb.dev\\\/l\\\/svm-temp\\\/wp-content\\\/uploads\\\/2022\\\/04\\\/gudrun-vill-erstta-kungen-med-en-prinsessa.png\",\"contentUrl\":\"https:\\\/\\\/lightweb.dev\\\/l\\\/svm-temp\\\/wp-content\\\/uploads\\\/2022\\\/04\\\/gudrun-vill-erstta-kungen-med-en-prinsessa.png\",\"width\":280,\"height\":268},{\"@type\":\"BreadcrumbList\",\"@id\":\"https:\\\/\\\/lightweb.dev\\\/l\\\/svm-temp\\\/artiklar\\\/gudrun-vill-ersatta-kungen-med-en-prinsessa\\\/#breadcrumb\",\"itemListElement\":[{\"@type\":\"ListItem\",\"position\":1,\"name\":\"Hem\",\"item\":\"https:\\\/\\\/lightweb.dev\\\/l\\\/svm-temp\\\/\"},{\"@type\":\"ListItem\",\"position\":2,\"name\":\"Gudrun vill ers\u00e4tta Kungen med en Prinsessa\"}]},{\"@type\":\"WebSite\",\"@id\":\"https:\\\/\\\/lightweb.dev\\\/l\\\/svm-temp\\\/#website\",\"url\":\"https:\\\/\\\/lightweb.dev\\\/l\\\/svm-temp\\\/\",\"name\":\"Svenska Magasinet\",\"description\":\"Dina Spanska nyheter p&aring; Svenska\",\"publisher\":{\"@id\":\"https:\\\/\\\/lightweb.dev\\\/l\\\/svm-temp\\\/#organization\"},\"potentialAction\":[{\"@type\":\"SearchAction\",\"target\":{\"@type\":\"EntryPoint\",\"urlTemplate\":\"https:\\\/\\\/lightweb.dev\\\/l\\\/svm-temp\\\/?s={search_term_string}\"},\"query-input\":{\"@type\":\"PropertyValueSpecification\",\"valueRequired\":true,\"valueName\":\"search_term_string\"}}],\"inLanguage\":\"sv-SE\"},{\"@type\":\"Organization\",\"@id\":\"https:\\\/\\\/lightweb.dev\\\/l\\\/svm-temp\\\/#organization\",\"name\":\"Melkerson y Nott SL\",\"alternateName\":\"Svenska Magasinet\",\"url\":\"https:\\\/\\\/lightweb.dev\\\/l\\\/svm-temp\\\/\",\"logo\":{\"@type\":\"ImageObject\",\"inLanguage\":\"sv-SE\",\"@id\":\"https:\\\/\\\/lightweb.dev\\\/l\\\/svm-temp\\\/#\\\/schema\\\/logo\\\/image\\\/\",\"url\":\"https:\\\/\\\/lightweb.dev\\\/l\\\/svm-temp\\\/wp-content\\\/uploads\\\/2025\\\/02\\\/SvM-logo-Xtra-Centrerad-SVART.png\",\"contentUrl\":\"https:\\\/\\\/lightweb.dev\\\/l\\\/svm-temp\\\/wp-content\\\/uploads\\\/2025\\\/02\\\/SvM-logo-Xtra-Centrerad-SVART.png\",\"width\":300,\"height\":99,\"caption\":\"Melkerson y Nott SL\"},\"image\":{\"@id\":\"https:\\\/\\\/lightweb.dev\\\/l\\\/svm-temp\\\/#\\\/schema\\\/logo\\\/image\\\/\"},\"sameAs\":[\"https:\\\/\\\/www.facebook.com\\\/svenskamagasinet\",\"https:\\\/\\\/x.com\\\/SvenskaMagasine\"]},{\"@type\":\"Person\",\"@id\":\"https:\\\/\\\/lightweb.dev\\\/l\\\/svm-temp\\\/#\\\/schema\\\/person\\\/206a3bda5b607b0c25e1749191e4d837\",\"name\":\"Redaktionen SvM\",\"description\":\"Redaktionen\",\"sameAs\":[\"https:\\\/\\\/lightweb.dev\\\/l\\\/svm-temp\"],\"url\":\"https:\\\/\\\/lightweb.dev\\\/l\\\/svm-temp\\\/reporter\\\/redaktionen\\\/\"}]}<\/script>\n<!-- \/ Yoast SEO Premium plugin. -->","yoast_head_json":{"title":"Gudrun vill ers\u00e4tta Kungen med en Prinsessa - Svenska Magasinet","robots":{"index":"noindex","follow":"follow","max-snippet":"max-snippet:-1","max-image-preview":"max-image-preview:large","max-video-preview":"max-video-preview:-1"},"og_locale":"sv_SE","og_type":"article","og_title":"Gudrun vill ers\u00e4tta Kungen med en Prinsessa","og_description":"Bort med kungen och s\u00e4tt ditt Pippi L\u00e5ngstrump p\u00e5 svenska mynt &#8211; den uppmaningen kommer fr\u00e5n Gudrun Schyman i Republikanska f\u00f6reningen. Vad inte f\u00f6rre v\u00e4nsterpartiets ledare tycks veta \u00e4r att Pippi L\u00e5ngstrump \u00e4r prinsessa, hon vill bara byta bort en kunglighet mot en annan\u2026 Av Ola Josefsson Hillevi Larsson, riksdagsledamot (s), ordf\u00f6rande i republikanska f\u00f6reningen [&hellip;]","og_url":"https:\/\/lightweb.dev\/l\/svm-temp\/artiklar\/gudrun-vill-ersatta-kungen-med-en-prinsessa\/","og_site_name":"Svenska Magasinet","article_publisher":"https:\/\/www.facebook.com\/svenskamagasinet","article_published_time":"2007-02-12T23:00:00+00:00","og_image":[{"width":280,"height":268,"url":"https:\/\/lightweb.dev\/l\/svm-temp\/wp-content\/uploads\/2022\/04\/gudrun-vill-erstta-kungen-med-en-prinsessa.png","type":"image\/png"}],"author":"Redaktionen SvM","twitter_card":"summary_large_image","twitter_creator":"@SvenskaMagasine","twitter_site":"@SvenskaMagasine","schema":{"@context":"https:\/\/schema.org","@graph":[{"@type":"Article","@id":"https:\/\/lightweb.dev\/l\/svm-temp\/artiklar\/gudrun-vill-ersatta-kungen-med-en-prinsessa\/#article","isPartOf":{"@id":"https:\/\/lightweb.dev\/l\/svm-temp\/artiklar\/gudrun-vill-ersatta-kungen-med-en-prinsessa\/"},"author":{"name":"Redaktionen SvM","@id":"https:\/\/lightweb.dev\/l\/svm-temp\/#\/schema\/person\/206a3bda5b607b0c25e1749191e4d837"},"headline":"Gudrun vill ers\u00e4tta Kungen med en Prinsessa","datePublished":"2007-02-12T23:00:00+00:00","mainEntityOfPage":{"@id":"https:\/\/lightweb.dev\/l\/svm-temp\/artiklar\/gudrun-vill-ersatta-kungen-med-en-prinsessa\/"},"wordCount":479,"commentCount":0,"publisher":{"@id":"https:\/\/lightweb.dev\/l\/svm-temp\/#organization"},"image":{"@id":"https:\/\/lightweb.dev\/l\/svm-temp\/artiklar\/gudrun-vill-ersatta-kungen-med-en-prinsessa\/#primaryimage"},"thumbnailUrl":"https:\/\/lightweb.dev\/l\/svm-temp\/wp-content\/uploads\/2022\/04\/gudrun-vill-erstta-kungen-med-en-prinsessa.png","articleSection":["Arkiv","Artiklar"],"inLanguage":"sv-SE"},{"@type":"WebPage","@id":"https:\/\/lightweb.dev\/l\/svm-temp\/artiklar\/gudrun-vill-ersatta-kungen-med-en-prinsessa\/","url":"https:\/\/lightweb.dev\/l\/svm-temp\/artiklar\/gudrun-vill-ersatta-kungen-med-en-prinsessa\/","name":"Gudrun vill ers\u00e4tta Kungen med en Prinsessa - Svenska Magasinet","isPartOf":{"@id":"https:\/\/lightweb.dev\/l\/svm-temp\/#website"},"primaryImageOfPage":{"@id":"https:\/\/lightweb.dev\/l\/svm-temp\/artiklar\/gudrun-vill-ersatta-kungen-med-en-prinsessa\/#primaryimage"},"image":{"@id":"https:\/\/lightweb.dev\/l\/svm-temp\/artiklar\/gudrun-vill-ersatta-kungen-med-en-prinsessa\/#primaryimage"},"thumbnailUrl":"https:\/\/lightweb.dev\/l\/svm-temp\/wp-content\/uploads\/2022\/04\/gudrun-vill-erstta-kungen-med-en-prinsessa.png","datePublished":"2007-02-12T23:00:00+00:00","breadcrumb":{"@id":"https:\/\/lightweb.dev\/l\/svm-temp\/artiklar\/gudrun-vill-ersatta-kungen-med-en-prinsessa\/#breadcrumb"},"inLanguage":"sv-SE","potentialAction":[{"@type":"ReadAction","target":["https:\/\/lightweb.dev\/l\/svm-temp\/artiklar\/gudrun-vill-ersatta-kungen-med-en-prinsessa\/"]}]},{"@type":"ImageObject","inLanguage":"sv-SE","@id":"https:\/\/lightweb.dev\/l\/svm-temp\/artiklar\/gudrun-vill-ersatta-kungen-med-en-prinsessa\/#primaryimage","url":"https:\/\/lightweb.dev\/l\/svm-temp\/wp-content\/uploads\/2022\/04\/gudrun-vill-erstta-kungen-med-en-prinsessa.png","contentUrl":"https:\/\/lightweb.dev\/l\/svm-temp\/wp-content\/uploads\/2022\/04\/gudrun-vill-erstta-kungen-med-en-prinsessa.png","width":280,"height":268},{"@type":"BreadcrumbList","@id":"https:\/\/lightweb.dev\/l\/svm-temp\/artiklar\/gudrun-vill-ersatta-kungen-med-en-prinsessa\/#breadcrumb","itemListElement":[{"@type":"ListItem","position":1,"name":"Hem","item":"https:\/\/lightweb.dev\/l\/svm-temp\/"},{"@type":"ListItem","position":2,"name":"Gudrun vill ers\u00e4tta Kungen med en Prinsessa"}]},{"@type":"WebSite","@id":"https:\/\/lightweb.dev\/l\/svm-temp\/#website","url":"https:\/\/lightweb.dev\/l\/svm-temp\/","name":"Svenska Magasinet","description":"Dina Spanska nyheter p&aring; Svenska","publisher":{"@id":"https:\/\/lightweb.dev\/l\/svm-temp\/#organization"},"potentialAction":[{"@type":"SearchAction","target":{"@type":"EntryPoint","urlTemplate":"https:\/\/lightweb.dev\/l\/svm-temp\/?s={search_term_string}"},"query-input":{"@type":"PropertyValueSpecification","valueRequired":true,"valueName":"search_term_string"}}],"inLanguage":"sv-SE"},{"@type":"Organization","@id":"https:\/\/lightweb.dev\/l\/svm-temp\/#organization","name":"Melkerson y Nott SL","alternateName":"Svenska Magasinet","url":"https:\/\/lightweb.dev\/l\/svm-temp\/","logo":{"@type":"ImageObject","inLanguage":"sv-SE","@id":"https:\/\/lightweb.dev\/l\/svm-temp\/#\/schema\/logo\/image\/","url":"https:\/\/lightweb.dev\/l\/svm-temp\/wp-content\/uploads\/2025\/02\/SvM-logo-Xtra-Centrerad-SVART.png","contentUrl":"https:\/\/lightweb.dev\/l\/svm-temp\/wp-content\/uploads\/2025\/02\/SvM-logo-Xtra-Centrerad-SVART.png","width":300,"height":99,"caption":"Melkerson y Nott SL"},"image":{"@id":"https:\/\/lightweb.dev\/l\/svm-temp\/#\/schema\/logo\/image\/"},"sameAs":["https:\/\/www.facebook.com\/svenskamagasinet","https:\/\/x.com\/SvenskaMagasine"]},{"@type":"Person","@id":"https:\/\/lightweb.dev\/l\/svm-temp\/#\/schema\/person\/206a3bda5b607b0c25e1749191e4d837","name":"Redaktionen SvM","description":"Redaktionen","sameAs":["https:\/\/lightweb.dev\/l\/svm-temp"],"url":"https:\/\/lightweb.dev\/l\/svm-temp\/reporter\/redaktionen\/"}]}},"_links":{"self":[{"href":"https:\/\/lightweb.dev\/l\/svm-temp\/wp-json\/wp\/v2\/posts\/1889","targetHints":{"allow":["GET"]}}],"collection":[{"href":"https:\/\/lightweb.dev\/l\/svm-temp\/wp-json\/wp\/v2\/posts"}],"about":[{"href":"https:\/\/lightweb.dev\/l\/svm-temp\/wp-json\/wp\/v2\/types\/post"}],"author":[{"embeddable":true,"href":"https:\/\/lightweb.dev\/l\/svm-temp\/wp-json\/wp\/v2\/users\/8"}],"replies":[{"embeddable":true,"href":"https:\/\/lightweb.dev\/l\/svm-temp\/wp-json\/wp\/v2\/comments?post=1889"}],"version-history":[{"count":0,"href":"https:\/\/lightweb.dev\/l\/svm-temp\/wp-json\/wp\/v2\/posts\/1889\/revisions"}],"wp:featuredmedia":[{"embeddable":true,"href":"https:\/\/lightweb.dev\/l\/svm-temp\/wp-json\/wp\/v2\/media\/1890"}],"wp:attachment":[{"href":"https:\/\/lightweb.dev\/l\/svm-temp\/wp-json\/wp\/v2\/media?parent=1889"}],"wp:term":[{"taxonomy":"category","embeddable":true,"href":"https:\/\/lightweb.dev\/l\/svm-temp\/wp-json\/wp\/v2\/categories?post=1889"},{"taxonomy":"post_tag","embeddable":true,"href":"https:\/\/lightweb.dev\/l\/svm-temp\/wp-json\/wp\/v2\/tags?post=1889"}],"curies":[{"name":"wp","href":"https:\/\/api.w.org\/{rel}","templated":true}]}}