{"id":1905,"date":"2007-01-31T00:00:00","date_gmt":"2007-01-30T23:00:00","guid":{"rendered":"https:\/\/lightweb.dev\/l\/svm-temp\/drommer-du-om-god-halsa-och-ekonomi\/"},"modified":"2007-01-31T00:00:00","modified_gmt":"2007-01-30T23:00:00","slug":"drommer-du-om-god-halsa-och-ekonomi","status":"publish","type":"post","link":"https:\/\/lightweb.dev\/l\/svm-temp\/artiklar\/drommer-du-om-god-halsa-och-ekonomi\/","title":{"rendered":"Dr\u00f6mmer du om god h\u00e4lsa och ekonomi?"},"content":{"rendered":"<p> H\u00e4lsotrenden handlar ocks\u00e5 om att din ekonomi ska f\u00e5 vara vid god h\u00e4lsa. Livsstil &#038; H\u00e4lsa f\u00f6r din ekonomi \u00e4r en helt ny satsning genom ett samarbete mellan flera investeringsf\u00f6retag p\u00e5 Costa del Sol. Onsdagen den 14 mars klockan 16.30 anordnas ett alldeles speciellt evenemang p\u00e5 Hotell Beatriz i Fuengirola. Av Ola Josefsson<\/p>\n<p>-Vi startar med en presentation av f\u00f6retagen och v\u00e5ra produkter, sedan kan du prata med oss individuellt. Det som erbjuds g\u00e4ller flera omr\u00e5den i livet, s\u00e4ger Michael Irgens p\u00e5 Independent Investment Group.<\/p>\n<p>M\u00e5 b\u00e4ttre<br \/>\nTillsammans med Saxo Bank, Nykredit, Sovereign, Kaas &#038; Kirkemann och Beatriz Hotell &#038; Spa Center genomf\u00f6r man nu ett mycket intressant evenemang, det f\u00f6rsta i sitt slag p\u00e5 Solkusten.<br \/>\n-Allt handlar om hur b\u00e5de du och din ekonomi ska m\u00e5 b\u00e4ttre. Det finns en koppling h\u00e4r. M\u00e5r du bra, m\u00e5r din ekonomi bra och m\u00e5r din ekonomi bra, m\u00e5r du bra, till\u00e4gger Jan Eriksen fr\u00e5n Sovereign Trust Limited med s\u00e4te p\u00e5 Gibraltar.<\/p>\n<p>Skandinaviska<br \/>\nInformationen vid evenemanget p\u00e5 Hotell Beatriz sker p\u00e5 skandinaviska. Nya finansiella produkter ska presenteras, det handlar om ett ekonomiskt livsstilsevenemang.<br \/>\n-Vi ska exempelvis presentera en helt ny skatteprodukt \u201dFreedom\u201d, jag skulle vilja s\u00e4ga att den \u00e4r f\u00f6r bra f\u00f6r att vara sann, s\u00e4ger Jan Eriksen .<br \/>\n-Hela konceptet med evenemanget p\u00e5 Hotell Beatriz \u00e4r att vi har ett brett utbud av m\u00f6jligheter att erbjuda. Det \u00e4r ett gott samarbete och vi profilerar oss tillsammans. Med tanke p\u00e5 att vi sitter p\u00e5 en stor erfarenhet kan vi erbjuda flexibla l\u00f6sningar, menar Michael Irgens vid Independent.<\/p>\n<p>God service<br \/>\nEnligt Nykredits Anders Agerberg \u00e4r evenemanget helt i linje med f\u00f6retagets m\u00e5ls\u00e4ttning att ge god service till skandinaver p\u00e5 Solkusten:<br \/>\n-Vi lanserar nya produkter och tj\u00e4nster i Spanien. Vi g\u00e5r ut till svenskar, danskar och norrm\u00e4n och vi beh\u00f6ver distributionskanaler f\u00f6r detta. Livsstil &#038; h\u00e4lsa p\u00e5 Hotell Beatriz \u00e4r en satsning i att erbjuda det b\u00e4sta.<br \/>\nKurt Carlsson vid Saxo Bank menar att samtliga har sina specialomr\u00e5den, tillsammans kompletterar man varandra p\u00e5 bred front och kan erbjuda nya investeringsalternativ i en ny tid.<br \/>\n-Vi tror att det blir en god effekt n\u00e4r vi tillsammans g\u00f6r ett evenemang som det p\u00e5 Hotel Beatriz. Vi ska m\u00f6ta v\u00e5ra kunder och intresserade, ansikte mot ansikte.<\/p>\n<p>Dr\u00f6mmer om<br \/>\nTidigare har aff\u00e4rer och golf g\u00e5tt hand i hand. S\u00e5 \u00e4r det fortfarande, men h\u00e4lsotrenden p\u00e5verkar ocks\u00e5 m\u00e4nniskors syn p\u00e5 ekonomin. God h\u00e4lsa och god ekonomi \u00e4r n\u00e5got alla dr\u00f6mmer om.<br \/>\nF\u00f6rutom r\u00e5dgivningen inom skatteplanering, bolagskonstruktion, investeringskoncept och andra finansiella produkter sluter f\u00f6rs\u00e4kringsm\u00e4klaren Kaas &#038; Kirkeman cirkeln.<br \/>\n-Vi erbjuder f\u00f6rs\u00e4kringar vid bostadsk\u00f6p eller hemf\u00f6rs\u00e4kringar plus mycket annat. Vi kompletterar och erbjuder det som de andra inte har. P\u00e5 s\u00e5 vis sluts cirkeln inom livets omr\u00e5den som r\u00f6r god h\u00e4lsa och god ekonomi, s\u00e4ger Pernille Kaas.<\/p>\n<p>Nya m\u00f6jligheter<br \/>\n-Tillsammans ska vi se p\u00e5 nya m\u00f6jligheter f\u00f6r din ekonomin. Vi ska se vad vi har gjort i livet och vad vi kan g\u00f6ra i framtiden, f\u00f6r att m\u00e5 bra. Alla har vi n\u00e5got alternativ att erbjuda, s\u00e4ger Kurt Carlsson vid Saxo Bank.<br \/>\n\u00c4r du intresserad av att bes\u00f6ka evenemanget p\u00e5 Hotell Beatriz kan du anm\u00e4la dig via annonsen som finns med i detta nummer av Svenska Magasinet. Efter presentationen blir det tapas och vin och alla bes\u00f6kare f\u00e5r m\u00f6jlighet till att tala individuellt med f\u00f6retagens representanter. <\/p>\n","protected":false},"excerpt":{"rendered":"<p>H\u00e4lsotrenden handlar ocks\u00e5 om att din ekonomi ska f\u00e5 vara vid god h\u00e4lsa. Livsstil &#038; H\u00e4lsa f\u00f6r din ekonomi \u00e4r en helt ny satsning genom ett samarbete mellan flera investeringsf\u00f6retag p\u00e5 Costa del Sol. Onsdagen den 14 mars klockan 16.30 anordnas ett alldeles speciellt evenemang p\u00e5 Hotell Beatriz i Fuengirola. Av Ola Josefsson -Vi startar [&hellip;]<\/p>\n","protected":false},"author":8,"featured_media":1906,"comment_status":"open","ping_status":"open","sticky":false,"template":"","format":"standard","meta":{"_et_pb_use_builder":"","_et_pb_old_content":"","_et_gb_content_width":"","footnotes":""},"categories":[4,398],"tags":[],"class_list":["post-1905","post","type-post","status-publish","format-standard","has-post-thumbnail","hentry","category-artiklar","category-naringsliv"],"yoast_head":"<!-- This site is optimized with the Yoast SEO Premium plugin v26.2 (Yoast SEO v27.4) - https:\/\/yoast.com\/product\/yoast-seo-premium-wordpress\/ -->\n<title>Dr\u00f6mmer du om god h\u00e4lsa och ekonomi? - Svenska Magasinet<\/title>\n<meta name=\"robots\" content=\"noindex, follow, max-snippet:-1, max-image-preview:large, max-video-preview:-1\" \/>\n<meta property=\"og:locale\" content=\"sv_SE\" \/>\n<meta property=\"og:type\" content=\"article\" \/>\n<meta property=\"og:title\" content=\"Dr\u00f6mmer du om god h\u00e4lsa och ekonomi?\" \/>\n<meta property=\"og:description\" content=\"H\u00e4lsotrenden handlar ocks\u00e5 om att din ekonomi ska f\u00e5 vara vid god h\u00e4lsa. Livsstil &#038; H\u00e4lsa f\u00f6r din ekonomi \u00e4r en helt ny satsning genom ett samarbete mellan flera investeringsf\u00f6retag p\u00e5 Costa del Sol. Onsdagen den 14 mars klockan 16.30 anordnas ett alldeles speciellt evenemang p\u00e5 Hotell Beatriz i Fuengirola. Av Ola Josefsson -Vi startar [&hellip;]\" \/>\n<meta property=\"og:url\" content=\"https:\/\/lightweb.dev\/l\/svm-temp\/artiklar\/drommer-du-om-god-halsa-och-ekonomi\/\" \/>\n<meta property=\"og:site_name\" content=\"Svenska Magasinet\" \/>\n<meta property=\"article:publisher\" content=\"https:\/\/www.facebook.com\/svenskamagasinet\" \/>\n<meta property=\"article:published_time\" content=\"2007-01-30T23:00:00+00:00\" \/>\n<meta property=\"og:image\" content=\"https:\/\/lightweb.dev\/l\/svm-temp\/wp-content\/uploads\/2022\/04\/drmmer-du-om-god-hlsa-och-ekonomi.png\" \/>\n\t<meta property=\"og:image:width\" content=\"280\" \/>\n\t<meta property=\"og:image:height\" content=\"210\" \/>\n\t<meta property=\"og:image:type\" content=\"image\/png\" \/>\n<meta name=\"author\" content=\"Redaktionen SvM\" \/>\n<meta name=\"twitter:card\" content=\"summary_large_image\" \/>\n<meta name=\"twitter:creator\" content=\"@SvenskaMagasine\" \/>\n<meta name=\"twitter:site\" content=\"@SvenskaMagasine\" \/>\n<script type=\"application\/ld+json\" class=\"yoast-schema-graph\">{\"@context\":\"https:\\\/\\\/schema.org\",\"@graph\":[{\"@type\":\"Article\",\"@id\":\"https:\\\/\\\/lightweb.dev\\\/l\\\/svm-temp\\\/artiklar\\\/drommer-du-om-god-halsa-och-ekonomi\\\/#article\",\"isPartOf\":{\"@id\":\"https:\\\/\\\/lightweb.dev\\\/l\\\/svm-temp\\\/artiklar\\\/drommer-du-om-god-halsa-och-ekonomi\\\/\"},\"author\":{\"name\":\"Redaktionen SvM\",\"@id\":\"https:\\\/\\\/lightweb.dev\\\/l\\\/svm-temp\\\/#\\\/schema\\\/person\\\/206a3bda5b607b0c25e1749191e4d837\"},\"headline\":\"Dr\u00f6mmer du om god h\u00e4lsa och ekonomi?\",\"datePublished\":\"2007-01-30T23:00:00+00:00\",\"mainEntityOfPage\":{\"@id\":\"https:\\\/\\\/lightweb.dev\\\/l\\\/svm-temp\\\/artiklar\\\/drommer-du-om-god-halsa-och-ekonomi\\\/\"},\"wordCount\":625,\"commentCount\":0,\"publisher\":{\"@id\":\"https:\\\/\\\/lightweb.dev\\\/l\\\/svm-temp\\\/#organization\"},\"image\":{\"@id\":\"https:\\\/\\\/lightweb.dev\\\/l\\\/svm-temp\\\/artiklar\\\/drommer-du-om-god-halsa-och-ekonomi\\\/#primaryimage\"},\"thumbnailUrl\":\"https:\\\/\\\/lightweb.dev\\\/l\\\/svm-temp\\\/wp-content\\\/uploads\\\/2022\\\/04\\\/drmmer-du-om-god-hlsa-och-ekonomi.png\",\"articleSection\":[\"Artiklar\",\"N\u00e4ringsliv\"],\"inLanguage\":\"sv-SE\"},{\"@type\":\"WebPage\",\"@id\":\"https:\\\/\\\/lightweb.dev\\\/l\\\/svm-temp\\\/artiklar\\\/drommer-du-om-god-halsa-och-ekonomi\\\/\",\"url\":\"https:\\\/\\\/lightweb.dev\\\/l\\\/svm-temp\\\/artiklar\\\/drommer-du-om-god-halsa-och-ekonomi\\\/\",\"name\":\"Dr\u00f6mmer du om god h\u00e4lsa och ekonomi? - Svenska Magasinet\",\"isPartOf\":{\"@id\":\"https:\\\/\\\/lightweb.dev\\\/l\\\/svm-temp\\\/#website\"},\"primaryImageOfPage\":{\"@id\":\"https:\\\/\\\/lightweb.dev\\\/l\\\/svm-temp\\\/artiklar\\\/drommer-du-om-god-halsa-och-ekonomi\\\/#primaryimage\"},\"image\":{\"@id\":\"https:\\\/\\\/lightweb.dev\\\/l\\\/svm-temp\\\/artiklar\\\/drommer-du-om-god-halsa-och-ekonomi\\\/#primaryimage\"},\"thumbnailUrl\":\"https:\\\/\\\/lightweb.dev\\\/l\\\/svm-temp\\\/wp-content\\\/uploads\\\/2022\\\/04\\\/drmmer-du-om-god-hlsa-och-ekonomi.png\",\"datePublished\":\"2007-01-30T23:00:00+00:00\",\"breadcrumb\":{\"@id\":\"https:\\\/\\\/lightweb.dev\\\/l\\\/svm-temp\\\/artiklar\\\/drommer-du-om-god-halsa-och-ekonomi\\\/#breadcrumb\"},\"inLanguage\":\"sv-SE\",\"potentialAction\":[{\"@type\":\"ReadAction\",\"target\":[\"https:\\\/\\\/lightweb.dev\\\/l\\\/svm-temp\\\/artiklar\\\/drommer-du-om-god-halsa-och-ekonomi\\\/\"]}]},{\"@type\":\"ImageObject\",\"inLanguage\":\"sv-SE\",\"@id\":\"https:\\\/\\\/lightweb.dev\\\/l\\\/svm-temp\\\/artiklar\\\/drommer-du-om-god-halsa-och-ekonomi\\\/#primaryimage\",\"url\":\"https:\\\/\\\/lightweb.dev\\\/l\\\/svm-temp\\\/wp-content\\\/uploads\\\/2022\\\/04\\\/drmmer-du-om-god-hlsa-och-ekonomi.png\",\"contentUrl\":\"https:\\\/\\\/lightweb.dev\\\/l\\\/svm-temp\\\/wp-content\\\/uploads\\\/2022\\\/04\\\/drmmer-du-om-god-hlsa-och-ekonomi.png\",\"width\":280,\"height\":210},{\"@type\":\"BreadcrumbList\",\"@id\":\"https:\\\/\\\/lightweb.dev\\\/l\\\/svm-temp\\\/artiklar\\\/drommer-du-om-god-halsa-och-ekonomi\\\/#breadcrumb\",\"itemListElement\":[{\"@type\":\"ListItem\",\"position\":1,\"name\":\"Hem\",\"item\":\"https:\\\/\\\/lightweb.dev\\\/l\\\/svm-temp\\\/\"},{\"@type\":\"ListItem\",\"position\":2,\"name\":\"Dr\u00f6mmer du om god h\u00e4lsa och ekonomi?\"}]},{\"@type\":\"WebSite\",\"@id\":\"https:\\\/\\\/lightweb.dev\\\/l\\\/svm-temp\\\/#website\",\"url\":\"https:\\\/\\\/lightweb.dev\\\/l\\\/svm-temp\\\/\",\"name\":\"Svenska Magasinet\",\"description\":\"Dina Spanska nyheter p&aring; Svenska\",\"publisher\":{\"@id\":\"https:\\\/\\\/lightweb.dev\\\/l\\\/svm-temp\\\/#organization\"},\"potentialAction\":[{\"@type\":\"SearchAction\",\"target\":{\"@type\":\"EntryPoint\",\"urlTemplate\":\"https:\\\/\\\/lightweb.dev\\\/l\\\/svm-temp\\\/?s={search_term_string}\"},\"query-input\":{\"@type\":\"PropertyValueSpecification\",\"valueRequired\":true,\"valueName\":\"search_term_string\"}}],\"inLanguage\":\"sv-SE\"},{\"@type\":\"Organization\",\"@id\":\"https:\\\/\\\/lightweb.dev\\\/l\\\/svm-temp\\\/#organization\",\"name\":\"Melkerson y Nott SL\",\"alternateName\":\"Svenska Magasinet\",\"url\":\"https:\\\/\\\/lightweb.dev\\\/l\\\/svm-temp\\\/\",\"logo\":{\"@type\":\"ImageObject\",\"inLanguage\":\"sv-SE\",\"@id\":\"https:\\\/\\\/lightweb.dev\\\/l\\\/svm-temp\\\/#\\\/schema\\\/logo\\\/image\\\/\",\"url\":\"https:\\\/\\\/lightweb.dev\\\/l\\\/svm-temp\\\/wp-content\\\/uploads\\\/2025\\\/02\\\/SvM-logo-Xtra-Centrerad-SVART.png\",\"contentUrl\":\"https:\\\/\\\/lightweb.dev\\\/l\\\/svm-temp\\\/wp-content\\\/uploads\\\/2025\\\/02\\\/SvM-logo-Xtra-Centrerad-SVART.png\",\"width\":300,\"height\":99,\"caption\":\"Melkerson y Nott SL\"},\"image\":{\"@id\":\"https:\\\/\\\/lightweb.dev\\\/l\\\/svm-temp\\\/#\\\/schema\\\/logo\\\/image\\\/\"},\"sameAs\":[\"https:\\\/\\\/www.facebook.com\\\/svenskamagasinet\",\"https:\\\/\\\/x.com\\\/SvenskaMagasine\"]},{\"@type\":\"Person\",\"@id\":\"https:\\\/\\\/lightweb.dev\\\/l\\\/svm-temp\\\/#\\\/schema\\\/person\\\/206a3bda5b607b0c25e1749191e4d837\",\"name\":\"Redaktionen SvM\",\"description\":\"Redaktionen\",\"sameAs\":[\"https:\\\/\\\/lightweb.dev\\\/l\\\/svm-temp\"],\"url\":\"https:\\\/\\\/lightweb.dev\\\/l\\\/svm-temp\\\/reporter\\\/redaktionen\\\/\"}]}<\/script>\n<!-- \/ Yoast SEO Premium plugin. -->","yoast_head_json":{"title":"Dr\u00f6mmer du om god h\u00e4lsa och ekonomi? - Svenska Magasinet","robots":{"index":"noindex","follow":"follow","max-snippet":"max-snippet:-1","max-image-preview":"max-image-preview:large","max-video-preview":"max-video-preview:-1"},"og_locale":"sv_SE","og_type":"article","og_title":"Dr\u00f6mmer du om god h\u00e4lsa och ekonomi?","og_description":"H\u00e4lsotrenden handlar ocks\u00e5 om att din ekonomi ska f\u00e5 vara vid god h\u00e4lsa. Livsstil &#038; H\u00e4lsa f\u00f6r din ekonomi \u00e4r en helt ny satsning genom ett samarbete mellan flera investeringsf\u00f6retag p\u00e5 Costa del Sol. Onsdagen den 14 mars klockan 16.30 anordnas ett alldeles speciellt evenemang p\u00e5 Hotell Beatriz i Fuengirola. Av Ola Josefsson -Vi startar [&hellip;]","og_url":"https:\/\/lightweb.dev\/l\/svm-temp\/artiklar\/drommer-du-om-god-halsa-och-ekonomi\/","og_site_name":"Svenska Magasinet","article_publisher":"https:\/\/www.facebook.com\/svenskamagasinet","article_published_time":"2007-01-30T23:00:00+00:00","og_image":[{"width":280,"height":210,"url":"https:\/\/lightweb.dev\/l\/svm-temp\/wp-content\/uploads\/2022\/04\/drmmer-du-om-god-hlsa-och-ekonomi.png","type":"image\/png"}],"author":"Redaktionen SvM","twitter_card":"summary_large_image","twitter_creator":"@SvenskaMagasine","twitter_site":"@SvenskaMagasine","schema":{"@context":"https:\/\/schema.org","@graph":[{"@type":"Article","@id":"https:\/\/lightweb.dev\/l\/svm-temp\/artiklar\/drommer-du-om-god-halsa-och-ekonomi\/#article","isPartOf":{"@id":"https:\/\/lightweb.dev\/l\/svm-temp\/artiklar\/drommer-du-om-god-halsa-och-ekonomi\/"},"author":{"name":"Redaktionen SvM","@id":"https:\/\/lightweb.dev\/l\/svm-temp\/#\/schema\/person\/206a3bda5b607b0c25e1749191e4d837"},"headline":"Dr\u00f6mmer du om god h\u00e4lsa och ekonomi?","datePublished":"2007-01-30T23:00:00+00:00","mainEntityOfPage":{"@id":"https:\/\/lightweb.dev\/l\/svm-temp\/artiklar\/drommer-du-om-god-halsa-och-ekonomi\/"},"wordCount":625,"commentCount":0,"publisher":{"@id":"https:\/\/lightweb.dev\/l\/svm-temp\/#organization"},"image":{"@id":"https:\/\/lightweb.dev\/l\/svm-temp\/artiklar\/drommer-du-om-god-halsa-och-ekonomi\/#primaryimage"},"thumbnailUrl":"https:\/\/lightweb.dev\/l\/svm-temp\/wp-content\/uploads\/2022\/04\/drmmer-du-om-god-hlsa-och-ekonomi.png","articleSection":["Artiklar","N\u00e4ringsliv"],"inLanguage":"sv-SE"},{"@type":"WebPage","@id":"https:\/\/lightweb.dev\/l\/svm-temp\/artiklar\/drommer-du-om-god-halsa-och-ekonomi\/","url":"https:\/\/lightweb.dev\/l\/svm-temp\/artiklar\/drommer-du-om-god-halsa-och-ekonomi\/","name":"Dr\u00f6mmer du om god h\u00e4lsa och ekonomi? - Svenska Magasinet","isPartOf":{"@id":"https:\/\/lightweb.dev\/l\/svm-temp\/#website"},"primaryImageOfPage":{"@id":"https:\/\/lightweb.dev\/l\/svm-temp\/artiklar\/drommer-du-om-god-halsa-och-ekonomi\/#primaryimage"},"image":{"@id":"https:\/\/lightweb.dev\/l\/svm-temp\/artiklar\/drommer-du-om-god-halsa-och-ekonomi\/#primaryimage"},"thumbnailUrl":"https:\/\/lightweb.dev\/l\/svm-temp\/wp-content\/uploads\/2022\/04\/drmmer-du-om-god-hlsa-och-ekonomi.png","datePublished":"2007-01-30T23:00:00+00:00","breadcrumb":{"@id":"https:\/\/lightweb.dev\/l\/svm-temp\/artiklar\/drommer-du-om-god-halsa-och-ekonomi\/#breadcrumb"},"inLanguage":"sv-SE","potentialAction":[{"@type":"ReadAction","target":["https:\/\/lightweb.dev\/l\/svm-temp\/artiklar\/drommer-du-om-god-halsa-och-ekonomi\/"]}]},{"@type":"ImageObject","inLanguage":"sv-SE","@id":"https:\/\/lightweb.dev\/l\/svm-temp\/artiklar\/drommer-du-om-god-halsa-och-ekonomi\/#primaryimage","url":"https:\/\/lightweb.dev\/l\/svm-temp\/wp-content\/uploads\/2022\/04\/drmmer-du-om-god-hlsa-och-ekonomi.png","contentUrl":"https:\/\/lightweb.dev\/l\/svm-temp\/wp-content\/uploads\/2022\/04\/drmmer-du-om-god-hlsa-och-ekonomi.png","width":280,"height":210},{"@type":"BreadcrumbList","@id":"https:\/\/lightweb.dev\/l\/svm-temp\/artiklar\/drommer-du-om-god-halsa-och-ekonomi\/#breadcrumb","itemListElement":[{"@type":"ListItem","position":1,"name":"Hem","item":"https:\/\/lightweb.dev\/l\/svm-temp\/"},{"@type":"ListItem","position":2,"name":"Dr\u00f6mmer du om god h\u00e4lsa och ekonomi?"}]},{"@type":"WebSite","@id":"https:\/\/lightweb.dev\/l\/svm-temp\/#website","url":"https:\/\/lightweb.dev\/l\/svm-temp\/","name":"Svenska Magasinet","description":"Dina Spanska nyheter p&aring; Svenska","publisher":{"@id":"https:\/\/lightweb.dev\/l\/svm-temp\/#organization"},"potentialAction":[{"@type":"SearchAction","target":{"@type":"EntryPoint","urlTemplate":"https:\/\/lightweb.dev\/l\/svm-temp\/?s={search_term_string}"},"query-input":{"@type":"PropertyValueSpecification","valueRequired":true,"valueName":"search_term_string"}}],"inLanguage":"sv-SE"},{"@type":"Organization","@id":"https:\/\/lightweb.dev\/l\/svm-temp\/#organization","name":"Melkerson y Nott SL","alternateName":"Svenska Magasinet","url":"https:\/\/lightweb.dev\/l\/svm-temp\/","logo":{"@type":"ImageObject","inLanguage":"sv-SE","@id":"https:\/\/lightweb.dev\/l\/svm-temp\/#\/schema\/logo\/image\/","url":"https:\/\/lightweb.dev\/l\/svm-temp\/wp-content\/uploads\/2025\/02\/SvM-logo-Xtra-Centrerad-SVART.png","contentUrl":"https:\/\/lightweb.dev\/l\/svm-temp\/wp-content\/uploads\/2025\/02\/SvM-logo-Xtra-Centrerad-SVART.png","width":300,"height":99,"caption":"Melkerson y Nott SL"},"image":{"@id":"https:\/\/lightweb.dev\/l\/svm-temp\/#\/schema\/logo\/image\/"},"sameAs":["https:\/\/www.facebook.com\/svenskamagasinet","https:\/\/x.com\/SvenskaMagasine"]},{"@type":"Person","@id":"https:\/\/lightweb.dev\/l\/svm-temp\/#\/schema\/person\/206a3bda5b607b0c25e1749191e4d837","name":"Redaktionen SvM","description":"Redaktionen","sameAs":["https:\/\/lightweb.dev\/l\/svm-temp"],"url":"https:\/\/lightweb.dev\/l\/svm-temp\/reporter\/redaktionen\/"}]}},"_links":{"self":[{"href":"https:\/\/lightweb.dev\/l\/svm-temp\/wp-json\/wp\/v2\/posts\/1905","targetHints":{"allow":["GET"]}}],"collection":[{"href":"https:\/\/lightweb.dev\/l\/svm-temp\/wp-json\/wp\/v2\/posts"}],"about":[{"href":"https:\/\/lightweb.dev\/l\/svm-temp\/wp-json\/wp\/v2\/types\/post"}],"author":[{"embeddable":true,"href":"https:\/\/lightweb.dev\/l\/svm-temp\/wp-json\/wp\/v2\/users\/8"}],"replies":[{"embeddable":true,"href":"https:\/\/lightweb.dev\/l\/svm-temp\/wp-json\/wp\/v2\/comments?post=1905"}],"version-history":[{"count":0,"href":"https:\/\/lightweb.dev\/l\/svm-temp\/wp-json\/wp\/v2\/posts\/1905\/revisions"}],"wp:featuredmedia":[{"embeddable":true,"href":"https:\/\/lightweb.dev\/l\/svm-temp\/wp-json\/wp\/v2\/media\/1906"}],"wp:attachment":[{"href":"https:\/\/lightweb.dev\/l\/svm-temp\/wp-json\/wp\/v2\/media?parent=1905"}],"wp:term":[{"taxonomy":"category","embeddable":true,"href":"https:\/\/lightweb.dev\/l\/svm-temp\/wp-json\/wp\/v2\/categories?post=1905"},{"taxonomy":"post_tag","embeddable":true,"href":"https:\/\/lightweb.dev\/l\/svm-temp\/wp-json\/wp\/v2\/tags?post=1905"}],"curies":[{"name":"wp","href":"https:\/\/api.w.org\/{rel}","templated":true}]}}