{"id":19083,"date":"2018-01-09T00:00:00","date_gmt":"2018-01-08T23:00:00","guid":{"rendered":"https:\/\/lightweb.dev\/l\/svm-temp\/nyheter\/bostadsomraden-i-mijas-drabbade-av-processionslarver\/"},"modified":"2018-01-09T00:00:00","modified_gmt":"2018-01-08T23:00:00","slug":"bostadsomraden-i-mijas-drabbade-av-processionslarver","status":"publish","type":"post","link":"https:\/\/lightweb.dev\/l\/svm-temp\/nyheter\/bostadsomraden-i-mijas-drabbade-av-processionslarver\/","title":{"rendered":"Bostadsomr\u00e5den i Mijas drabbade av processionslarver"},"content":{"rendered":"<p> Flera bostadsomr\u00e5den i Mijas Costa som El Chaparral, el Faro och runt h\u00e4stkappl\u00f6pningsanl\u00e4ggningen Hip\u00f3dromo har drabbats av ett \u00f6kat antal processionslarver.  Processionslarver, thaumetopoea processionea, eller Procesionaria del pino, som den heter p\u00e5 spanska, r\u00f6r sig i l\u00e5nga kolonner sida vid sida, n\u00e4r de s\u00f6ker f\u00f6da.<\/p>\n<p>De fullvuxna larverna \u00e4r knappt 2,5 cm l\u00e5nga. Larverna lever i pinjetr\u00e4d och ser ut som bomullstussar i tr\u00e4den. Larven \u00e4r normalt aktiv fr\u00e5n februari till maj m\u00e5nad beroende p\u00e5 v\u00e4der.<\/p>\n<p>Mycket besv\u00e4rligt f\u00f6r s\u00e5v\u00e4l m\u00e4nniskor som s\u00e4llskapsdjur \u00e4r br\u00e4nnh\u00e5ren fr\u00e5n larverna. Dessa har ett starkt gift som ger en omedelbar br\u00e4nnande reaktion och kan f\u00e5 en hunds tunga att sv\u00e4lla upp till tre g\u00e5nger och i vissa allvarliga fall \u00e4ven leda till att hunden d\u00f6r av allergisk chock.<\/p>\n<p>Hugo Gonz\u00e1lez som bor i de mest drabbade omr\u00e5dena s\u00e4ger till Diario SUR att situationen \u00e4r mycket sv\u00e5r och att omr\u00e5det \u00e4r infekterat av insekten. M\u00e5nga barrtr\u00e4d \u00e4r d\u00f6da p\u00e5 grund av insekten som angriper tr\u00e4d. Det g\u00f6r att inv\u00e5narna oroas n\u00e4r de ser allt fler d\u00f6da tr\u00e4d.<\/p>\n<p>Det g\u00f6r att m\u00e5nga hund\u00e4gare har sv\u00e5rt att rasta sina s\u00e4llskapsdjur i omr\u00e5det.<\/p>\n<p>Kommunen sprutar eller gasar i regel tr\u00e4den i kampen mot larven. Det sker i regel i slutet p\u00e5 \u00e5ret i samband med \u00e4ggkl\u00e4ckningen av larver. De omr\u00e5den som behandlas \u00e4r offentliga milj\u00f6er och inte privat mark. Dags att varna f\u00f6r processionslarven &#8211; igen!<\/p>\n","protected":false},"excerpt":{"rendered":"<p>Flera bostadsomr\u00e5den i Mijas Costa som El Chaparral, el Faro och runt h\u00e4stkappl\u00f6pningsanl\u00e4ggningen Hip\u00f3dromo har drabbats av ett \u00f6kat antal processionslarver. Processionslarver, thaumetopoea processionea, eller Procesionaria del pino, som den heter p\u00e5 spanska, r\u00f6r sig i l\u00e5nga kolonner sida vid sida, n\u00e4r de s\u00f6ker f\u00f6da. De fullvuxna larverna \u00e4r knappt 2,5 cm l\u00e5nga. Larverna lever [&hellip;]<\/p>\n","protected":false},"author":8,"featured_media":19084,"comment_status":"open","ping_status":"open","sticky":false,"template":"","format":"standard","meta":{"_et_pb_use_builder":"","_et_pb_old_content":"","_et_gb_content_width":"","footnotes":""},"categories":[395,3],"tags":[],"class_list":["post-19083","post","type-post","status-publish","format-standard","has-post-thumbnail","hentry","category-arkiv-nyheter","category-nyheter"],"yoast_head":"<!-- This site is optimized with the Yoast SEO Premium plugin v26.2 (Yoast SEO v28.2) - https:\/\/yoast.com\/product\/yoast-seo-premium-wordpress\/ -->\n<title>Bostadsomr\u00e5den i Mijas drabbade av processionslarver - Svenska Magasinet<\/title>\n<meta name=\"robots\" content=\"noindex, follow, max-snippet:-1, max-image-preview:large, max-video-preview:-1\" \/>\n<meta property=\"og:locale\" content=\"sv_SE\" \/>\n<meta property=\"og:type\" content=\"article\" \/>\n<meta property=\"og:title\" content=\"Bostadsomr\u00e5den i Mijas drabbade av processionslarver\" \/>\n<meta property=\"og:description\" content=\"Flera bostadsomr\u00e5den i Mijas Costa som El Chaparral, el Faro och runt h\u00e4stkappl\u00f6pningsanl\u00e4ggningen Hip\u00f3dromo har drabbats av ett \u00f6kat antal processionslarver. Processionslarver, thaumetopoea processionea, eller Procesionaria del pino, som den heter p\u00e5 spanska, r\u00f6r sig i l\u00e5nga kolonner sida vid sida, n\u00e4r de s\u00f6ker f\u00f6da. De fullvuxna larverna \u00e4r knappt 2,5 cm l\u00e5nga. Larverna lever [&hellip;]\" \/>\n<meta property=\"og:url\" content=\"https:\/\/lightweb.dev\/l\/svm-temp\/nyheter\/bostadsomraden-i-mijas-drabbade-av-processionslarver\/\" \/>\n<meta property=\"og:site_name\" content=\"Svenska Magasinet\" \/>\n<meta property=\"article:publisher\" content=\"https:\/\/www.facebook.com\/svenskamagasinet\" \/>\n<meta property=\"article:published_time\" content=\"2018-01-08T23:00:00+00:00\" \/>\n<meta property=\"og:image\" content=\"https:\/\/lightweb.dev\/l\/svm-temp\/wp-content\/uploads\/2022\/06\/bostadsomraden-i-mijas-drabbade-av-processionslarver.png\" \/>\n\t<meta property=\"og:image:width\" content=\"282\" \/>\n\t<meta property=\"og:image:height\" content=\"200\" \/>\n\t<meta property=\"og:image:type\" content=\"image\/png\" \/>\n<meta name=\"author\" content=\"Redaktionen SvM\" \/>\n<meta name=\"twitter:card\" content=\"summary_large_image\" \/>\n<meta name=\"twitter:creator\" content=\"@SvenskaMagasine\" \/>\n<meta name=\"twitter:site\" content=\"@SvenskaMagasine\" \/>\n<script type=\"application\/ld+json\" class=\"yoast-schema-graph\">{\"@context\":\"https:\\\/\\\/schema.org\",\"@graph\":[{\"@type\":\"Article\",\"@id\":\"https:\\\/\\\/lightweb.dev\\\/l\\\/svm-temp\\\/nyheter\\\/bostadsomraden-i-mijas-drabbade-av-processionslarver\\\/#article\",\"isPartOf\":{\"@id\":\"https:\\\/\\\/lightweb.dev\\\/l\\\/svm-temp\\\/nyheter\\\/bostadsomraden-i-mijas-drabbade-av-processionslarver\\\/\"},\"author\":{\"name\":\"Redaktionen SvM\",\"@id\":\"https:\\\/\\\/lightweb.dev\\\/l\\\/svm-temp\\\/#\\\/schema\\\/person\\\/206a3bda5b607b0c25e1749191e4d837\"},\"headline\":\"Bostadsomr\u00e5den i Mijas drabbade av processionslarver\",\"datePublished\":\"2018-01-08T23:00:00+00:00\",\"mainEntityOfPage\":{\"@id\":\"https:\\\/\\\/lightweb.dev\\\/l\\\/svm-temp\\\/nyheter\\\/bostadsomraden-i-mijas-drabbade-av-processionslarver\\\/\"},\"wordCount\":288,\"commentCount\":0,\"publisher\":{\"@id\":\"https:\\\/\\\/lightweb.dev\\\/l\\\/svm-temp\\\/#organization\"},\"image\":{\"@id\":\"https:\\\/\\\/lightweb.dev\\\/l\\\/svm-temp\\\/nyheter\\\/bostadsomraden-i-mijas-drabbade-av-processionslarver\\\/#primaryimage\"},\"thumbnailUrl\":\"https:\\\/\\\/lightweb.dev\\\/l\\\/svm-temp\\\/wp-content\\\/uploads\\\/2022\\\/06\\\/bostadsomraden-i-mijas-drabbade-av-processionslarver.png\",\"articleSection\":[\"Arkiv\",\"Nyheter\"],\"inLanguage\":\"sv-SE\"},{\"@type\":\"WebPage\",\"@id\":\"https:\\\/\\\/lightweb.dev\\\/l\\\/svm-temp\\\/nyheter\\\/bostadsomraden-i-mijas-drabbade-av-processionslarver\\\/\",\"url\":\"https:\\\/\\\/lightweb.dev\\\/l\\\/svm-temp\\\/nyheter\\\/bostadsomraden-i-mijas-drabbade-av-processionslarver\\\/\",\"name\":\"Bostadsomr\u00e5den i Mijas drabbade av processionslarver - Svenska Magasinet\",\"isPartOf\":{\"@id\":\"https:\\\/\\\/lightweb.dev\\\/l\\\/svm-temp\\\/#website\"},\"primaryImageOfPage\":{\"@id\":\"https:\\\/\\\/lightweb.dev\\\/l\\\/svm-temp\\\/nyheter\\\/bostadsomraden-i-mijas-drabbade-av-processionslarver\\\/#primaryimage\"},\"image\":{\"@id\":\"https:\\\/\\\/lightweb.dev\\\/l\\\/svm-temp\\\/nyheter\\\/bostadsomraden-i-mijas-drabbade-av-processionslarver\\\/#primaryimage\"},\"thumbnailUrl\":\"https:\\\/\\\/lightweb.dev\\\/l\\\/svm-temp\\\/wp-content\\\/uploads\\\/2022\\\/06\\\/bostadsomraden-i-mijas-drabbade-av-processionslarver.png\",\"datePublished\":\"2018-01-08T23:00:00+00:00\",\"breadcrumb\":{\"@id\":\"https:\\\/\\\/lightweb.dev\\\/l\\\/svm-temp\\\/nyheter\\\/bostadsomraden-i-mijas-drabbade-av-processionslarver\\\/#breadcrumb\"},\"inLanguage\":\"sv-SE\",\"potentialAction\":[{\"@type\":\"ReadAction\",\"target\":[\"https:\\\/\\\/lightweb.dev\\\/l\\\/svm-temp\\\/nyheter\\\/bostadsomraden-i-mijas-drabbade-av-processionslarver\\\/\"]}]},{\"@type\":\"ImageObject\",\"inLanguage\":\"sv-SE\",\"@id\":\"https:\\\/\\\/lightweb.dev\\\/l\\\/svm-temp\\\/nyheter\\\/bostadsomraden-i-mijas-drabbade-av-processionslarver\\\/#primaryimage\",\"url\":\"https:\\\/\\\/lightweb.dev\\\/l\\\/svm-temp\\\/wp-content\\\/uploads\\\/2022\\\/06\\\/bostadsomraden-i-mijas-drabbade-av-processionslarver.png\",\"contentUrl\":\"https:\\\/\\\/lightweb.dev\\\/l\\\/svm-temp\\\/wp-content\\\/uploads\\\/2022\\\/06\\\/bostadsomraden-i-mijas-drabbade-av-processionslarver.png\",\"width\":282,\"height\":200},{\"@type\":\"BreadcrumbList\",\"@id\":\"https:\\\/\\\/lightweb.dev\\\/l\\\/svm-temp\\\/nyheter\\\/bostadsomraden-i-mijas-drabbade-av-processionslarver\\\/#breadcrumb\",\"itemListElement\":[{\"@type\":\"ListItem\",\"position\":1,\"name\":\"Hem\",\"item\":\"https:\\\/\\\/lightweb.dev\\\/l\\\/svm-temp\\\/\"},{\"@type\":\"ListItem\",\"position\":2,\"name\":\"Bostadsomr\u00e5den i Mijas drabbade av processionslarver\"}]},{\"@type\":\"WebSite\",\"@id\":\"https:\\\/\\\/lightweb.dev\\\/l\\\/svm-temp\\\/#website\",\"url\":\"https:\\\/\\\/lightweb.dev\\\/l\\\/svm-temp\\\/\",\"name\":\"Svenska Magasinet\",\"description\":\"Dina Spanska nyheter p&aring; Svenska\",\"publisher\":{\"@id\":\"https:\\\/\\\/lightweb.dev\\\/l\\\/svm-temp\\\/#organization\"},\"potentialAction\":[{\"@type\":\"SearchAction\",\"target\":{\"@type\":\"EntryPoint\",\"urlTemplate\":\"https:\\\/\\\/lightweb.dev\\\/l\\\/svm-temp\\\/?s={search_term_string}\"},\"query-input\":{\"@type\":\"PropertyValueSpecification\",\"valueRequired\":true,\"valueName\":\"search_term_string\"}}],\"inLanguage\":\"sv-SE\"},{\"@type\":\"Organization\",\"@id\":\"https:\\\/\\\/lightweb.dev\\\/l\\\/svm-temp\\\/#organization\",\"name\":\"Melkerson y Nott SL\",\"alternateName\":\"Svenska Magasinet\",\"url\":\"https:\\\/\\\/lightweb.dev\\\/l\\\/svm-temp\\\/\",\"logo\":{\"@type\":\"ImageObject\",\"inLanguage\":\"sv-SE\",\"@id\":\"https:\\\/\\\/lightweb.dev\\\/l\\\/svm-temp\\\/#\\\/schema\\\/logo\\\/image\\\/\",\"url\":\"https:\\\/\\\/lightweb.dev\\\/l\\\/svm-temp\\\/wp-content\\\/uploads\\\/2025\\\/02\\\/SvM-logo-Xtra-Centrerad-SVART.png\",\"contentUrl\":\"https:\\\/\\\/lightweb.dev\\\/l\\\/svm-temp\\\/wp-content\\\/uploads\\\/2025\\\/02\\\/SvM-logo-Xtra-Centrerad-SVART.png\",\"width\":300,\"height\":99,\"caption\":\"Melkerson y Nott SL\"},\"image\":{\"@id\":\"https:\\\/\\\/lightweb.dev\\\/l\\\/svm-temp\\\/#\\\/schema\\\/logo\\\/image\\\/\"},\"sameAs\":[\"https:\\\/\\\/www.facebook.com\\\/svenskamagasinet\",\"https:\\\/\\\/x.com\\\/SvenskaMagasine\"]},{\"@type\":\"Person\",\"@id\":\"https:\\\/\\\/lightweb.dev\\\/l\\\/svm-temp\\\/#\\\/schema\\\/person\\\/206a3bda5b607b0c25e1749191e4d837\",\"name\":\"Redaktionen SvM\",\"description\":\"Redaktionen\",\"sameAs\":[\"https:\\\/\\\/lightweb.dev\\\/l\\\/svm-temp\"],\"url\":\"https:\\\/\\\/lightweb.dev\\\/l\\\/svm-temp\\\/reporter\\\/redaktionen\\\/\"}]}<\/script>\n<!-- \/ Yoast SEO Premium plugin. -->","yoast_head_json":{"title":"Bostadsomr\u00e5den i Mijas drabbade av processionslarver - Svenska Magasinet","robots":{"index":"noindex","follow":"follow","max-snippet":"max-snippet:-1","max-image-preview":"max-image-preview:large","max-video-preview":"max-video-preview:-1"},"og_locale":"sv_SE","og_type":"article","og_title":"Bostadsomr\u00e5den i Mijas drabbade av processionslarver","og_description":"Flera bostadsomr\u00e5den i Mijas Costa som El Chaparral, el Faro och runt h\u00e4stkappl\u00f6pningsanl\u00e4ggningen Hip\u00f3dromo har drabbats av ett \u00f6kat antal processionslarver. Processionslarver, thaumetopoea processionea, eller Procesionaria del pino, som den heter p\u00e5 spanska, r\u00f6r sig i l\u00e5nga kolonner sida vid sida, n\u00e4r de s\u00f6ker f\u00f6da. De fullvuxna larverna \u00e4r knappt 2,5 cm l\u00e5nga. Larverna lever [&hellip;]","og_url":"https:\/\/lightweb.dev\/l\/svm-temp\/nyheter\/bostadsomraden-i-mijas-drabbade-av-processionslarver\/","og_site_name":"Svenska Magasinet","article_publisher":"https:\/\/www.facebook.com\/svenskamagasinet","article_published_time":"2018-01-08T23:00:00+00:00","og_image":[{"width":282,"height":200,"url":"https:\/\/lightweb.dev\/l\/svm-temp\/wp-content\/uploads\/2022\/06\/bostadsomraden-i-mijas-drabbade-av-processionslarver.png","type":"image\/png"}],"author":"Redaktionen SvM","twitter_card":"summary_large_image","twitter_creator":"@SvenskaMagasine","twitter_site":"@SvenskaMagasine","schema":{"@context":"https:\/\/schema.org","@graph":[{"@type":"Article","@id":"https:\/\/lightweb.dev\/l\/svm-temp\/nyheter\/bostadsomraden-i-mijas-drabbade-av-processionslarver\/#article","isPartOf":{"@id":"https:\/\/lightweb.dev\/l\/svm-temp\/nyheter\/bostadsomraden-i-mijas-drabbade-av-processionslarver\/"},"author":{"name":"Redaktionen SvM","@id":"https:\/\/lightweb.dev\/l\/svm-temp\/#\/schema\/person\/206a3bda5b607b0c25e1749191e4d837"},"headline":"Bostadsomr\u00e5den i Mijas drabbade av processionslarver","datePublished":"2018-01-08T23:00:00+00:00","mainEntityOfPage":{"@id":"https:\/\/lightweb.dev\/l\/svm-temp\/nyheter\/bostadsomraden-i-mijas-drabbade-av-processionslarver\/"},"wordCount":288,"commentCount":0,"publisher":{"@id":"https:\/\/lightweb.dev\/l\/svm-temp\/#organization"},"image":{"@id":"https:\/\/lightweb.dev\/l\/svm-temp\/nyheter\/bostadsomraden-i-mijas-drabbade-av-processionslarver\/#primaryimage"},"thumbnailUrl":"https:\/\/lightweb.dev\/l\/svm-temp\/wp-content\/uploads\/2022\/06\/bostadsomraden-i-mijas-drabbade-av-processionslarver.png","articleSection":["Arkiv","Nyheter"],"inLanguage":"sv-SE"},{"@type":"WebPage","@id":"https:\/\/lightweb.dev\/l\/svm-temp\/nyheter\/bostadsomraden-i-mijas-drabbade-av-processionslarver\/","url":"https:\/\/lightweb.dev\/l\/svm-temp\/nyheter\/bostadsomraden-i-mijas-drabbade-av-processionslarver\/","name":"Bostadsomr\u00e5den i Mijas drabbade av processionslarver - Svenska Magasinet","isPartOf":{"@id":"https:\/\/lightweb.dev\/l\/svm-temp\/#website"},"primaryImageOfPage":{"@id":"https:\/\/lightweb.dev\/l\/svm-temp\/nyheter\/bostadsomraden-i-mijas-drabbade-av-processionslarver\/#primaryimage"},"image":{"@id":"https:\/\/lightweb.dev\/l\/svm-temp\/nyheter\/bostadsomraden-i-mijas-drabbade-av-processionslarver\/#primaryimage"},"thumbnailUrl":"https:\/\/lightweb.dev\/l\/svm-temp\/wp-content\/uploads\/2022\/06\/bostadsomraden-i-mijas-drabbade-av-processionslarver.png","datePublished":"2018-01-08T23:00:00+00:00","breadcrumb":{"@id":"https:\/\/lightweb.dev\/l\/svm-temp\/nyheter\/bostadsomraden-i-mijas-drabbade-av-processionslarver\/#breadcrumb"},"inLanguage":"sv-SE","potentialAction":[{"@type":"ReadAction","target":["https:\/\/lightweb.dev\/l\/svm-temp\/nyheter\/bostadsomraden-i-mijas-drabbade-av-processionslarver\/"]}]},{"@type":"ImageObject","inLanguage":"sv-SE","@id":"https:\/\/lightweb.dev\/l\/svm-temp\/nyheter\/bostadsomraden-i-mijas-drabbade-av-processionslarver\/#primaryimage","url":"https:\/\/lightweb.dev\/l\/svm-temp\/wp-content\/uploads\/2022\/06\/bostadsomraden-i-mijas-drabbade-av-processionslarver.png","contentUrl":"https:\/\/lightweb.dev\/l\/svm-temp\/wp-content\/uploads\/2022\/06\/bostadsomraden-i-mijas-drabbade-av-processionslarver.png","width":282,"height":200},{"@type":"BreadcrumbList","@id":"https:\/\/lightweb.dev\/l\/svm-temp\/nyheter\/bostadsomraden-i-mijas-drabbade-av-processionslarver\/#breadcrumb","itemListElement":[{"@type":"ListItem","position":1,"name":"Hem","item":"https:\/\/lightweb.dev\/l\/svm-temp\/"},{"@type":"ListItem","position":2,"name":"Bostadsomr\u00e5den i Mijas drabbade av processionslarver"}]},{"@type":"WebSite","@id":"https:\/\/lightweb.dev\/l\/svm-temp\/#website","url":"https:\/\/lightweb.dev\/l\/svm-temp\/","name":"Svenska Magasinet","description":"Dina Spanska nyheter p&aring; Svenska","publisher":{"@id":"https:\/\/lightweb.dev\/l\/svm-temp\/#organization"},"potentialAction":[{"@type":"SearchAction","target":{"@type":"EntryPoint","urlTemplate":"https:\/\/lightweb.dev\/l\/svm-temp\/?s={search_term_string}"},"query-input":{"@type":"PropertyValueSpecification","valueRequired":true,"valueName":"search_term_string"}}],"inLanguage":"sv-SE"},{"@type":"Organization","@id":"https:\/\/lightweb.dev\/l\/svm-temp\/#organization","name":"Melkerson y Nott SL","alternateName":"Svenska Magasinet","url":"https:\/\/lightweb.dev\/l\/svm-temp\/","logo":{"@type":"ImageObject","inLanguage":"sv-SE","@id":"https:\/\/lightweb.dev\/l\/svm-temp\/#\/schema\/logo\/image\/","url":"https:\/\/lightweb.dev\/l\/svm-temp\/wp-content\/uploads\/2025\/02\/SvM-logo-Xtra-Centrerad-SVART.png","contentUrl":"https:\/\/lightweb.dev\/l\/svm-temp\/wp-content\/uploads\/2025\/02\/SvM-logo-Xtra-Centrerad-SVART.png","width":300,"height":99,"caption":"Melkerson y Nott SL"},"image":{"@id":"https:\/\/lightweb.dev\/l\/svm-temp\/#\/schema\/logo\/image\/"},"sameAs":["https:\/\/www.facebook.com\/svenskamagasinet","https:\/\/x.com\/SvenskaMagasine"]},{"@type":"Person","@id":"https:\/\/lightweb.dev\/l\/svm-temp\/#\/schema\/person\/206a3bda5b607b0c25e1749191e4d837","name":"Redaktionen SvM","description":"Redaktionen","sameAs":["https:\/\/lightweb.dev\/l\/svm-temp"],"url":"https:\/\/lightweb.dev\/l\/svm-temp\/reporter\/redaktionen\/"}]}},"_links":{"self":[{"href":"https:\/\/lightweb.dev\/l\/svm-temp\/wp-json\/wp\/v2\/posts\/19083","targetHints":{"allow":["GET"]}}],"collection":[{"href":"https:\/\/lightweb.dev\/l\/svm-temp\/wp-json\/wp\/v2\/posts"}],"about":[{"href":"https:\/\/lightweb.dev\/l\/svm-temp\/wp-json\/wp\/v2\/types\/post"}],"author":[{"embeddable":true,"href":"https:\/\/lightweb.dev\/l\/svm-temp\/wp-json\/wp\/v2\/users\/8"}],"replies":[{"embeddable":true,"href":"https:\/\/lightweb.dev\/l\/svm-temp\/wp-json\/wp\/v2\/comments?post=19083"}],"version-history":[{"count":0,"href":"https:\/\/lightweb.dev\/l\/svm-temp\/wp-json\/wp\/v2\/posts\/19083\/revisions"}],"wp:featuredmedia":[{"embeddable":true,"href":"https:\/\/lightweb.dev\/l\/svm-temp\/wp-json\/wp\/v2\/media\/19084"}],"wp:attachment":[{"href":"https:\/\/lightweb.dev\/l\/svm-temp\/wp-json\/wp\/v2\/media?parent=19083"}],"wp:term":[{"taxonomy":"category","embeddable":true,"href":"https:\/\/lightweb.dev\/l\/svm-temp\/wp-json\/wp\/v2\/categories?post=19083"},{"taxonomy":"post_tag","embeddable":true,"href":"https:\/\/lightweb.dev\/l\/svm-temp\/wp-json\/wp\/v2\/tags?post=19083"}],"curies":[{"name":"wp","href":"https:\/\/api.w.org\/{rel}","templated":true}]}}