{"id":1909,"date":"2007-01-31T00:00:00","date_gmt":"2007-01-30T23:00:00","guid":{"rendered":"https:\/\/lightweb.dev\/l\/svm-temp\/regreso-de-los-vikingos\/"},"modified":"2007-01-31T00:00:00","modified_gmt":"2007-01-30T23:00:00","slug":"regreso-de-los-vikingos","status":"publish","type":"post","link":"https:\/\/lightweb.dev\/l\/svm-temp\/artiklar\/regreso-de-los-vikingos\/","title":{"rendered":"Regreso de los vikingos"},"content":{"rendered":"<p> Vikingarna \u00e5terv\u00e4nder till Spanien. Fem ton material sl\u00e4par vikingar med sig fr\u00e5n Birka i M\u00e4lardalen till Feria de los Pueblos i Fuengirola den 26 till 29 april. Smed, runristare och hantverkare kommer att finnas p\u00e5 plats vid den svenska casetan Av Ola Josefsson<\/p>\n<p>De kallas f\u00f6r M\u00e4larens K\u00f6lar och \u00e4r genuina vikingar fr\u00e5n Birka i M\u00e4lardalen. Gruppen har funnits i n\u00e4ra 20 \u00e5r, man samarbetar med riksantikvarie\u00e4mbetet och arbetar vid Birka under sommarperioden f\u00f6r att f\u00f6rmedla en r\u00e4tt syn p\u00e5 vikingatiden.<br \/>\n-Under sommaren jobbar vi p\u00e5 Birka, den gamla handelstaden vid M\u00e4laren. Vi samarbetar med riksantikvarie\u00e4mbetet i Sverige och m\u00e5let \u00e4r att f\u00f6rmedla en r\u00e4ttvis bild av vikingatiden i Birka och runt M\u00e4laren, ber\u00e4ttar gruppledaren och h\u00f6vdingen John Erik Frogner Kockum.<\/p>\n<p>T\u00e4ltby<br \/>\nTill de internationella dagarna och kulturfestivalen i Fuengirola kommer ett g\u00e4ng p\u00e5 tio vikingar, varav tv\u00e5 kvinnor. Med fr\u00e5n Birka i M\u00e4lardalen kommer rekvisita. Under dagarna i Fuengirola ska man prata med folk och ber\u00e4tta om vikingatiden.<br \/>\n-F\u00f6rst t\u00e4nkte vi skicka tio grabbar, men sedan tyckte jag att det ocks\u00e5 borde bli lite kvinnlig f\u00e4gring.<br \/>\nVid den svenska casetan uppf\u00f6rs en liten t\u00e4ltby. Med sig fr\u00e5n Sverige har M\u00e4larens K\u00f6lar fem ton material. T\u00e4lten inreds med vikingaf\u00f6rem\u00e5l och med p\u00e5 trippen s\u00f6derut f\u00f6ljer runristare.<\/p>\n<p>Janne Eldsk\u00e4gg<br \/>\n-Vi ska skapa en s\u00e5 bra och f\u00f6rtrolig bild som m\u00f6jligt. Med till Spanien \u00e5ker Janne Eldsk\u00e4gg som \u00e4r runristare. Det hade varit perfekt om n\u00e5gon kunde donera en sten som Janne Eldsk\u00e4gg h\u00f6gg in n\u00e5gon text \u00f6ver Fuengirola efter bes\u00f6ket 2007. Vilket minne det skulle bli om den restes p\u00e5 Solkusten.<\/p>\n<p>Vad kommer ni att i Fuengirola?<br \/>\n-Sex av killarna \u00e4r vikingakrigare, sj\u00e4lv \u00e4r jag h\u00f6vding. Smed finns p\u00e5 plats och vi utf\u00f6r dessutom en hel del hantverkarbeten p\u00e5 plats inom l\u00e4der- och tr\u00e4arbeten. Bes\u00f6karna ska f\u00e5 sig en god inblick i hur vikingarna arbetade och f\u00f6rs\u00f6rjde sig. Samtliga \u00e4r hantverkare. Men vi kommer ocks\u00e5 att visa upp krigskonst.<br \/>\nJohn Erik Frogner Kockum beskriver vikingatiden som en m\u00e5ngkulturell v\u00e4rld utan nationsgr\u00e4nser s\u00e5 som vi t\u00e4nker nationer i v\u00e5ra dagar. Det var handel och andra influenser som d\u00e5 skapade en m\u00e5ngkulturell v\u00e4rld.<\/p>\n<p>Levandeg\u00f6r vikingatiden<br \/>\nI vintras fick s\u00e4llskapet en f\u00f6rfr\u00e5gan om att vara med i Fuengirola. \u201dH\u00f6vdingen\u201d tvekade inte en sekund.<br \/>\n-Jag tror att vi har n\u00e5got alldeles speciellt att erbjuda, n\u00e5got att uppleva, se, k\u00e4nna dofter, n\u00e5got som levandeg\u00f6r forntiden eller vikingatiden.<br \/>\nM\u00e4larens k\u00f6lar har t\u00e4nkt att etablera sig i utlandet under vintern.<br \/>\n-Vintern \u00e4r trist h\u00e4r i Sverige. En hantverksvikingaby vid Medelhavet vintertid skulle vara kul. Vikingarna har ju varit i Spanien, det skulle kunna bli en fin turistattraktion, s\u00e4ger John Erik Frogner Kockum, gruppledare och h\u00f6vding<br \/>\nL\u00e4s mer p\u00e5:<br \/>\nwww.nordicviking.se <\/p>\n","protected":false},"excerpt":{"rendered":"<p>Vikingarna \u00e5terv\u00e4nder till Spanien. Fem ton material sl\u00e4par vikingar med sig fr\u00e5n Birka i M\u00e4lardalen till Feria de los Pueblos i Fuengirola den 26 till 29 april. Smed, runristare och hantverkare kommer att finnas p\u00e5 plats vid den svenska casetan Av Ola Josefsson De kallas f\u00f6r M\u00e4larens K\u00f6lar och \u00e4r genuina vikingar fr\u00e5n Birka i [&hellip;]<\/p>\n","protected":false},"author":8,"featured_media":1910,"comment_status":"open","ping_status":"open","sticky":false,"template":"","format":"standard","meta":{"_et_pb_use_builder":"","_et_pb_old_content":"","_et_gb_content_width":"","footnotes":""},"categories":[396,4],"tags":[],"class_list":["post-1909","post","type-post","status-publish","format-standard","has-post-thumbnail","hentry","category-arkiv-artiklar","category-artiklar"],"yoast_head":"<!-- This site is optimized with the Yoast SEO Premium plugin v26.2 (Yoast SEO v27.4) - https:\/\/yoast.com\/product\/yoast-seo-premium-wordpress\/ -->\n<title>Regreso de los vikingos - Svenska Magasinet<\/title>\n<meta name=\"robots\" content=\"noindex, follow, max-snippet:-1, max-image-preview:large, max-video-preview:-1\" \/>\n<meta property=\"og:locale\" content=\"sv_SE\" \/>\n<meta property=\"og:type\" content=\"article\" \/>\n<meta property=\"og:title\" content=\"Regreso de los vikingos\" \/>\n<meta property=\"og:description\" content=\"Vikingarna \u00e5terv\u00e4nder till Spanien. Fem ton material sl\u00e4par vikingar med sig fr\u00e5n Birka i M\u00e4lardalen till Feria de los Pueblos i Fuengirola den 26 till 29 april. Smed, runristare och hantverkare kommer att finnas p\u00e5 plats vid den svenska casetan Av Ola Josefsson De kallas f\u00f6r M\u00e4larens K\u00f6lar och \u00e4r genuina vikingar fr\u00e5n Birka i [&hellip;]\" \/>\n<meta property=\"og:url\" content=\"https:\/\/lightweb.dev\/l\/svm-temp\/artiklar\/regreso-de-los-vikingos\/\" \/>\n<meta property=\"og:site_name\" content=\"Svenska Magasinet\" \/>\n<meta property=\"article:publisher\" content=\"https:\/\/www.facebook.com\/svenskamagasinet\" \/>\n<meta property=\"article:published_time\" content=\"2007-01-30T23:00:00+00:00\" \/>\n<meta property=\"og:image\" content=\"https:\/\/lightweb.dev\/l\/svm-temp\/wp-content\/uploads\/2022\/04\/regreso-de-los-vikingos.png\" \/>\n\t<meta property=\"og:image:width\" content=\"280\" \/>\n\t<meta property=\"og:image:height\" content=\"225\" \/>\n\t<meta property=\"og:image:type\" content=\"image\/png\" \/>\n<meta name=\"author\" content=\"Redaktionen SvM\" \/>\n<meta name=\"twitter:card\" content=\"summary_large_image\" \/>\n<meta name=\"twitter:creator\" content=\"@SvenskaMagasine\" \/>\n<meta name=\"twitter:site\" content=\"@SvenskaMagasine\" \/>\n<script type=\"application\/ld+json\" class=\"yoast-schema-graph\">{\"@context\":\"https:\\\/\\\/schema.org\",\"@graph\":[{\"@type\":\"Article\",\"@id\":\"https:\\\/\\\/lightweb.dev\\\/l\\\/svm-temp\\\/artiklar\\\/regreso-de-los-vikingos\\\/#article\",\"isPartOf\":{\"@id\":\"https:\\\/\\\/lightweb.dev\\\/l\\\/svm-temp\\\/artiklar\\\/regreso-de-los-vikingos\\\/\"},\"author\":{\"name\":\"Redaktionen SvM\",\"@id\":\"https:\\\/\\\/lightweb.dev\\\/l\\\/svm-temp\\\/#\\\/schema\\\/person\\\/206a3bda5b607b0c25e1749191e4d837\"},\"headline\":\"Regreso de los vikingos\",\"datePublished\":\"2007-01-30T23:00:00+00:00\",\"mainEntityOfPage\":{\"@id\":\"https:\\\/\\\/lightweb.dev\\\/l\\\/svm-temp\\\/artiklar\\\/regreso-de-los-vikingos\\\/\"},\"wordCount\":524,\"commentCount\":0,\"publisher\":{\"@id\":\"https:\\\/\\\/lightweb.dev\\\/l\\\/svm-temp\\\/#organization\"},\"image\":{\"@id\":\"https:\\\/\\\/lightweb.dev\\\/l\\\/svm-temp\\\/artiklar\\\/regreso-de-los-vikingos\\\/#primaryimage\"},\"thumbnailUrl\":\"https:\\\/\\\/lightweb.dev\\\/l\\\/svm-temp\\\/wp-content\\\/uploads\\\/2022\\\/04\\\/regreso-de-los-vikingos.png\",\"articleSection\":[\"Arkiv\",\"Artiklar\"],\"inLanguage\":\"sv-SE\"},{\"@type\":\"WebPage\",\"@id\":\"https:\\\/\\\/lightweb.dev\\\/l\\\/svm-temp\\\/artiklar\\\/regreso-de-los-vikingos\\\/\",\"url\":\"https:\\\/\\\/lightweb.dev\\\/l\\\/svm-temp\\\/artiklar\\\/regreso-de-los-vikingos\\\/\",\"name\":\"Regreso de los vikingos - Svenska Magasinet\",\"isPartOf\":{\"@id\":\"https:\\\/\\\/lightweb.dev\\\/l\\\/svm-temp\\\/#website\"},\"primaryImageOfPage\":{\"@id\":\"https:\\\/\\\/lightweb.dev\\\/l\\\/svm-temp\\\/artiklar\\\/regreso-de-los-vikingos\\\/#primaryimage\"},\"image\":{\"@id\":\"https:\\\/\\\/lightweb.dev\\\/l\\\/svm-temp\\\/artiklar\\\/regreso-de-los-vikingos\\\/#primaryimage\"},\"thumbnailUrl\":\"https:\\\/\\\/lightweb.dev\\\/l\\\/svm-temp\\\/wp-content\\\/uploads\\\/2022\\\/04\\\/regreso-de-los-vikingos.png\",\"datePublished\":\"2007-01-30T23:00:00+00:00\",\"breadcrumb\":{\"@id\":\"https:\\\/\\\/lightweb.dev\\\/l\\\/svm-temp\\\/artiklar\\\/regreso-de-los-vikingos\\\/#breadcrumb\"},\"inLanguage\":\"sv-SE\",\"potentialAction\":[{\"@type\":\"ReadAction\",\"target\":[\"https:\\\/\\\/lightweb.dev\\\/l\\\/svm-temp\\\/artiklar\\\/regreso-de-los-vikingos\\\/\"]}]},{\"@type\":\"ImageObject\",\"inLanguage\":\"sv-SE\",\"@id\":\"https:\\\/\\\/lightweb.dev\\\/l\\\/svm-temp\\\/artiklar\\\/regreso-de-los-vikingos\\\/#primaryimage\",\"url\":\"https:\\\/\\\/lightweb.dev\\\/l\\\/svm-temp\\\/wp-content\\\/uploads\\\/2022\\\/04\\\/regreso-de-los-vikingos.png\",\"contentUrl\":\"https:\\\/\\\/lightweb.dev\\\/l\\\/svm-temp\\\/wp-content\\\/uploads\\\/2022\\\/04\\\/regreso-de-los-vikingos.png\",\"width\":280,\"height\":225},{\"@type\":\"BreadcrumbList\",\"@id\":\"https:\\\/\\\/lightweb.dev\\\/l\\\/svm-temp\\\/artiklar\\\/regreso-de-los-vikingos\\\/#breadcrumb\",\"itemListElement\":[{\"@type\":\"ListItem\",\"position\":1,\"name\":\"Hem\",\"item\":\"https:\\\/\\\/lightweb.dev\\\/l\\\/svm-temp\\\/\"},{\"@type\":\"ListItem\",\"position\":2,\"name\":\"Regreso de los vikingos\"}]},{\"@type\":\"WebSite\",\"@id\":\"https:\\\/\\\/lightweb.dev\\\/l\\\/svm-temp\\\/#website\",\"url\":\"https:\\\/\\\/lightweb.dev\\\/l\\\/svm-temp\\\/\",\"name\":\"Svenska Magasinet\",\"description\":\"Dina Spanska nyheter p&aring; Svenska\",\"publisher\":{\"@id\":\"https:\\\/\\\/lightweb.dev\\\/l\\\/svm-temp\\\/#organization\"},\"potentialAction\":[{\"@type\":\"SearchAction\",\"target\":{\"@type\":\"EntryPoint\",\"urlTemplate\":\"https:\\\/\\\/lightweb.dev\\\/l\\\/svm-temp\\\/?s={search_term_string}\"},\"query-input\":{\"@type\":\"PropertyValueSpecification\",\"valueRequired\":true,\"valueName\":\"search_term_string\"}}],\"inLanguage\":\"sv-SE\"},{\"@type\":\"Organization\",\"@id\":\"https:\\\/\\\/lightweb.dev\\\/l\\\/svm-temp\\\/#organization\",\"name\":\"Melkerson y Nott SL\",\"alternateName\":\"Svenska Magasinet\",\"url\":\"https:\\\/\\\/lightweb.dev\\\/l\\\/svm-temp\\\/\",\"logo\":{\"@type\":\"ImageObject\",\"inLanguage\":\"sv-SE\",\"@id\":\"https:\\\/\\\/lightweb.dev\\\/l\\\/svm-temp\\\/#\\\/schema\\\/logo\\\/image\\\/\",\"url\":\"https:\\\/\\\/lightweb.dev\\\/l\\\/svm-temp\\\/wp-content\\\/uploads\\\/2025\\\/02\\\/SvM-logo-Xtra-Centrerad-SVART.png\",\"contentUrl\":\"https:\\\/\\\/lightweb.dev\\\/l\\\/svm-temp\\\/wp-content\\\/uploads\\\/2025\\\/02\\\/SvM-logo-Xtra-Centrerad-SVART.png\",\"width\":300,\"height\":99,\"caption\":\"Melkerson y Nott SL\"},\"image\":{\"@id\":\"https:\\\/\\\/lightweb.dev\\\/l\\\/svm-temp\\\/#\\\/schema\\\/logo\\\/image\\\/\"},\"sameAs\":[\"https:\\\/\\\/www.facebook.com\\\/svenskamagasinet\",\"https:\\\/\\\/x.com\\\/SvenskaMagasine\"]},{\"@type\":\"Person\",\"@id\":\"https:\\\/\\\/lightweb.dev\\\/l\\\/svm-temp\\\/#\\\/schema\\\/person\\\/206a3bda5b607b0c25e1749191e4d837\",\"name\":\"Redaktionen SvM\",\"description\":\"Redaktionen\",\"sameAs\":[\"https:\\\/\\\/lightweb.dev\\\/l\\\/svm-temp\"],\"url\":\"https:\\\/\\\/lightweb.dev\\\/l\\\/svm-temp\\\/reporter\\\/redaktionen\\\/\"}]}<\/script>\n<!-- \/ Yoast SEO Premium plugin. -->","yoast_head_json":{"title":"Regreso de los vikingos - Svenska Magasinet","robots":{"index":"noindex","follow":"follow","max-snippet":"max-snippet:-1","max-image-preview":"max-image-preview:large","max-video-preview":"max-video-preview:-1"},"og_locale":"sv_SE","og_type":"article","og_title":"Regreso de los vikingos","og_description":"Vikingarna \u00e5terv\u00e4nder till Spanien. Fem ton material sl\u00e4par vikingar med sig fr\u00e5n Birka i M\u00e4lardalen till Feria de los Pueblos i Fuengirola den 26 till 29 april. Smed, runristare och hantverkare kommer att finnas p\u00e5 plats vid den svenska casetan Av Ola Josefsson De kallas f\u00f6r M\u00e4larens K\u00f6lar och \u00e4r genuina vikingar fr\u00e5n Birka i [&hellip;]","og_url":"https:\/\/lightweb.dev\/l\/svm-temp\/artiklar\/regreso-de-los-vikingos\/","og_site_name":"Svenska Magasinet","article_publisher":"https:\/\/www.facebook.com\/svenskamagasinet","article_published_time":"2007-01-30T23:00:00+00:00","og_image":[{"width":280,"height":225,"url":"https:\/\/lightweb.dev\/l\/svm-temp\/wp-content\/uploads\/2022\/04\/regreso-de-los-vikingos.png","type":"image\/png"}],"author":"Redaktionen SvM","twitter_card":"summary_large_image","twitter_creator":"@SvenskaMagasine","twitter_site":"@SvenskaMagasine","schema":{"@context":"https:\/\/schema.org","@graph":[{"@type":"Article","@id":"https:\/\/lightweb.dev\/l\/svm-temp\/artiklar\/regreso-de-los-vikingos\/#article","isPartOf":{"@id":"https:\/\/lightweb.dev\/l\/svm-temp\/artiklar\/regreso-de-los-vikingos\/"},"author":{"name":"Redaktionen SvM","@id":"https:\/\/lightweb.dev\/l\/svm-temp\/#\/schema\/person\/206a3bda5b607b0c25e1749191e4d837"},"headline":"Regreso de los vikingos","datePublished":"2007-01-30T23:00:00+00:00","mainEntityOfPage":{"@id":"https:\/\/lightweb.dev\/l\/svm-temp\/artiklar\/regreso-de-los-vikingos\/"},"wordCount":524,"commentCount":0,"publisher":{"@id":"https:\/\/lightweb.dev\/l\/svm-temp\/#organization"},"image":{"@id":"https:\/\/lightweb.dev\/l\/svm-temp\/artiklar\/regreso-de-los-vikingos\/#primaryimage"},"thumbnailUrl":"https:\/\/lightweb.dev\/l\/svm-temp\/wp-content\/uploads\/2022\/04\/regreso-de-los-vikingos.png","articleSection":["Arkiv","Artiklar"],"inLanguage":"sv-SE"},{"@type":"WebPage","@id":"https:\/\/lightweb.dev\/l\/svm-temp\/artiklar\/regreso-de-los-vikingos\/","url":"https:\/\/lightweb.dev\/l\/svm-temp\/artiklar\/regreso-de-los-vikingos\/","name":"Regreso de los vikingos - Svenska Magasinet","isPartOf":{"@id":"https:\/\/lightweb.dev\/l\/svm-temp\/#website"},"primaryImageOfPage":{"@id":"https:\/\/lightweb.dev\/l\/svm-temp\/artiklar\/regreso-de-los-vikingos\/#primaryimage"},"image":{"@id":"https:\/\/lightweb.dev\/l\/svm-temp\/artiklar\/regreso-de-los-vikingos\/#primaryimage"},"thumbnailUrl":"https:\/\/lightweb.dev\/l\/svm-temp\/wp-content\/uploads\/2022\/04\/regreso-de-los-vikingos.png","datePublished":"2007-01-30T23:00:00+00:00","breadcrumb":{"@id":"https:\/\/lightweb.dev\/l\/svm-temp\/artiklar\/regreso-de-los-vikingos\/#breadcrumb"},"inLanguage":"sv-SE","potentialAction":[{"@type":"ReadAction","target":["https:\/\/lightweb.dev\/l\/svm-temp\/artiklar\/regreso-de-los-vikingos\/"]}]},{"@type":"ImageObject","inLanguage":"sv-SE","@id":"https:\/\/lightweb.dev\/l\/svm-temp\/artiklar\/regreso-de-los-vikingos\/#primaryimage","url":"https:\/\/lightweb.dev\/l\/svm-temp\/wp-content\/uploads\/2022\/04\/regreso-de-los-vikingos.png","contentUrl":"https:\/\/lightweb.dev\/l\/svm-temp\/wp-content\/uploads\/2022\/04\/regreso-de-los-vikingos.png","width":280,"height":225},{"@type":"BreadcrumbList","@id":"https:\/\/lightweb.dev\/l\/svm-temp\/artiklar\/regreso-de-los-vikingos\/#breadcrumb","itemListElement":[{"@type":"ListItem","position":1,"name":"Hem","item":"https:\/\/lightweb.dev\/l\/svm-temp\/"},{"@type":"ListItem","position":2,"name":"Regreso de los vikingos"}]},{"@type":"WebSite","@id":"https:\/\/lightweb.dev\/l\/svm-temp\/#website","url":"https:\/\/lightweb.dev\/l\/svm-temp\/","name":"Svenska Magasinet","description":"Dina Spanska nyheter p&aring; Svenska","publisher":{"@id":"https:\/\/lightweb.dev\/l\/svm-temp\/#organization"},"potentialAction":[{"@type":"SearchAction","target":{"@type":"EntryPoint","urlTemplate":"https:\/\/lightweb.dev\/l\/svm-temp\/?s={search_term_string}"},"query-input":{"@type":"PropertyValueSpecification","valueRequired":true,"valueName":"search_term_string"}}],"inLanguage":"sv-SE"},{"@type":"Organization","@id":"https:\/\/lightweb.dev\/l\/svm-temp\/#organization","name":"Melkerson y Nott SL","alternateName":"Svenska Magasinet","url":"https:\/\/lightweb.dev\/l\/svm-temp\/","logo":{"@type":"ImageObject","inLanguage":"sv-SE","@id":"https:\/\/lightweb.dev\/l\/svm-temp\/#\/schema\/logo\/image\/","url":"https:\/\/lightweb.dev\/l\/svm-temp\/wp-content\/uploads\/2025\/02\/SvM-logo-Xtra-Centrerad-SVART.png","contentUrl":"https:\/\/lightweb.dev\/l\/svm-temp\/wp-content\/uploads\/2025\/02\/SvM-logo-Xtra-Centrerad-SVART.png","width":300,"height":99,"caption":"Melkerson y Nott SL"},"image":{"@id":"https:\/\/lightweb.dev\/l\/svm-temp\/#\/schema\/logo\/image\/"},"sameAs":["https:\/\/www.facebook.com\/svenskamagasinet","https:\/\/x.com\/SvenskaMagasine"]},{"@type":"Person","@id":"https:\/\/lightweb.dev\/l\/svm-temp\/#\/schema\/person\/206a3bda5b607b0c25e1749191e4d837","name":"Redaktionen SvM","description":"Redaktionen","sameAs":["https:\/\/lightweb.dev\/l\/svm-temp"],"url":"https:\/\/lightweb.dev\/l\/svm-temp\/reporter\/redaktionen\/"}]}},"_links":{"self":[{"href":"https:\/\/lightweb.dev\/l\/svm-temp\/wp-json\/wp\/v2\/posts\/1909","targetHints":{"allow":["GET"]}}],"collection":[{"href":"https:\/\/lightweb.dev\/l\/svm-temp\/wp-json\/wp\/v2\/posts"}],"about":[{"href":"https:\/\/lightweb.dev\/l\/svm-temp\/wp-json\/wp\/v2\/types\/post"}],"author":[{"embeddable":true,"href":"https:\/\/lightweb.dev\/l\/svm-temp\/wp-json\/wp\/v2\/users\/8"}],"replies":[{"embeddable":true,"href":"https:\/\/lightweb.dev\/l\/svm-temp\/wp-json\/wp\/v2\/comments?post=1909"}],"version-history":[{"count":0,"href":"https:\/\/lightweb.dev\/l\/svm-temp\/wp-json\/wp\/v2\/posts\/1909\/revisions"}],"wp:featuredmedia":[{"embeddable":true,"href":"https:\/\/lightweb.dev\/l\/svm-temp\/wp-json\/wp\/v2\/media\/1910"}],"wp:attachment":[{"href":"https:\/\/lightweb.dev\/l\/svm-temp\/wp-json\/wp\/v2\/media?parent=1909"}],"wp:term":[{"taxonomy":"category","embeddable":true,"href":"https:\/\/lightweb.dev\/l\/svm-temp\/wp-json\/wp\/v2\/categories?post=1909"},{"taxonomy":"post_tag","embeddable":true,"href":"https:\/\/lightweb.dev\/l\/svm-temp\/wp-json\/wp\/v2\/tags?post=1909"}],"curies":[{"name":"wp","href":"https:\/\/api.w.org\/{rel}","templated":true}]}}