{"id":19107,"date":"2018-01-05T00:00:00","date_gmt":"2018-01-04T23:00:00","guid":{"rendered":"https:\/\/lightweb.dev\/l\/svm-temp\/nyheter\/har-levde-en-mordare-darfor-ar-hyrespriset-sa-billigt\/"},"modified":"2018-01-05T00:00:00","modified_gmt":"2018-01-04T23:00:00","slug":"har-levde-en-mordare-darfor-ar-hyrespriset-sa-billigt","status":"publish","type":"post","link":"https:\/\/lightweb.dev\/l\/svm-temp\/nyheter\/har-levde-en-mordare-darfor-ar-hyrespriset-sa-billigt\/","title":{"rendered":"\u201dH\u00e4r levde en m\u00f6rdare, d\u00e4rf\u00f6r \u00e4r hyrespriset s\u00e5 billigt\u201d"},"content":{"rendered":"<p> Den l\u00e4genhet i Valencia vari svensken Pierre Danilo Larancuent i september styckm\u00f6rdade en spansk fris\u00f6r har i efterhand v\u00e4ckt uppm\u00e4rksamhet. Hyresannonsen med rubriken: \u201dH\u00e4r levde en m\u00f6rdare, d\u00e4rf\u00f6r \u00e4r hyrespriset s\u00e5 billigt\u201d har blivit en av de mest sedda. Det skriver El Mundo.<\/p>\n<p>Det var den 12 september som svensken sk\u00f6ts till d\u00f6ds av spansk nationalpolis efter att ha knivhuggit en polisman till d\u00f6ds. N\u00e5got dygn tidigare hade svensken styckm\u00f6rdat en fris\u00f6r i sin hyrda l\u00e4genhet p\u00e5 calle Sueca 77 i hipsterkvarteret Ruzafa i Valencia.<\/p>\n<p>Det var en h\u00e4ndelse som uppm\u00e4rksammades stort i Spanien i september. Senare har spansk media uppm\u00e4rksammat hyresannonsen f\u00f6r den l\u00e4genhet d\u00e4r styckmordet intr\u00e4ffade.<\/p>\n<p>Den ljusa m\u00f6blerade l\u00e4genheten \u00e4r p\u00e5 120 kvadratmeter med fyra sovrum. Omr\u00e5det \u00e4r popul\u00e4rt. Hyresannonsen hos Idealist har blivit en av de mest sedda. Hyran ligger p\u00e5 580 euro skriver El Pais. Svensken och mordoffret tr\u00e4ffades via dating n\u00e4tverk f\u00f6r homosexuella<\/p>\n<p>Svensk kriminalromanf\u00f6rfattare blev dubbelm\u00f6rdare i Spanien<\/p>\n","protected":false},"excerpt":{"rendered":"<p>Den l\u00e4genhet i Valencia vari svensken Pierre Danilo Larancuent i september styckm\u00f6rdade en spansk fris\u00f6r har i efterhand v\u00e4ckt uppm\u00e4rksamhet. Hyresannonsen med rubriken: \u201dH\u00e4r levde en m\u00f6rdare, d\u00e4rf\u00f6r \u00e4r hyrespriset s\u00e5 billigt\u201d har blivit en av de mest sedda. Det skriver El Mundo. Det var den 12 september som svensken sk\u00f6ts till d\u00f6ds av spansk [&hellip;]<\/p>\n","protected":false},"author":8,"featured_media":19108,"comment_status":"open","ping_status":"open","sticky":false,"template":"","format":"standard","meta":{"_et_pb_use_builder":"","_et_pb_old_content":"","_et_gb_content_width":"","footnotes":""},"categories":[395,3],"tags":[],"class_list":["post-19107","post","type-post","status-publish","format-standard","has-post-thumbnail","hentry","category-arkiv-nyheter","category-nyheter"],"yoast_head":"<!-- This site is optimized with the Yoast SEO Premium plugin v26.2 (Yoast SEO v28.2) - https:\/\/yoast.com\/product\/yoast-seo-premium-wordpress\/ -->\n<title>\u201dH\u00e4r levde en m\u00f6rdare, d\u00e4rf\u00f6r \u00e4r hyrespriset s\u00e5 billigt\u201d - Svenska Magasinet<\/title>\n<meta name=\"robots\" content=\"noindex, follow, max-snippet:-1, max-image-preview:large, max-video-preview:-1\" \/>\n<meta property=\"og:locale\" content=\"sv_SE\" \/>\n<meta property=\"og:type\" content=\"article\" \/>\n<meta property=\"og:title\" content=\"\u201dH\u00e4r levde en m\u00f6rdare, d\u00e4rf\u00f6r \u00e4r hyrespriset s\u00e5 billigt\u201d\" \/>\n<meta property=\"og:description\" content=\"Den l\u00e4genhet i Valencia vari svensken Pierre Danilo Larancuent i september styckm\u00f6rdade en spansk fris\u00f6r har i efterhand v\u00e4ckt uppm\u00e4rksamhet. Hyresannonsen med rubriken: \u201dH\u00e4r levde en m\u00f6rdare, d\u00e4rf\u00f6r \u00e4r hyrespriset s\u00e5 billigt\u201d har blivit en av de mest sedda. Det skriver El Mundo. Det var den 12 september som svensken sk\u00f6ts till d\u00f6ds av spansk [&hellip;]\" \/>\n<meta property=\"og:url\" content=\"https:\/\/lightweb.dev\/l\/svm-temp\/nyheter\/har-levde-en-mordare-darfor-ar-hyrespriset-sa-billigt\/\" \/>\n<meta property=\"og:site_name\" content=\"Svenska Magasinet\" \/>\n<meta property=\"article:publisher\" content=\"https:\/\/www.facebook.com\/svenskamagasinet\" \/>\n<meta property=\"article:published_time\" content=\"2018-01-04T23:00:00+00:00\" \/>\n<meta property=\"og:image\" content=\"https:\/\/lightweb.dev\/l\/svm-temp\/wp-content\/uploads\/2022\/06\/har-levde-en-mordare-darfor-ar-hyrespriset-sa-billigt.png\" \/>\n\t<meta property=\"og:image:width\" content=\"300\" \/>\n\t<meta property=\"og:image:height\" content=\"200\" \/>\n\t<meta property=\"og:image:type\" content=\"image\/png\" \/>\n<meta name=\"author\" content=\"Redaktionen SvM\" \/>\n<meta name=\"twitter:card\" content=\"summary_large_image\" \/>\n<meta name=\"twitter:creator\" content=\"@SvenskaMagasine\" \/>\n<meta name=\"twitter:site\" content=\"@SvenskaMagasine\" \/>\n<script type=\"application\/ld+json\" class=\"yoast-schema-graph\">{\"@context\":\"https:\\\/\\\/schema.org\",\"@graph\":[{\"@type\":\"Article\",\"@id\":\"https:\\\/\\\/lightweb.dev\\\/l\\\/svm-temp\\\/nyheter\\\/har-levde-en-mordare-darfor-ar-hyrespriset-sa-billigt\\\/#article\",\"isPartOf\":{\"@id\":\"https:\\\/\\\/lightweb.dev\\\/l\\\/svm-temp\\\/nyheter\\\/har-levde-en-mordare-darfor-ar-hyrespriset-sa-billigt\\\/\"},\"author\":{\"name\":\"Redaktionen SvM\",\"@id\":\"https:\\\/\\\/lightweb.dev\\\/l\\\/svm-temp\\\/#\\\/schema\\\/person\\\/206a3bda5b607b0c25e1749191e4d837\"},\"headline\":\"\u201dH\u00e4r levde en m\u00f6rdare, d\u00e4rf\u00f6r \u00e4r hyrespriset s\u00e5 billigt\u201d\",\"datePublished\":\"2018-01-04T23:00:00+00:00\",\"mainEntityOfPage\":{\"@id\":\"https:\\\/\\\/lightweb.dev\\\/l\\\/svm-temp\\\/nyheter\\\/har-levde-en-mordare-darfor-ar-hyrespriset-sa-billigt\\\/\"},\"wordCount\":196,\"commentCount\":0,\"publisher\":{\"@id\":\"https:\\\/\\\/lightweb.dev\\\/l\\\/svm-temp\\\/#organization\"},\"image\":{\"@id\":\"https:\\\/\\\/lightweb.dev\\\/l\\\/svm-temp\\\/nyheter\\\/har-levde-en-mordare-darfor-ar-hyrespriset-sa-billigt\\\/#primaryimage\"},\"thumbnailUrl\":\"https:\\\/\\\/lightweb.dev\\\/l\\\/svm-temp\\\/wp-content\\\/uploads\\\/2022\\\/06\\\/har-levde-en-mordare-darfor-ar-hyrespriset-sa-billigt.png\",\"articleSection\":[\"Arkiv\",\"Nyheter\"],\"inLanguage\":\"sv-SE\"},{\"@type\":\"WebPage\",\"@id\":\"https:\\\/\\\/lightweb.dev\\\/l\\\/svm-temp\\\/nyheter\\\/har-levde-en-mordare-darfor-ar-hyrespriset-sa-billigt\\\/\",\"url\":\"https:\\\/\\\/lightweb.dev\\\/l\\\/svm-temp\\\/nyheter\\\/har-levde-en-mordare-darfor-ar-hyrespriset-sa-billigt\\\/\",\"name\":\"\u201dH\u00e4r levde en m\u00f6rdare, d\u00e4rf\u00f6r \u00e4r hyrespriset s\u00e5 billigt\u201d - Svenska Magasinet\",\"isPartOf\":{\"@id\":\"https:\\\/\\\/lightweb.dev\\\/l\\\/svm-temp\\\/#website\"},\"primaryImageOfPage\":{\"@id\":\"https:\\\/\\\/lightweb.dev\\\/l\\\/svm-temp\\\/nyheter\\\/har-levde-en-mordare-darfor-ar-hyrespriset-sa-billigt\\\/#primaryimage\"},\"image\":{\"@id\":\"https:\\\/\\\/lightweb.dev\\\/l\\\/svm-temp\\\/nyheter\\\/har-levde-en-mordare-darfor-ar-hyrespriset-sa-billigt\\\/#primaryimage\"},\"thumbnailUrl\":\"https:\\\/\\\/lightweb.dev\\\/l\\\/svm-temp\\\/wp-content\\\/uploads\\\/2022\\\/06\\\/har-levde-en-mordare-darfor-ar-hyrespriset-sa-billigt.png\",\"datePublished\":\"2018-01-04T23:00:00+00:00\",\"breadcrumb\":{\"@id\":\"https:\\\/\\\/lightweb.dev\\\/l\\\/svm-temp\\\/nyheter\\\/har-levde-en-mordare-darfor-ar-hyrespriset-sa-billigt\\\/#breadcrumb\"},\"inLanguage\":\"sv-SE\",\"potentialAction\":[{\"@type\":\"ReadAction\",\"target\":[\"https:\\\/\\\/lightweb.dev\\\/l\\\/svm-temp\\\/nyheter\\\/har-levde-en-mordare-darfor-ar-hyrespriset-sa-billigt\\\/\"]}]},{\"@type\":\"ImageObject\",\"inLanguage\":\"sv-SE\",\"@id\":\"https:\\\/\\\/lightweb.dev\\\/l\\\/svm-temp\\\/nyheter\\\/har-levde-en-mordare-darfor-ar-hyrespriset-sa-billigt\\\/#primaryimage\",\"url\":\"https:\\\/\\\/lightweb.dev\\\/l\\\/svm-temp\\\/wp-content\\\/uploads\\\/2022\\\/06\\\/har-levde-en-mordare-darfor-ar-hyrespriset-sa-billigt.png\",\"contentUrl\":\"https:\\\/\\\/lightweb.dev\\\/l\\\/svm-temp\\\/wp-content\\\/uploads\\\/2022\\\/06\\\/har-levde-en-mordare-darfor-ar-hyrespriset-sa-billigt.png\",\"width\":300,\"height\":200},{\"@type\":\"BreadcrumbList\",\"@id\":\"https:\\\/\\\/lightweb.dev\\\/l\\\/svm-temp\\\/nyheter\\\/har-levde-en-mordare-darfor-ar-hyrespriset-sa-billigt\\\/#breadcrumb\",\"itemListElement\":[{\"@type\":\"ListItem\",\"position\":1,\"name\":\"Hem\",\"item\":\"https:\\\/\\\/lightweb.dev\\\/l\\\/svm-temp\\\/\"},{\"@type\":\"ListItem\",\"position\":2,\"name\":\"\u201dH\u00e4r levde en m\u00f6rdare, d\u00e4rf\u00f6r \u00e4r hyrespriset s\u00e5 billigt\u201d\"}]},{\"@type\":\"WebSite\",\"@id\":\"https:\\\/\\\/lightweb.dev\\\/l\\\/svm-temp\\\/#website\",\"url\":\"https:\\\/\\\/lightweb.dev\\\/l\\\/svm-temp\\\/\",\"name\":\"Svenska Magasinet\",\"description\":\"Dina Spanska nyheter p&aring; Svenska\",\"publisher\":{\"@id\":\"https:\\\/\\\/lightweb.dev\\\/l\\\/svm-temp\\\/#organization\"},\"potentialAction\":[{\"@type\":\"SearchAction\",\"target\":{\"@type\":\"EntryPoint\",\"urlTemplate\":\"https:\\\/\\\/lightweb.dev\\\/l\\\/svm-temp\\\/?s={search_term_string}\"},\"query-input\":{\"@type\":\"PropertyValueSpecification\",\"valueRequired\":true,\"valueName\":\"search_term_string\"}}],\"inLanguage\":\"sv-SE\"},{\"@type\":\"Organization\",\"@id\":\"https:\\\/\\\/lightweb.dev\\\/l\\\/svm-temp\\\/#organization\",\"name\":\"Melkerson y Nott SL\",\"alternateName\":\"Svenska Magasinet\",\"url\":\"https:\\\/\\\/lightweb.dev\\\/l\\\/svm-temp\\\/\",\"logo\":{\"@type\":\"ImageObject\",\"inLanguage\":\"sv-SE\",\"@id\":\"https:\\\/\\\/lightweb.dev\\\/l\\\/svm-temp\\\/#\\\/schema\\\/logo\\\/image\\\/\",\"url\":\"https:\\\/\\\/lightweb.dev\\\/l\\\/svm-temp\\\/wp-content\\\/uploads\\\/2025\\\/02\\\/SvM-logo-Xtra-Centrerad-SVART.png\",\"contentUrl\":\"https:\\\/\\\/lightweb.dev\\\/l\\\/svm-temp\\\/wp-content\\\/uploads\\\/2025\\\/02\\\/SvM-logo-Xtra-Centrerad-SVART.png\",\"width\":300,\"height\":99,\"caption\":\"Melkerson y Nott SL\"},\"image\":{\"@id\":\"https:\\\/\\\/lightweb.dev\\\/l\\\/svm-temp\\\/#\\\/schema\\\/logo\\\/image\\\/\"},\"sameAs\":[\"https:\\\/\\\/www.facebook.com\\\/svenskamagasinet\",\"https:\\\/\\\/x.com\\\/SvenskaMagasine\"]},{\"@type\":\"Person\",\"@id\":\"https:\\\/\\\/lightweb.dev\\\/l\\\/svm-temp\\\/#\\\/schema\\\/person\\\/206a3bda5b607b0c25e1749191e4d837\",\"name\":\"Redaktionen SvM\",\"description\":\"Redaktionen\",\"sameAs\":[\"https:\\\/\\\/lightweb.dev\\\/l\\\/svm-temp\"],\"url\":\"https:\\\/\\\/lightweb.dev\\\/l\\\/svm-temp\\\/reporter\\\/redaktionen\\\/\"}]}<\/script>\n<!-- \/ Yoast SEO Premium plugin. -->","yoast_head_json":{"title":"\u201dH\u00e4r levde en m\u00f6rdare, d\u00e4rf\u00f6r \u00e4r hyrespriset s\u00e5 billigt\u201d - Svenska Magasinet","robots":{"index":"noindex","follow":"follow","max-snippet":"max-snippet:-1","max-image-preview":"max-image-preview:large","max-video-preview":"max-video-preview:-1"},"og_locale":"sv_SE","og_type":"article","og_title":"\u201dH\u00e4r levde en m\u00f6rdare, d\u00e4rf\u00f6r \u00e4r hyrespriset s\u00e5 billigt\u201d","og_description":"Den l\u00e4genhet i Valencia vari svensken Pierre Danilo Larancuent i september styckm\u00f6rdade en spansk fris\u00f6r har i efterhand v\u00e4ckt uppm\u00e4rksamhet. Hyresannonsen med rubriken: \u201dH\u00e4r levde en m\u00f6rdare, d\u00e4rf\u00f6r \u00e4r hyrespriset s\u00e5 billigt\u201d har blivit en av de mest sedda. Det skriver El Mundo. Det var den 12 september som svensken sk\u00f6ts till d\u00f6ds av spansk [&hellip;]","og_url":"https:\/\/lightweb.dev\/l\/svm-temp\/nyheter\/har-levde-en-mordare-darfor-ar-hyrespriset-sa-billigt\/","og_site_name":"Svenska Magasinet","article_publisher":"https:\/\/www.facebook.com\/svenskamagasinet","article_published_time":"2018-01-04T23:00:00+00:00","og_image":[{"width":300,"height":200,"url":"https:\/\/lightweb.dev\/l\/svm-temp\/wp-content\/uploads\/2022\/06\/har-levde-en-mordare-darfor-ar-hyrespriset-sa-billigt.png","type":"image\/png"}],"author":"Redaktionen SvM","twitter_card":"summary_large_image","twitter_creator":"@SvenskaMagasine","twitter_site":"@SvenskaMagasine","schema":{"@context":"https:\/\/schema.org","@graph":[{"@type":"Article","@id":"https:\/\/lightweb.dev\/l\/svm-temp\/nyheter\/har-levde-en-mordare-darfor-ar-hyrespriset-sa-billigt\/#article","isPartOf":{"@id":"https:\/\/lightweb.dev\/l\/svm-temp\/nyheter\/har-levde-en-mordare-darfor-ar-hyrespriset-sa-billigt\/"},"author":{"name":"Redaktionen SvM","@id":"https:\/\/lightweb.dev\/l\/svm-temp\/#\/schema\/person\/206a3bda5b607b0c25e1749191e4d837"},"headline":"\u201dH\u00e4r levde en m\u00f6rdare, d\u00e4rf\u00f6r \u00e4r hyrespriset s\u00e5 billigt\u201d","datePublished":"2018-01-04T23:00:00+00:00","mainEntityOfPage":{"@id":"https:\/\/lightweb.dev\/l\/svm-temp\/nyheter\/har-levde-en-mordare-darfor-ar-hyrespriset-sa-billigt\/"},"wordCount":196,"commentCount":0,"publisher":{"@id":"https:\/\/lightweb.dev\/l\/svm-temp\/#organization"},"image":{"@id":"https:\/\/lightweb.dev\/l\/svm-temp\/nyheter\/har-levde-en-mordare-darfor-ar-hyrespriset-sa-billigt\/#primaryimage"},"thumbnailUrl":"https:\/\/lightweb.dev\/l\/svm-temp\/wp-content\/uploads\/2022\/06\/har-levde-en-mordare-darfor-ar-hyrespriset-sa-billigt.png","articleSection":["Arkiv","Nyheter"],"inLanguage":"sv-SE"},{"@type":"WebPage","@id":"https:\/\/lightweb.dev\/l\/svm-temp\/nyheter\/har-levde-en-mordare-darfor-ar-hyrespriset-sa-billigt\/","url":"https:\/\/lightweb.dev\/l\/svm-temp\/nyheter\/har-levde-en-mordare-darfor-ar-hyrespriset-sa-billigt\/","name":"\u201dH\u00e4r levde en m\u00f6rdare, d\u00e4rf\u00f6r \u00e4r hyrespriset s\u00e5 billigt\u201d - Svenska Magasinet","isPartOf":{"@id":"https:\/\/lightweb.dev\/l\/svm-temp\/#website"},"primaryImageOfPage":{"@id":"https:\/\/lightweb.dev\/l\/svm-temp\/nyheter\/har-levde-en-mordare-darfor-ar-hyrespriset-sa-billigt\/#primaryimage"},"image":{"@id":"https:\/\/lightweb.dev\/l\/svm-temp\/nyheter\/har-levde-en-mordare-darfor-ar-hyrespriset-sa-billigt\/#primaryimage"},"thumbnailUrl":"https:\/\/lightweb.dev\/l\/svm-temp\/wp-content\/uploads\/2022\/06\/har-levde-en-mordare-darfor-ar-hyrespriset-sa-billigt.png","datePublished":"2018-01-04T23:00:00+00:00","breadcrumb":{"@id":"https:\/\/lightweb.dev\/l\/svm-temp\/nyheter\/har-levde-en-mordare-darfor-ar-hyrespriset-sa-billigt\/#breadcrumb"},"inLanguage":"sv-SE","potentialAction":[{"@type":"ReadAction","target":["https:\/\/lightweb.dev\/l\/svm-temp\/nyheter\/har-levde-en-mordare-darfor-ar-hyrespriset-sa-billigt\/"]}]},{"@type":"ImageObject","inLanguage":"sv-SE","@id":"https:\/\/lightweb.dev\/l\/svm-temp\/nyheter\/har-levde-en-mordare-darfor-ar-hyrespriset-sa-billigt\/#primaryimage","url":"https:\/\/lightweb.dev\/l\/svm-temp\/wp-content\/uploads\/2022\/06\/har-levde-en-mordare-darfor-ar-hyrespriset-sa-billigt.png","contentUrl":"https:\/\/lightweb.dev\/l\/svm-temp\/wp-content\/uploads\/2022\/06\/har-levde-en-mordare-darfor-ar-hyrespriset-sa-billigt.png","width":300,"height":200},{"@type":"BreadcrumbList","@id":"https:\/\/lightweb.dev\/l\/svm-temp\/nyheter\/har-levde-en-mordare-darfor-ar-hyrespriset-sa-billigt\/#breadcrumb","itemListElement":[{"@type":"ListItem","position":1,"name":"Hem","item":"https:\/\/lightweb.dev\/l\/svm-temp\/"},{"@type":"ListItem","position":2,"name":"\u201dH\u00e4r levde en m\u00f6rdare, d\u00e4rf\u00f6r \u00e4r hyrespriset s\u00e5 billigt\u201d"}]},{"@type":"WebSite","@id":"https:\/\/lightweb.dev\/l\/svm-temp\/#website","url":"https:\/\/lightweb.dev\/l\/svm-temp\/","name":"Svenska Magasinet","description":"Dina Spanska nyheter p&aring; Svenska","publisher":{"@id":"https:\/\/lightweb.dev\/l\/svm-temp\/#organization"},"potentialAction":[{"@type":"SearchAction","target":{"@type":"EntryPoint","urlTemplate":"https:\/\/lightweb.dev\/l\/svm-temp\/?s={search_term_string}"},"query-input":{"@type":"PropertyValueSpecification","valueRequired":true,"valueName":"search_term_string"}}],"inLanguage":"sv-SE"},{"@type":"Organization","@id":"https:\/\/lightweb.dev\/l\/svm-temp\/#organization","name":"Melkerson y Nott SL","alternateName":"Svenska Magasinet","url":"https:\/\/lightweb.dev\/l\/svm-temp\/","logo":{"@type":"ImageObject","inLanguage":"sv-SE","@id":"https:\/\/lightweb.dev\/l\/svm-temp\/#\/schema\/logo\/image\/","url":"https:\/\/lightweb.dev\/l\/svm-temp\/wp-content\/uploads\/2025\/02\/SvM-logo-Xtra-Centrerad-SVART.png","contentUrl":"https:\/\/lightweb.dev\/l\/svm-temp\/wp-content\/uploads\/2025\/02\/SvM-logo-Xtra-Centrerad-SVART.png","width":300,"height":99,"caption":"Melkerson y Nott SL"},"image":{"@id":"https:\/\/lightweb.dev\/l\/svm-temp\/#\/schema\/logo\/image\/"},"sameAs":["https:\/\/www.facebook.com\/svenskamagasinet","https:\/\/x.com\/SvenskaMagasine"]},{"@type":"Person","@id":"https:\/\/lightweb.dev\/l\/svm-temp\/#\/schema\/person\/206a3bda5b607b0c25e1749191e4d837","name":"Redaktionen SvM","description":"Redaktionen","sameAs":["https:\/\/lightweb.dev\/l\/svm-temp"],"url":"https:\/\/lightweb.dev\/l\/svm-temp\/reporter\/redaktionen\/"}]}},"_links":{"self":[{"href":"https:\/\/lightweb.dev\/l\/svm-temp\/wp-json\/wp\/v2\/posts\/19107","targetHints":{"allow":["GET"]}}],"collection":[{"href":"https:\/\/lightweb.dev\/l\/svm-temp\/wp-json\/wp\/v2\/posts"}],"about":[{"href":"https:\/\/lightweb.dev\/l\/svm-temp\/wp-json\/wp\/v2\/types\/post"}],"author":[{"embeddable":true,"href":"https:\/\/lightweb.dev\/l\/svm-temp\/wp-json\/wp\/v2\/users\/8"}],"replies":[{"embeddable":true,"href":"https:\/\/lightweb.dev\/l\/svm-temp\/wp-json\/wp\/v2\/comments?post=19107"}],"version-history":[{"count":0,"href":"https:\/\/lightweb.dev\/l\/svm-temp\/wp-json\/wp\/v2\/posts\/19107\/revisions"}],"wp:featuredmedia":[{"embeddable":true,"href":"https:\/\/lightweb.dev\/l\/svm-temp\/wp-json\/wp\/v2\/media\/19108"}],"wp:attachment":[{"href":"https:\/\/lightweb.dev\/l\/svm-temp\/wp-json\/wp\/v2\/media?parent=19107"}],"wp:term":[{"taxonomy":"category","embeddable":true,"href":"https:\/\/lightweb.dev\/l\/svm-temp\/wp-json\/wp\/v2\/categories?post=19107"},{"taxonomy":"post_tag","embeddable":true,"href":"https:\/\/lightweb.dev\/l\/svm-temp\/wp-json\/wp\/v2\/tags?post=19107"}],"curies":[{"name":"wp","href":"https:\/\/api.w.org\/{rel}","templated":true}]}}