{"id":1911,"date":"2007-01-31T00:00:00","date_gmt":"2007-01-30T23:00:00","guid":{"rendered":"https:\/\/lightweb.dev\/l\/svm-temp\/pa-varpromenad-ett-stenkast-fran-kusten\/"},"modified":"2007-01-31T00:00:00","modified_gmt":"2007-01-30T23:00:00","slug":"pa-varpromenad-ett-stenkast-fran-kusten","status":"publish","type":"post","link":"https:\/\/lightweb.dev\/l\/svm-temp\/artiklar\/pa-varpromenad-ett-stenkast-fran-kusten\/","title":{"rendered":"P\u00e5 v\u00e5rpromenad ett stenkast fr\u00e5n kusten"},"content":{"rendered":"<p> Det sjuder av liv och surrar i luften n\u00e4r de f\u00f6rsta v\u00e5rregnen dragit f\u00f6rbi. Bin och andra sm\u00e5 insekter suger i sig av v\u00e4xternas nektar och har j\u00e4mt sj\u00e5 att flyga fr\u00e5n blomma till blomma. Naturen riktigt exploderar av febril verksamhet. Allt g\u00e5r s\u00e5 fort. Det g\u00e4ller att passa p\u00e5 innan torkan kommer Av Monica &#038; Harry Ramfelt<\/p>\n<p>Det \u00e4r nu som landskapet visar sig fr\u00e5n sin allra b\u00e4sta sida och bildar en perfekt kuliss f\u00f6r trivsamma promenader. Inte l\u00e5ngt fr\u00e5n kusten kan man \u00f6verallt hitta sm\u00e5v\u00e4gar och stigar om man bara ger sig tid att botanisera runt lite. Alldeles norr om Nueva Andaluc\u00eda i Marbella d\u00f6ljer sig ett promenadstr\u00e5k med h\u00e4rlig utsikt \u00f6ver Embalse de la Concepci\u00f3n.<br \/>\nDet \u00e4r l\u00e4tt att hitta dit om man k\u00f6r p\u00e5 motorv\u00e4gen fr\u00e5n Marbella stad mot San Pedro och tar av vid avfarten till Ist\u00e1n. Direkt efter avfarten \u00e5ker man \u00f6ver en bro till v\u00e4nster och vidare mot Aloha Golf. D\u00e4r k\u00f6r man in i en rondell och till h\u00f6ger mot Last Green. Kolla kartan f\u00f6r ytterligare information.<\/p>\n<p>En oas t\u00e4tt intill stenstaden<br \/>\nBara man har passerat motorv\u00e4gen och d\u00e4ckens eviga d\u00e5n mot asfalten avtar kan man b\u00f6rja slappna av hj\u00e4rnan n\u00e5got. Kanske den kan bli lite mer mottaglig f\u00f6r yttre intryck som f\u00e5gels\u00e5ng, humlors surrande och de m\u00e5nga v\u00e5rblommornas h\u00e4rliga dofter. F\u00f6r att inte tala om alla vackra vyer som naturen erbjuder.<br \/>\nOm man tittar lite n\u00e4rmare p\u00e5 blommorna hittar man ofta ett litet bi som l\u00e5ter sig v\u00e4l smaka. Men de har det ganska jobbigt. \u00c4nda upp till 2,5 miljoner turer m\u00e5ste de g\u00f6ra f\u00f6r att biodlaren ska f\u00e5 ihop ett halvt kilo honung. S\u00e5 titta g\u00e4rna en g\u00e5ng till p\u00e5 det lilla djuret och beundra dess flit. Man ser ofta bikupor utplacerade i terr\u00e4ngen men man flyttar runt dem allt eftersom de olika v\u00e4xterna blommar.<br \/>\nDet v\u00e4xer m\u00e5nga kryddv\u00e4xter h\u00e4r uppe som bina utnyttjar och den f\u00e4rdiga honungen f\u00e5r namn efter den dominerande kryddan som rosmarin eller timjan. Kryddv\u00e4xterna har ocks\u00e5 i alla tider utnyttjats i matlagning, som medicinalv\u00e4xter och till att smaks\u00e4tta br\u00e4nnvin. S\u00e5 h\u00e5ll \u00f6gonen \u00f6ppna, kanske ett knippe rosmarin f\u00e5r f\u00f6lja med hem till k\u00f6ket?<\/p>\n<p>Blomprakt och vattenbl\u00e4nk<br \/>\nM\u00e5nga andra vackra blommor kantar v\u00e4gen bort mot dammen och man njuter i fulla drag av dess sk\u00f6nhet och dofter. Men sedan n\u00e4r dammen dyker upp tar den all uppm\u00e4rksamhet i anspr\u00e5k. Den glittrar i takt med solen och omges av rundade kullar och berg. Nu blir terr\u00e4ngen lite mer kuperad och det b\u00e4r ned\u00e5t i en s\u00e4nka mot dammen. H\u00e4r finns det fisk s\u00e5 ett metsp\u00f6 kanske kan komma v\u00e4l till pass. G\u00e5ngstavar \u00e4r annars ett bra komplement n\u00e4r det b\u00e4r upp\u00e5t igen. De underl\u00e4ttar och ger ju dessutom en mer allsidig tr\u00e4ning. F\u00f6r vi \u00e4r v\u00e4l inte bara ute f\u00f6r n\u00f6jes skull, eller\u2026<br \/>\nNu kan vi bara hoppas p\u00e5 att det vackra landskapet f\u00e5r vara ifred h\u00e4r uppe men n\u00e5gra olycksaliga flaggor vajar dess v\u00e4rre sedan en tid tillbaka f\u00f6r vinden och f\u00f6reb\u00e5dar ond, br\u00e5d olycka.<br \/>\nMen det kanske bara \u00e4r n\u00e5gra sm\u00e5 s\u00f6ta urbanisationer p\u00e5 g\u00e5ng, som om\u00e4rkligt sm\u00e4lter in i naturen?<\/p>\n","protected":false},"excerpt":{"rendered":"<p>Det sjuder av liv och surrar i luften n\u00e4r de f\u00f6rsta v\u00e5rregnen dragit f\u00f6rbi. Bin och andra sm\u00e5 insekter suger i sig av v\u00e4xternas nektar och har j\u00e4mt sj\u00e5 att flyga fr\u00e5n blomma till blomma. Naturen riktigt exploderar av febril verksamhet. Allt g\u00e5r s\u00e5 fort. Det g\u00e4ller att passa p\u00e5 innan torkan kommer Av Monica [&hellip;]<\/p>\n","protected":false},"author":8,"featured_media":1912,"comment_status":"open","ping_status":"open","sticky":false,"template":"","format":"standard","meta":{"_et_pb_use_builder":"","_et_pb_old_content":"","_et_gb_content_width":"","footnotes":""},"categories":[396,4],"tags":[],"class_list":["post-1911","post","type-post","status-publish","format-standard","has-post-thumbnail","hentry","category-arkiv-artiklar","category-artiklar"],"yoast_head":"<!-- This site is optimized with the Yoast SEO Premium plugin v26.2 (Yoast SEO v27.4) - https:\/\/yoast.com\/product\/yoast-seo-premium-wordpress\/ -->\n<title>P\u00e5 v\u00e5rpromenad ett stenkast fr\u00e5n kusten - Svenska Magasinet<\/title>\n<meta name=\"robots\" content=\"noindex, follow, max-snippet:-1, max-image-preview:large, max-video-preview:-1\" \/>\n<meta property=\"og:locale\" content=\"sv_SE\" \/>\n<meta property=\"og:type\" content=\"article\" \/>\n<meta property=\"og:title\" content=\"P\u00e5 v\u00e5rpromenad ett stenkast fr\u00e5n kusten\" \/>\n<meta property=\"og:description\" content=\"Det sjuder av liv och surrar i luften n\u00e4r de f\u00f6rsta v\u00e5rregnen dragit f\u00f6rbi. Bin och andra sm\u00e5 insekter suger i sig av v\u00e4xternas nektar och har j\u00e4mt sj\u00e5 att flyga fr\u00e5n blomma till blomma. Naturen riktigt exploderar av febril verksamhet. Allt g\u00e5r s\u00e5 fort. Det g\u00e4ller att passa p\u00e5 innan torkan kommer Av Monica [&hellip;]\" \/>\n<meta property=\"og:url\" content=\"https:\/\/lightweb.dev\/l\/svm-temp\/artiklar\/pa-varpromenad-ett-stenkast-fran-kusten\/\" \/>\n<meta property=\"og:site_name\" content=\"Svenska Magasinet\" \/>\n<meta property=\"article:publisher\" content=\"https:\/\/www.facebook.com\/svenskamagasinet\" \/>\n<meta property=\"article:published_time\" content=\"2007-01-30T23:00:00+00:00\" \/>\n<meta property=\"og:image\" content=\"https:\/\/lightweb.dev\/l\/svm-temp\/wp-content\/uploads\/2022\/04\/p-vrpromenad-ett-stenkast-frn-kusten.png\" \/>\n\t<meta property=\"og:image:width\" content=\"280\" \/>\n\t<meta property=\"og:image:height\" content=\"210\" \/>\n\t<meta property=\"og:image:type\" content=\"image\/png\" \/>\n<meta name=\"author\" content=\"Redaktionen SvM\" \/>\n<meta name=\"twitter:card\" content=\"summary_large_image\" \/>\n<meta name=\"twitter:creator\" content=\"@SvenskaMagasine\" \/>\n<meta name=\"twitter:site\" content=\"@SvenskaMagasine\" \/>\n<script type=\"application\/ld+json\" class=\"yoast-schema-graph\">{\"@context\":\"https:\\\/\\\/schema.org\",\"@graph\":[{\"@type\":\"Article\",\"@id\":\"https:\\\/\\\/lightweb.dev\\\/l\\\/svm-temp\\\/artiklar\\\/pa-varpromenad-ett-stenkast-fran-kusten\\\/#article\",\"isPartOf\":{\"@id\":\"https:\\\/\\\/lightweb.dev\\\/l\\\/svm-temp\\\/artiklar\\\/pa-varpromenad-ett-stenkast-fran-kusten\\\/\"},\"author\":{\"name\":\"Redaktionen SvM\",\"@id\":\"https:\\\/\\\/lightweb.dev\\\/l\\\/svm-temp\\\/#\\\/schema\\\/person\\\/206a3bda5b607b0c25e1749191e4d837\"},\"headline\":\"P\u00e5 v\u00e5rpromenad ett stenkast fr\u00e5n kusten\",\"datePublished\":\"2007-01-30T23:00:00+00:00\",\"mainEntityOfPage\":{\"@id\":\"https:\\\/\\\/lightweb.dev\\\/l\\\/svm-temp\\\/artiklar\\\/pa-varpromenad-ett-stenkast-fran-kusten\\\/\"},\"wordCount\":627,\"commentCount\":0,\"publisher\":{\"@id\":\"https:\\\/\\\/lightweb.dev\\\/l\\\/svm-temp\\\/#organization\"},\"image\":{\"@id\":\"https:\\\/\\\/lightweb.dev\\\/l\\\/svm-temp\\\/artiklar\\\/pa-varpromenad-ett-stenkast-fran-kusten\\\/#primaryimage\"},\"thumbnailUrl\":\"https:\\\/\\\/lightweb.dev\\\/l\\\/svm-temp\\\/wp-content\\\/uploads\\\/2022\\\/04\\\/p-vrpromenad-ett-stenkast-frn-kusten.png\",\"articleSection\":[\"Arkiv\",\"Artiklar\"],\"inLanguage\":\"sv-SE\"},{\"@type\":\"WebPage\",\"@id\":\"https:\\\/\\\/lightweb.dev\\\/l\\\/svm-temp\\\/artiklar\\\/pa-varpromenad-ett-stenkast-fran-kusten\\\/\",\"url\":\"https:\\\/\\\/lightweb.dev\\\/l\\\/svm-temp\\\/artiklar\\\/pa-varpromenad-ett-stenkast-fran-kusten\\\/\",\"name\":\"P\u00e5 v\u00e5rpromenad ett stenkast fr\u00e5n kusten - Svenska Magasinet\",\"isPartOf\":{\"@id\":\"https:\\\/\\\/lightweb.dev\\\/l\\\/svm-temp\\\/#website\"},\"primaryImageOfPage\":{\"@id\":\"https:\\\/\\\/lightweb.dev\\\/l\\\/svm-temp\\\/artiklar\\\/pa-varpromenad-ett-stenkast-fran-kusten\\\/#primaryimage\"},\"image\":{\"@id\":\"https:\\\/\\\/lightweb.dev\\\/l\\\/svm-temp\\\/artiklar\\\/pa-varpromenad-ett-stenkast-fran-kusten\\\/#primaryimage\"},\"thumbnailUrl\":\"https:\\\/\\\/lightweb.dev\\\/l\\\/svm-temp\\\/wp-content\\\/uploads\\\/2022\\\/04\\\/p-vrpromenad-ett-stenkast-frn-kusten.png\",\"datePublished\":\"2007-01-30T23:00:00+00:00\",\"breadcrumb\":{\"@id\":\"https:\\\/\\\/lightweb.dev\\\/l\\\/svm-temp\\\/artiklar\\\/pa-varpromenad-ett-stenkast-fran-kusten\\\/#breadcrumb\"},\"inLanguage\":\"sv-SE\",\"potentialAction\":[{\"@type\":\"ReadAction\",\"target\":[\"https:\\\/\\\/lightweb.dev\\\/l\\\/svm-temp\\\/artiklar\\\/pa-varpromenad-ett-stenkast-fran-kusten\\\/\"]}]},{\"@type\":\"ImageObject\",\"inLanguage\":\"sv-SE\",\"@id\":\"https:\\\/\\\/lightweb.dev\\\/l\\\/svm-temp\\\/artiklar\\\/pa-varpromenad-ett-stenkast-fran-kusten\\\/#primaryimage\",\"url\":\"https:\\\/\\\/lightweb.dev\\\/l\\\/svm-temp\\\/wp-content\\\/uploads\\\/2022\\\/04\\\/p-vrpromenad-ett-stenkast-frn-kusten.png\",\"contentUrl\":\"https:\\\/\\\/lightweb.dev\\\/l\\\/svm-temp\\\/wp-content\\\/uploads\\\/2022\\\/04\\\/p-vrpromenad-ett-stenkast-frn-kusten.png\",\"width\":280,\"height\":210},{\"@type\":\"BreadcrumbList\",\"@id\":\"https:\\\/\\\/lightweb.dev\\\/l\\\/svm-temp\\\/artiklar\\\/pa-varpromenad-ett-stenkast-fran-kusten\\\/#breadcrumb\",\"itemListElement\":[{\"@type\":\"ListItem\",\"position\":1,\"name\":\"Hem\",\"item\":\"https:\\\/\\\/lightweb.dev\\\/l\\\/svm-temp\\\/\"},{\"@type\":\"ListItem\",\"position\":2,\"name\":\"P\u00e5 v\u00e5rpromenad ett stenkast fr\u00e5n kusten\"}]},{\"@type\":\"WebSite\",\"@id\":\"https:\\\/\\\/lightweb.dev\\\/l\\\/svm-temp\\\/#website\",\"url\":\"https:\\\/\\\/lightweb.dev\\\/l\\\/svm-temp\\\/\",\"name\":\"Svenska Magasinet\",\"description\":\"Dina Spanska nyheter p&aring; Svenska\",\"publisher\":{\"@id\":\"https:\\\/\\\/lightweb.dev\\\/l\\\/svm-temp\\\/#organization\"},\"potentialAction\":[{\"@type\":\"SearchAction\",\"target\":{\"@type\":\"EntryPoint\",\"urlTemplate\":\"https:\\\/\\\/lightweb.dev\\\/l\\\/svm-temp\\\/?s={search_term_string}\"},\"query-input\":{\"@type\":\"PropertyValueSpecification\",\"valueRequired\":true,\"valueName\":\"search_term_string\"}}],\"inLanguage\":\"sv-SE\"},{\"@type\":\"Organization\",\"@id\":\"https:\\\/\\\/lightweb.dev\\\/l\\\/svm-temp\\\/#organization\",\"name\":\"Melkerson y Nott SL\",\"alternateName\":\"Svenska Magasinet\",\"url\":\"https:\\\/\\\/lightweb.dev\\\/l\\\/svm-temp\\\/\",\"logo\":{\"@type\":\"ImageObject\",\"inLanguage\":\"sv-SE\",\"@id\":\"https:\\\/\\\/lightweb.dev\\\/l\\\/svm-temp\\\/#\\\/schema\\\/logo\\\/image\\\/\",\"url\":\"https:\\\/\\\/lightweb.dev\\\/l\\\/svm-temp\\\/wp-content\\\/uploads\\\/2025\\\/02\\\/SvM-logo-Xtra-Centrerad-SVART.png\",\"contentUrl\":\"https:\\\/\\\/lightweb.dev\\\/l\\\/svm-temp\\\/wp-content\\\/uploads\\\/2025\\\/02\\\/SvM-logo-Xtra-Centrerad-SVART.png\",\"width\":300,\"height\":99,\"caption\":\"Melkerson y Nott SL\"},\"image\":{\"@id\":\"https:\\\/\\\/lightweb.dev\\\/l\\\/svm-temp\\\/#\\\/schema\\\/logo\\\/image\\\/\"},\"sameAs\":[\"https:\\\/\\\/www.facebook.com\\\/svenskamagasinet\",\"https:\\\/\\\/x.com\\\/SvenskaMagasine\"]},{\"@type\":\"Person\",\"@id\":\"https:\\\/\\\/lightweb.dev\\\/l\\\/svm-temp\\\/#\\\/schema\\\/person\\\/206a3bda5b607b0c25e1749191e4d837\",\"name\":\"Redaktionen SvM\",\"description\":\"Redaktionen\",\"sameAs\":[\"https:\\\/\\\/lightweb.dev\\\/l\\\/svm-temp\"],\"url\":\"https:\\\/\\\/lightweb.dev\\\/l\\\/svm-temp\\\/reporter\\\/redaktionen\\\/\"}]}<\/script>\n<!-- \/ Yoast SEO Premium plugin. -->","yoast_head_json":{"title":"P\u00e5 v\u00e5rpromenad ett stenkast fr\u00e5n kusten - Svenska Magasinet","robots":{"index":"noindex","follow":"follow","max-snippet":"max-snippet:-1","max-image-preview":"max-image-preview:large","max-video-preview":"max-video-preview:-1"},"og_locale":"sv_SE","og_type":"article","og_title":"P\u00e5 v\u00e5rpromenad ett stenkast fr\u00e5n kusten","og_description":"Det sjuder av liv och surrar i luften n\u00e4r de f\u00f6rsta v\u00e5rregnen dragit f\u00f6rbi. Bin och andra sm\u00e5 insekter suger i sig av v\u00e4xternas nektar och har j\u00e4mt sj\u00e5 att flyga fr\u00e5n blomma till blomma. Naturen riktigt exploderar av febril verksamhet. Allt g\u00e5r s\u00e5 fort. Det g\u00e4ller att passa p\u00e5 innan torkan kommer Av Monica [&hellip;]","og_url":"https:\/\/lightweb.dev\/l\/svm-temp\/artiklar\/pa-varpromenad-ett-stenkast-fran-kusten\/","og_site_name":"Svenska Magasinet","article_publisher":"https:\/\/www.facebook.com\/svenskamagasinet","article_published_time":"2007-01-30T23:00:00+00:00","og_image":[{"width":280,"height":210,"url":"https:\/\/lightweb.dev\/l\/svm-temp\/wp-content\/uploads\/2022\/04\/p-vrpromenad-ett-stenkast-frn-kusten.png","type":"image\/png"}],"author":"Redaktionen SvM","twitter_card":"summary_large_image","twitter_creator":"@SvenskaMagasine","twitter_site":"@SvenskaMagasine","schema":{"@context":"https:\/\/schema.org","@graph":[{"@type":"Article","@id":"https:\/\/lightweb.dev\/l\/svm-temp\/artiklar\/pa-varpromenad-ett-stenkast-fran-kusten\/#article","isPartOf":{"@id":"https:\/\/lightweb.dev\/l\/svm-temp\/artiklar\/pa-varpromenad-ett-stenkast-fran-kusten\/"},"author":{"name":"Redaktionen SvM","@id":"https:\/\/lightweb.dev\/l\/svm-temp\/#\/schema\/person\/206a3bda5b607b0c25e1749191e4d837"},"headline":"P\u00e5 v\u00e5rpromenad ett stenkast fr\u00e5n kusten","datePublished":"2007-01-30T23:00:00+00:00","mainEntityOfPage":{"@id":"https:\/\/lightweb.dev\/l\/svm-temp\/artiklar\/pa-varpromenad-ett-stenkast-fran-kusten\/"},"wordCount":627,"commentCount":0,"publisher":{"@id":"https:\/\/lightweb.dev\/l\/svm-temp\/#organization"},"image":{"@id":"https:\/\/lightweb.dev\/l\/svm-temp\/artiklar\/pa-varpromenad-ett-stenkast-fran-kusten\/#primaryimage"},"thumbnailUrl":"https:\/\/lightweb.dev\/l\/svm-temp\/wp-content\/uploads\/2022\/04\/p-vrpromenad-ett-stenkast-frn-kusten.png","articleSection":["Arkiv","Artiklar"],"inLanguage":"sv-SE"},{"@type":"WebPage","@id":"https:\/\/lightweb.dev\/l\/svm-temp\/artiklar\/pa-varpromenad-ett-stenkast-fran-kusten\/","url":"https:\/\/lightweb.dev\/l\/svm-temp\/artiklar\/pa-varpromenad-ett-stenkast-fran-kusten\/","name":"P\u00e5 v\u00e5rpromenad ett stenkast fr\u00e5n kusten - Svenska Magasinet","isPartOf":{"@id":"https:\/\/lightweb.dev\/l\/svm-temp\/#website"},"primaryImageOfPage":{"@id":"https:\/\/lightweb.dev\/l\/svm-temp\/artiklar\/pa-varpromenad-ett-stenkast-fran-kusten\/#primaryimage"},"image":{"@id":"https:\/\/lightweb.dev\/l\/svm-temp\/artiklar\/pa-varpromenad-ett-stenkast-fran-kusten\/#primaryimage"},"thumbnailUrl":"https:\/\/lightweb.dev\/l\/svm-temp\/wp-content\/uploads\/2022\/04\/p-vrpromenad-ett-stenkast-frn-kusten.png","datePublished":"2007-01-30T23:00:00+00:00","breadcrumb":{"@id":"https:\/\/lightweb.dev\/l\/svm-temp\/artiklar\/pa-varpromenad-ett-stenkast-fran-kusten\/#breadcrumb"},"inLanguage":"sv-SE","potentialAction":[{"@type":"ReadAction","target":["https:\/\/lightweb.dev\/l\/svm-temp\/artiklar\/pa-varpromenad-ett-stenkast-fran-kusten\/"]}]},{"@type":"ImageObject","inLanguage":"sv-SE","@id":"https:\/\/lightweb.dev\/l\/svm-temp\/artiklar\/pa-varpromenad-ett-stenkast-fran-kusten\/#primaryimage","url":"https:\/\/lightweb.dev\/l\/svm-temp\/wp-content\/uploads\/2022\/04\/p-vrpromenad-ett-stenkast-frn-kusten.png","contentUrl":"https:\/\/lightweb.dev\/l\/svm-temp\/wp-content\/uploads\/2022\/04\/p-vrpromenad-ett-stenkast-frn-kusten.png","width":280,"height":210},{"@type":"BreadcrumbList","@id":"https:\/\/lightweb.dev\/l\/svm-temp\/artiklar\/pa-varpromenad-ett-stenkast-fran-kusten\/#breadcrumb","itemListElement":[{"@type":"ListItem","position":1,"name":"Hem","item":"https:\/\/lightweb.dev\/l\/svm-temp\/"},{"@type":"ListItem","position":2,"name":"P\u00e5 v\u00e5rpromenad ett stenkast fr\u00e5n kusten"}]},{"@type":"WebSite","@id":"https:\/\/lightweb.dev\/l\/svm-temp\/#website","url":"https:\/\/lightweb.dev\/l\/svm-temp\/","name":"Svenska Magasinet","description":"Dina Spanska nyheter p&aring; Svenska","publisher":{"@id":"https:\/\/lightweb.dev\/l\/svm-temp\/#organization"},"potentialAction":[{"@type":"SearchAction","target":{"@type":"EntryPoint","urlTemplate":"https:\/\/lightweb.dev\/l\/svm-temp\/?s={search_term_string}"},"query-input":{"@type":"PropertyValueSpecification","valueRequired":true,"valueName":"search_term_string"}}],"inLanguage":"sv-SE"},{"@type":"Organization","@id":"https:\/\/lightweb.dev\/l\/svm-temp\/#organization","name":"Melkerson y Nott SL","alternateName":"Svenska Magasinet","url":"https:\/\/lightweb.dev\/l\/svm-temp\/","logo":{"@type":"ImageObject","inLanguage":"sv-SE","@id":"https:\/\/lightweb.dev\/l\/svm-temp\/#\/schema\/logo\/image\/","url":"https:\/\/lightweb.dev\/l\/svm-temp\/wp-content\/uploads\/2025\/02\/SvM-logo-Xtra-Centrerad-SVART.png","contentUrl":"https:\/\/lightweb.dev\/l\/svm-temp\/wp-content\/uploads\/2025\/02\/SvM-logo-Xtra-Centrerad-SVART.png","width":300,"height":99,"caption":"Melkerson y Nott SL"},"image":{"@id":"https:\/\/lightweb.dev\/l\/svm-temp\/#\/schema\/logo\/image\/"},"sameAs":["https:\/\/www.facebook.com\/svenskamagasinet","https:\/\/x.com\/SvenskaMagasine"]},{"@type":"Person","@id":"https:\/\/lightweb.dev\/l\/svm-temp\/#\/schema\/person\/206a3bda5b607b0c25e1749191e4d837","name":"Redaktionen SvM","description":"Redaktionen","sameAs":["https:\/\/lightweb.dev\/l\/svm-temp"],"url":"https:\/\/lightweb.dev\/l\/svm-temp\/reporter\/redaktionen\/"}]}},"_links":{"self":[{"href":"https:\/\/lightweb.dev\/l\/svm-temp\/wp-json\/wp\/v2\/posts\/1911","targetHints":{"allow":["GET"]}}],"collection":[{"href":"https:\/\/lightweb.dev\/l\/svm-temp\/wp-json\/wp\/v2\/posts"}],"about":[{"href":"https:\/\/lightweb.dev\/l\/svm-temp\/wp-json\/wp\/v2\/types\/post"}],"author":[{"embeddable":true,"href":"https:\/\/lightweb.dev\/l\/svm-temp\/wp-json\/wp\/v2\/users\/8"}],"replies":[{"embeddable":true,"href":"https:\/\/lightweb.dev\/l\/svm-temp\/wp-json\/wp\/v2\/comments?post=1911"}],"version-history":[{"count":0,"href":"https:\/\/lightweb.dev\/l\/svm-temp\/wp-json\/wp\/v2\/posts\/1911\/revisions"}],"wp:featuredmedia":[{"embeddable":true,"href":"https:\/\/lightweb.dev\/l\/svm-temp\/wp-json\/wp\/v2\/media\/1912"}],"wp:attachment":[{"href":"https:\/\/lightweb.dev\/l\/svm-temp\/wp-json\/wp\/v2\/media?parent=1911"}],"wp:term":[{"taxonomy":"category","embeddable":true,"href":"https:\/\/lightweb.dev\/l\/svm-temp\/wp-json\/wp\/v2\/categories?post=1911"},{"taxonomy":"post_tag","embeddable":true,"href":"https:\/\/lightweb.dev\/l\/svm-temp\/wp-json\/wp\/v2\/tags?post=1911"}],"curies":[{"name":"wp","href":"https:\/\/api.w.org\/{rel}","templated":true}]}}