{"id":1915,"date":"2007-01-29T00:00:00","date_gmt":"2007-01-28T23:00:00","guid":{"rendered":"https:\/\/lightweb.dev\/l\/svm-temp\/spanjoren-som-ar-pr-man-for-sverige-pa-solkusten\/"},"modified":"2007-01-29T00:00:00","modified_gmt":"2007-01-28T23:00:00","slug":"spanjoren-som-ar-pr-man-for-sverige-pa-solkusten","status":"publish","type":"post","link":"https:\/\/lightweb.dev\/l\/svm-temp\/artiklar\/spanjoren-som-ar-pr-man-for-sverige-pa-solkusten\/","title":{"rendered":"Spanjoren som \u00e4r PR-man f\u00f6r Sverige p\u00e5 Solkusten"},"content":{"rendered":"<p> Jos\u00e9 Moreno \u00e4r svensk ambassad\u00f6r p\u00e5 Solkusten. Jag har under mitt yrkesverksamma liv som journalist p\u00e5 Solkusten i snart tretton \u00e5r inte tr\u00e4ffat n\u00e5gon som brinner f\u00f6r Sverige och svensk kultur som Jos\u00e9 Moreno, 60 \u00e5r. I Nerja kallas han f\u00f6r \u201dJos\u00e9 el sueco\u201d. Av Ola Josefsson<\/p>\n<p>Nerja-sonen Jos\u00e9 \u00e4r ingen spansk medel-jos\u00e9, snarare en riktig medelsvensson. L\u00e4gg till hans stora st\u00e4ndiga leende och hans intensitet n\u00e4r han talar sig varm om Alfta, Edsbyn och H\u00e4lsingland d\u00e4r han inte hade en tr\u00e5kig dag.<br \/>\n-Jag kom till ett nytt land, en annan kultur och fick en ny familj.<\/p>\n<p>K\u00e4rleken<br \/>\nDessf\u00f6rinnan hade han i Nerja tr\u00e4ffat sin stora k\u00e4rlek f\u00f6r \u00f6ver trettio \u00e5r sedan. Med Eva \u00d6stling flyttade han till kulturbygden i H\u00e4lsingland.<br \/>\n-Ska jag bo i Sverige m\u00e5ste jag b\u00f6rja r\u00f6ra p\u00e5 mig, det g\u00f6r man i Sverige. Jag var helt enkelt tvungen att g\u00f6ra n\u00e5got, att integrera mig i det svenska samh\u00e4llet, ber\u00e4ttar Jos\u00e9 Morena.<br \/>\nNerja-Jos\u00e9 kom att bli en av Sveriges allra b\u00e4sta lingonplockare, som b\u00e4st placerade han sig p\u00e5 tredjeplats vid SM i lingonplockning i konkurrens med 270 andra plus Tore Skogman som prisutdelare. Han fullf\u00f6ljde fyra Stockholm maraton, fyra Liding\u00f6loppet, cyklade V\u00e4tternrundan och stakade sig igenom tv\u00e5 Vasaloppet. Han deltog i Edsbyns egen klassiker med simning, vandring, skidor och l\u00f6pning.<\/p>\n<p>Surstr\u00f6mmingsrekord<br \/>\nHan hade ocks\u00e5 del i rekordet n\u00e4r 1.325 personer var samlade i Alfta till Surstr\u00f6mmingsskiva 1997, ett rekord som publicerades i Guiness rekordbok det \u00e5ret. Aldrig n\u00e5gonsin hade s\u00e5 m\u00e5nga samlats p\u00e5 ett och samma st\u00e4lle f\u00f6r att avnjuta Norrlands l\u00e4ckerhet (jo, undertecknad gillar det\u2026).<br \/>\nDen som vill ta del av Jos\u00e9s bedrifter ska bes\u00f6ka restaurang La Capilla del Mar som drivs av Jos\u00e9 och Eva sedan snart tv\u00e5 \u00e5r. Efter 29 \u00e5r i Alfta gick flyttlasset till Nerja d\u00e4r han nu serverar sina ber\u00f6mda flamberade j\u00e4tter\u00e4kor.<br \/>\nI en h\u00f6rna av restaurangen \u00e4r v\u00e4ggarna t\u00e4ckta av vimplar fr\u00e5n idrottsf\u00f6reningar i Sverige. H\u00e4r h\u00e4nger svenska m\u00e4starna i bandy, Edsbyn, tillsammans med en glad Jos\u00e9 i Vasaloppssp\u00e5ret eller Edsbyns matchtr\u00f6ja med autografer, en g\u00e5va fr\u00e5n bandyliraren Hasse Johansson.<\/p>\n<p>Vad \u00e4r skillnaden mellan Sverige och Spanien?<br \/>\n-Det \u00e4r stor skillnad p\u00e5 livet i Spanien och Sverige. N\u00e4r jag flyttade till Sverige f\u00f6rstod jag att det inte \u00e4r stranden, pilsner p\u00e5 baren och fotboll som g\u00e4ller. Sverige har s\u00e5 mycket mer, s\u00e4ger Jos\u00e9 \u00f6vertygande.<br \/>\n-Under mina \u00e5r i Sverige l\u00e4rde jag verkligen k\u00e4nna landet. Naturen med sina skiftningar, vintern och sn\u00f6n som skapade nya m\u00f6jligheter till upplevelser f\u00f6r mig fr\u00e5n lilla Nerja.<br \/>\n-Och allt g\u00e5r s\u00e5 mycket snabbare i Sverige, till\u00e4gger Jos\u00e9. H\u00e4r i Spanien ringer jag efter r\u00f6rmokaren eller elektrikern, som inte kommer p\u00e5 avtalad tid. Jag har blivit f\u00f6r\u00e4ndrad i mitt t\u00e4nkes\u00e4tt efter \u00e5ren i Sverige. Nu accepterar jag inte saker som jag tidigare gjorde.<\/p>\n<p>Tulpaner och minusgrader<br \/>\nJos\u00e9 Moreno b\u00f6rjade f\u00f6rst som tr\u00e4dg\u00e5rdsm\u00e4stare i Alfta d\u00e4r han odlade tulpaner i v\u00e4xthus.<br \/>\n-Jag fick vara med och riva de gamla v\u00e4xthusen i Edsbyn. Det var 15 grader kallt och jag trodde jag skulle frysa ihj\u00e4l.<br \/>\nHan blev senare president i Lions lokalavdelning och personalman med mera p\u00e5 Nefab i Runemo. Ifjol bes\u00f6kte 22 personer fr\u00e5n Alftalejonen Jos\u00e9 och hans restaurang.<\/p>\n<p>Nerja, Alings\u00e5s, Alfta<br \/>\nN\u00e4r Svenska Magasinet m\u00f6ter Sveriges ambassad\u00f6r p\u00e5 Solkusten, Jos\u00e9 Moreno, \u00e4r Eva p\u00e5 Teneriffa och f\u00e5r behandling vid Vintersol f\u00f6r sin reumatism. Dottern Maria bor i Alings\u00e5s d\u00e4r hon driver tapasbaren Carmens Bodega.<br \/>\nJos\u00e9 och Eva har ett fritidshus i Skr\u00e4ddrabo, Alfta, ett riktigt paradis inte l\u00e5ngt fr\u00e5n M\u00e5ll\u00e5ngens strand som de bes\u00f6ker sommartid. H\u00e4r \u00e4gnar de sig mest \u00e5t att bada, g\u00e5 i skogen eller bara ta det lugnt. Sedan blir det en tripp till dottern Maria i Alings\u00e5s.<\/p>\n<p>Internationellt k\u00f6k<br \/>\nRestaurangen Capilla del Mar var fr\u00e5n b\u00f6rjan en enkel bar han hittade p\u00e5 Internet. En av anledningarna till \u00e5terflytten \u00e4r att Jos\u00e9 passerat de 60, och han vill uppleva Nerja \u00e5terigen som pigg och frisk innan \u00e5lderdomen s\u00e4tter stopp f\u00f6r nya satsningar.<br \/>\nCapilla del Mar \u00e4r en internationell restaurang med Rudi Brand, svensk med tyska r\u00f6tter, som k\u00f6kschef. Ett internationellt k\u00f6k kombinerat med svenska och spanska r\u00e4tter och givetvis svenskt julbord.<\/p>\n<p>New York n\u00e4sta<br \/>\nUnder \u00e5rens lopp har Jos\u00e9 Moreno blivit omskriven i svensk press. Han visar mig pressklippen kring alla evenemang som han har haft ett finger med i. Fr\u00e5n lokaltidningen Ljusnan, Allas veckotidning med rubriken \u201dVad \u00e4r M\u00e1laga mot Alfta\u201d. I Svensk Damtidning v\u00e5ren 2007 presenteras han under artikelserien \u201dSvenska kockar p\u00e5 Solkusten\u201d.<br \/>\nI h\u00f6stas fyllde Jos\u00e9 60 \u00e5r. F\u00f6delsedagspresenten fr\u00e5n familjen blev n\u00e5got alldeles extra. En resa till New York f\u00f6r att springa New York Marathon den 2 november 2008.<br \/>\nVi gissar att Jos\u00e9 kommer att genomf\u00f6ra det projektet ocks\u00e5. <\/p>\n","protected":false},"excerpt":{"rendered":"<p>Jos\u00e9 Moreno \u00e4r svensk ambassad\u00f6r p\u00e5 Solkusten. Jag har under mitt yrkesverksamma liv som journalist p\u00e5 Solkusten i snart tretton \u00e5r inte tr\u00e4ffat n\u00e5gon som brinner f\u00f6r Sverige och svensk kultur som Jos\u00e9 Moreno, 60 \u00e5r. I Nerja kallas han f\u00f6r \u201dJos\u00e9 el sueco\u201d. Av Ola Josefsson Nerja-sonen Jos\u00e9 \u00e4r ingen spansk medel-jos\u00e9, snarare en [&hellip;]<\/p>\n","protected":false},"author":8,"featured_media":1916,"comment_status":"open","ping_status":"open","sticky":false,"template":"","format":"standard","meta":{"_et_pb_use_builder":"","_et_pb_old_content":"","_et_gb_content_width":"","footnotes":""},"categories":[396,4],"tags":[],"class_list":["post-1915","post","type-post","status-publish","format-standard","has-post-thumbnail","hentry","category-arkiv-artiklar","category-artiklar"],"yoast_head":"<!-- This site is optimized with the Yoast SEO Premium plugin v26.2 (Yoast SEO v27.4) - https:\/\/yoast.com\/product\/yoast-seo-premium-wordpress\/ -->\n<title>Spanjoren som \u00e4r PR-man f\u00f6r Sverige p\u00e5 Solkusten - Svenska Magasinet<\/title>\n<meta name=\"robots\" content=\"noindex, follow, max-snippet:-1, max-image-preview:large, max-video-preview:-1\" \/>\n<meta property=\"og:locale\" content=\"sv_SE\" \/>\n<meta property=\"og:type\" content=\"article\" \/>\n<meta property=\"og:title\" content=\"Spanjoren som \u00e4r PR-man f\u00f6r Sverige p\u00e5 Solkusten\" \/>\n<meta property=\"og:description\" content=\"Jos\u00e9 Moreno \u00e4r svensk ambassad\u00f6r p\u00e5 Solkusten. Jag har under mitt yrkesverksamma liv som journalist p\u00e5 Solkusten i snart tretton \u00e5r inte tr\u00e4ffat n\u00e5gon som brinner f\u00f6r Sverige och svensk kultur som Jos\u00e9 Moreno, 60 \u00e5r. I Nerja kallas han f\u00f6r \u201dJos\u00e9 el sueco\u201d. Av Ola Josefsson Nerja-sonen Jos\u00e9 \u00e4r ingen spansk medel-jos\u00e9, snarare en [&hellip;]\" \/>\n<meta property=\"og:url\" content=\"https:\/\/lightweb.dev\/l\/svm-temp\/artiklar\/spanjoren-som-ar-pr-man-for-sverige-pa-solkusten\/\" \/>\n<meta property=\"og:site_name\" content=\"Svenska Magasinet\" \/>\n<meta property=\"article:publisher\" content=\"https:\/\/www.facebook.com\/svenskamagasinet\" \/>\n<meta property=\"article:published_time\" content=\"2007-01-28T23:00:00+00:00\" \/>\n<meta property=\"og:image\" content=\"https:\/\/lightweb.dev\/l\/svm-temp\/wp-content\/uploads\/2022\/04\/spanjoren-som-r-pr-man-fr-sverige-p-solkusten.png\" \/>\n\t<meta property=\"og:image:width\" content=\"280\" \/>\n\t<meta property=\"og:image:height\" content=\"210\" \/>\n\t<meta property=\"og:image:type\" content=\"image\/png\" \/>\n<meta name=\"author\" content=\"Redaktionen SvM\" \/>\n<meta name=\"twitter:card\" content=\"summary_large_image\" \/>\n<meta name=\"twitter:creator\" content=\"@SvenskaMagasine\" \/>\n<meta name=\"twitter:site\" content=\"@SvenskaMagasine\" \/>\n<script type=\"application\/ld+json\" class=\"yoast-schema-graph\">{\"@context\":\"https:\\\/\\\/schema.org\",\"@graph\":[{\"@type\":\"Article\",\"@id\":\"https:\\\/\\\/lightweb.dev\\\/l\\\/svm-temp\\\/artiklar\\\/spanjoren-som-ar-pr-man-for-sverige-pa-solkusten\\\/#article\",\"isPartOf\":{\"@id\":\"https:\\\/\\\/lightweb.dev\\\/l\\\/svm-temp\\\/artiklar\\\/spanjoren-som-ar-pr-man-for-sverige-pa-solkusten\\\/\"},\"author\":{\"name\":\"Redaktionen SvM\",\"@id\":\"https:\\\/\\\/lightweb.dev\\\/l\\\/svm-temp\\\/#\\\/schema\\\/person\\\/206a3bda5b607b0c25e1749191e4d837\"},\"headline\":\"Spanjoren som \u00e4r PR-man f\u00f6r Sverige p\u00e5 Solkusten\",\"datePublished\":\"2007-01-28T23:00:00+00:00\",\"mainEntityOfPage\":{\"@id\":\"https:\\\/\\\/lightweb.dev\\\/l\\\/svm-temp\\\/artiklar\\\/spanjoren-som-ar-pr-man-for-sverige-pa-solkusten\\\/\"},\"wordCount\":888,\"commentCount\":0,\"publisher\":{\"@id\":\"https:\\\/\\\/lightweb.dev\\\/l\\\/svm-temp\\\/#organization\"},\"image\":{\"@id\":\"https:\\\/\\\/lightweb.dev\\\/l\\\/svm-temp\\\/artiklar\\\/spanjoren-som-ar-pr-man-for-sverige-pa-solkusten\\\/#primaryimage\"},\"thumbnailUrl\":\"https:\\\/\\\/lightweb.dev\\\/l\\\/svm-temp\\\/wp-content\\\/uploads\\\/2022\\\/04\\\/spanjoren-som-r-pr-man-fr-sverige-p-solkusten.png\",\"articleSection\":[\"Arkiv\",\"Artiklar\"],\"inLanguage\":\"sv-SE\"},{\"@type\":\"WebPage\",\"@id\":\"https:\\\/\\\/lightweb.dev\\\/l\\\/svm-temp\\\/artiklar\\\/spanjoren-som-ar-pr-man-for-sverige-pa-solkusten\\\/\",\"url\":\"https:\\\/\\\/lightweb.dev\\\/l\\\/svm-temp\\\/artiklar\\\/spanjoren-som-ar-pr-man-for-sverige-pa-solkusten\\\/\",\"name\":\"Spanjoren som \u00e4r PR-man f\u00f6r Sverige p\u00e5 Solkusten - Svenska Magasinet\",\"isPartOf\":{\"@id\":\"https:\\\/\\\/lightweb.dev\\\/l\\\/svm-temp\\\/#website\"},\"primaryImageOfPage\":{\"@id\":\"https:\\\/\\\/lightweb.dev\\\/l\\\/svm-temp\\\/artiklar\\\/spanjoren-som-ar-pr-man-for-sverige-pa-solkusten\\\/#primaryimage\"},\"image\":{\"@id\":\"https:\\\/\\\/lightweb.dev\\\/l\\\/svm-temp\\\/artiklar\\\/spanjoren-som-ar-pr-man-for-sverige-pa-solkusten\\\/#primaryimage\"},\"thumbnailUrl\":\"https:\\\/\\\/lightweb.dev\\\/l\\\/svm-temp\\\/wp-content\\\/uploads\\\/2022\\\/04\\\/spanjoren-som-r-pr-man-fr-sverige-p-solkusten.png\",\"datePublished\":\"2007-01-28T23:00:00+00:00\",\"breadcrumb\":{\"@id\":\"https:\\\/\\\/lightweb.dev\\\/l\\\/svm-temp\\\/artiklar\\\/spanjoren-som-ar-pr-man-for-sverige-pa-solkusten\\\/#breadcrumb\"},\"inLanguage\":\"sv-SE\",\"potentialAction\":[{\"@type\":\"ReadAction\",\"target\":[\"https:\\\/\\\/lightweb.dev\\\/l\\\/svm-temp\\\/artiklar\\\/spanjoren-som-ar-pr-man-for-sverige-pa-solkusten\\\/\"]}]},{\"@type\":\"ImageObject\",\"inLanguage\":\"sv-SE\",\"@id\":\"https:\\\/\\\/lightweb.dev\\\/l\\\/svm-temp\\\/artiklar\\\/spanjoren-som-ar-pr-man-for-sverige-pa-solkusten\\\/#primaryimage\",\"url\":\"https:\\\/\\\/lightweb.dev\\\/l\\\/svm-temp\\\/wp-content\\\/uploads\\\/2022\\\/04\\\/spanjoren-som-r-pr-man-fr-sverige-p-solkusten.png\",\"contentUrl\":\"https:\\\/\\\/lightweb.dev\\\/l\\\/svm-temp\\\/wp-content\\\/uploads\\\/2022\\\/04\\\/spanjoren-som-r-pr-man-fr-sverige-p-solkusten.png\",\"width\":280,\"height\":210},{\"@type\":\"BreadcrumbList\",\"@id\":\"https:\\\/\\\/lightweb.dev\\\/l\\\/svm-temp\\\/artiklar\\\/spanjoren-som-ar-pr-man-for-sverige-pa-solkusten\\\/#breadcrumb\",\"itemListElement\":[{\"@type\":\"ListItem\",\"position\":1,\"name\":\"Hem\",\"item\":\"https:\\\/\\\/lightweb.dev\\\/l\\\/svm-temp\\\/\"},{\"@type\":\"ListItem\",\"position\":2,\"name\":\"Spanjoren som \u00e4r PR-man f\u00f6r Sverige p\u00e5 Solkusten\"}]},{\"@type\":\"WebSite\",\"@id\":\"https:\\\/\\\/lightweb.dev\\\/l\\\/svm-temp\\\/#website\",\"url\":\"https:\\\/\\\/lightweb.dev\\\/l\\\/svm-temp\\\/\",\"name\":\"Svenska Magasinet\",\"description\":\"Dina Spanska nyheter p&aring; Svenska\",\"publisher\":{\"@id\":\"https:\\\/\\\/lightweb.dev\\\/l\\\/svm-temp\\\/#organization\"},\"potentialAction\":[{\"@type\":\"SearchAction\",\"target\":{\"@type\":\"EntryPoint\",\"urlTemplate\":\"https:\\\/\\\/lightweb.dev\\\/l\\\/svm-temp\\\/?s={search_term_string}\"},\"query-input\":{\"@type\":\"PropertyValueSpecification\",\"valueRequired\":true,\"valueName\":\"search_term_string\"}}],\"inLanguage\":\"sv-SE\"},{\"@type\":\"Organization\",\"@id\":\"https:\\\/\\\/lightweb.dev\\\/l\\\/svm-temp\\\/#organization\",\"name\":\"Melkerson y Nott SL\",\"alternateName\":\"Svenska Magasinet\",\"url\":\"https:\\\/\\\/lightweb.dev\\\/l\\\/svm-temp\\\/\",\"logo\":{\"@type\":\"ImageObject\",\"inLanguage\":\"sv-SE\",\"@id\":\"https:\\\/\\\/lightweb.dev\\\/l\\\/svm-temp\\\/#\\\/schema\\\/logo\\\/image\\\/\",\"url\":\"https:\\\/\\\/lightweb.dev\\\/l\\\/svm-temp\\\/wp-content\\\/uploads\\\/2025\\\/02\\\/SvM-logo-Xtra-Centrerad-SVART.png\",\"contentUrl\":\"https:\\\/\\\/lightweb.dev\\\/l\\\/svm-temp\\\/wp-content\\\/uploads\\\/2025\\\/02\\\/SvM-logo-Xtra-Centrerad-SVART.png\",\"width\":300,\"height\":99,\"caption\":\"Melkerson y Nott SL\"},\"image\":{\"@id\":\"https:\\\/\\\/lightweb.dev\\\/l\\\/svm-temp\\\/#\\\/schema\\\/logo\\\/image\\\/\"},\"sameAs\":[\"https:\\\/\\\/www.facebook.com\\\/svenskamagasinet\",\"https:\\\/\\\/x.com\\\/SvenskaMagasine\"]},{\"@type\":\"Person\",\"@id\":\"https:\\\/\\\/lightweb.dev\\\/l\\\/svm-temp\\\/#\\\/schema\\\/person\\\/206a3bda5b607b0c25e1749191e4d837\",\"name\":\"Redaktionen SvM\",\"description\":\"Redaktionen\",\"sameAs\":[\"https:\\\/\\\/lightweb.dev\\\/l\\\/svm-temp\"],\"url\":\"https:\\\/\\\/lightweb.dev\\\/l\\\/svm-temp\\\/reporter\\\/redaktionen\\\/\"}]}<\/script>\n<!-- \/ Yoast SEO Premium plugin. -->","yoast_head_json":{"title":"Spanjoren som \u00e4r PR-man f\u00f6r Sverige p\u00e5 Solkusten - Svenska Magasinet","robots":{"index":"noindex","follow":"follow","max-snippet":"max-snippet:-1","max-image-preview":"max-image-preview:large","max-video-preview":"max-video-preview:-1"},"og_locale":"sv_SE","og_type":"article","og_title":"Spanjoren som \u00e4r PR-man f\u00f6r Sverige p\u00e5 Solkusten","og_description":"Jos\u00e9 Moreno \u00e4r svensk ambassad\u00f6r p\u00e5 Solkusten. Jag har under mitt yrkesverksamma liv som journalist p\u00e5 Solkusten i snart tretton \u00e5r inte tr\u00e4ffat n\u00e5gon som brinner f\u00f6r Sverige och svensk kultur som Jos\u00e9 Moreno, 60 \u00e5r. I Nerja kallas han f\u00f6r \u201dJos\u00e9 el sueco\u201d. Av Ola Josefsson Nerja-sonen Jos\u00e9 \u00e4r ingen spansk medel-jos\u00e9, snarare en [&hellip;]","og_url":"https:\/\/lightweb.dev\/l\/svm-temp\/artiklar\/spanjoren-som-ar-pr-man-for-sverige-pa-solkusten\/","og_site_name":"Svenska Magasinet","article_publisher":"https:\/\/www.facebook.com\/svenskamagasinet","article_published_time":"2007-01-28T23:00:00+00:00","og_image":[{"width":280,"height":210,"url":"https:\/\/lightweb.dev\/l\/svm-temp\/wp-content\/uploads\/2022\/04\/spanjoren-som-r-pr-man-fr-sverige-p-solkusten.png","type":"image\/png"}],"author":"Redaktionen SvM","twitter_card":"summary_large_image","twitter_creator":"@SvenskaMagasine","twitter_site":"@SvenskaMagasine","schema":{"@context":"https:\/\/schema.org","@graph":[{"@type":"Article","@id":"https:\/\/lightweb.dev\/l\/svm-temp\/artiklar\/spanjoren-som-ar-pr-man-for-sverige-pa-solkusten\/#article","isPartOf":{"@id":"https:\/\/lightweb.dev\/l\/svm-temp\/artiklar\/spanjoren-som-ar-pr-man-for-sverige-pa-solkusten\/"},"author":{"name":"Redaktionen SvM","@id":"https:\/\/lightweb.dev\/l\/svm-temp\/#\/schema\/person\/206a3bda5b607b0c25e1749191e4d837"},"headline":"Spanjoren som \u00e4r PR-man f\u00f6r Sverige p\u00e5 Solkusten","datePublished":"2007-01-28T23:00:00+00:00","mainEntityOfPage":{"@id":"https:\/\/lightweb.dev\/l\/svm-temp\/artiklar\/spanjoren-som-ar-pr-man-for-sverige-pa-solkusten\/"},"wordCount":888,"commentCount":0,"publisher":{"@id":"https:\/\/lightweb.dev\/l\/svm-temp\/#organization"},"image":{"@id":"https:\/\/lightweb.dev\/l\/svm-temp\/artiklar\/spanjoren-som-ar-pr-man-for-sverige-pa-solkusten\/#primaryimage"},"thumbnailUrl":"https:\/\/lightweb.dev\/l\/svm-temp\/wp-content\/uploads\/2022\/04\/spanjoren-som-r-pr-man-fr-sverige-p-solkusten.png","articleSection":["Arkiv","Artiklar"],"inLanguage":"sv-SE"},{"@type":"WebPage","@id":"https:\/\/lightweb.dev\/l\/svm-temp\/artiklar\/spanjoren-som-ar-pr-man-for-sverige-pa-solkusten\/","url":"https:\/\/lightweb.dev\/l\/svm-temp\/artiklar\/spanjoren-som-ar-pr-man-for-sverige-pa-solkusten\/","name":"Spanjoren som \u00e4r PR-man f\u00f6r Sverige p\u00e5 Solkusten - Svenska Magasinet","isPartOf":{"@id":"https:\/\/lightweb.dev\/l\/svm-temp\/#website"},"primaryImageOfPage":{"@id":"https:\/\/lightweb.dev\/l\/svm-temp\/artiklar\/spanjoren-som-ar-pr-man-for-sverige-pa-solkusten\/#primaryimage"},"image":{"@id":"https:\/\/lightweb.dev\/l\/svm-temp\/artiklar\/spanjoren-som-ar-pr-man-for-sverige-pa-solkusten\/#primaryimage"},"thumbnailUrl":"https:\/\/lightweb.dev\/l\/svm-temp\/wp-content\/uploads\/2022\/04\/spanjoren-som-r-pr-man-fr-sverige-p-solkusten.png","datePublished":"2007-01-28T23:00:00+00:00","breadcrumb":{"@id":"https:\/\/lightweb.dev\/l\/svm-temp\/artiklar\/spanjoren-som-ar-pr-man-for-sverige-pa-solkusten\/#breadcrumb"},"inLanguage":"sv-SE","potentialAction":[{"@type":"ReadAction","target":["https:\/\/lightweb.dev\/l\/svm-temp\/artiklar\/spanjoren-som-ar-pr-man-for-sverige-pa-solkusten\/"]}]},{"@type":"ImageObject","inLanguage":"sv-SE","@id":"https:\/\/lightweb.dev\/l\/svm-temp\/artiklar\/spanjoren-som-ar-pr-man-for-sverige-pa-solkusten\/#primaryimage","url":"https:\/\/lightweb.dev\/l\/svm-temp\/wp-content\/uploads\/2022\/04\/spanjoren-som-r-pr-man-fr-sverige-p-solkusten.png","contentUrl":"https:\/\/lightweb.dev\/l\/svm-temp\/wp-content\/uploads\/2022\/04\/spanjoren-som-r-pr-man-fr-sverige-p-solkusten.png","width":280,"height":210},{"@type":"BreadcrumbList","@id":"https:\/\/lightweb.dev\/l\/svm-temp\/artiklar\/spanjoren-som-ar-pr-man-for-sverige-pa-solkusten\/#breadcrumb","itemListElement":[{"@type":"ListItem","position":1,"name":"Hem","item":"https:\/\/lightweb.dev\/l\/svm-temp\/"},{"@type":"ListItem","position":2,"name":"Spanjoren som \u00e4r PR-man f\u00f6r Sverige p\u00e5 Solkusten"}]},{"@type":"WebSite","@id":"https:\/\/lightweb.dev\/l\/svm-temp\/#website","url":"https:\/\/lightweb.dev\/l\/svm-temp\/","name":"Svenska Magasinet","description":"Dina Spanska nyheter p&aring; Svenska","publisher":{"@id":"https:\/\/lightweb.dev\/l\/svm-temp\/#organization"},"potentialAction":[{"@type":"SearchAction","target":{"@type":"EntryPoint","urlTemplate":"https:\/\/lightweb.dev\/l\/svm-temp\/?s={search_term_string}"},"query-input":{"@type":"PropertyValueSpecification","valueRequired":true,"valueName":"search_term_string"}}],"inLanguage":"sv-SE"},{"@type":"Organization","@id":"https:\/\/lightweb.dev\/l\/svm-temp\/#organization","name":"Melkerson y Nott SL","alternateName":"Svenska Magasinet","url":"https:\/\/lightweb.dev\/l\/svm-temp\/","logo":{"@type":"ImageObject","inLanguage":"sv-SE","@id":"https:\/\/lightweb.dev\/l\/svm-temp\/#\/schema\/logo\/image\/","url":"https:\/\/lightweb.dev\/l\/svm-temp\/wp-content\/uploads\/2025\/02\/SvM-logo-Xtra-Centrerad-SVART.png","contentUrl":"https:\/\/lightweb.dev\/l\/svm-temp\/wp-content\/uploads\/2025\/02\/SvM-logo-Xtra-Centrerad-SVART.png","width":300,"height":99,"caption":"Melkerson y Nott SL"},"image":{"@id":"https:\/\/lightweb.dev\/l\/svm-temp\/#\/schema\/logo\/image\/"},"sameAs":["https:\/\/www.facebook.com\/svenskamagasinet","https:\/\/x.com\/SvenskaMagasine"]},{"@type":"Person","@id":"https:\/\/lightweb.dev\/l\/svm-temp\/#\/schema\/person\/206a3bda5b607b0c25e1749191e4d837","name":"Redaktionen SvM","description":"Redaktionen","sameAs":["https:\/\/lightweb.dev\/l\/svm-temp"],"url":"https:\/\/lightweb.dev\/l\/svm-temp\/reporter\/redaktionen\/"}]}},"_links":{"self":[{"href":"https:\/\/lightweb.dev\/l\/svm-temp\/wp-json\/wp\/v2\/posts\/1915","targetHints":{"allow":["GET"]}}],"collection":[{"href":"https:\/\/lightweb.dev\/l\/svm-temp\/wp-json\/wp\/v2\/posts"}],"about":[{"href":"https:\/\/lightweb.dev\/l\/svm-temp\/wp-json\/wp\/v2\/types\/post"}],"author":[{"embeddable":true,"href":"https:\/\/lightweb.dev\/l\/svm-temp\/wp-json\/wp\/v2\/users\/8"}],"replies":[{"embeddable":true,"href":"https:\/\/lightweb.dev\/l\/svm-temp\/wp-json\/wp\/v2\/comments?post=1915"}],"version-history":[{"count":0,"href":"https:\/\/lightweb.dev\/l\/svm-temp\/wp-json\/wp\/v2\/posts\/1915\/revisions"}],"wp:featuredmedia":[{"embeddable":true,"href":"https:\/\/lightweb.dev\/l\/svm-temp\/wp-json\/wp\/v2\/media\/1916"}],"wp:attachment":[{"href":"https:\/\/lightweb.dev\/l\/svm-temp\/wp-json\/wp\/v2\/media?parent=1915"}],"wp:term":[{"taxonomy":"category","embeddable":true,"href":"https:\/\/lightweb.dev\/l\/svm-temp\/wp-json\/wp\/v2\/categories?post=1915"},{"taxonomy":"post_tag","embeddable":true,"href":"https:\/\/lightweb.dev\/l\/svm-temp\/wp-json\/wp\/v2\/tags?post=1915"}],"curies":[{"name":"wp","href":"https:\/\/api.w.org\/{rel}","templated":true}]}}