{"id":1917,"date":"2007-01-26T00:00:00","date_gmt":"2007-01-25T23:00:00","guid":{"rendered":"https:\/\/lightweb.dev\/l\/svm-temp\/kalenderarets-makt-over-fondspararna\/"},"modified":"2007-01-26T00:00:00","modified_gmt":"2007-01-25T23:00:00","slug":"kalenderarets-makt-over-fondspararna","status":"publish","type":"post","link":"https:\/\/lightweb.dev\/l\/svm-temp\/artiklar\/kalenderarets-makt-over-fondspararna\/","title":{"rendered":"Kalender\u00e5rets makt \u00f6ver fondspararna."},"content":{"rendered":"<p> Egentligen skulle jag velat skriva om risk och avkastning och hur man s\u00e4tter ihop sin fondportf\u00f6lj. Men, det har ju alldeles nyss blivit ett nytt \u00e5r. Och Kalender\u00e5ret har f\u00e5tt en m\u00e4rklig makt \u00f6ver v\u00e5r tillvaro p\u00e5 m\u00e5nga s\u00e4tt. Det g\u00e4ller ocks\u00e5 ofta hur vi r\u00e4knar v\u00e5ra pengar. F\u00f6r m\u00e5nga \u00e4r det sk\u00f6nt att b\u00f6rja om p\u00e5 ny r\u00e4kning \u2013 inte minst f\u00f6r fondsparare (eller fondf\u00f6rvaltare) med knackiga resultat f\u00f6rra \u00e5ret.  Kalender\u00e5ret 2006 var ocks\u00e5 ganska intressant. I mitten p\u00e5 sommaren var bara n\u00e5gra f\u00e5 fondkategorier p\u00e5 plus. B\u00f6rsen hade kraschat ihop i maj, och svenska aktiefonder drogs med minustecken i \u00e5rskolumnen. En b\u00f6rsh\u00f6st senare visade det sig att 2006 blev ett j\u00e4ttebra \u00e5r f\u00f6r m\u00e5nga fonder. B\u00e4st gick bl a fonder som investerade i tillv\u00e4xtmarknader som Kina (+53%), Latinamerika (+21%) och Ryssland (+32%). \u00c4ven investerare i svenska aktiefonder kunde fira ny\u00e5r med riktigt bra uppg\u00e5ngar (+21%).  B\u00f6rsnedg\u00e5ngen i maj har d\u00e4rmed inte \u00e4gt rum. Kalender\u00e5ret blev ju bra till slut.<\/p>\n<p>Alla fonder gick inte bra <\/p>\n<p>Men om \u00e5ret har varit s\u00e5 bra, varf\u00f6r har inte mina fonder g\u00e5tt upp s\u00e5 mycket?<\/p>\n<p>Jo, det beror lite p\u00e5 i vilken valuta man r\u00e4knar sin f\u00f6rm\u00f6genhet. F\u00f6r dig som r\u00e4knar den i Euro s\u00e5 blev det i vissa fall lite b\u00e4ttre, \u00e4n f\u00f6r dig som r\u00e4knar i Svenska kronor.<\/p>\n<p>Oavsett, s\u00e5 har \u00e5rets f\u00f6rlorare bl a varit fonder som har amerikanska dollar som bas. F\u00f6rutom rena USA-fonder s\u00e5 g\u00e4ller det ocks\u00e5 de vanliga globalfonderna. Dessa har ungef\u00e4r h\u00e4lften av sina tillg\u00e5ngar i USA. Dollarn f\u00f6rsvagades med ca 15 % mot svenska kronan f\u00f6rra \u00e5ret och ca 10 % mot Euron. Detta p\u00e5verkar direkt v\u00e4rdet p\u00e5 v\u00e5ra fonder. S\u00e5 vid \u00e5rsbokslutet hade V\u00e4rldsindex stigit med m\u00e5ttliga 1,8 %, r\u00e4knat i svenska kronor. USA-index f\u00f6ll med 3 %. <\/p>\n<p>Kalender\u00e5rets egentliga betydelse<\/p>\n<p>Men m\u00e5nga av oss har redan gl\u00f6mt bort detta, f\u00f6r nu \u00e4r det nytt kalender\u00e5r. Och det goda b\u00f6rs\u00e5ret 2006 har redan passerat. F\u00f6r \u00f6vrigt s\u00e5 toppas fondlistorna 2007 av amerikanska fonder, bl a f\u00f6r att dollarn nu har stigit med 3 %.<\/p>\n<p>Vad \u00e4r d\u00e5 kontentan av det h\u00e4r resonemanget? Ja, kanske att valutor f\u00e5r stor betydelse f\u00f6r fondernas resultat. Men det visste vi ju redan.<br \/>\nN\u00e4, det viktigaste \u00e4r att Kalender\u00e5rets resultat inte har n\u00e5gon betydelse \u2013 alls! Det sannolika \u00e4r ju \u00e4nd\u00e5 att vi inte investerar den f\u00f6rsta januari och s\u00e4ljer den 31:a december. Det blir n\u00e5gonstans mittemellan \u2013 och ofta n\u00e5got helt annat \u00e5r dessutom.<\/p>\n<p>Det som har betydelse, \u00e4r hur v\u00e5ra fonder g\u00e5r fr\u00e5n det att just vi investerar i dem.  Tills dess att vi s\u00e4ljer. Gl\u00f6m inte det. Kalender\u00e5ret har bara betydelse n\u00e4r man ska reflektera \u00f6ver ett investerings\u00e5r som g\u00e5tt. Eller avge l\u00f6ften inf\u00f6r \u00e5ret som kommer. Som att se \u00f6ver sin fondportf\u00f6lj lite oftare\u2026<\/p>\n<p>God forts\u00e4ttning!<br \/>\nPatric Holmberg, Independent Investment Group<\/p>\n<p>* Samtliga index \u00e4r MSCI landsindex i svenska kronor om inte annat anges.<\/p>\n","protected":false},"excerpt":{"rendered":"<p>Egentligen skulle jag velat skriva om risk och avkastning och hur man s\u00e4tter ihop sin fondportf\u00f6lj. Men, det har ju alldeles nyss blivit ett nytt \u00e5r. Och Kalender\u00e5ret har f\u00e5tt en m\u00e4rklig makt \u00f6ver v\u00e5r tillvaro p\u00e5 m\u00e5nga s\u00e4tt. Det g\u00e4ller ocks\u00e5 ofta hur vi r\u00e4knar v\u00e5ra pengar. F\u00f6r m\u00e5nga \u00e4r det sk\u00f6nt att b\u00f6rja [&hellip;]<\/p>\n","protected":false},"author":8,"featured_media":1918,"comment_status":"open","ping_status":"open","sticky":false,"template":"","format":"standard","meta":{"_et_pb_use_builder":"","_et_pb_old_content":"","_et_gb_content_width":"","footnotes":""},"categories":[396,4],"tags":[],"class_list":["post-1917","post","type-post","status-publish","format-standard","has-post-thumbnail","hentry","category-arkiv-artiklar","category-artiklar"],"yoast_head":"<!-- This site is optimized with the Yoast SEO Premium plugin v26.2 (Yoast SEO v27.4) - https:\/\/yoast.com\/product\/yoast-seo-premium-wordpress\/ -->\n<title>Kalender\u00e5rets makt \u00f6ver fondspararna. - Svenska Magasinet<\/title>\n<meta name=\"robots\" content=\"noindex, follow, max-snippet:-1, max-image-preview:large, max-video-preview:-1\" \/>\n<meta property=\"og:locale\" content=\"sv_SE\" \/>\n<meta property=\"og:type\" content=\"article\" \/>\n<meta property=\"og:title\" content=\"Kalender\u00e5rets makt \u00f6ver fondspararna.\" \/>\n<meta property=\"og:description\" content=\"Egentligen skulle jag velat skriva om risk och avkastning och hur man s\u00e4tter ihop sin fondportf\u00f6lj. Men, det har ju alldeles nyss blivit ett nytt \u00e5r. Och Kalender\u00e5ret har f\u00e5tt en m\u00e4rklig makt \u00f6ver v\u00e5r tillvaro p\u00e5 m\u00e5nga s\u00e4tt. Det g\u00e4ller ocks\u00e5 ofta hur vi r\u00e4knar v\u00e5ra pengar. F\u00f6r m\u00e5nga \u00e4r det sk\u00f6nt att b\u00f6rja [&hellip;]\" \/>\n<meta property=\"og:url\" content=\"https:\/\/lightweb.dev\/l\/svm-temp\/artiklar\/kalenderarets-makt-over-fondspararna\/\" \/>\n<meta property=\"og:site_name\" content=\"Svenska Magasinet\" \/>\n<meta property=\"article:publisher\" content=\"https:\/\/www.facebook.com\/svenskamagasinet\" \/>\n<meta property=\"article:published_time\" content=\"2007-01-25T23:00:00+00:00\" \/>\n<meta property=\"og:image\" content=\"https:\/\/lightweb.dev\/l\/svm-temp\/wp-content\/uploads\/2022\/04\/kalenderrets-makt-ver-fondspararna.png\" \/>\n\t<meta property=\"og:image:width\" content=\"200\" \/>\n\t<meta property=\"og:image:height\" content=\"310\" \/>\n\t<meta property=\"og:image:type\" content=\"image\/png\" \/>\n<meta name=\"author\" content=\"Redaktionen SvM\" \/>\n<meta name=\"twitter:card\" content=\"summary_large_image\" \/>\n<meta name=\"twitter:creator\" content=\"@SvenskaMagasine\" \/>\n<meta name=\"twitter:site\" content=\"@SvenskaMagasine\" \/>\n<script type=\"application\/ld+json\" class=\"yoast-schema-graph\">{\"@context\":\"https:\\\/\\\/schema.org\",\"@graph\":[{\"@type\":\"Article\",\"@id\":\"https:\\\/\\\/lightweb.dev\\\/l\\\/svm-temp\\\/artiklar\\\/kalenderarets-makt-over-fondspararna\\\/#article\",\"isPartOf\":{\"@id\":\"https:\\\/\\\/lightweb.dev\\\/l\\\/svm-temp\\\/artiklar\\\/kalenderarets-makt-over-fondspararna\\\/\"},\"author\":{\"name\":\"Redaktionen SvM\",\"@id\":\"https:\\\/\\\/lightweb.dev\\\/l\\\/svm-temp\\\/#\\\/schema\\\/person\\\/206a3bda5b607b0c25e1749191e4d837\"},\"headline\":\"Kalender\u00e5rets makt \u00f6ver fondspararna.\",\"datePublished\":\"2007-01-25T23:00:00+00:00\",\"mainEntityOfPage\":{\"@id\":\"https:\\\/\\\/lightweb.dev\\\/l\\\/svm-temp\\\/artiklar\\\/kalenderarets-makt-over-fondspararna\\\/\"},\"wordCount\":553,\"commentCount\":0,\"publisher\":{\"@id\":\"https:\\\/\\\/lightweb.dev\\\/l\\\/svm-temp\\\/#organization\"},\"image\":{\"@id\":\"https:\\\/\\\/lightweb.dev\\\/l\\\/svm-temp\\\/artiklar\\\/kalenderarets-makt-over-fondspararna\\\/#primaryimage\"},\"thumbnailUrl\":\"https:\\\/\\\/lightweb.dev\\\/l\\\/svm-temp\\\/wp-content\\\/uploads\\\/2022\\\/04\\\/kalenderrets-makt-ver-fondspararna.png\",\"articleSection\":[\"Arkiv\",\"Artiklar\"],\"inLanguage\":\"sv-SE\"},{\"@type\":\"WebPage\",\"@id\":\"https:\\\/\\\/lightweb.dev\\\/l\\\/svm-temp\\\/artiklar\\\/kalenderarets-makt-over-fondspararna\\\/\",\"url\":\"https:\\\/\\\/lightweb.dev\\\/l\\\/svm-temp\\\/artiklar\\\/kalenderarets-makt-over-fondspararna\\\/\",\"name\":\"Kalender\u00e5rets makt \u00f6ver fondspararna. - Svenska Magasinet\",\"isPartOf\":{\"@id\":\"https:\\\/\\\/lightweb.dev\\\/l\\\/svm-temp\\\/#website\"},\"primaryImageOfPage\":{\"@id\":\"https:\\\/\\\/lightweb.dev\\\/l\\\/svm-temp\\\/artiklar\\\/kalenderarets-makt-over-fondspararna\\\/#primaryimage\"},\"image\":{\"@id\":\"https:\\\/\\\/lightweb.dev\\\/l\\\/svm-temp\\\/artiklar\\\/kalenderarets-makt-over-fondspararna\\\/#primaryimage\"},\"thumbnailUrl\":\"https:\\\/\\\/lightweb.dev\\\/l\\\/svm-temp\\\/wp-content\\\/uploads\\\/2022\\\/04\\\/kalenderrets-makt-ver-fondspararna.png\",\"datePublished\":\"2007-01-25T23:00:00+00:00\",\"breadcrumb\":{\"@id\":\"https:\\\/\\\/lightweb.dev\\\/l\\\/svm-temp\\\/artiklar\\\/kalenderarets-makt-over-fondspararna\\\/#breadcrumb\"},\"inLanguage\":\"sv-SE\",\"potentialAction\":[{\"@type\":\"ReadAction\",\"target\":[\"https:\\\/\\\/lightweb.dev\\\/l\\\/svm-temp\\\/artiklar\\\/kalenderarets-makt-over-fondspararna\\\/\"]}]},{\"@type\":\"ImageObject\",\"inLanguage\":\"sv-SE\",\"@id\":\"https:\\\/\\\/lightweb.dev\\\/l\\\/svm-temp\\\/artiklar\\\/kalenderarets-makt-over-fondspararna\\\/#primaryimage\",\"url\":\"https:\\\/\\\/lightweb.dev\\\/l\\\/svm-temp\\\/wp-content\\\/uploads\\\/2022\\\/04\\\/kalenderrets-makt-ver-fondspararna.png\",\"contentUrl\":\"https:\\\/\\\/lightweb.dev\\\/l\\\/svm-temp\\\/wp-content\\\/uploads\\\/2022\\\/04\\\/kalenderrets-makt-ver-fondspararna.png\",\"width\":200,\"height\":310},{\"@type\":\"BreadcrumbList\",\"@id\":\"https:\\\/\\\/lightweb.dev\\\/l\\\/svm-temp\\\/artiklar\\\/kalenderarets-makt-over-fondspararna\\\/#breadcrumb\",\"itemListElement\":[{\"@type\":\"ListItem\",\"position\":1,\"name\":\"Hem\",\"item\":\"https:\\\/\\\/lightweb.dev\\\/l\\\/svm-temp\\\/\"},{\"@type\":\"ListItem\",\"position\":2,\"name\":\"Kalender\u00e5rets makt \u00f6ver fondspararna.\"}]},{\"@type\":\"WebSite\",\"@id\":\"https:\\\/\\\/lightweb.dev\\\/l\\\/svm-temp\\\/#website\",\"url\":\"https:\\\/\\\/lightweb.dev\\\/l\\\/svm-temp\\\/\",\"name\":\"Svenska Magasinet\",\"description\":\"Dina Spanska nyheter p&aring; Svenska\",\"publisher\":{\"@id\":\"https:\\\/\\\/lightweb.dev\\\/l\\\/svm-temp\\\/#organization\"},\"potentialAction\":[{\"@type\":\"SearchAction\",\"target\":{\"@type\":\"EntryPoint\",\"urlTemplate\":\"https:\\\/\\\/lightweb.dev\\\/l\\\/svm-temp\\\/?s={search_term_string}\"},\"query-input\":{\"@type\":\"PropertyValueSpecification\",\"valueRequired\":true,\"valueName\":\"search_term_string\"}}],\"inLanguage\":\"sv-SE\"},{\"@type\":\"Organization\",\"@id\":\"https:\\\/\\\/lightweb.dev\\\/l\\\/svm-temp\\\/#organization\",\"name\":\"Melkerson y Nott SL\",\"alternateName\":\"Svenska Magasinet\",\"url\":\"https:\\\/\\\/lightweb.dev\\\/l\\\/svm-temp\\\/\",\"logo\":{\"@type\":\"ImageObject\",\"inLanguage\":\"sv-SE\",\"@id\":\"https:\\\/\\\/lightweb.dev\\\/l\\\/svm-temp\\\/#\\\/schema\\\/logo\\\/image\\\/\",\"url\":\"https:\\\/\\\/lightweb.dev\\\/l\\\/svm-temp\\\/wp-content\\\/uploads\\\/2025\\\/02\\\/SvM-logo-Xtra-Centrerad-SVART.png\",\"contentUrl\":\"https:\\\/\\\/lightweb.dev\\\/l\\\/svm-temp\\\/wp-content\\\/uploads\\\/2025\\\/02\\\/SvM-logo-Xtra-Centrerad-SVART.png\",\"width\":300,\"height\":99,\"caption\":\"Melkerson y Nott SL\"},\"image\":{\"@id\":\"https:\\\/\\\/lightweb.dev\\\/l\\\/svm-temp\\\/#\\\/schema\\\/logo\\\/image\\\/\"},\"sameAs\":[\"https:\\\/\\\/www.facebook.com\\\/svenskamagasinet\",\"https:\\\/\\\/x.com\\\/SvenskaMagasine\"]},{\"@type\":\"Person\",\"@id\":\"https:\\\/\\\/lightweb.dev\\\/l\\\/svm-temp\\\/#\\\/schema\\\/person\\\/206a3bda5b607b0c25e1749191e4d837\",\"name\":\"Redaktionen SvM\",\"description\":\"Redaktionen\",\"sameAs\":[\"https:\\\/\\\/lightweb.dev\\\/l\\\/svm-temp\"],\"url\":\"https:\\\/\\\/lightweb.dev\\\/l\\\/svm-temp\\\/reporter\\\/redaktionen\\\/\"}]}<\/script>\n<!-- \/ Yoast SEO Premium plugin. -->","yoast_head_json":{"title":"Kalender\u00e5rets makt \u00f6ver fondspararna. - Svenska Magasinet","robots":{"index":"noindex","follow":"follow","max-snippet":"max-snippet:-1","max-image-preview":"max-image-preview:large","max-video-preview":"max-video-preview:-1"},"og_locale":"sv_SE","og_type":"article","og_title":"Kalender\u00e5rets makt \u00f6ver fondspararna.","og_description":"Egentligen skulle jag velat skriva om risk och avkastning och hur man s\u00e4tter ihop sin fondportf\u00f6lj. Men, det har ju alldeles nyss blivit ett nytt \u00e5r. Och Kalender\u00e5ret har f\u00e5tt en m\u00e4rklig makt \u00f6ver v\u00e5r tillvaro p\u00e5 m\u00e5nga s\u00e4tt. Det g\u00e4ller ocks\u00e5 ofta hur vi r\u00e4knar v\u00e5ra pengar. F\u00f6r m\u00e5nga \u00e4r det sk\u00f6nt att b\u00f6rja [&hellip;]","og_url":"https:\/\/lightweb.dev\/l\/svm-temp\/artiklar\/kalenderarets-makt-over-fondspararna\/","og_site_name":"Svenska Magasinet","article_publisher":"https:\/\/www.facebook.com\/svenskamagasinet","article_published_time":"2007-01-25T23:00:00+00:00","og_image":[{"width":200,"height":310,"url":"https:\/\/lightweb.dev\/l\/svm-temp\/wp-content\/uploads\/2022\/04\/kalenderrets-makt-ver-fondspararna.png","type":"image\/png"}],"author":"Redaktionen SvM","twitter_card":"summary_large_image","twitter_creator":"@SvenskaMagasine","twitter_site":"@SvenskaMagasine","schema":{"@context":"https:\/\/schema.org","@graph":[{"@type":"Article","@id":"https:\/\/lightweb.dev\/l\/svm-temp\/artiklar\/kalenderarets-makt-over-fondspararna\/#article","isPartOf":{"@id":"https:\/\/lightweb.dev\/l\/svm-temp\/artiklar\/kalenderarets-makt-over-fondspararna\/"},"author":{"name":"Redaktionen SvM","@id":"https:\/\/lightweb.dev\/l\/svm-temp\/#\/schema\/person\/206a3bda5b607b0c25e1749191e4d837"},"headline":"Kalender\u00e5rets makt \u00f6ver fondspararna.","datePublished":"2007-01-25T23:00:00+00:00","mainEntityOfPage":{"@id":"https:\/\/lightweb.dev\/l\/svm-temp\/artiklar\/kalenderarets-makt-over-fondspararna\/"},"wordCount":553,"commentCount":0,"publisher":{"@id":"https:\/\/lightweb.dev\/l\/svm-temp\/#organization"},"image":{"@id":"https:\/\/lightweb.dev\/l\/svm-temp\/artiklar\/kalenderarets-makt-over-fondspararna\/#primaryimage"},"thumbnailUrl":"https:\/\/lightweb.dev\/l\/svm-temp\/wp-content\/uploads\/2022\/04\/kalenderrets-makt-ver-fondspararna.png","articleSection":["Arkiv","Artiklar"],"inLanguage":"sv-SE"},{"@type":"WebPage","@id":"https:\/\/lightweb.dev\/l\/svm-temp\/artiklar\/kalenderarets-makt-over-fondspararna\/","url":"https:\/\/lightweb.dev\/l\/svm-temp\/artiklar\/kalenderarets-makt-over-fondspararna\/","name":"Kalender\u00e5rets makt \u00f6ver fondspararna. - Svenska Magasinet","isPartOf":{"@id":"https:\/\/lightweb.dev\/l\/svm-temp\/#website"},"primaryImageOfPage":{"@id":"https:\/\/lightweb.dev\/l\/svm-temp\/artiklar\/kalenderarets-makt-over-fondspararna\/#primaryimage"},"image":{"@id":"https:\/\/lightweb.dev\/l\/svm-temp\/artiklar\/kalenderarets-makt-over-fondspararna\/#primaryimage"},"thumbnailUrl":"https:\/\/lightweb.dev\/l\/svm-temp\/wp-content\/uploads\/2022\/04\/kalenderrets-makt-ver-fondspararna.png","datePublished":"2007-01-25T23:00:00+00:00","breadcrumb":{"@id":"https:\/\/lightweb.dev\/l\/svm-temp\/artiklar\/kalenderarets-makt-over-fondspararna\/#breadcrumb"},"inLanguage":"sv-SE","potentialAction":[{"@type":"ReadAction","target":["https:\/\/lightweb.dev\/l\/svm-temp\/artiklar\/kalenderarets-makt-over-fondspararna\/"]}]},{"@type":"ImageObject","inLanguage":"sv-SE","@id":"https:\/\/lightweb.dev\/l\/svm-temp\/artiklar\/kalenderarets-makt-over-fondspararna\/#primaryimage","url":"https:\/\/lightweb.dev\/l\/svm-temp\/wp-content\/uploads\/2022\/04\/kalenderrets-makt-ver-fondspararna.png","contentUrl":"https:\/\/lightweb.dev\/l\/svm-temp\/wp-content\/uploads\/2022\/04\/kalenderrets-makt-ver-fondspararna.png","width":200,"height":310},{"@type":"BreadcrumbList","@id":"https:\/\/lightweb.dev\/l\/svm-temp\/artiklar\/kalenderarets-makt-over-fondspararna\/#breadcrumb","itemListElement":[{"@type":"ListItem","position":1,"name":"Hem","item":"https:\/\/lightweb.dev\/l\/svm-temp\/"},{"@type":"ListItem","position":2,"name":"Kalender\u00e5rets makt \u00f6ver fondspararna."}]},{"@type":"WebSite","@id":"https:\/\/lightweb.dev\/l\/svm-temp\/#website","url":"https:\/\/lightweb.dev\/l\/svm-temp\/","name":"Svenska Magasinet","description":"Dina Spanska nyheter p&aring; Svenska","publisher":{"@id":"https:\/\/lightweb.dev\/l\/svm-temp\/#organization"},"potentialAction":[{"@type":"SearchAction","target":{"@type":"EntryPoint","urlTemplate":"https:\/\/lightweb.dev\/l\/svm-temp\/?s={search_term_string}"},"query-input":{"@type":"PropertyValueSpecification","valueRequired":true,"valueName":"search_term_string"}}],"inLanguage":"sv-SE"},{"@type":"Organization","@id":"https:\/\/lightweb.dev\/l\/svm-temp\/#organization","name":"Melkerson y Nott SL","alternateName":"Svenska Magasinet","url":"https:\/\/lightweb.dev\/l\/svm-temp\/","logo":{"@type":"ImageObject","inLanguage":"sv-SE","@id":"https:\/\/lightweb.dev\/l\/svm-temp\/#\/schema\/logo\/image\/","url":"https:\/\/lightweb.dev\/l\/svm-temp\/wp-content\/uploads\/2025\/02\/SvM-logo-Xtra-Centrerad-SVART.png","contentUrl":"https:\/\/lightweb.dev\/l\/svm-temp\/wp-content\/uploads\/2025\/02\/SvM-logo-Xtra-Centrerad-SVART.png","width":300,"height":99,"caption":"Melkerson y Nott SL"},"image":{"@id":"https:\/\/lightweb.dev\/l\/svm-temp\/#\/schema\/logo\/image\/"},"sameAs":["https:\/\/www.facebook.com\/svenskamagasinet","https:\/\/x.com\/SvenskaMagasine"]},{"@type":"Person","@id":"https:\/\/lightweb.dev\/l\/svm-temp\/#\/schema\/person\/206a3bda5b607b0c25e1749191e4d837","name":"Redaktionen SvM","description":"Redaktionen","sameAs":["https:\/\/lightweb.dev\/l\/svm-temp"],"url":"https:\/\/lightweb.dev\/l\/svm-temp\/reporter\/redaktionen\/"}]}},"_links":{"self":[{"href":"https:\/\/lightweb.dev\/l\/svm-temp\/wp-json\/wp\/v2\/posts\/1917","targetHints":{"allow":["GET"]}}],"collection":[{"href":"https:\/\/lightweb.dev\/l\/svm-temp\/wp-json\/wp\/v2\/posts"}],"about":[{"href":"https:\/\/lightweb.dev\/l\/svm-temp\/wp-json\/wp\/v2\/types\/post"}],"author":[{"embeddable":true,"href":"https:\/\/lightweb.dev\/l\/svm-temp\/wp-json\/wp\/v2\/users\/8"}],"replies":[{"embeddable":true,"href":"https:\/\/lightweb.dev\/l\/svm-temp\/wp-json\/wp\/v2\/comments?post=1917"}],"version-history":[{"count":0,"href":"https:\/\/lightweb.dev\/l\/svm-temp\/wp-json\/wp\/v2\/posts\/1917\/revisions"}],"wp:featuredmedia":[{"embeddable":true,"href":"https:\/\/lightweb.dev\/l\/svm-temp\/wp-json\/wp\/v2\/media\/1918"}],"wp:attachment":[{"href":"https:\/\/lightweb.dev\/l\/svm-temp\/wp-json\/wp\/v2\/media?parent=1917"}],"wp:term":[{"taxonomy":"category","embeddable":true,"href":"https:\/\/lightweb.dev\/l\/svm-temp\/wp-json\/wp\/v2\/categories?post=1917"},{"taxonomy":"post_tag","embeddable":true,"href":"https:\/\/lightweb.dev\/l\/svm-temp\/wp-json\/wp\/v2\/tags?post=1917"}],"curies":[{"name":"wp","href":"https:\/\/api.w.org\/{rel}","templated":true}]}}