{"id":1921,"date":"2007-01-04T00:00:00","date_gmt":"2007-01-03T23:00:00","guid":{"rendered":"https:\/\/lightweb.dev\/l\/svm-temp\/francisco-jose-de-goya-y-lucientes-den-forste-moderne-konstnaren\/"},"modified":"2007-01-04T00:00:00","modified_gmt":"2007-01-03T23:00:00","slug":"francisco-jose-de-goya-y-lucientes-den-forste-moderne-konstnaren","status":"publish","type":"post","link":"https:\/\/lightweb.dev\/l\/svm-temp\/artiklar\/francisco-jose-de-goya-y-lucientes-den-forste-moderne-konstnaren\/","title":{"rendered":"Francisco Jos\u00e9 de Goya y Lucientes &#8211; den f\u00f6rste moderne konstn\u00e4ren"},"content":{"rendered":"<p> I Milos Forsmans oerh\u00f6rt intressanta film \u201cLos Fantasmas de Goya\u201d spelar Stellan Skarsg\u00e5rd konstn\u00e4ren sj\u00e4lv och Javier Bardem och Natalie Portman de andra b\u00e4rande rollerna. Filmen \u00e4r inspelad i Spanien, \u00e5ret \u00e4r 1792 och inkvisitionen har makt \u00f6ver m\u00e4nniskorna Av Britt-Marie Ekman<\/p>\n<p>Bardem gestaltar en inflytelserik munk och Natalie Portman \u00e4r hans offer, anklagad f\u00f6r h\u00e4delse. Goya p\u00e5verkas av kyrkans och statens agerande och griper in i h\u00e4ndelserna.  Under eftertexterna visas flera av Goyas senare verk. Filmen inspirerade mig att ta reda p\u00e5 mer om denne produktiva konstn\u00e4r.<\/p>\n<p>Enkel familj<br \/>\nFrancisco Goya kom fr\u00e5n en enkel men inte fattig familj. Fadern var f\u00f6rgyllare och modern hade r\u00f6tter i l\u00e5gadeln. Den 30 mars 1746 f\u00f6ddes sonen Francisco. Familjen bodde d\u00e5 i Fuentetodos utanf\u00f6r Zaragoza dit man senare flyttade. Francisco ville inte f\u00f6lja i faderns sp\u00e5r utan b\u00f6rjade som fjorton\u00e5rig l\u00e4rling hos en av stadens konstn\u00e4rer.<br \/>\nHan iakttog m\u00e4nniskorna, tjuvar, landstrykare, tiggare som k\u00f6ade utanf\u00f6r biskopens residens f\u00f6r att f\u00e5 mat och sm\u00e5pengar, hantverkare, borgare, adelsm\u00e4nnen, grupper som sedan kom med i hans m\u00e5lningar.<br \/>\nHan bes\u00f6kte ofta konstn\u00e4rsfamiljen Bayeu, vars son blev hans b\u00e4sta v\u00e4n, och dottern Josefa blev 1773 hans hustru. Tv\u00e5 \u00e5r senare flyttade de till Madrid. Goya deltog i en t\u00e4vling utlyst av Kungliga Konstakademin. Att vinna denna t\u00e4vling var hans f\u00f6rsta m\u00e5l. Goya uppm\u00e4rksammades, men vann inte.<br \/>\nD\u00e5tidens konstn\u00e4rer studerade vidare i Italien och fr\u00e4mst i Rom och 1770 reste Goya dit. Innan resan hade han f\u00e5tt i uppgift att g\u00f6ra n\u00e5gra skisser till gobel\u00e4nger, lantliga motiv med folklivsskildringar.<\/p>\n<p>Kungliga gobel\u00e4ngfabriken<br \/>\nVid hemkomsten fr\u00e5n Italien fick Goya uppdrag att m\u00e5la en fresk i taket av katedralen i Zaragoza. Velazquez hade f\u00e5tt anbudet f\u00f6re Goya som gick under Velazquez pris med 10.000 realer och d\u00e4rmed ocks\u00e5 fick arbetet. \u201dHan hade dessutom varit i Italien\u201d.<br \/>\nGoya fortsatte med sina skisser till kungliga gobel\u00e4ngfabriken i Madrid fram till 1792. Det var den viktigaste perioden i hans artistiska utveckling. Som gobel\u00e4ngdesigner gjorde han sina f\u00f6rsta genrem\u00e5lningar, scener ur vardagslivet. Han var en flitig observerare av m\u00e4nniskorna omkring sig. Goya uppm\u00e4rksammades av noblessen och fick m\u00e5nga uppdrag som portr\u00e4ttm\u00e5lare, \u00e4ven kronprinsparet, blivande Carlos IV och Maria Luisa blev intresserade av hans verk.<br \/>\n1779 vid 33 \u00e5rs \u00e5lder blev Goya presenterad vid hovet och tio \u00e5r senare n\u00e5dde han sitt andra m\u00e5l: Kunglig Hovm\u00e5lare. Som s\u00e5dan arbetade han under m\u00e5nga regenter och f\u00f6r att \u00f6verleva m\u00e5ste han uppf\u00f6ra sig taktiskt och diplomatiskt.<\/p>\n<p>Politisk oro<br \/>\nFranska revolutionen 1789 gjorde det sv\u00e5rt f\u00f6r Goya att kombinera konsten och sin position vid hovet n\u00e4r id\u00e9erna fr\u00e5n Frankrike spred sig, och allt som f\u00f6rut varit sanning ifr\u00e5gasattes nu, kyrkans makt, inkvisitionen och adelns privilegier.<br \/>\nDen regerande Carlos IV var svag och obeslutsam. Makten l\u00e5g hos ministrarna. Man f\u00f6rs\u00f6kte undvika allt som var franskt och inkvisitionen l\u00e4t landsf\u00f6rvisa utl\u00e4nningar.<br \/>\nN\u00e4r nyheterna om terrorn i Paris n\u00e5dde Madrid, br\u00f6t man relationerna med Frankrike och snart tr\u00e4ngde Napoleons arm\u00e9er in i Spanien.<\/p>\n<p>P\u00e5verkas av tiden<br \/>\nF\u00f6rvirring och v\u00e5ld r\u00e5dde i Spanien. Goya, som 1792 blivit d\u00f6v efter en sv\u00e5r sjukdom, k\u00e4nde sig isolerad och blev djupt p\u00e5verkad av de fantasier och bilder som hans sinne skapade.<br \/>\nHan b\u00f6rjade kritiskt betrakta m\u00e4nniskorna. Han utvecklade en dj\u00e4rv fri ny stil, n\u00e4ra karikatyrer, i en serie etsningar, Caprichos, fantasier, satiriska bilder av omv\u00e4rlden. I dessa betraktar han kritiskt pr\u00e4sterskapet och inkvisitionen, vanf\u00f6rest\u00e4llningar och arrangerade \u00e4ktenskap.<br \/>\nM\u00e5lningarna blev dj\u00e4rvare och portr\u00e4tten skapade han utan f\u00f6rsk\u00f6ning. Hans religi\u00f6sa fresker blev ocks\u00e5 mer realistiska. Goya blev en banbrytare inom religi\u00f6s konst.<\/p>\n<p>Inb\u00f6rdeskrig<br \/>\nI sin stora m\u00e5lning \u201d3 maj 1808\u201d d\u00e4r en fransk trupp arkebuserar spanska motst\u00e5ndsk\u00e4mpar, tog Goya tydligt st\u00e4llning mot kriget, s\u00e5 ocks\u00e5 i en serie etsningar. Napoleon insatte sin bror som kung i Spanien under namnet Jos\u00e9 I, i folkmun Pepe Botella, och under dennes tid f\u00f6rlorade kyrkan, inkvisitionen och noblessen sin makt. M\u00e5nga som st\u00f6tt dessa flydde f\u00f6r att undg\u00e5 f\u00f6rf\u00f6ljelse och straff.<br \/>\nN\u00e4r Spanien efter ett inb\u00f6rdeskrig \u00e5teruppr\u00e4ttat den spanska monarkin 1814 med Fernando VII som regent, \u00e5tergick politiken i gamla banor och inkvisitionen fick allt st\u00f6rre makt.<br \/>\nGoya anklagades f\u00f6r sin m\u00e5lning \u201dDen nakna Maja\u201d men ben\u00e5dades. Tavlan \u201dInkvisitionstribunalen\u201d var en stark drift med denna institution. De anklagade \u00e4r f\u00f6rsedda med strutar p\u00e5 huvudet inf\u00f6r de anklagande pr\u00e4sterna. I filmen \u201dLos Fantasmas de Goya \u201d \u00e4r denna scen helt \u00e5terskapad.<\/p>\n<p>Sista \u00e5r<br \/>\n1800-talets omtumlande \u00e5r och en begynnande sjukdom f\u00e5r den desillusionerade \u00e4nklingen Goya att flytta fr\u00e5n Madrid och k\u00f6pa ett hus p\u00e5 landet, \u201dLa Quinta del Sordo\u201d, den d\u00f6ves lantg\u00e5rd, och installera sig d\u00e4r med sin nya livsledsagarinna, Leocadia Weiss.<br \/>\nHans m\u00e5lningar och etsningar blir allt m\u00f6rkare. Han ger m\u00e4nniskorna hemska ansiktsuttryck och skapar groteska scener. I flera etsningar raljerar han med m\u00e4nniskors enfald.<br \/>\nI slutet av sitt liv pr\u00f6var han p\u00e5 en ny teknik, litografi. I en l\u00e5ng rad litografiska bilder fr\u00e5n tjurf\u00e4ktningar visar han detaljrikt denna konst. Goyas h\u00e4lsa blir allt s\u00e4mre.<br \/>\nS\u00e5 sm\u00e5ningom f\u00e5r han till\u00e5telse att \u00e5ka till Frankrike f\u00f6r att bes\u00f6ka en kurort f\u00f6r behandlingar. Han stannar i Frankrike till sin d\u00f6d i april 1828. Han har d\u00e5 varit sjuk i flera \u00e5r.<\/p>\n<p>Nydanare<br \/>\nFrancisco Goya blev en nydanare inom konsten. Han uttryckte sina tankar och k\u00e4nslor helt frankt. Han reagerade mot de tidigare uppfattningarna om konst och hade en \u00f6nskan om ett nytt uttryckss\u00e4tt. \u201dArtistens vision \u00e4r viktigare \u00e4n tradition.\u201d<br \/>\nGoya arbetade i \u00f6ver 60 \u00e5r tills han var 82. Hans produktion var enorm, 700 m\u00e5lningar, 900 skisser, och n\u00e4stan 300 gravyrer. Francisco Goya har kallats \u201dDen f\u00f6rste moderne konstn\u00e4ren\u201d.<br \/>\nGoya levde under en omv\u00e4lvande tid. Han fick uppleva fem kungar, Spaniens f\u00f6rlust av flera l\u00e4nder i Sydamerika, USA:s tillkomst, Franska revolutionen, Napoleons uppg\u00e5ng och fall, kyrkans omsv\u00e4ngningar, \u00e5ngmaskinens int\u00e5g och ett par av Beethovens symfonier, men jag tror inte att nyheter fr\u00e5n lilla Sverige, mordet p\u00e5 Gustav III, en Bernadotte p\u00e5 Sveriges tron eller unionen med Norge n\u00e5dde Goya.<br \/>\nK\u00e4llor: Clio, Revista de Historia nr 61, Protagonistas de la Civilisaci\u00f3, Webmuseum Paris. <\/p>\n","protected":false},"excerpt":{"rendered":"<p>I Milos Forsmans oerh\u00f6rt intressanta film \u201cLos Fantasmas de Goya\u201d spelar Stellan Skarsg\u00e5rd konstn\u00e4ren sj\u00e4lv och Javier Bardem och Natalie Portman de andra b\u00e4rande rollerna. Filmen \u00e4r inspelad i Spanien, \u00e5ret \u00e4r 1792 och inkvisitionen har makt \u00f6ver m\u00e4nniskorna Av Britt-Marie Ekman Bardem gestaltar en inflytelserik munk och Natalie Portman \u00e4r hans offer, anklagad f\u00f6r [&hellip;]<\/p>\n","protected":false},"author":8,"featured_media":1922,"comment_status":"open","ping_status":"open","sticky":false,"template":"","format":"standard","meta":{"_et_pb_use_builder":"","_et_pb_old_content":"","_et_gb_content_width":"","footnotes":""},"categories":[396,4],"tags":[],"class_list":["post-1921","post","type-post","status-publish","format-standard","has-post-thumbnail","hentry","category-arkiv-artiklar","category-artiklar"],"yoast_head":"<!-- This site is optimized with the Yoast SEO Premium plugin v26.2 (Yoast SEO v27.4) - https:\/\/yoast.com\/product\/yoast-seo-premium-wordpress\/ -->\n<title>Francisco Jos\u00e9 de Goya y Lucientes - den f\u00f6rste moderne konstn\u00e4ren - Svenska Magasinet<\/title>\n<meta name=\"robots\" content=\"noindex, follow, max-snippet:-1, max-image-preview:large, max-video-preview:-1\" \/>\n<meta property=\"og:locale\" content=\"sv_SE\" \/>\n<meta property=\"og:type\" content=\"article\" \/>\n<meta property=\"og:title\" content=\"Francisco Jos\u00e9 de Goya y Lucientes - den f\u00f6rste moderne konstn\u00e4ren\" \/>\n<meta property=\"og:description\" content=\"I Milos Forsmans oerh\u00f6rt intressanta film \u201cLos Fantasmas de Goya\u201d spelar Stellan Skarsg\u00e5rd konstn\u00e4ren sj\u00e4lv och Javier Bardem och Natalie Portman de andra b\u00e4rande rollerna. Filmen \u00e4r inspelad i Spanien, \u00e5ret \u00e4r 1792 och inkvisitionen har makt \u00f6ver m\u00e4nniskorna Av Britt-Marie Ekman Bardem gestaltar en inflytelserik munk och Natalie Portman \u00e4r hans offer, anklagad f\u00f6r [&hellip;]\" \/>\n<meta property=\"og:url\" content=\"https:\/\/lightweb.dev\/l\/svm-temp\/artiklar\/francisco-jose-de-goya-y-lucientes-den-forste-moderne-konstnaren\/\" \/>\n<meta property=\"og:site_name\" content=\"Svenska Magasinet\" \/>\n<meta property=\"article:publisher\" content=\"https:\/\/www.facebook.com\/svenskamagasinet\" \/>\n<meta property=\"article:published_time\" content=\"2007-01-03T23:00:00+00:00\" \/>\n<meta property=\"og:image\" content=\"https:\/\/lightweb.dev\/l\/svm-temp\/wp-content\/uploads\/2022\/04\/francisco-jos-de-goya-y-lucientes-den-frste-moderne-konstnren.png\" \/>\n\t<meta property=\"og:image:width\" content=\"280\" \/>\n\t<meta property=\"og:image:height\" content=\"294\" \/>\n\t<meta property=\"og:image:type\" content=\"image\/png\" \/>\n<meta name=\"author\" content=\"Redaktionen SvM\" \/>\n<meta name=\"twitter:card\" content=\"summary_large_image\" \/>\n<meta name=\"twitter:creator\" content=\"@SvenskaMagasine\" \/>\n<meta name=\"twitter:site\" content=\"@SvenskaMagasine\" \/>\n<script type=\"application\/ld+json\" class=\"yoast-schema-graph\">{\"@context\":\"https:\\\/\\\/schema.org\",\"@graph\":[{\"@type\":\"Article\",\"@id\":\"https:\\\/\\\/lightweb.dev\\\/l\\\/svm-temp\\\/artiklar\\\/francisco-jose-de-goya-y-lucientes-den-forste-moderne-konstnaren\\\/#article\",\"isPartOf\":{\"@id\":\"https:\\\/\\\/lightweb.dev\\\/l\\\/svm-temp\\\/artiklar\\\/francisco-jose-de-goya-y-lucientes-den-forste-moderne-konstnaren\\\/\"},\"author\":{\"name\":\"Redaktionen SvM\",\"@id\":\"https:\\\/\\\/lightweb.dev\\\/l\\\/svm-temp\\\/#\\\/schema\\\/person\\\/206a3bda5b607b0c25e1749191e4d837\"},\"headline\":\"Francisco Jos\u00e9 de Goya y Lucientes &#8211; den f\u00f6rste moderne konstn\u00e4ren\",\"datePublished\":\"2007-01-03T23:00:00+00:00\",\"mainEntityOfPage\":{\"@id\":\"https:\\\/\\\/lightweb.dev\\\/l\\\/svm-temp\\\/artiklar\\\/francisco-jose-de-goya-y-lucientes-den-forste-moderne-konstnaren\\\/\"},\"wordCount\":1140,\"commentCount\":0,\"publisher\":{\"@id\":\"https:\\\/\\\/lightweb.dev\\\/l\\\/svm-temp\\\/#organization\"},\"image\":{\"@id\":\"https:\\\/\\\/lightweb.dev\\\/l\\\/svm-temp\\\/artiklar\\\/francisco-jose-de-goya-y-lucientes-den-forste-moderne-konstnaren\\\/#primaryimage\"},\"thumbnailUrl\":\"https:\\\/\\\/lightweb.dev\\\/l\\\/svm-temp\\\/wp-content\\\/uploads\\\/2022\\\/04\\\/francisco-jos-de-goya-y-lucientes-den-frste-moderne-konstnren.png\",\"articleSection\":[\"Arkiv\",\"Artiklar\"],\"inLanguage\":\"sv-SE\"},{\"@type\":\"WebPage\",\"@id\":\"https:\\\/\\\/lightweb.dev\\\/l\\\/svm-temp\\\/artiklar\\\/francisco-jose-de-goya-y-lucientes-den-forste-moderne-konstnaren\\\/\",\"url\":\"https:\\\/\\\/lightweb.dev\\\/l\\\/svm-temp\\\/artiklar\\\/francisco-jose-de-goya-y-lucientes-den-forste-moderne-konstnaren\\\/\",\"name\":\"Francisco Jos\u00e9 de Goya y Lucientes - den f\u00f6rste moderne konstn\u00e4ren - Svenska Magasinet\",\"isPartOf\":{\"@id\":\"https:\\\/\\\/lightweb.dev\\\/l\\\/svm-temp\\\/#website\"},\"primaryImageOfPage\":{\"@id\":\"https:\\\/\\\/lightweb.dev\\\/l\\\/svm-temp\\\/artiklar\\\/francisco-jose-de-goya-y-lucientes-den-forste-moderne-konstnaren\\\/#primaryimage\"},\"image\":{\"@id\":\"https:\\\/\\\/lightweb.dev\\\/l\\\/svm-temp\\\/artiklar\\\/francisco-jose-de-goya-y-lucientes-den-forste-moderne-konstnaren\\\/#primaryimage\"},\"thumbnailUrl\":\"https:\\\/\\\/lightweb.dev\\\/l\\\/svm-temp\\\/wp-content\\\/uploads\\\/2022\\\/04\\\/francisco-jos-de-goya-y-lucientes-den-frste-moderne-konstnren.png\",\"datePublished\":\"2007-01-03T23:00:00+00:00\",\"breadcrumb\":{\"@id\":\"https:\\\/\\\/lightweb.dev\\\/l\\\/svm-temp\\\/artiklar\\\/francisco-jose-de-goya-y-lucientes-den-forste-moderne-konstnaren\\\/#breadcrumb\"},\"inLanguage\":\"sv-SE\",\"potentialAction\":[{\"@type\":\"ReadAction\",\"target\":[\"https:\\\/\\\/lightweb.dev\\\/l\\\/svm-temp\\\/artiklar\\\/francisco-jose-de-goya-y-lucientes-den-forste-moderne-konstnaren\\\/\"]}]},{\"@type\":\"ImageObject\",\"inLanguage\":\"sv-SE\",\"@id\":\"https:\\\/\\\/lightweb.dev\\\/l\\\/svm-temp\\\/artiklar\\\/francisco-jose-de-goya-y-lucientes-den-forste-moderne-konstnaren\\\/#primaryimage\",\"url\":\"https:\\\/\\\/lightweb.dev\\\/l\\\/svm-temp\\\/wp-content\\\/uploads\\\/2022\\\/04\\\/francisco-jos-de-goya-y-lucientes-den-frste-moderne-konstnren.png\",\"contentUrl\":\"https:\\\/\\\/lightweb.dev\\\/l\\\/svm-temp\\\/wp-content\\\/uploads\\\/2022\\\/04\\\/francisco-jos-de-goya-y-lucientes-den-frste-moderne-konstnren.png\",\"width\":280,\"height\":294},{\"@type\":\"BreadcrumbList\",\"@id\":\"https:\\\/\\\/lightweb.dev\\\/l\\\/svm-temp\\\/artiklar\\\/francisco-jose-de-goya-y-lucientes-den-forste-moderne-konstnaren\\\/#breadcrumb\",\"itemListElement\":[{\"@type\":\"ListItem\",\"position\":1,\"name\":\"Hem\",\"item\":\"https:\\\/\\\/lightweb.dev\\\/l\\\/svm-temp\\\/\"},{\"@type\":\"ListItem\",\"position\":2,\"name\":\"Francisco Jos\u00e9 de Goya y Lucientes &#8211; den f\u00f6rste moderne konstn\u00e4ren\"}]},{\"@type\":\"WebSite\",\"@id\":\"https:\\\/\\\/lightweb.dev\\\/l\\\/svm-temp\\\/#website\",\"url\":\"https:\\\/\\\/lightweb.dev\\\/l\\\/svm-temp\\\/\",\"name\":\"Svenska Magasinet\",\"description\":\"Dina Spanska nyheter p&aring; Svenska\",\"publisher\":{\"@id\":\"https:\\\/\\\/lightweb.dev\\\/l\\\/svm-temp\\\/#organization\"},\"potentialAction\":[{\"@type\":\"SearchAction\",\"target\":{\"@type\":\"EntryPoint\",\"urlTemplate\":\"https:\\\/\\\/lightweb.dev\\\/l\\\/svm-temp\\\/?s={search_term_string}\"},\"query-input\":{\"@type\":\"PropertyValueSpecification\",\"valueRequired\":true,\"valueName\":\"search_term_string\"}}],\"inLanguage\":\"sv-SE\"},{\"@type\":\"Organization\",\"@id\":\"https:\\\/\\\/lightweb.dev\\\/l\\\/svm-temp\\\/#organization\",\"name\":\"Melkerson y Nott SL\",\"alternateName\":\"Svenska Magasinet\",\"url\":\"https:\\\/\\\/lightweb.dev\\\/l\\\/svm-temp\\\/\",\"logo\":{\"@type\":\"ImageObject\",\"inLanguage\":\"sv-SE\",\"@id\":\"https:\\\/\\\/lightweb.dev\\\/l\\\/svm-temp\\\/#\\\/schema\\\/logo\\\/image\\\/\",\"url\":\"https:\\\/\\\/lightweb.dev\\\/l\\\/svm-temp\\\/wp-content\\\/uploads\\\/2025\\\/02\\\/SvM-logo-Xtra-Centrerad-SVART.png\",\"contentUrl\":\"https:\\\/\\\/lightweb.dev\\\/l\\\/svm-temp\\\/wp-content\\\/uploads\\\/2025\\\/02\\\/SvM-logo-Xtra-Centrerad-SVART.png\",\"width\":300,\"height\":99,\"caption\":\"Melkerson y Nott SL\"},\"image\":{\"@id\":\"https:\\\/\\\/lightweb.dev\\\/l\\\/svm-temp\\\/#\\\/schema\\\/logo\\\/image\\\/\"},\"sameAs\":[\"https:\\\/\\\/www.facebook.com\\\/svenskamagasinet\",\"https:\\\/\\\/x.com\\\/SvenskaMagasine\"]},{\"@type\":\"Person\",\"@id\":\"https:\\\/\\\/lightweb.dev\\\/l\\\/svm-temp\\\/#\\\/schema\\\/person\\\/206a3bda5b607b0c25e1749191e4d837\",\"name\":\"Redaktionen SvM\",\"description\":\"Redaktionen\",\"sameAs\":[\"https:\\\/\\\/lightweb.dev\\\/l\\\/svm-temp\"],\"url\":\"https:\\\/\\\/lightweb.dev\\\/l\\\/svm-temp\\\/reporter\\\/redaktionen\\\/\"}]}<\/script>\n<!-- \/ Yoast SEO Premium plugin. -->","yoast_head_json":{"title":"Francisco Jos\u00e9 de Goya y Lucientes - den f\u00f6rste moderne konstn\u00e4ren - Svenska Magasinet","robots":{"index":"noindex","follow":"follow","max-snippet":"max-snippet:-1","max-image-preview":"max-image-preview:large","max-video-preview":"max-video-preview:-1"},"og_locale":"sv_SE","og_type":"article","og_title":"Francisco Jos\u00e9 de Goya y Lucientes - den f\u00f6rste moderne konstn\u00e4ren","og_description":"I Milos Forsmans oerh\u00f6rt intressanta film \u201cLos Fantasmas de Goya\u201d spelar Stellan Skarsg\u00e5rd konstn\u00e4ren sj\u00e4lv och Javier Bardem och Natalie Portman de andra b\u00e4rande rollerna. Filmen \u00e4r inspelad i Spanien, \u00e5ret \u00e4r 1792 och inkvisitionen har makt \u00f6ver m\u00e4nniskorna Av Britt-Marie Ekman Bardem gestaltar en inflytelserik munk och Natalie Portman \u00e4r hans offer, anklagad f\u00f6r [&hellip;]","og_url":"https:\/\/lightweb.dev\/l\/svm-temp\/artiklar\/francisco-jose-de-goya-y-lucientes-den-forste-moderne-konstnaren\/","og_site_name":"Svenska Magasinet","article_publisher":"https:\/\/www.facebook.com\/svenskamagasinet","article_published_time":"2007-01-03T23:00:00+00:00","og_image":[{"width":280,"height":294,"url":"https:\/\/lightweb.dev\/l\/svm-temp\/wp-content\/uploads\/2022\/04\/francisco-jos-de-goya-y-lucientes-den-frste-moderne-konstnren.png","type":"image\/png"}],"author":"Redaktionen SvM","twitter_card":"summary_large_image","twitter_creator":"@SvenskaMagasine","twitter_site":"@SvenskaMagasine","schema":{"@context":"https:\/\/schema.org","@graph":[{"@type":"Article","@id":"https:\/\/lightweb.dev\/l\/svm-temp\/artiklar\/francisco-jose-de-goya-y-lucientes-den-forste-moderne-konstnaren\/#article","isPartOf":{"@id":"https:\/\/lightweb.dev\/l\/svm-temp\/artiklar\/francisco-jose-de-goya-y-lucientes-den-forste-moderne-konstnaren\/"},"author":{"name":"Redaktionen SvM","@id":"https:\/\/lightweb.dev\/l\/svm-temp\/#\/schema\/person\/206a3bda5b607b0c25e1749191e4d837"},"headline":"Francisco Jos\u00e9 de Goya y Lucientes &#8211; den f\u00f6rste moderne konstn\u00e4ren","datePublished":"2007-01-03T23:00:00+00:00","mainEntityOfPage":{"@id":"https:\/\/lightweb.dev\/l\/svm-temp\/artiklar\/francisco-jose-de-goya-y-lucientes-den-forste-moderne-konstnaren\/"},"wordCount":1140,"commentCount":0,"publisher":{"@id":"https:\/\/lightweb.dev\/l\/svm-temp\/#organization"},"image":{"@id":"https:\/\/lightweb.dev\/l\/svm-temp\/artiklar\/francisco-jose-de-goya-y-lucientes-den-forste-moderne-konstnaren\/#primaryimage"},"thumbnailUrl":"https:\/\/lightweb.dev\/l\/svm-temp\/wp-content\/uploads\/2022\/04\/francisco-jos-de-goya-y-lucientes-den-frste-moderne-konstnren.png","articleSection":["Arkiv","Artiklar"],"inLanguage":"sv-SE"},{"@type":"WebPage","@id":"https:\/\/lightweb.dev\/l\/svm-temp\/artiklar\/francisco-jose-de-goya-y-lucientes-den-forste-moderne-konstnaren\/","url":"https:\/\/lightweb.dev\/l\/svm-temp\/artiklar\/francisco-jose-de-goya-y-lucientes-den-forste-moderne-konstnaren\/","name":"Francisco Jos\u00e9 de Goya y Lucientes - den f\u00f6rste moderne konstn\u00e4ren - Svenska Magasinet","isPartOf":{"@id":"https:\/\/lightweb.dev\/l\/svm-temp\/#website"},"primaryImageOfPage":{"@id":"https:\/\/lightweb.dev\/l\/svm-temp\/artiklar\/francisco-jose-de-goya-y-lucientes-den-forste-moderne-konstnaren\/#primaryimage"},"image":{"@id":"https:\/\/lightweb.dev\/l\/svm-temp\/artiklar\/francisco-jose-de-goya-y-lucientes-den-forste-moderne-konstnaren\/#primaryimage"},"thumbnailUrl":"https:\/\/lightweb.dev\/l\/svm-temp\/wp-content\/uploads\/2022\/04\/francisco-jos-de-goya-y-lucientes-den-frste-moderne-konstnren.png","datePublished":"2007-01-03T23:00:00+00:00","breadcrumb":{"@id":"https:\/\/lightweb.dev\/l\/svm-temp\/artiklar\/francisco-jose-de-goya-y-lucientes-den-forste-moderne-konstnaren\/#breadcrumb"},"inLanguage":"sv-SE","potentialAction":[{"@type":"ReadAction","target":["https:\/\/lightweb.dev\/l\/svm-temp\/artiklar\/francisco-jose-de-goya-y-lucientes-den-forste-moderne-konstnaren\/"]}]},{"@type":"ImageObject","inLanguage":"sv-SE","@id":"https:\/\/lightweb.dev\/l\/svm-temp\/artiklar\/francisco-jose-de-goya-y-lucientes-den-forste-moderne-konstnaren\/#primaryimage","url":"https:\/\/lightweb.dev\/l\/svm-temp\/wp-content\/uploads\/2022\/04\/francisco-jos-de-goya-y-lucientes-den-frste-moderne-konstnren.png","contentUrl":"https:\/\/lightweb.dev\/l\/svm-temp\/wp-content\/uploads\/2022\/04\/francisco-jos-de-goya-y-lucientes-den-frste-moderne-konstnren.png","width":280,"height":294},{"@type":"BreadcrumbList","@id":"https:\/\/lightweb.dev\/l\/svm-temp\/artiklar\/francisco-jose-de-goya-y-lucientes-den-forste-moderne-konstnaren\/#breadcrumb","itemListElement":[{"@type":"ListItem","position":1,"name":"Hem","item":"https:\/\/lightweb.dev\/l\/svm-temp\/"},{"@type":"ListItem","position":2,"name":"Francisco Jos\u00e9 de Goya y Lucientes &#8211; den f\u00f6rste moderne konstn\u00e4ren"}]},{"@type":"WebSite","@id":"https:\/\/lightweb.dev\/l\/svm-temp\/#website","url":"https:\/\/lightweb.dev\/l\/svm-temp\/","name":"Svenska Magasinet","description":"Dina Spanska nyheter p&aring; Svenska","publisher":{"@id":"https:\/\/lightweb.dev\/l\/svm-temp\/#organization"},"potentialAction":[{"@type":"SearchAction","target":{"@type":"EntryPoint","urlTemplate":"https:\/\/lightweb.dev\/l\/svm-temp\/?s={search_term_string}"},"query-input":{"@type":"PropertyValueSpecification","valueRequired":true,"valueName":"search_term_string"}}],"inLanguage":"sv-SE"},{"@type":"Organization","@id":"https:\/\/lightweb.dev\/l\/svm-temp\/#organization","name":"Melkerson y Nott SL","alternateName":"Svenska Magasinet","url":"https:\/\/lightweb.dev\/l\/svm-temp\/","logo":{"@type":"ImageObject","inLanguage":"sv-SE","@id":"https:\/\/lightweb.dev\/l\/svm-temp\/#\/schema\/logo\/image\/","url":"https:\/\/lightweb.dev\/l\/svm-temp\/wp-content\/uploads\/2025\/02\/SvM-logo-Xtra-Centrerad-SVART.png","contentUrl":"https:\/\/lightweb.dev\/l\/svm-temp\/wp-content\/uploads\/2025\/02\/SvM-logo-Xtra-Centrerad-SVART.png","width":300,"height":99,"caption":"Melkerson y Nott SL"},"image":{"@id":"https:\/\/lightweb.dev\/l\/svm-temp\/#\/schema\/logo\/image\/"},"sameAs":["https:\/\/www.facebook.com\/svenskamagasinet","https:\/\/x.com\/SvenskaMagasine"]},{"@type":"Person","@id":"https:\/\/lightweb.dev\/l\/svm-temp\/#\/schema\/person\/206a3bda5b607b0c25e1749191e4d837","name":"Redaktionen SvM","description":"Redaktionen","sameAs":["https:\/\/lightweb.dev\/l\/svm-temp"],"url":"https:\/\/lightweb.dev\/l\/svm-temp\/reporter\/redaktionen\/"}]}},"_links":{"self":[{"href":"https:\/\/lightweb.dev\/l\/svm-temp\/wp-json\/wp\/v2\/posts\/1921","targetHints":{"allow":["GET"]}}],"collection":[{"href":"https:\/\/lightweb.dev\/l\/svm-temp\/wp-json\/wp\/v2\/posts"}],"about":[{"href":"https:\/\/lightweb.dev\/l\/svm-temp\/wp-json\/wp\/v2\/types\/post"}],"author":[{"embeddable":true,"href":"https:\/\/lightweb.dev\/l\/svm-temp\/wp-json\/wp\/v2\/users\/8"}],"replies":[{"embeddable":true,"href":"https:\/\/lightweb.dev\/l\/svm-temp\/wp-json\/wp\/v2\/comments?post=1921"}],"version-history":[{"count":0,"href":"https:\/\/lightweb.dev\/l\/svm-temp\/wp-json\/wp\/v2\/posts\/1921\/revisions"}],"wp:featuredmedia":[{"embeddable":true,"href":"https:\/\/lightweb.dev\/l\/svm-temp\/wp-json\/wp\/v2\/media\/1922"}],"wp:attachment":[{"href":"https:\/\/lightweb.dev\/l\/svm-temp\/wp-json\/wp\/v2\/media?parent=1921"}],"wp:term":[{"taxonomy":"category","embeddable":true,"href":"https:\/\/lightweb.dev\/l\/svm-temp\/wp-json\/wp\/v2\/categories?post=1921"},{"taxonomy":"post_tag","embeddable":true,"href":"https:\/\/lightweb.dev\/l\/svm-temp\/wp-json\/wp\/v2\/tags?post=1921"}],"curies":[{"name":"wp","href":"https:\/\/api.w.org\/{rel}","templated":true}]}}