{"id":1937,"date":"2007-01-04T00:00:00","date_gmt":"2007-01-03T23:00:00","guid":{"rendered":"https:\/\/lightweb.dev\/l\/svm-temp\/spanien-just-nu-nej-tack-i-madrid-till-tradsmala-modeller\/"},"modified":"2007-01-04T00:00:00","modified_gmt":"2007-01-03T23:00:00","slug":"spanien-just-nu-nej-tack-i-madrid-till-tradsmala-modeller","status":"publish","type":"post","link":"https:\/\/lightweb.dev\/l\/svm-temp\/artiklar\/spanien-just-nu-nej-tack-i-madrid-till-tradsmala-modeller\/","title":{"rendered":"Spanien just nu: Nej tack i Madrid, till tr\u00e5dsmala modeller"},"content":{"rendered":"<p> Ana Carolina Reston Macan, 40 kilo, och Luisel Ramos, 44,4 kilo, fotomodeller som under fjol\u00e5ret avled. De blev offer f\u00f6r den hysteri som m\u00e5nga g\u00e5nger pr\u00e4glar stylisterna i den sjuka modebranschen. Av Ola Josefsson<\/p>\n<p>22-\u00e5riga Luisel Ramos fr\u00e5n Uruguay hade l\u00e4nge k\u00e4mpat f\u00f6r att bli fotomodell, det blev hennes d\u00f6d. Inf\u00f6r modeveckan i Montevideo i augusti rasade hon fullst\u00e4ndigt i vikt. P\u00e5 catwalken, mitt i ett kl\u00e4dbyte, segnade hon ned och dog.<br \/>\nHj\u00e4rtat hade stannat.<\/p>\n<p>Senare bj\u00f6d Madrid p\u00e5 sin ber\u00f6mda modevecka. Som en reaktion p\u00e5 d\u00f6dsfallet bojkottade arrang\u00f6rerna till \u201dPassarela Cibeles\u201d, tr\u00e5dsmala modeller p\u00e5 catwalken.<br \/>\nArrang\u00f6rerna bakom \u201dPassarela Cibeles\u201d kr\u00e4vde att modellernas kroppsmassa skulle \u00f6verstiga 18 BMI. J\u00e4mf\u00f6r detta med V\u00e4rldsh\u00e4lsoorganisationen WHO anl\u00e4nder till sv\u00e4lth\u00e4rder i Afrika, s\u00e4tter de riktm\u00e4rket f\u00f6r undern\u00e4rda vid 18,5 Body mass index, BMI. Carolina Restons BMI var 13,21 n\u00e4r hon blev inlagd.<\/p>\n<p>Initiativet fr\u00e5n Madrid ledde till att trettio procent av de anm\u00e4lda modellerna inte kunde medverka. Tyv\u00e4rr \u00e4r det f\u00e5 modem\u00e4ssor som har f\u00f6ljt Madrids exempel, rapporteras det i medier. Varken fr\u00e5n London eller fr\u00e5n modets huvudstad Milano har n\u00e5gra reaktioner kommit under h\u00f6sten. Ett friskhetsintyg fr\u00e5n l\u00e4kare \u00e4r det enda som kr\u00e4vs.<\/p>\n<p>En god b\u00f6rjan till att sanera en osund bransch skulle vara att inf\u00f6ra nya regler om att en fotomodell \u00e5tminstone m\u00e5ste uppfylla V\u00e4rldsh\u00e4lsoorganisationens m\u00e5tt p\u00e5 vad som \u00e4r undern\u00e4ring. Enligt WHO g\u00e5r gr\u00e4nsen f\u00f6r sv\u00e4lt vid 15 BMI, undern\u00e4ring \u00e4r under 18,5 BMI. F\u00f6r att klara gr\u00e4nsen p\u00e5 18 BMI m\u00e5ste du, till exempel, v\u00e4ga minst 56 kilo om du \u00e4r 175 centimeter l\u00e5ng.<br \/>\nEnligt Alexandre Torchia som \u00e4r bokare p\u00e5 den brasilianska modellagenturen L\u2019Equipe, som den l\u00e5nga toppmodellen Carolina Reston tillh\u00f6rde, sitter problemet hos stylisterna.<br \/>\n\u201dIngen har s\u00e5 smala h\u00f6fter. Inga kl\u00e4der sys i de storlekarna. H\u00f6fter p\u00e5 87 till 88 centimeter \u00e4r f\u00f6r tuffa krav. Men stylisterna f\u00f6redrar sm\u00e5, tunna h\u00f6fter. Och det \u00e4r stylisterna vi lever av. Det \u00e4r de som ringer och bokar modellerna. Det \u00e4r sv\u00e5rt att f\u00f6ra in n\u00e5gra riktlinjer\u201d, s\u00e4ger han till Sydsvenskan.<br \/>\nI m\u00e5nga l\u00e4nder flyttar unga tjejer fr\u00e5n landet in till storstaden. De s\u00f6ker sig dit f\u00f6r att g\u00f6ra karri\u00e4r. N\u00e4r de f\u00e5r nej tack efter nej tack k\u00e4nner de sig fula eller tjocka \u2013 och de b\u00f6rjar att sv\u00e4lta sig.<\/p>\n<p>Stylisternas mallar och \u00f6nskem\u00e5l har jag ringande i \u00f6ronen n\u00e4r jag g\u00e5r utmed aff\u00e4rsstr\u00e5ken p\u00e5 Solkusten. Skyltdockorna i butikernas skyltf\u00f6nster g\u00e5r helt stylisternas \u00e4rende. Signalerna \u00e4r glasklara; h\u00e4r \u00e4r det tr\u00e5dsmalt som g\u00e4ller.<br \/>\nH\u00e4r borde saneringen starta, det borde rensas bland skyltdockor som inte h\u00e5ller m\u00e5ttet i vad som \u00e4r en sund kropp enligt V\u00e4rldsh\u00e4lsoorganisationen mallar.<br \/>\nAnnars \u00e4r risken stor att vi i framtiden kommer att f\u00e5 se fler \u201dvackra lik\u201d \u2013 som 22-\u00e5riga Luisel Ramos fr\u00e5n Uruguay. <\/p>\n","protected":false},"excerpt":{"rendered":"<p>Ana Carolina Reston Macan, 40 kilo, och Luisel Ramos, 44,4 kilo, fotomodeller som under fjol\u00e5ret avled. De blev offer f\u00f6r den hysteri som m\u00e5nga g\u00e5nger pr\u00e4glar stylisterna i den sjuka modebranschen. Av Ola Josefsson 22-\u00e5riga Luisel Ramos fr\u00e5n Uruguay hade l\u00e4nge k\u00e4mpat f\u00f6r att bli fotomodell, det blev hennes d\u00f6d. Inf\u00f6r modeveckan i Montevideo i [&hellip;]<\/p>\n","protected":false},"author":8,"featured_media":1938,"comment_status":"open","ping_status":"open","sticky":false,"template":"","format":"standard","meta":{"_et_pb_use_builder":"","_et_pb_old_content":"","_et_gb_content_width":"","footnotes":""},"categories":[4,36],"tags":[],"class_list":["post-1937","post","type-post","status-publish","format-standard","has-post-thumbnail","hentry","category-artiklar","category-spanien-just-nu"],"yoast_head":"<!-- This site is optimized with the Yoast SEO Premium plugin v26.2 (Yoast SEO v27.4) - https:\/\/yoast.com\/product\/yoast-seo-premium-wordpress\/ -->\n<title>Spanien just nu: Nej tack i Madrid, till tr\u00e5dsmala modeller - Svenska Magasinet<\/title>\n<meta name=\"robots\" content=\"noindex, follow, max-snippet:-1, max-image-preview:large, max-video-preview:-1\" \/>\n<meta property=\"og:locale\" content=\"sv_SE\" \/>\n<meta property=\"og:type\" content=\"article\" \/>\n<meta property=\"og:title\" content=\"Spanien just nu: Nej tack i Madrid, till tr\u00e5dsmala modeller\" \/>\n<meta property=\"og:description\" content=\"Ana Carolina Reston Macan, 40 kilo, och Luisel Ramos, 44,4 kilo, fotomodeller som under fjol\u00e5ret avled. De blev offer f\u00f6r den hysteri som m\u00e5nga g\u00e5nger pr\u00e4glar stylisterna i den sjuka modebranschen. Av Ola Josefsson 22-\u00e5riga Luisel Ramos fr\u00e5n Uruguay hade l\u00e4nge k\u00e4mpat f\u00f6r att bli fotomodell, det blev hennes d\u00f6d. Inf\u00f6r modeveckan i Montevideo i [&hellip;]\" \/>\n<meta property=\"og:url\" content=\"https:\/\/lightweb.dev\/l\/svm-temp\/artiklar\/spanien-just-nu-nej-tack-i-madrid-till-tradsmala-modeller\/\" \/>\n<meta property=\"og:site_name\" content=\"Svenska Magasinet\" \/>\n<meta property=\"article:publisher\" content=\"https:\/\/www.facebook.com\/svenskamagasinet\" \/>\n<meta property=\"article:published_time\" content=\"2007-01-03T23:00:00+00:00\" \/>\n<meta property=\"og:image\" content=\"https:\/\/lightweb.dev\/l\/svm-temp\/wp-content\/uploads\/2022\/04\/spanien-just-nu-nej-tack-i-madrid-till-trdsmala-modeller.png\" \/>\n\t<meta property=\"og:image:width\" content=\"280\" \/>\n\t<meta property=\"og:image:height\" content=\"397\" \/>\n\t<meta property=\"og:image:type\" content=\"image\/png\" \/>\n<meta name=\"author\" content=\"Redaktionen SvM\" \/>\n<meta name=\"twitter:card\" content=\"summary_large_image\" \/>\n<meta name=\"twitter:creator\" content=\"@SvenskaMagasine\" \/>\n<meta name=\"twitter:site\" content=\"@SvenskaMagasine\" \/>\n<script type=\"application\/ld+json\" class=\"yoast-schema-graph\">{\"@context\":\"https:\\\/\\\/schema.org\",\"@graph\":[{\"@type\":\"Article\",\"@id\":\"https:\\\/\\\/lightweb.dev\\\/l\\\/svm-temp\\\/artiklar\\\/spanien-just-nu-nej-tack-i-madrid-till-tradsmala-modeller\\\/#article\",\"isPartOf\":{\"@id\":\"https:\\\/\\\/lightweb.dev\\\/l\\\/svm-temp\\\/artiklar\\\/spanien-just-nu-nej-tack-i-madrid-till-tradsmala-modeller\\\/\"},\"author\":{\"name\":\"Redaktionen SvM\",\"@id\":\"https:\\\/\\\/lightweb.dev\\\/l\\\/svm-temp\\\/#\\\/schema\\\/person\\\/206a3bda5b607b0c25e1749191e4d837\"},\"headline\":\"Spanien just nu: Nej tack i Madrid, till tr\u00e5dsmala modeller\",\"datePublished\":\"2007-01-03T23:00:00+00:00\",\"mainEntityOfPage\":{\"@id\":\"https:\\\/\\\/lightweb.dev\\\/l\\\/svm-temp\\\/artiklar\\\/spanien-just-nu-nej-tack-i-madrid-till-tradsmala-modeller\\\/\"},\"wordCount\":550,\"commentCount\":0,\"publisher\":{\"@id\":\"https:\\\/\\\/lightweb.dev\\\/l\\\/svm-temp\\\/#organization\"},\"image\":{\"@id\":\"https:\\\/\\\/lightweb.dev\\\/l\\\/svm-temp\\\/artiklar\\\/spanien-just-nu-nej-tack-i-madrid-till-tradsmala-modeller\\\/#primaryimage\"},\"thumbnailUrl\":\"https:\\\/\\\/lightweb.dev\\\/l\\\/svm-temp\\\/wp-content\\\/uploads\\\/2022\\\/04\\\/spanien-just-nu-nej-tack-i-madrid-till-trdsmala-modeller.png\",\"articleSection\":[\"Artiklar\",\"Spanien just nu\"],\"inLanguage\":\"sv-SE\"},{\"@type\":\"WebPage\",\"@id\":\"https:\\\/\\\/lightweb.dev\\\/l\\\/svm-temp\\\/artiklar\\\/spanien-just-nu-nej-tack-i-madrid-till-tradsmala-modeller\\\/\",\"url\":\"https:\\\/\\\/lightweb.dev\\\/l\\\/svm-temp\\\/artiklar\\\/spanien-just-nu-nej-tack-i-madrid-till-tradsmala-modeller\\\/\",\"name\":\"Spanien just nu: Nej tack i Madrid, till tr\u00e5dsmala modeller - Svenska Magasinet\",\"isPartOf\":{\"@id\":\"https:\\\/\\\/lightweb.dev\\\/l\\\/svm-temp\\\/#website\"},\"primaryImageOfPage\":{\"@id\":\"https:\\\/\\\/lightweb.dev\\\/l\\\/svm-temp\\\/artiklar\\\/spanien-just-nu-nej-tack-i-madrid-till-tradsmala-modeller\\\/#primaryimage\"},\"image\":{\"@id\":\"https:\\\/\\\/lightweb.dev\\\/l\\\/svm-temp\\\/artiklar\\\/spanien-just-nu-nej-tack-i-madrid-till-tradsmala-modeller\\\/#primaryimage\"},\"thumbnailUrl\":\"https:\\\/\\\/lightweb.dev\\\/l\\\/svm-temp\\\/wp-content\\\/uploads\\\/2022\\\/04\\\/spanien-just-nu-nej-tack-i-madrid-till-trdsmala-modeller.png\",\"datePublished\":\"2007-01-03T23:00:00+00:00\",\"breadcrumb\":{\"@id\":\"https:\\\/\\\/lightweb.dev\\\/l\\\/svm-temp\\\/artiklar\\\/spanien-just-nu-nej-tack-i-madrid-till-tradsmala-modeller\\\/#breadcrumb\"},\"inLanguage\":\"sv-SE\",\"potentialAction\":[{\"@type\":\"ReadAction\",\"target\":[\"https:\\\/\\\/lightweb.dev\\\/l\\\/svm-temp\\\/artiklar\\\/spanien-just-nu-nej-tack-i-madrid-till-tradsmala-modeller\\\/\"]}]},{\"@type\":\"ImageObject\",\"inLanguage\":\"sv-SE\",\"@id\":\"https:\\\/\\\/lightweb.dev\\\/l\\\/svm-temp\\\/artiklar\\\/spanien-just-nu-nej-tack-i-madrid-till-tradsmala-modeller\\\/#primaryimage\",\"url\":\"https:\\\/\\\/lightweb.dev\\\/l\\\/svm-temp\\\/wp-content\\\/uploads\\\/2022\\\/04\\\/spanien-just-nu-nej-tack-i-madrid-till-trdsmala-modeller.png\",\"contentUrl\":\"https:\\\/\\\/lightweb.dev\\\/l\\\/svm-temp\\\/wp-content\\\/uploads\\\/2022\\\/04\\\/spanien-just-nu-nej-tack-i-madrid-till-trdsmala-modeller.png\",\"width\":280,\"height\":397},{\"@type\":\"BreadcrumbList\",\"@id\":\"https:\\\/\\\/lightweb.dev\\\/l\\\/svm-temp\\\/artiklar\\\/spanien-just-nu-nej-tack-i-madrid-till-tradsmala-modeller\\\/#breadcrumb\",\"itemListElement\":[{\"@type\":\"ListItem\",\"position\":1,\"name\":\"Hem\",\"item\":\"https:\\\/\\\/lightweb.dev\\\/l\\\/svm-temp\\\/\"},{\"@type\":\"ListItem\",\"position\":2,\"name\":\"Spanien just nu: Nej tack i Madrid, till tr\u00e5dsmala modeller\"}]},{\"@type\":\"WebSite\",\"@id\":\"https:\\\/\\\/lightweb.dev\\\/l\\\/svm-temp\\\/#website\",\"url\":\"https:\\\/\\\/lightweb.dev\\\/l\\\/svm-temp\\\/\",\"name\":\"Svenska Magasinet\",\"description\":\"Dina Spanska nyheter p&aring; Svenska\",\"publisher\":{\"@id\":\"https:\\\/\\\/lightweb.dev\\\/l\\\/svm-temp\\\/#organization\"},\"potentialAction\":[{\"@type\":\"SearchAction\",\"target\":{\"@type\":\"EntryPoint\",\"urlTemplate\":\"https:\\\/\\\/lightweb.dev\\\/l\\\/svm-temp\\\/?s={search_term_string}\"},\"query-input\":{\"@type\":\"PropertyValueSpecification\",\"valueRequired\":true,\"valueName\":\"search_term_string\"}}],\"inLanguage\":\"sv-SE\"},{\"@type\":\"Organization\",\"@id\":\"https:\\\/\\\/lightweb.dev\\\/l\\\/svm-temp\\\/#organization\",\"name\":\"Melkerson y Nott SL\",\"alternateName\":\"Svenska Magasinet\",\"url\":\"https:\\\/\\\/lightweb.dev\\\/l\\\/svm-temp\\\/\",\"logo\":{\"@type\":\"ImageObject\",\"inLanguage\":\"sv-SE\",\"@id\":\"https:\\\/\\\/lightweb.dev\\\/l\\\/svm-temp\\\/#\\\/schema\\\/logo\\\/image\\\/\",\"url\":\"https:\\\/\\\/lightweb.dev\\\/l\\\/svm-temp\\\/wp-content\\\/uploads\\\/2025\\\/02\\\/SvM-logo-Xtra-Centrerad-SVART.png\",\"contentUrl\":\"https:\\\/\\\/lightweb.dev\\\/l\\\/svm-temp\\\/wp-content\\\/uploads\\\/2025\\\/02\\\/SvM-logo-Xtra-Centrerad-SVART.png\",\"width\":300,\"height\":99,\"caption\":\"Melkerson y Nott SL\"},\"image\":{\"@id\":\"https:\\\/\\\/lightweb.dev\\\/l\\\/svm-temp\\\/#\\\/schema\\\/logo\\\/image\\\/\"},\"sameAs\":[\"https:\\\/\\\/www.facebook.com\\\/svenskamagasinet\",\"https:\\\/\\\/x.com\\\/SvenskaMagasine\"]},{\"@type\":\"Person\",\"@id\":\"https:\\\/\\\/lightweb.dev\\\/l\\\/svm-temp\\\/#\\\/schema\\\/person\\\/206a3bda5b607b0c25e1749191e4d837\",\"name\":\"Redaktionen SvM\",\"description\":\"Redaktionen\",\"sameAs\":[\"https:\\\/\\\/lightweb.dev\\\/l\\\/svm-temp\"],\"url\":\"https:\\\/\\\/lightweb.dev\\\/l\\\/svm-temp\\\/reporter\\\/redaktionen\\\/\"}]}<\/script>\n<!-- \/ Yoast SEO Premium plugin. -->","yoast_head_json":{"title":"Spanien just nu: Nej tack i Madrid, till tr\u00e5dsmala modeller - Svenska Magasinet","robots":{"index":"noindex","follow":"follow","max-snippet":"max-snippet:-1","max-image-preview":"max-image-preview:large","max-video-preview":"max-video-preview:-1"},"og_locale":"sv_SE","og_type":"article","og_title":"Spanien just nu: Nej tack i Madrid, till tr\u00e5dsmala modeller","og_description":"Ana Carolina Reston Macan, 40 kilo, och Luisel Ramos, 44,4 kilo, fotomodeller som under fjol\u00e5ret avled. De blev offer f\u00f6r den hysteri som m\u00e5nga g\u00e5nger pr\u00e4glar stylisterna i den sjuka modebranschen. Av Ola Josefsson 22-\u00e5riga Luisel Ramos fr\u00e5n Uruguay hade l\u00e4nge k\u00e4mpat f\u00f6r att bli fotomodell, det blev hennes d\u00f6d. Inf\u00f6r modeveckan i Montevideo i [&hellip;]","og_url":"https:\/\/lightweb.dev\/l\/svm-temp\/artiklar\/spanien-just-nu-nej-tack-i-madrid-till-tradsmala-modeller\/","og_site_name":"Svenska Magasinet","article_publisher":"https:\/\/www.facebook.com\/svenskamagasinet","article_published_time":"2007-01-03T23:00:00+00:00","og_image":[{"width":280,"height":397,"url":"https:\/\/lightweb.dev\/l\/svm-temp\/wp-content\/uploads\/2022\/04\/spanien-just-nu-nej-tack-i-madrid-till-trdsmala-modeller.png","type":"image\/png"}],"author":"Redaktionen SvM","twitter_card":"summary_large_image","twitter_creator":"@SvenskaMagasine","twitter_site":"@SvenskaMagasine","schema":{"@context":"https:\/\/schema.org","@graph":[{"@type":"Article","@id":"https:\/\/lightweb.dev\/l\/svm-temp\/artiklar\/spanien-just-nu-nej-tack-i-madrid-till-tradsmala-modeller\/#article","isPartOf":{"@id":"https:\/\/lightweb.dev\/l\/svm-temp\/artiklar\/spanien-just-nu-nej-tack-i-madrid-till-tradsmala-modeller\/"},"author":{"name":"Redaktionen SvM","@id":"https:\/\/lightweb.dev\/l\/svm-temp\/#\/schema\/person\/206a3bda5b607b0c25e1749191e4d837"},"headline":"Spanien just nu: Nej tack i Madrid, till tr\u00e5dsmala modeller","datePublished":"2007-01-03T23:00:00+00:00","mainEntityOfPage":{"@id":"https:\/\/lightweb.dev\/l\/svm-temp\/artiklar\/spanien-just-nu-nej-tack-i-madrid-till-tradsmala-modeller\/"},"wordCount":550,"commentCount":0,"publisher":{"@id":"https:\/\/lightweb.dev\/l\/svm-temp\/#organization"},"image":{"@id":"https:\/\/lightweb.dev\/l\/svm-temp\/artiklar\/spanien-just-nu-nej-tack-i-madrid-till-tradsmala-modeller\/#primaryimage"},"thumbnailUrl":"https:\/\/lightweb.dev\/l\/svm-temp\/wp-content\/uploads\/2022\/04\/spanien-just-nu-nej-tack-i-madrid-till-trdsmala-modeller.png","articleSection":["Artiklar","Spanien just nu"],"inLanguage":"sv-SE"},{"@type":"WebPage","@id":"https:\/\/lightweb.dev\/l\/svm-temp\/artiklar\/spanien-just-nu-nej-tack-i-madrid-till-tradsmala-modeller\/","url":"https:\/\/lightweb.dev\/l\/svm-temp\/artiklar\/spanien-just-nu-nej-tack-i-madrid-till-tradsmala-modeller\/","name":"Spanien just nu: Nej tack i Madrid, till tr\u00e5dsmala modeller - Svenska Magasinet","isPartOf":{"@id":"https:\/\/lightweb.dev\/l\/svm-temp\/#website"},"primaryImageOfPage":{"@id":"https:\/\/lightweb.dev\/l\/svm-temp\/artiklar\/spanien-just-nu-nej-tack-i-madrid-till-tradsmala-modeller\/#primaryimage"},"image":{"@id":"https:\/\/lightweb.dev\/l\/svm-temp\/artiklar\/spanien-just-nu-nej-tack-i-madrid-till-tradsmala-modeller\/#primaryimage"},"thumbnailUrl":"https:\/\/lightweb.dev\/l\/svm-temp\/wp-content\/uploads\/2022\/04\/spanien-just-nu-nej-tack-i-madrid-till-trdsmala-modeller.png","datePublished":"2007-01-03T23:00:00+00:00","breadcrumb":{"@id":"https:\/\/lightweb.dev\/l\/svm-temp\/artiklar\/spanien-just-nu-nej-tack-i-madrid-till-tradsmala-modeller\/#breadcrumb"},"inLanguage":"sv-SE","potentialAction":[{"@type":"ReadAction","target":["https:\/\/lightweb.dev\/l\/svm-temp\/artiklar\/spanien-just-nu-nej-tack-i-madrid-till-tradsmala-modeller\/"]}]},{"@type":"ImageObject","inLanguage":"sv-SE","@id":"https:\/\/lightweb.dev\/l\/svm-temp\/artiklar\/spanien-just-nu-nej-tack-i-madrid-till-tradsmala-modeller\/#primaryimage","url":"https:\/\/lightweb.dev\/l\/svm-temp\/wp-content\/uploads\/2022\/04\/spanien-just-nu-nej-tack-i-madrid-till-trdsmala-modeller.png","contentUrl":"https:\/\/lightweb.dev\/l\/svm-temp\/wp-content\/uploads\/2022\/04\/spanien-just-nu-nej-tack-i-madrid-till-trdsmala-modeller.png","width":280,"height":397},{"@type":"BreadcrumbList","@id":"https:\/\/lightweb.dev\/l\/svm-temp\/artiklar\/spanien-just-nu-nej-tack-i-madrid-till-tradsmala-modeller\/#breadcrumb","itemListElement":[{"@type":"ListItem","position":1,"name":"Hem","item":"https:\/\/lightweb.dev\/l\/svm-temp\/"},{"@type":"ListItem","position":2,"name":"Spanien just nu: Nej tack i Madrid, till tr\u00e5dsmala modeller"}]},{"@type":"WebSite","@id":"https:\/\/lightweb.dev\/l\/svm-temp\/#website","url":"https:\/\/lightweb.dev\/l\/svm-temp\/","name":"Svenska Magasinet","description":"Dina Spanska nyheter p&aring; Svenska","publisher":{"@id":"https:\/\/lightweb.dev\/l\/svm-temp\/#organization"},"potentialAction":[{"@type":"SearchAction","target":{"@type":"EntryPoint","urlTemplate":"https:\/\/lightweb.dev\/l\/svm-temp\/?s={search_term_string}"},"query-input":{"@type":"PropertyValueSpecification","valueRequired":true,"valueName":"search_term_string"}}],"inLanguage":"sv-SE"},{"@type":"Organization","@id":"https:\/\/lightweb.dev\/l\/svm-temp\/#organization","name":"Melkerson y Nott SL","alternateName":"Svenska Magasinet","url":"https:\/\/lightweb.dev\/l\/svm-temp\/","logo":{"@type":"ImageObject","inLanguage":"sv-SE","@id":"https:\/\/lightweb.dev\/l\/svm-temp\/#\/schema\/logo\/image\/","url":"https:\/\/lightweb.dev\/l\/svm-temp\/wp-content\/uploads\/2025\/02\/SvM-logo-Xtra-Centrerad-SVART.png","contentUrl":"https:\/\/lightweb.dev\/l\/svm-temp\/wp-content\/uploads\/2025\/02\/SvM-logo-Xtra-Centrerad-SVART.png","width":300,"height":99,"caption":"Melkerson y Nott SL"},"image":{"@id":"https:\/\/lightweb.dev\/l\/svm-temp\/#\/schema\/logo\/image\/"},"sameAs":["https:\/\/www.facebook.com\/svenskamagasinet","https:\/\/x.com\/SvenskaMagasine"]},{"@type":"Person","@id":"https:\/\/lightweb.dev\/l\/svm-temp\/#\/schema\/person\/206a3bda5b607b0c25e1749191e4d837","name":"Redaktionen SvM","description":"Redaktionen","sameAs":["https:\/\/lightweb.dev\/l\/svm-temp"],"url":"https:\/\/lightweb.dev\/l\/svm-temp\/reporter\/redaktionen\/"}]}},"_links":{"self":[{"href":"https:\/\/lightweb.dev\/l\/svm-temp\/wp-json\/wp\/v2\/posts\/1937","targetHints":{"allow":["GET"]}}],"collection":[{"href":"https:\/\/lightweb.dev\/l\/svm-temp\/wp-json\/wp\/v2\/posts"}],"about":[{"href":"https:\/\/lightweb.dev\/l\/svm-temp\/wp-json\/wp\/v2\/types\/post"}],"author":[{"embeddable":true,"href":"https:\/\/lightweb.dev\/l\/svm-temp\/wp-json\/wp\/v2\/users\/8"}],"replies":[{"embeddable":true,"href":"https:\/\/lightweb.dev\/l\/svm-temp\/wp-json\/wp\/v2\/comments?post=1937"}],"version-history":[{"count":0,"href":"https:\/\/lightweb.dev\/l\/svm-temp\/wp-json\/wp\/v2\/posts\/1937\/revisions"}],"wp:featuredmedia":[{"embeddable":true,"href":"https:\/\/lightweb.dev\/l\/svm-temp\/wp-json\/wp\/v2\/media\/1938"}],"wp:attachment":[{"href":"https:\/\/lightweb.dev\/l\/svm-temp\/wp-json\/wp\/v2\/media?parent=1937"}],"wp:term":[{"taxonomy":"category","embeddable":true,"href":"https:\/\/lightweb.dev\/l\/svm-temp\/wp-json\/wp\/v2\/categories?post=1937"},{"taxonomy":"post_tag","embeddable":true,"href":"https:\/\/lightweb.dev\/l\/svm-temp\/wp-json\/wp\/v2\/tags?post=1937"}],"curies":[{"name":"wp","href":"https:\/\/api.w.org\/{rel}","templated":true}]}}