{"id":1943,"date":"2007-01-04T00:00:00","date_gmt":"2007-01-03T23:00:00","guid":{"rendered":"https:\/\/lightweb.dev\/l\/svm-temp\/andalusiens-forsta-ishall-ar-invigd-med-rink-fran-finland\/"},"modified":"2007-01-04T00:00:00","modified_gmt":"2007-01-03T23:00:00","slug":"andalusiens-forsta-ishall-ar-invigd-med-rink-fran-finland","status":"publish","type":"post","link":"https:\/\/lightweb.dev\/l\/svm-temp\/artiklar\/andalusiens-forsta-ishall-ar-invigd-med-rink-fran-finland\/","title":{"rendered":"Andalusiens f\u00f6rsta ishall \u00e4r invigd \u2013 med rink fr\u00e5n Finland"},"content":{"rendered":"<p> Nu ligger isen nyspolad i Andalusiens f\u00f6rsta ishall. Svenska Magasinet har givetvis testat isen och var bland de f\u00f6rsta som tog sk\u00e4ren i Club Municipal de Hielo i Arroyo de la Miel. Av Ola Josefsson<\/p>\n<p>Ett av Solkustens mest sp\u00e4nnande sportprojekt presenteras som \u201dClub Municipal de Hielo \u2013 mucho m\u00e1s que hielo\u201d. Det handlar inte bara om is i anl\u00e4ggningen i Arroyo de la Miel i Benalm\u00e1denas kommun.<br \/>\nAnl\u00e4ggningen ligger centralt i Arroyo de la Miel, utmed Avenida de Federico Garcia Lorca, n\u00e4ra till bussh\u00e5llplats och t\u00e5g. \u201dMer \u00e4n bara is\u201d \u2013 och visst st\u00e4mmer det. Simning, massage och styrktr\u00e4ning hittar du inom husets fyra v\u00e4ggar.<\/p>\n<p>Hoppas p\u00e5 is<br \/>\nDet \u00e4r arkitekten Enrique Pardos som ligger bakom utformningen av Andalusiens f\u00f6rsta ishall. H\u00e4r ska det finnas is \u00e5ret runt.<br \/>\n-Vi hoppas p\u00e5 det. Det kan ju bli rej\u00e4lt varmt under juli och augusti men enligt v\u00e5ra ber\u00e4kningar ska systemet h\u00e5lla. Blir det problem f\u00e5r vi i v\u00e4rsta fall st\u00e4nga under sommarm\u00e5naderna, s\u00e4ger Enrique Pardos.<\/p>\n<p>Kritisk borgm\u00e4stare<br \/>\nSvenska Magasinet var med n\u00e4r borgm\u00e4staren Enrique B\u00f3lin synade anl\u00e4ggningen den 12 december. Flera spanska medier var p\u00e5 plats tillsammans med ansvariga fr\u00e5n bygget. Kritiken fr\u00e5n borgm\u00e4staren var inte n\u00e5dig.<br \/>\nSom svensk med insyn i m\u00e4ngder av ishallar var det direkt pinsamt att lyssna p\u00e5 Enrique B\u00f3lin som kritiserade att isbanan hade sarg\u2026<br \/>\n-Men s\u00e5 bygger man ishallar \u00f6ver hela v\u00e4rlden, f\u00f6rs\u00f6kte arkitekten\u2026<br \/>\nSargen \u00e4r tillverkad och importerad fr\u00e5n Finland. Och finl\u00e4ndare kan betydligt mer om s\u00e5dana h\u00e4r saker \u00e4n en borgm\u00e4stare fr\u00e5n Benalm\u00e1dena p\u00e5 Costa del Sol.<\/p>\n<p>Isolering<br \/>\nDet nya sportkomplexet i Arroyo de la Miel inneh\u00e5ller f\u00f6rutom ishall \u00e4ven en simhall och ett stort fitnesscenter med styrketr\u00e4ning och grupptr\u00e4ning. Enligt borgm\u00e4stare (l\u00e4s kommunalpamp) Enrique B\u00f3lin var det fel p\u00e5 det mesta, \u00e4ven val av f\u00f6nster och f\u00e4rger fick skarp kritik av borgm\u00e4staren i byn.<br \/>\n-F\u00f6nstrena liknar ju s\u00e5dana som zigenare \u00e5ker runt och samlar upp\u2026 , sa borgm\u00e4staren h\u00f6gt och tydligt<br \/>\nN\u00e5v\u00e4l, \u00f6ronen ramlade inte av, det mesta f\u00f6ll i st\u00e4llet Svenska Magasinets uts\u00e4nde v\u00e4l i smaken. Det vi mest oroar oss \u00f6ver \u00e4r isolering samt fr\u00e5n- och tilluftsaggregatet. Det som m\u00e5nga ishallar f\u00e5r problem med \u00e4r kondensen. Det g\u00e4ller att ishallen \u00e4r v\u00e4l isolerad och att inga fel d\u00f6rrar st\u00e5r \u00f6ppna.<br \/>\n-Vi har lagt 20 centimeters isolering p\u00e5 tak, v\u00e4ggar och golv, s\u00e4ger arkitekten Enrique Pardos och m\u00e4ter upp med h\u00e4nderna.<\/p>\n<p>Skidskoskola<br \/>\nIshallen med eget caf\u00e9, kommer att vara \u00f6ppen f\u00f6r allm\u00e4nhetens \u00e5kning s\u00e5 gott som varje dag mellan klockan 12 till 14 och mellan 20 och 22. Fredagskv\u00e4llar och l\u00f6rdagskv\u00e4llar v\u00e4ntar disco-hielo fr\u00e5n 22:30. Det blir \u00e4ven skidskoskola f\u00f6r barn s\u00e5v\u00e4l som f\u00f6r vuxna. Innan hallen stod klar hade \u00f6ver 2.000 personer anm\u00e4lt sig till skridskoskolan som Elisabet Mart\u00edn-Mora h\u00e5ller i.<br \/>\nIntr\u00e4de kostar 6 euro f\u00f6r barn, 9 euro f\u00f6r vuxna och 7,50 f\u00f6r pension\u00e4rer. Ett par skidsko hyr du f\u00f6r 3,75 euro.<\/p>\n<p>640 kvadratmeter<br \/>\nSvenska Magasinet har redan f\u00e5tt f\u00f6rfr\u00e5gningar om att dra ig\u00e5ng n\u00e5gon form av mjukhockey eller hockey-bockey. Enligt de ansvariga vid kommunens fritidsn\u00e4mnd kommer grupper eller st\u00f6rre s\u00e4llskap att kunna hyra ishallen. Och de l\u00e4mnar klartecken till att f\u00e5 spela \u201dhockey sobre hielo\u201d.<br \/>\nVi stegade upp isbanan till cirka 28&#215;18 meter, 640 kvadratmeter enligt arkitekten, vilket \u00e4r klart mindre \u00e4n en normal rink. Kanske i minsta laget men s\u00e4kert kan Benalm\u00e1denas ishall inspirera andra kommuner p\u00e5 Solkusten till att bygga fler ishallar.<br \/>\nT\u00e4nk vilken hockeyfight det kunde bli p\u00e5 is n\u00e4r Costa Storms fr\u00e5n Fuengirola m\u00f6ter Marbella Sharks p\u00e5 is\u2026<\/p>\n<p>Isen \u2013 helt okey<br \/>\nDen 15 december hade skridskointresserade p\u00e5 Solkusten m\u00f6jlighet att g\u00e5 p\u00e5 is f\u00f6r f\u00f6rsta g\u00e5ngen. Tillsammans med Elisabet Mart\u00edn-Mora testade Svenska Magasinet isen som f\u00e5r klart godk\u00e4nt betyg.<br \/>\nDen var fast och lagom h\u00e5rd \u2013 och isen fylldes snart av m\u00e4ngder av ungar som ville testa.<br \/>\nElisabet Mart\u00edn-Mora ses som en drivande sj\u00e4l till isbanan i Arroyo de la Miel. Hon kommer fr\u00e5n Jaca i Pyren\u00e9erna, haft rullskridskoskola p\u00e5 kusten i fem \u00e5r. Hon har drivit p\u00e5 myndigheterna i kommunen att bygga en ishall.<br \/>\n-Hur k\u00e4nns det, fr\u00e5gar Elisabet efter att Svenska Magasinet har testat. Visst \u00e4r det kul.<br \/>\nHon har varit professionell konst\u00e5kerska. Inte konstigt att hon drog ned appl\u00e5der \u2013 \u00e4ven fr\u00e5n borgm\u00e4stare Enrique B\u00f3lin \u2013 vid uppvisningen i samband med premi\u00e4ren.<br \/>\nN\u00e5gon borgm\u00e4stare B\u00f3lin p\u00e5 skridsko fick vi dock inte se\u2026 <\/p>\n","protected":false},"excerpt":{"rendered":"<p>Nu ligger isen nyspolad i Andalusiens f\u00f6rsta ishall. Svenska Magasinet har givetvis testat isen och var bland de f\u00f6rsta som tog sk\u00e4ren i Club Municipal de Hielo i Arroyo de la Miel. Av Ola Josefsson Ett av Solkustens mest sp\u00e4nnande sportprojekt presenteras som \u201dClub Municipal de Hielo \u2013 mucho m\u00e1s que hielo\u201d. Det handlar inte [&hellip;]<\/p>\n","protected":false},"author":8,"featured_media":1944,"comment_status":"open","ping_status":"open","sticky":false,"template":"","format":"standard","meta":{"_et_pb_use_builder":"","_et_pb_old_content":"","_et_gb_content_width":"","footnotes":""},"categories":[4,400],"tags":[],"class_list":["post-1943","post","type-post","status-publish","format-standard","has-post-thumbnail","hentry","category-artiklar","category-sport-artiklar"],"yoast_head":"<!-- This site is optimized with the Yoast SEO Premium plugin v26.2 (Yoast SEO v28.2) - https:\/\/yoast.com\/product\/yoast-seo-premium-wordpress\/ -->\n<title>Andalusiens f\u00f6rsta ishall \u00e4r invigd \u2013 med rink fr\u00e5n Finland - Svenska Magasinet<\/title>\n<meta name=\"robots\" content=\"noindex, follow, max-snippet:-1, max-image-preview:large, max-video-preview:-1\" \/>\n<meta property=\"og:locale\" content=\"sv_SE\" \/>\n<meta property=\"og:type\" content=\"article\" \/>\n<meta property=\"og:title\" content=\"Andalusiens f\u00f6rsta ishall \u00e4r invigd \u2013 med rink fr\u00e5n Finland\" \/>\n<meta property=\"og:description\" content=\"Nu ligger isen nyspolad i Andalusiens f\u00f6rsta ishall. Svenska Magasinet har givetvis testat isen och var bland de f\u00f6rsta som tog sk\u00e4ren i Club Municipal de Hielo i Arroyo de la Miel. Av Ola Josefsson Ett av Solkustens mest sp\u00e4nnande sportprojekt presenteras som \u201dClub Municipal de Hielo \u2013 mucho m\u00e1s que hielo\u201d. Det handlar inte [&hellip;]\" \/>\n<meta property=\"og:url\" content=\"https:\/\/lightweb.dev\/l\/svm-temp\/artiklar\/andalusiens-forsta-ishall-ar-invigd-med-rink-fran-finland\/\" \/>\n<meta property=\"og:site_name\" content=\"Svenska Magasinet\" \/>\n<meta property=\"article:publisher\" content=\"https:\/\/www.facebook.com\/svenskamagasinet\" \/>\n<meta property=\"article:published_time\" content=\"2007-01-03T23:00:00+00:00\" \/>\n<meta property=\"og:image\" content=\"https:\/\/lightweb.dev\/l\/svm-temp\/wp-content\/uploads\/2022\/04\/andalusiens-frsta-ishall-r-invigd-med-rink-frn-finland.png\" \/>\n\t<meta property=\"og:image:width\" content=\"280\" \/>\n\t<meta property=\"og:image:height\" content=\"210\" \/>\n\t<meta property=\"og:image:type\" content=\"image\/png\" \/>\n<meta name=\"author\" content=\"Redaktionen SvM\" \/>\n<meta name=\"twitter:card\" content=\"summary_large_image\" \/>\n<meta name=\"twitter:creator\" content=\"@SvenskaMagasine\" \/>\n<meta name=\"twitter:site\" content=\"@SvenskaMagasine\" \/>\n<script type=\"application\/ld+json\" class=\"yoast-schema-graph\">{\"@context\":\"https:\\\/\\\/schema.org\",\"@graph\":[{\"@type\":\"Article\",\"@id\":\"https:\\\/\\\/lightweb.dev\\\/l\\\/svm-temp\\\/artiklar\\\/andalusiens-forsta-ishall-ar-invigd-med-rink-fran-finland\\\/#article\",\"isPartOf\":{\"@id\":\"https:\\\/\\\/lightweb.dev\\\/l\\\/svm-temp\\\/artiklar\\\/andalusiens-forsta-ishall-ar-invigd-med-rink-fran-finland\\\/\"},\"author\":{\"name\":\"Redaktionen SvM\",\"@id\":\"https:\\\/\\\/lightweb.dev\\\/l\\\/svm-temp\\\/#\\\/schema\\\/person\\\/206a3bda5b607b0c25e1749191e4d837\"},\"headline\":\"Andalusiens f\u00f6rsta ishall \u00e4r invigd \u2013 med rink fr\u00e5n Finland\",\"datePublished\":\"2007-01-03T23:00:00+00:00\",\"mainEntityOfPage\":{\"@id\":\"https:\\\/\\\/lightweb.dev\\\/l\\\/svm-temp\\\/artiklar\\\/andalusiens-forsta-ishall-ar-invigd-med-rink-fran-finland\\\/\"},\"wordCount\":837,\"commentCount\":0,\"publisher\":{\"@id\":\"https:\\\/\\\/lightweb.dev\\\/l\\\/svm-temp\\\/#organization\"},\"image\":{\"@id\":\"https:\\\/\\\/lightweb.dev\\\/l\\\/svm-temp\\\/artiklar\\\/andalusiens-forsta-ishall-ar-invigd-med-rink-fran-finland\\\/#primaryimage\"},\"thumbnailUrl\":\"https:\\\/\\\/lightweb.dev\\\/l\\\/svm-temp\\\/wp-content\\\/uploads\\\/2022\\\/04\\\/andalusiens-frsta-ishall-r-invigd-med-rink-frn-finland.png\",\"articleSection\":[\"Artiklar\",\"Sport\"],\"inLanguage\":\"sv-SE\"},{\"@type\":\"WebPage\",\"@id\":\"https:\\\/\\\/lightweb.dev\\\/l\\\/svm-temp\\\/artiklar\\\/andalusiens-forsta-ishall-ar-invigd-med-rink-fran-finland\\\/\",\"url\":\"https:\\\/\\\/lightweb.dev\\\/l\\\/svm-temp\\\/artiklar\\\/andalusiens-forsta-ishall-ar-invigd-med-rink-fran-finland\\\/\",\"name\":\"Andalusiens f\u00f6rsta ishall \u00e4r invigd \u2013 med rink fr\u00e5n Finland - Svenska Magasinet\",\"isPartOf\":{\"@id\":\"https:\\\/\\\/lightweb.dev\\\/l\\\/svm-temp\\\/#website\"},\"primaryImageOfPage\":{\"@id\":\"https:\\\/\\\/lightweb.dev\\\/l\\\/svm-temp\\\/artiklar\\\/andalusiens-forsta-ishall-ar-invigd-med-rink-fran-finland\\\/#primaryimage\"},\"image\":{\"@id\":\"https:\\\/\\\/lightweb.dev\\\/l\\\/svm-temp\\\/artiklar\\\/andalusiens-forsta-ishall-ar-invigd-med-rink-fran-finland\\\/#primaryimage\"},\"thumbnailUrl\":\"https:\\\/\\\/lightweb.dev\\\/l\\\/svm-temp\\\/wp-content\\\/uploads\\\/2022\\\/04\\\/andalusiens-frsta-ishall-r-invigd-med-rink-frn-finland.png\",\"datePublished\":\"2007-01-03T23:00:00+00:00\",\"breadcrumb\":{\"@id\":\"https:\\\/\\\/lightweb.dev\\\/l\\\/svm-temp\\\/artiklar\\\/andalusiens-forsta-ishall-ar-invigd-med-rink-fran-finland\\\/#breadcrumb\"},\"inLanguage\":\"sv-SE\",\"potentialAction\":[{\"@type\":\"ReadAction\",\"target\":[\"https:\\\/\\\/lightweb.dev\\\/l\\\/svm-temp\\\/artiklar\\\/andalusiens-forsta-ishall-ar-invigd-med-rink-fran-finland\\\/\"]}]},{\"@type\":\"ImageObject\",\"inLanguage\":\"sv-SE\",\"@id\":\"https:\\\/\\\/lightweb.dev\\\/l\\\/svm-temp\\\/artiklar\\\/andalusiens-forsta-ishall-ar-invigd-med-rink-fran-finland\\\/#primaryimage\",\"url\":\"https:\\\/\\\/lightweb.dev\\\/l\\\/svm-temp\\\/wp-content\\\/uploads\\\/2022\\\/04\\\/andalusiens-frsta-ishall-r-invigd-med-rink-frn-finland.png\",\"contentUrl\":\"https:\\\/\\\/lightweb.dev\\\/l\\\/svm-temp\\\/wp-content\\\/uploads\\\/2022\\\/04\\\/andalusiens-frsta-ishall-r-invigd-med-rink-frn-finland.png\",\"width\":280,\"height\":210},{\"@type\":\"BreadcrumbList\",\"@id\":\"https:\\\/\\\/lightweb.dev\\\/l\\\/svm-temp\\\/artiklar\\\/andalusiens-forsta-ishall-ar-invigd-med-rink-fran-finland\\\/#breadcrumb\",\"itemListElement\":[{\"@type\":\"ListItem\",\"position\":1,\"name\":\"Hem\",\"item\":\"https:\\\/\\\/lightweb.dev\\\/l\\\/svm-temp\\\/\"},{\"@type\":\"ListItem\",\"position\":2,\"name\":\"Andalusiens f\u00f6rsta ishall \u00e4r invigd \u2013 med rink fr\u00e5n Finland\"}]},{\"@type\":\"WebSite\",\"@id\":\"https:\\\/\\\/lightweb.dev\\\/l\\\/svm-temp\\\/#website\",\"url\":\"https:\\\/\\\/lightweb.dev\\\/l\\\/svm-temp\\\/\",\"name\":\"Svenska Magasinet\",\"description\":\"Dina Spanska nyheter p&aring; Svenska\",\"publisher\":{\"@id\":\"https:\\\/\\\/lightweb.dev\\\/l\\\/svm-temp\\\/#organization\"},\"potentialAction\":[{\"@type\":\"SearchAction\",\"target\":{\"@type\":\"EntryPoint\",\"urlTemplate\":\"https:\\\/\\\/lightweb.dev\\\/l\\\/svm-temp\\\/?s={search_term_string}\"},\"query-input\":{\"@type\":\"PropertyValueSpecification\",\"valueRequired\":true,\"valueName\":\"search_term_string\"}}],\"inLanguage\":\"sv-SE\"},{\"@type\":\"Organization\",\"@id\":\"https:\\\/\\\/lightweb.dev\\\/l\\\/svm-temp\\\/#organization\",\"name\":\"Melkerson y Nott SL\",\"alternateName\":\"Svenska Magasinet\",\"url\":\"https:\\\/\\\/lightweb.dev\\\/l\\\/svm-temp\\\/\",\"logo\":{\"@type\":\"ImageObject\",\"inLanguage\":\"sv-SE\",\"@id\":\"https:\\\/\\\/lightweb.dev\\\/l\\\/svm-temp\\\/#\\\/schema\\\/logo\\\/image\\\/\",\"url\":\"https:\\\/\\\/lightweb.dev\\\/l\\\/svm-temp\\\/wp-content\\\/uploads\\\/2025\\\/02\\\/SvM-logo-Xtra-Centrerad-SVART.png\",\"contentUrl\":\"https:\\\/\\\/lightweb.dev\\\/l\\\/svm-temp\\\/wp-content\\\/uploads\\\/2025\\\/02\\\/SvM-logo-Xtra-Centrerad-SVART.png\",\"width\":300,\"height\":99,\"caption\":\"Melkerson y Nott SL\"},\"image\":{\"@id\":\"https:\\\/\\\/lightweb.dev\\\/l\\\/svm-temp\\\/#\\\/schema\\\/logo\\\/image\\\/\"},\"sameAs\":[\"https:\\\/\\\/www.facebook.com\\\/svenskamagasinet\",\"https:\\\/\\\/x.com\\\/SvenskaMagasine\"]},{\"@type\":\"Person\",\"@id\":\"https:\\\/\\\/lightweb.dev\\\/l\\\/svm-temp\\\/#\\\/schema\\\/person\\\/206a3bda5b607b0c25e1749191e4d837\",\"name\":\"Redaktionen SvM\",\"description\":\"Redaktionen\",\"sameAs\":[\"https:\\\/\\\/lightweb.dev\\\/l\\\/svm-temp\"],\"url\":\"https:\\\/\\\/lightweb.dev\\\/l\\\/svm-temp\\\/reporter\\\/redaktionen\\\/\"}]}<\/script>\n<!-- \/ Yoast SEO Premium plugin. -->","yoast_head_json":{"title":"Andalusiens f\u00f6rsta ishall \u00e4r invigd \u2013 med rink fr\u00e5n Finland - Svenska Magasinet","robots":{"index":"noindex","follow":"follow","max-snippet":"max-snippet:-1","max-image-preview":"max-image-preview:large","max-video-preview":"max-video-preview:-1"},"og_locale":"sv_SE","og_type":"article","og_title":"Andalusiens f\u00f6rsta ishall \u00e4r invigd \u2013 med rink fr\u00e5n Finland","og_description":"Nu ligger isen nyspolad i Andalusiens f\u00f6rsta ishall. Svenska Magasinet har givetvis testat isen och var bland de f\u00f6rsta som tog sk\u00e4ren i Club Municipal de Hielo i Arroyo de la Miel. Av Ola Josefsson Ett av Solkustens mest sp\u00e4nnande sportprojekt presenteras som \u201dClub Municipal de Hielo \u2013 mucho m\u00e1s que hielo\u201d. Det handlar inte [&hellip;]","og_url":"https:\/\/lightweb.dev\/l\/svm-temp\/artiklar\/andalusiens-forsta-ishall-ar-invigd-med-rink-fran-finland\/","og_site_name":"Svenska Magasinet","article_publisher":"https:\/\/www.facebook.com\/svenskamagasinet","article_published_time":"2007-01-03T23:00:00+00:00","og_image":[{"width":280,"height":210,"url":"https:\/\/lightweb.dev\/l\/svm-temp\/wp-content\/uploads\/2022\/04\/andalusiens-frsta-ishall-r-invigd-med-rink-frn-finland.png","type":"image\/png"}],"author":"Redaktionen SvM","twitter_card":"summary_large_image","twitter_creator":"@SvenskaMagasine","twitter_site":"@SvenskaMagasine","schema":{"@context":"https:\/\/schema.org","@graph":[{"@type":"Article","@id":"https:\/\/lightweb.dev\/l\/svm-temp\/artiklar\/andalusiens-forsta-ishall-ar-invigd-med-rink-fran-finland\/#article","isPartOf":{"@id":"https:\/\/lightweb.dev\/l\/svm-temp\/artiklar\/andalusiens-forsta-ishall-ar-invigd-med-rink-fran-finland\/"},"author":{"name":"Redaktionen SvM","@id":"https:\/\/lightweb.dev\/l\/svm-temp\/#\/schema\/person\/206a3bda5b607b0c25e1749191e4d837"},"headline":"Andalusiens f\u00f6rsta ishall \u00e4r invigd \u2013 med rink fr\u00e5n Finland","datePublished":"2007-01-03T23:00:00+00:00","mainEntityOfPage":{"@id":"https:\/\/lightweb.dev\/l\/svm-temp\/artiklar\/andalusiens-forsta-ishall-ar-invigd-med-rink-fran-finland\/"},"wordCount":837,"commentCount":0,"publisher":{"@id":"https:\/\/lightweb.dev\/l\/svm-temp\/#organization"},"image":{"@id":"https:\/\/lightweb.dev\/l\/svm-temp\/artiklar\/andalusiens-forsta-ishall-ar-invigd-med-rink-fran-finland\/#primaryimage"},"thumbnailUrl":"https:\/\/lightweb.dev\/l\/svm-temp\/wp-content\/uploads\/2022\/04\/andalusiens-frsta-ishall-r-invigd-med-rink-frn-finland.png","articleSection":["Artiklar","Sport"],"inLanguage":"sv-SE"},{"@type":"WebPage","@id":"https:\/\/lightweb.dev\/l\/svm-temp\/artiklar\/andalusiens-forsta-ishall-ar-invigd-med-rink-fran-finland\/","url":"https:\/\/lightweb.dev\/l\/svm-temp\/artiklar\/andalusiens-forsta-ishall-ar-invigd-med-rink-fran-finland\/","name":"Andalusiens f\u00f6rsta ishall \u00e4r invigd \u2013 med rink fr\u00e5n Finland - Svenska Magasinet","isPartOf":{"@id":"https:\/\/lightweb.dev\/l\/svm-temp\/#website"},"primaryImageOfPage":{"@id":"https:\/\/lightweb.dev\/l\/svm-temp\/artiklar\/andalusiens-forsta-ishall-ar-invigd-med-rink-fran-finland\/#primaryimage"},"image":{"@id":"https:\/\/lightweb.dev\/l\/svm-temp\/artiklar\/andalusiens-forsta-ishall-ar-invigd-med-rink-fran-finland\/#primaryimage"},"thumbnailUrl":"https:\/\/lightweb.dev\/l\/svm-temp\/wp-content\/uploads\/2022\/04\/andalusiens-frsta-ishall-r-invigd-med-rink-frn-finland.png","datePublished":"2007-01-03T23:00:00+00:00","breadcrumb":{"@id":"https:\/\/lightweb.dev\/l\/svm-temp\/artiklar\/andalusiens-forsta-ishall-ar-invigd-med-rink-fran-finland\/#breadcrumb"},"inLanguage":"sv-SE","potentialAction":[{"@type":"ReadAction","target":["https:\/\/lightweb.dev\/l\/svm-temp\/artiklar\/andalusiens-forsta-ishall-ar-invigd-med-rink-fran-finland\/"]}]},{"@type":"ImageObject","inLanguage":"sv-SE","@id":"https:\/\/lightweb.dev\/l\/svm-temp\/artiklar\/andalusiens-forsta-ishall-ar-invigd-med-rink-fran-finland\/#primaryimage","url":"https:\/\/lightweb.dev\/l\/svm-temp\/wp-content\/uploads\/2022\/04\/andalusiens-frsta-ishall-r-invigd-med-rink-frn-finland.png","contentUrl":"https:\/\/lightweb.dev\/l\/svm-temp\/wp-content\/uploads\/2022\/04\/andalusiens-frsta-ishall-r-invigd-med-rink-frn-finland.png","width":280,"height":210},{"@type":"BreadcrumbList","@id":"https:\/\/lightweb.dev\/l\/svm-temp\/artiklar\/andalusiens-forsta-ishall-ar-invigd-med-rink-fran-finland\/#breadcrumb","itemListElement":[{"@type":"ListItem","position":1,"name":"Hem","item":"https:\/\/lightweb.dev\/l\/svm-temp\/"},{"@type":"ListItem","position":2,"name":"Andalusiens f\u00f6rsta ishall \u00e4r invigd \u2013 med rink fr\u00e5n Finland"}]},{"@type":"WebSite","@id":"https:\/\/lightweb.dev\/l\/svm-temp\/#website","url":"https:\/\/lightweb.dev\/l\/svm-temp\/","name":"Svenska Magasinet","description":"Dina Spanska nyheter p&aring; Svenska","publisher":{"@id":"https:\/\/lightweb.dev\/l\/svm-temp\/#organization"},"potentialAction":[{"@type":"SearchAction","target":{"@type":"EntryPoint","urlTemplate":"https:\/\/lightweb.dev\/l\/svm-temp\/?s={search_term_string}"},"query-input":{"@type":"PropertyValueSpecification","valueRequired":true,"valueName":"search_term_string"}}],"inLanguage":"sv-SE"},{"@type":"Organization","@id":"https:\/\/lightweb.dev\/l\/svm-temp\/#organization","name":"Melkerson y Nott SL","alternateName":"Svenska Magasinet","url":"https:\/\/lightweb.dev\/l\/svm-temp\/","logo":{"@type":"ImageObject","inLanguage":"sv-SE","@id":"https:\/\/lightweb.dev\/l\/svm-temp\/#\/schema\/logo\/image\/","url":"https:\/\/lightweb.dev\/l\/svm-temp\/wp-content\/uploads\/2025\/02\/SvM-logo-Xtra-Centrerad-SVART.png","contentUrl":"https:\/\/lightweb.dev\/l\/svm-temp\/wp-content\/uploads\/2025\/02\/SvM-logo-Xtra-Centrerad-SVART.png","width":300,"height":99,"caption":"Melkerson y Nott SL"},"image":{"@id":"https:\/\/lightweb.dev\/l\/svm-temp\/#\/schema\/logo\/image\/"},"sameAs":["https:\/\/www.facebook.com\/svenskamagasinet","https:\/\/x.com\/SvenskaMagasine"]},{"@type":"Person","@id":"https:\/\/lightweb.dev\/l\/svm-temp\/#\/schema\/person\/206a3bda5b607b0c25e1749191e4d837","name":"Redaktionen SvM","description":"Redaktionen","sameAs":["https:\/\/lightweb.dev\/l\/svm-temp"],"url":"https:\/\/lightweb.dev\/l\/svm-temp\/reporter\/redaktionen\/"}]}},"_links":{"self":[{"href":"https:\/\/lightweb.dev\/l\/svm-temp\/wp-json\/wp\/v2\/posts\/1943","targetHints":{"allow":["GET"]}}],"collection":[{"href":"https:\/\/lightweb.dev\/l\/svm-temp\/wp-json\/wp\/v2\/posts"}],"about":[{"href":"https:\/\/lightweb.dev\/l\/svm-temp\/wp-json\/wp\/v2\/types\/post"}],"author":[{"embeddable":true,"href":"https:\/\/lightweb.dev\/l\/svm-temp\/wp-json\/wp\/v2\/users\/8"}],"replies":[{"embeddable":true,"href":"https:\/\/lightweb.dev\/l\/svm-temp\/wp-json\/wp\/v2\/comments?post=1943"}],"version-history":[{"count":0,"href":"https:\/\/lightweb.dev\/l\/svm-temp\/wp-json\/wp\/v2\/posts\/1943\/revisions"}],"wp:featuredmedia":[{"embeddable":true,"href":"https:\/\/lightweb.dev\/l\/svm-temp\/wp-json\/wp\/v2\/media\/1944"}],"wp:attachment":[{"href":"https:\/\/lightweb.dev\/l\/svm-temp\/wp-json\/wp\/v2\/media?parent=1943"}],"wp:term":[{"taxonomy":"category","embeddable":true,"href":"https:\/\/lightweb.dev\/l\/svm-temp\/wp-json\/wp\/v2\/categories?post=1943"},{"taxonomy":"post_tag","embeddable":true,"href":"https:\/\/lightweb.dev\/l\/svm-temp\/wp-json\/wp\/v2\/tags?post=1943"}],"curies":[{"name":"wp","href":"https:\/\/api.w.org\/{rel}","templated":true}]}}