{"id":21325,"date":"2016-11-07T00:00:00","date_gmt":"2016-11-06T23:00:00","guid":{"rendered":"https:\/\/lightweb.dev\/l\/svm-temp\/nyheter\/is-planerar-attacker-i-europa-for-att-kompensera-forluster-i-syrien-och-irak\/"},"modified":"2016-11-07T00:00:00","modified_gmt":"2016-11-06T23:00:00","slug":"is-planerar-attacker-i-europa-for-att-kompensera-forluster-i-syrien-och-irak","status":"publish","type":"post","link":"https:\/\/lightweb.dev\/l\/svm-temp\/nyheter\/is-planerar-attacker-i-europa-for-att-kompensera-forluster-i-syrien-och-irak\/","title":{"rendered":"IS planerar attacker i Europa f\u00f6r att kompensera f\u00f6rluster i Syrien och Irak"},"content":{"rendered":"<p> Den extrema sunnimuslimska sj\u00e4lvutn\u00e4mnda islamiska staten (IS) planerar terrorattacker i Europa d\u00e4ribland Spanien f\u00f6r att kompensera den senaste tidens f\u00f6rluster i Syrien och Irak. Det skriver den spanska dagstidningen ABC som h\u00e4nvisar till underr\u00e4ttelsek\u00e4llor.<\/p>\n<p>Det \u00e4r den senaste offensiven i Mosul som inleddes f\u00f6r tre veckor sedan och som har lett till att IS f\u00f6rlorat kontrollen av cirka 40 procent av territoriet. Nu vill IS kompensera f\u00f6rlusterna med nya terrorattacker i Europa.<\/p>\n<p>Det \u00e4r den analys som underr\u00e4ttelsetj\u00e4nsten g\u00f6r och de konstaterar att det idag finns det mer specifik information som tyder p\u00e5 att de f\u00f6rbereder en attack s\u00e4ger k\u00e4llor som tidningen har talat med.<\/p>\n<p>Det var i torsdags som IS sj\u00e4lvutropade ledare Abu Baker al-Baghdadi br\u00f6t tystnaden och talade om att det \u00e4r dags att v\u00e4nda de onda dagar som IS upplevt p\u00e5 egen mark.<\/p>\n<p>Underr\u00e4ttelsetj\u00e4nsten s\u00e4ger ocks\u00e5 att det kan vara tal om ren skr\u00e4mselpropaganda, samtidigt tar myndigheterna uppgifterna p\u00e5 allvar. F\u00f6ruts\u00e4gbara m\u00e5l f\u00f6r terrorattacker \u00e4r sportarenor, teatrar, konserter eller allm\u00e4nna transportmedel. \u00c4ven mindre attacker kan f\u00f6rekomma d\u00e4r terrorister inte anv\u00e4nder mycket vapen, men trots det orsakar stor skada, s\u00e4ger underr\u00e4ttelsetj\u00e4nsten och n\u00e4mner attacken i Nice som utf\u00f6rdes av en person men samtidigt orsakade stor skada.<\/p>\n<p>IS uppmanar sina \u201dk\u00e4mpar i utlandet\u201d att itu med de \u201dotrogna\u201d. \u00c4ven \u00e5terv\u00e4ndande IS-krigare utg\u00f6r ett hot. Omkring 200 spanska medborgare har anslutit sig till IS. Fr\u00e5n Marocko hela tv\u00e5 tusen och det finns en uppenbar fara att dessa tar sig in i Spanien f\u00f6r att utf\u00f6ra terrord\u00e5d p\u00e5 uppdrag fr\u00e5n kalifatet som leds av Abu Baker al-Baghdadi. Uppdaterad svensk krisberedskap i Spanien<\/p>\n","protected":false},"excerpt":{"rendered":"<p>Den extrema sunnimuslimska sj\u00e4lvutn\u00e4mnda islamiska staten (IS) planerar terrorattacker i Europa d\u00e4ribland Spanien f\u00f6r att kompensera den senaste tidens f\u00f6rluster i Syrien och Irak. Det skriver den spanska dagstidningen ABC som h\u00e4nvisar till underr\u00e4ttelsek\u00e4llor. Det \u00e4r den senaste offensiven i Mosul som inleddes f\u00f6r tre veckor sedan och som har lett till att IS f\u00f6rlorat [&hellip;]<\/p>\n","protected":false},"author":8,"featured_media":21326,"comment_status":"open","ping_status":"open","sticky":false,"template":"","format":"standard","meta":{"_et_pb_use_builder":"","_et_pb_old_content":"","_et_gb_content_width":"","footnotes":""},"categories":[395,3],"tags":[],"class_list":["post-21325","post","type-post","status-publish","format-standard","has-post-thumbnail","hentry","category-arkiv-nyheter","category-nyheter"],"yoast_head":"<!-- This site is optimized with the Yoast SEO Premium plugin v26.2 (Yoast SEO v27.4) - https:\/\/yoast.com\/product\/yoast-seo-premium-wordpress\/ -->\n<title>IS planerar attacker i Europa f\u00f6r att kompensera f\u00f6rluster i Syrien och Irak - Svenska Magasinet<\/title>\n<meta name=\"robots\" content=\"noindex, follow, max-snippet:-1, max-image-preview:large, max-video-preview:-1\" \/>\n<meta property=\"og:locale\" content=\"sv_SE\" \/>\n<meta property=\"og:type\" content=\"article\" \/>\n<meta property=\"og:title\" content=\"IS planerar attacker i Europa f\u00f6r att kompensera f\u00f6rluster i Syrien och Irak\" \/>\n<meta property=\"og:description\" content=\"Den extrema sunnimuslimska sj\u00e4lvutn\u00e4mnda islamiska staten (IS) planerar terrorattacker i Europa d\u00e4ribland Spanien f\u00f6r att kompensera den senaste tidens f\u00f6rluster i Syrien och Irak. Det skriver den spanska dagstidningen ABC som h\u00e4nvisar till underr\u00e4ttelsek\u00e4llor. Det \u00e4r den senaste offensiven i Mosul som inleddes f\u00f6r tre veckor sedan och som har lett till att IS f\u00f6rlorat [&hellip;]\" \/>\n<meta property=\"og:url\" content=\"https:\/\/lightweb.dev\/l\/svm-temp\/nyheter\/is-planerar-attacker-i-europa-for-att-kompensera-forluster-i-syrien-och-irak\/\" \/>\n<meta property=\"og:site_name\" content=\"Svenska Magasinet\" \/>\n<meta property=\"article:publisher\" content=\"https:\/\/www.facebook.com\/svenskamagasinet\" \/>\n<meta property=\"article:published_time\" content=\"2016-11-06T23:00:00+00:00\" \/>\n<meta property=\"og:image\" content=\"https:\/\/lightweb.dev\/l\/svm-temp\/wp-content\/uploads\/2022\/06\/is-planerar-attacker-i-europa-for-att-kompensera-forluster-i-syrien-och-irak.png\" \/>\n\t<meta property=\"og:image:width\" content=\"688\" \/>\n\t<meta property=\"og:image:height\" content=\"200\" \/>\n\t<meta property=\"og:image:type\" content=\"image\/png\" \/>\n<meta name=\"author\" content=\"Redaktionen SvM\" \/>\n<meta name=\"twitter:card\" content=\"summary_large_image\" \/>\n<meta name=\"twitter:creator\" content=\"@SvenskaMagasine\" \/>\n<meta name=\"twitter:site\" content=\"@SvenskaMagasine\" \/>\n<script type=\"application\/ld+json\" class=\"yoast-schema-graph\">{\"@context\":\"https:\\\/\\\/schema.org\",\"@graph\":[{\"@type\":\"Article\",\"@id\":\"https:\\\/\\\/lightweb.dev\\\/l\\\/svm-temp\\\/nyheter\\\/is-planerar-attacker-i-europa-for-att-kompensera-forluster-i-syrien-och-irak\\\/#article\",\"isPartOf\":{\"@id\":\"https:\\\/\\\/lightweb.dev\\\/l\\\/svm-temp\\\/nyheter\\\/is-planerar-attacker-i-europa-for-att-kompensera-forluster-i-syrien-och-irak\\\/\"},\"author\":{\"name\":\"Redaktionen SvM\",\"@id\":\"https:\\\/\\\/lightweb.dev\\\/l\\\/svm-temp\\\/#\\\/schema\\\/person\\\/206a3bda5b607b0c25e1749191e4d837\"},\"headline\":\"IS planerar attacker i Europa f\u00f6r att kompensera f\u00f6rluster i Syrien och Irak\",\"datePublished\":\"2016-11-06T23:00:00+00:00\",\"mainEntityOfPage\":{\"@id\":\"https:\\\/\\\/lightweb.dev\\\/l\\\/svm-temp\\\/nyheter\\\/is-planerar-attacker-i-europa-for-att-kompensera-forluster-i-syrien-och-irak\\\/\"},\"wordCount\":319,\"commentCount\":0,\"publisher\":{\"@id\":\"https:\\\/\\\/lightweb.dev\\\/l\\\/svm-temp\\\/#organization\"},\"image\":{\"@id\":\"https:\\\/\\\/lightweb.dev\\\/l\\\/svm-temp\\\/nyheter\\\/is-planerar-attacker-i-europa-for-att-kompensera-forluster-i-syrien-och-irak\\\/#primaryimage\"},\"thumbnailUrl\":\"https:\\\/\\\/lightweb.dev\\\/l\\\/svm-temp\\\/wp-content\\\/uploads\\\/2022\\\/06\\\/is-planerar-attacker-i-europa-for-att-kompensera-forluster-i-syrien-och-irak.png\",\"articleSection\":[\"Arkiv\",\"Nyheter\"],\"inLanguage\":\"sv-SE\"},{\"@type\":\"WebPage\",\"@id\":\"https:\\\/\\\/lightweb.dev\\\/l\\\/svm-temp\\\/nyheter\\\/is-planerar-attacker-i-europa-for-att-kompensera-forluster-i-syrien-och-irak\\\/\",\"url\":\"https:\\\/\\\/lightweb.dev\\\/l\\\/svm-temp\\\/nyheter\\\/is-planerar-attacker-i-europa-for-att-kompensera-forluster-i-syrien-och-irak\\\/\",\"name\":\"IS planerar attacker i Europa f\u00f6r att kompensera f\u00f6rluster i Syrien och Irak - Svenska Magasinet\",\"isPartOf\":{\"@id\":\"https:\\\/\\\/lightweb.dev\\\/l\\\/svm-temp\\\/#website\"},\"primaryImageOfPage\":{\"@id\":\"https:\\\/\\\/lightweb.dev\\\/l\\\/svm-temp\\\/nyheter\\\/is-planerar-attacker-i-europa-for-att-kompensera-forluster-i-syrien-och-irak\\\/#primaryimage\"},\"image\":{\"@id\":\"https:\\\/\\\/lightweb.dev\\\/l\\\/svm-temp\\\/nyheter\\\/is-planerar-attacker-i-europa-for-att-kompensera-forluster-i-syrien-och-irak\\\/#primaryimage\"},\"thumbnailUrl\":\"https:\\\/\\\/lightweb.dev\\\/l\\\/svm-temp\\\/wp-content\\\/uploads\\\/2022\\\/06\\\/is-planerar-attacker-i-europa-for-att-kompensera-forluster-i-syrien-och-irak.png\",\"datePublished\":\"2016-11-06T23:00:00+00:00\",\"breadcrumb\":{\"@id\":\"https:\\\/\\\/lightweb.dev\\\/l\\\/svm-temp\\\/nyheter\\\/is-planerar-attacker-i-europa-for-att-kompensera-forluster-i-syrien-och-irak\\\/#breadcrumb\"},\"inLanguage\":\"sv-SE\",\"potentialAction\":[{\"@type\":\"ReadAction\",\"target\":[\"https:\\\/\\\/lightweb.dev\\\/l\\\/svm-temp\\\/nyheter\\\/is-planerar-attacker-i-europa-for-att-kompensera-forluster-i-syrien-och-irak\\\/\"]}]},{\"@type\":\"ImageObject\",\"inLanguage\":\"sv-SE\",\"@id\":\"https:\\\/\\\/lightweb.dev\\\/l\\\/svm-temp\\\/nyheter\\\/is-planerar-attacker-i-europa-for-att-kompensera-forluster-i-syrien-och-irak\\\/#primaryimage\",\"url\":\"https:\\\/\\\/lightweb.dev\\\/l\\\/svm-temp\\\/wp-content\\\/uploads\\\/2022\\\/06\\\/is-planerar-attacker-i-europa-for-att-kompensera-forluster-i-syrien-och-irak.png\",\"contentUrl\":\"https:\\\/\\\/lightweb.dev\\\/l\\\/svm-temp\\\/wp-content\\\/uploads\\\/2022\\\/06\\\/is-planerar-attacker-i-europa-for-att-kompensera-forluster-i-syrien-och-irak.png\",\"width\":688,\"height\":200},{\"@type\":\"BreadcrumbList\",\"@id\":\"https:\\\/\\\/lightweb.dev\\\/l\\\/svm-temp\\\/nyheter\\\/is-planerar-attacker-i-europa-for-att-kompensera-forluster-i-syrien-och-irak\\\/#breadcrumb\",\"itemListElement\":[{\"@type\":\"ListItem\",\"position\":1,\"name\":\"Hem\",\"item\":\"https:\\\/\\\/lightweb.dev\\\/l\\\/svm-temp\\\/\"},{\"@type\":\"ListItem\",\"position\":2,\"name\":\"IS planerar attacker i Europa f\u00f6r att kompensera f\u00f6rluster i Syrien och Irak\"}]},{\"@type\":\"WebSite\",\"@id\":\"https:\\\/\\\/lightweb.dev\\\/l\\\/svm-temp\\\/#website\",\"url\":\"https:\\\/\\\/lightweb.dev\\\/l\\\/svm-temp\\\/\",\"name\":\"Svenska Magasinet\",\"description\":\"Dina Spanska nyheter p&aring; Svenska\",\"publisher\":{\"@id\":\"https:\\\/\\\/lightweb.dev\\\/l\\\/svm-temp\\\/#organization\"},\"potentialAction\":[{\"@type\":\"SearchAction\",\"target\":{\"@type\":\"EntryPoint\",\"urlTemplate\":\"https:\\\/\\\/lightweb.dev\\\/l\\\/svm-temp\\\/?s={search_term_string}\"},\"query-input\":{\"@type\":\"PropertyValueSpecification\",\"valueRequired\":true,\"valueName\":\"search_term_string\"}}],\"inLanguage\":\"sv-SE\"},{\"@type\":\"Organization\",\"@id\":\"https:\\\/\\\/lightweb.dev\\\/l\\\/svm-temp\\\/#organization\",\"name\":\"Melkerson y Nott SL\",\"alternateName\":\"Svenska Magasinet\",\"url\":\"https:\\\/\\\/lightweb.dev\\\/l\\\/svm-temp\\\/\",\"logo\":{\"@type\":\"ImageObject\",\"inLanguage\":\"sv-SE\",\"@id\":\"https:\\\/\\\/lightweb.dev\\\/l\\\/svm-temp\\\/#\\\/schema\\\/logo\\\/image\\\/\",\"url\":\"https:\\\/\\\/lightweb.dev\\\/l\\\/svm-temp\\\/wp-content\\\/uploads\\\/2025\\\/02\\\/SvM-logo-Xtra-Centrerad-SVART.png\",\"contentUrl\":\"https:\\\/\\\/lightweb.dev\\\/l\\\/svm-temp\\\/wp-content\\\/uploads\\\/2025\\\/02\\\/SvM-logo-Xtra-Centrerad-SVART.png\",\"width\":300,\"height\":99,\"caption\":\"Melkerson y Nott SL\"},\"image\":{\"@id\":\"https:\\\/\\\/lightweb.dev\\\/l\\\/svm-temp\\\/#\\\/schema\\\/logo\\\/image\\\/\"},\"sameAs\":[\"https:\\\/\\\/www.facebook.com\\\/svenskamagasinet\",\"https:\\\/\\\/x.com\\\/SvenskaMagasine\"]},{\"@type\":\"Person\",\"@id\":\"https:\\\/\\\/lightweb.dev\\\/l\\\/svm-temp\\\/#\\\/schema\\\/person\\\/206a3bda5b607b0c25e1749191e4d837\",\"name\":\"Redaktionen SvM\",\"description\":\"Redaktionen\",\"sameAs\":[\"https:\\\/\\\/lightweb.dev\\\/l\\\/svm-temp\"],\"url\":\"https:\\\/\\\/lightweb.dev\\\/l\\\/svm-temp\\\/reporter\\\/redaktionen\\\/\"}]}<\/script>\n<!-- \/ Yoast SEO Premium plugin. -->","yoast_head_json":{"title":"IS planerar attacker i Europa f\u00f6r att kompensera f\u00f6rluster i Syrien och Irak - Svenska Magasinet","robots":{"index":"noindex","follow":"follow","max-snippet":"max-snippet:-1","max-image-preview":"max-image-preview:large","max-video-preview":"max-video-preview:-1"},"og_locale":"sv_SE","og_type":"article","og_title":"IS planerar attacker i Europa f\u00f6r att kompensera f\u00f6rluster i Syrien och Irak","og_description":"Den extrema sunnimuslimska sj\u00e4lvutn\u00e4mnda islamiska staten (IS) planerar terrorattacker i Europa d\u00e4ribland Spanien f\u00f6r att kompensera den senaste tidens f\u00f6rluster i Syrien och Irak. Det skriver den spanska dagstidningen ABC som h\u00e4nvisar till underr\u00e4ttelsek\u00e4llor. Det \u00e4r den senaste offensiven i Mosul som inleddes f\u00f6r tre veckor sedan och som har lett till att IS f\u00f6rlorat [&hellip;]","og_url":"https:\/\/lightweb.dev\/l\/svm-temp\/nyheter\/is-planerar-attacker-i-europa-for-att-kompensera-forluster-i-syrien-och-irak\/","og_site_name":"Svenska Magasinet","article_publisher":"https:\/\/www.facebook.com\/svenskamagasinet","article_published_time":"2016-11-06T23:00:00+00:00","og_image":[{"width":688,"height":200,"url":"https:\/\/lightweb.dev\/l\/svm-temp\/wp-content\/uploads\/2022\/06\/is-planerar-attacker-i-europa-for-att-kompensera-forluster-i-syrien-och-irak.png","type":"image\/png"}],"author":"Redaktionen SvM","twitter_card":"summary_large_image","twitter_creator":"@SvenskaMagasine","twitter_site":"@SvenskaMagasine","schema":{"@context":"https:\/\/schema.org","@graph":[{"@type":"Article","@id":"https:\/\/lightweb.dev\/l\/svm-temp\/nyheter\/is-planerar-attacker-i-europa-for-att-kompensera-forluster-i-syrien-och-irak\/#article","isPartOf":{"@id":"https:\/\/lightweb.dev\/l\/svm-temp\/nyheter\/is-planerar-attacker-i-europa-for-att-kompensera-forluster-i-syrien-och-irak\/"},"author":{"name":"Redaktionen SvM","@id":"https:\/\/lightweb.dev\/l\/svm-temp\/#\/schema\/person\/206a3bda5b607b0c25e1749191e4d837"},"headline":"IS planerar attacker i Europa f\u00f6r att kompensera f\u00f6rluster i Syrien och Irak","datePublished":"2016-11-06T23:00:00+00:00","mainEntityOfPage":{"@id":"https:\/\/lightweb.dev\/l\/svm-temp\/nyheter\/is-planerar-attacker-i-europa-for-att-kompensera-forluster-i-syrien-och-irak\/"},"wordCount":319,"commentCount":0,"publisher":{"@id":"https:\/\/lightweb.dev\/l\/svm-temp\/#organization"},"image":{"@id":"https:\/\/lightweb.dev\/l\/svm-temp\/nyheter\/is-planerar-attacker-i-europa-for-att-kompensera-forluster-i-syrien-och-irak\/#primaryimage"},"thumbnailUrl":"https:\/\/lightweb.dev\/l\/svm-temp\/wp-content\/uploads\/2022\/06\/is-planerar-attacker-i-europa-for-att-kompensera-forluster-i-syrien-och-irak.png","articleSection":["Arkiv","Nyheter"],"inLanguage":"sv-SE"},{"@type":"WebPage","@id":"https:\/\/lightweb.dev\/l\/svm-temp\/nyheter\/is-planerar-attacker-i-europa-for-att-kompensera-forluster-i-syrien-och-irak\/","url":"https:\/\/lightweb.dev\/l\/svm-temp\/nyheter\/is-planerar-attacker-i-europa-for-att-kompensera-forluster-i-syrien-och-irak\/","name":"IS planerar attacker i Europa f\u00f6r att kompensera f\u00f6rluster i Syrien och Irak - Svenska Magasinet","isPartOf":{"@id":"https:\/\/lightweb.dev\/l\/svm-temp\/#website"},"primaryImageOfPage":{"@id":"https:\/\/lightweb.dev\/l\/svm-temp\/nyheter\/is-planerar-attacker-i-europa-for-att-kompensera-forluster-i-syrien-och-irak\/#primaryimage"},"image":{"@id":"https:\/\/lightweb.dev\/l\/svm-temp\/nyheter\/is-planerar-attacker-i-europa-for-att-kompensera-forluster-i-syrien-och-irak\/#primaryimage"},"thumbnailUrl":"https:\/\/lightweb.dev\/l\/svm-temp\/wp-content\/uploads\/2022\/06\/is-planerar-attacker-i-europa-for-att-kompensera-forluster-i-syrien-och-irak.png","datePublished":"2016-11-06T23:00:00+00:00","breadcrumb":{"@id":"https:\/\/lightweb.dev\/l\/svm-temp\/nyheter\/is-planerar-attacker-i-europa-for-att-kompensera-forluster-i-syrien-och-irak\/#breadcrumb"},"inLanguage":"sv-SE","potentialAction":[{"@type":"ReadAction","target":["https:\/\/lightweb.dev\/l\/svm-temp\/nyheter\/is-planerar-attacker-i-europa-for-att-kompensera-forluster-i-syrien-och-irak\/"]}]},{"@type":"ImageObject","inLanguage":"sv-SE","@id":"https:\/\/lightweb.dev\/l\/svm-temp\/nyheter\/is-planerar-attacker-i-europa-for-att-kompensera-forluster-i-syrien-och-irak\/#primaryimage","url":"https:\/\/lightweb.dev\/l\/svm-temp\/wp-content\/uploads\/2022\/06\/is-planerar-attacker-i-europa-for-att-kompensera-forluster-i-syrien-och-irak.png","contentUrl":"https:\/\/lightweb.dev\/l\/svm-temp\/wp-content\/uploads\/2022\/06\/is-planerar-attacker-i-europa-for-att-kompensera-forluster-i-syrien-och-irak.png","width":688,"height":200},{"@type":"BreadcrumbList","@id":"https:\/\/lightweb.dev\/l\/svm-temp\/nyheter\/is-planerar-attacker-i-europa-for-att-kompensera-forluster-i-syrien-och-irak\/#breadcrumb","itemListElement":[{"@type":"ListItem","position":1,"name":"Hem","item":"https:\/\/lightweb.dev\/l\/svm-temp\/"},{"@type":"ListItem","position":2,"name":"IS planerar attacker i Europa f\u00f6r att kompensera f\u00f6rluster i Syrien och Irak"}]},{"@type":"WebSite","@id":"https:\/\/lightweb.dev\/l\/svm-temp\/#website","url":"https:\/\/lightweb.dev\/l\/svm-temp\/","name":"Svenska Magasinet","description":"Dina Spanska nyheter p&aring; Svenska","publisher":{"@id":"https:\/\/lightweb.dev\/l\/svm-temp\/#organization"},"potentialAction":[{"@type":"SearchAction","target":{"@type":"EntryPoint","urlTemplate":"https:\/\/lightweb.dev\/l\/svm-temp\/?s={search_term_string}"},"query-input":{"@type":"PropertyValueSpecification","valueRequired":true,"valueName":"search_term_string"}}],"inLanguage":"sv-SE"},{"@type":"Organization","@id":"https:\/\/lightweb.dev\/l\/svm-temp\/#organization","name":"Melkerson y Nott SL","alternateName":"Svenska Magasinet","url":"https:\/\/lightweb.dev\/l\/svm-temp\/","logo":{"@type":"ImageObject","inLanguage":"sv-SE","@id":"https:\/\/lightweb.dev\/l\/svm-temp\/#\/schema\/logo\/image\/","url":"https:\/\/lightweb.dev\/l\/svm-temp\/wp-content\/uploads\/2025\/02\/SvM-logo-Xtra-Centrerad-SVART.png","contentUrl":"https:\/\/lightweb.dev\/l\/svm-temp\/wp-content\/uploads\/2025\/02\/SvM-logo-Xtra-Centrerad-SVART.png","width":300,"height":99,"caption":"Melkerson y Nott SL"},"image":{"@id":"https:\/\/lightweb.dev\/l\/svm-temp\/#\/schema\/logo\/image\/"},"sameAs":["https:\/\/www.facebook.com\/svenskamagasinet","https:\/\/x.com\/SvenskaMagasine"]},{"@type":"Person","@id":"https:\/\/lightweb.dev\/l\/svm-temp\/#\/schema\/person\/206a3bda5b607b0c25e1749191e4d837","name":"Redaktionen SvM","description":"Redaktionen","sameAs":["https:\/\/lightweb.dev\/l\/svm-temp"],"url":"https:\/\/lightweb.dev\/l\/svm-temp\/reporter\/redaktionen\/"}]}},"_links":{"self":[{"href":"https:\/\/lightweb.dev\/l\/svm-temp\/wp-json\/wp\/v2\/posts\/21325","targetHints":{"allow":["GET"]}}],"collection":[{"href":"https:\/\/lightweb.dev\/l\/svm-temp\/wp-json\/wp\/v2\/posts"}],"about":[{"href":"https:\/\/lightweb.dev\/l\/svm-temp\/wp-json\/wp\/v2\/types\/post"}],"author":[{"embeddable":true,"href":"https:\/\/lightweb.dev\/l\/svm-temp\/wp-json\/wp\/v2\/users\/8"}],"replies":[{"embeddable":true,"href":"https:\/\/lightweb.dev\/l\/svm-temp\/wp-json\/wp\/v2\/comments?post=21325"}],"version-history":[{"count":0,"href":"https:\/\/lightweb.dev\/l\/svm-temp\/wp-json\/wp\/v2\/posts\/21325\/revisions"}],"wp:featuredmedia":[{"embeddable":true,"href":"https:\/\/lightweb.dev\/l\/svm-temp\/wp-json\/wp\/v2\/media\/21326"}],"wp:attachment":[{"href":"https:\/\/lightweb.dev\/l\/svm-temp\/wp-json\/wp\/v2\/media?parent=21325"}],"wp:term":[{"taxonomy":"category","embeddable":true,"href":"https:\/\/lightweb.dev\/l\/svm-temp\/wp-json\/wp\/v2\/categories?post=21325"},{"taxonomy":"post_tag","embeddable":true,"href":"https:\/\/lightweb.dev\/l\/svm-temp\/wp-json\/wp\/v2\/tags?post=21325"}],"curies":[{"name":"wp","href":"https:\/\/api.w.org\/{rel}","templated":true}]}}