{"id":21519,"date":"2016-09-26T00:00:00","date_gmt":"2016-09-25T22:00:00","guid":{"rendered":"https:\/\/lightweb.dev\/l\/svm-temp\/nyheter\/mobilapp-pa-svenska-forbattrar-kommunikationen-vid-sjukhus\/"},"modified":"2016-09-26T00:00:00","modified_gmt":"2016-09-25T22:00:00","slug":"mobilapp-pa-svenska-forbattrar-kommunikationen-vid-sjukhus","status":"publish","type":"post","link":"https:\/\/lightweb.dev\/l\/svm-temp\/nyheter\/mobilapp-pa-svenska-forbattrar-kommunikationen-vid-sjukhus\/","title":{"rendered":"Mobilapp p\u00e5 svenska f\u00f6rb\u00e4ttrar kommunikationen vid sjukhus"},"content":{"rendered":"<p> En mobilapp p\u00e5 46 spr\u00e5k d\u00e4ribland svenska som inf\u00f6rdes f\u00f6r ett par \u00e5r sedan har f\u00f6rb\u00e4ttrat kommunikationen mellan den allm\u00e4nna sjukv\u00e5rden i Andalusien och patienter. Det handlar om en \u00f6vers\u00e4ttningstj\u00e4nst som sjukv\u00e5rdsmyndigheterna inf\u00f6rde och som g\u00e5r under namnet \u201dSalud Responde\u201d.<\/p>\n<p>F\u00f6r n\u00e4rvarande finns det 46 spr\u00e5k s\u00e4ger den ansvarige chefen f\u00f6r Salud Responde, Jos\u00e9 Mar\u00eda Gonz\u00e1lez, till tidningen Diario SUR. Satsningen riktar sig till icke spansktalande personer och utl\u00e4ndska residenta turister.<\/p>\n<p>Vid registreringen ska du uppge Seguridad Social nummer och NIE-nummer eller passnummer. Seguridad Social nummer f\u00e5r du som EU-medborgare n\u00e4r du registrerat till vid ett Seguridad Social-kontor i anslutning till n\u00e4rmaste ambulatorio eller v\u00e5rdcentral.<\/p>\n<p>Systemet med \u00f6vers\u00e4ttning fungerar 24 timmar om dygnet vid v\u00e5rdcentraler, sjukhus, akutmottagningar och vid andra avdelningar inom den offentliga sjukv\u00e5rden i Andalusien. Tj\u00e4nsten anv\u00e4nds i nul\u00e4get till st\u00f6rsta delen i provinsen M\u00e1laga.<\/p>\n<p>I provinsen M\u00e1laga finns det 210.00 anv\u00e4ndare av appen. Appen \u00e4r gratis och via den kan man \u00e4ven boka tid hos sin l\u00e4kare. De mest efterfr\u00e5gade spr\u00e5ken \u00e4r engelska (82,84%), tyska (5,46%), franska (3,14%), arabiska (2,39%), kinesiska (1,34%), finska (1,03%), ryska (0,81%), danska (0,34%), holl\u00e4ndska (0,33%) och svenska (0,30%).<\/p>\n<p>Det g\u00e5r \u00e4ven att v\u00e4lja ett vanligt telefonsamtal till Salud Responde 24 timmar om dygnet (902 505 060 \/ 955 545 060). Och du kan boka bes\u00f6k via webbplatsen juntadeandalucia.es\/salud eller via e-postadressen saludresponde@juntadeandalucia.es.<\/p>\n<p>Appen heter Salud Responde och finns f\u00f6r IOS, Android och Windows Phone.<\/p>\n<p>(Uppdaterad 28\/9\/2016) <\/p>\n","protected":false},"excerpt":{"rendered":"<p>En mobilapp p\u00e5 46 spr\u00e5k d\u00e4ribland svenska som inf\u00f6rdes f\u00f6r ett par \u00e5r sedan har f\u00f6rb\u00e4ttrat kommunikationen mellan den allm\u00e4nna sjukv\u00e5rden i Andalusien och patienter. Det handlar om en \u00f6vers\u00e4ttningstj\u00e4nst som sjukv\u00e5rdsmyndigheterna inf\u00f6rde och som g\u00e5r under namnet \u201dSalud Responde\u201d. F\u00f6r n\u00e4rvarande finns det 46 spr\u00e5k s\u00e4ger den ansvarige chefen f\u00f6r Salud Responde, Jos\u00e9 Mar\u00eda [&hellip;]<\/p>\n","protected":false},"author":8,"featured_media":21520,"comment_status":"open","ping_status":"open","sticky":false,"template":"","format":"standard","meta":{"_et_pb_use_builder":"","_et_pb_old_content":"","_et_gb_content_width":"","footnotes":""},"categories":[395,3],"tags":[],"class_list":["post-21519","post","type-post","status-publish","format-standard","has-post-thumbnail","hentry","category-arkiv-nyheter","category-nyheter"],"yoast_head":"<!-- This site is optimized with the Yoast SEO Premium plugin v26.2 (Yoast SEO v27.4) - https:\/\/yoast.com\/product\/yoast-seo-premium-wordpress\/ -->\n<title>Mobilapp p\u00e5 svenska f\u00f6rb\u00e4ttrar kommunikationen vid sjukhus - Svenska Magasinet<\/title>\n<meta name=\"robots\" content=\"noindex, follow, max-snippet:-1, max-image-preview:large, max-video-preview:-1\" \/>\n<meta property=\"og:locale\" content=\"sv_SE\" \/>\n<meta property=\"og:type\" content=\"article\" \/>\n<meta property=\"og:title\" content=\"Mobilapp p\u00e5 svenska f\u00f6rb\u00e4ttrar kommunikationen vid sjukhus\" \/>\n<meta property=\"og:description\" content=\"En mobilapp p\u00e5 46 spr\u00e5k d\u00e4ribland svenska som inf\u00f6rdes f\u00f6r ett par \u00e5r sedan har f\u00f6rb\u00e4ttrat kommunikationen mellan den allm\u00e4nna sjukv\u00e5rden i Andalusien och patienter. Det handlar om en \u00f6vers\u00e4ttningstj\u00e4nst som sjukv\u00e5rdsmyndigheterna inf\u00f6rde och som g\u00e5r under namnet \u201dSalud Responde\u201d. F\u00f6r n\u00e4rvarande finns det 46 spr\u00e5k s\u00e4ger den ansvarige chefen f\u00f6r Salud Responde, Jos\u00e9 Mar\u00eda [&hellip;]\" \/>\n<meta property=\"og:url\" content=\"https:\/\/lightweb.dev\/l\/svm-temp\/nyheter\/mobilapp-pa-svenska-forbattrar-kommunikationen-vid-sjukhus\/\" \/>\n<meta property=\"og:site_name\" content=\"Svenska Magasinet\" \/>\n<meta property=\"article:publisher\" content=\"https:\/\/www.facebook.com\/svenskamagasinet\" \/>\n<meta property=\"article:published_time\" content=\"2016-09-25T22:00:00+00:00\" \/>\n<meta property=\"og:image\" content=\"https:\/\/lightweb.dev\/l\/svm-temp\/wp-content\/uploads\/2022\/06\/mobilapp-pa-svenska-forbattrar-kommunikationen-vid-sjukhus.png\" \/>\n\t<meta property=\"og:image:width\" content=\"325\" \/>\n\t<meta property=\"og:image:height\" content=\"200\" \/>\n\t<meta property=\"og:image:type\" content=\"image\/png\" \/>\n<meta name=\"author\" content=\"Redaktionen SvM\" \/>\n<meta name=\"twitter:card\" content=\"summary_large_image\" \/>\n<meta name=\"twitter:creator\" content=\"@SvenskaMagasine\" \/>\n<meta name=\"twitter:site\" content=\"@SvenskaMagasine\" \/>\n<script type=\"application\/ld+json\" class=\"yoast-schema-graph\">{\"@context\":\"https:\\\/\\\/schema.org\",\"@graph\":[{\"@type\":\"Article\",\"@id\":\"https:\\\/\\\/lightweb.dev\\\/l\\\/svm-temp\\\/nyheter\\\/mobilapp-pa-svenska-forbattrar-kommunikationen-vid-sjukhus\\\/#article\",\"isPartOf\":{\"@id\":\"https:\\\/\\\/lightweb.dev\\\/l\\\/svm-temp\\\/nyheter\\\/mobilapp-pa-svenska-forbattrar-kommunikationen-vid-sjukhus\\\/\"},\"author\":{\"name\":\"Redaktionen SvM\",\"@id\":\"https:\\\/\\\/lightweb.dev\\\/l\\\/svm-temp\\\/#\\\/schema\\\/person\\\/206a3bda5b607b0c25e1749191e4d837\"},\"headline\":\"Mobilapp p\u00e5 svenska f\u00f6rb\u00e4ttrar kommunikationen vid sjukhus\",\"datePublished\":\"2016-09-25T22:00:00+00:00\",\"mainEntityOfPage\":{\"@id\":\"https:\\\/\\\/lightweb.dev\\\/l\\\/svm-temp\\\/nyheter\\\/mobilapp-pa-svenska-forbattrar-kommunikationen-vid-sjukhus\\\/\"},\"wordCount\":267,\"commentCount\":0,\"publisher\":{\"@id\":\"https:\\\/\\\/lightweb.dev\\\/l\\\/svm-temp\\\/#organization\"},\"image\":{\"@id\":\"https:\\\/\\\/lightweb.dev\\\/l\\\/svm-temp\\\/nyheter\\\/mobilapp-pa-svenska-forbattrar-kommunikationen-vid-sjukhus\\\/#primaryimage\"},\"thumbnailUrl\":\"https:\\\/\\\/lightweb.dev\\\/l\\\/svm-temp\\\/wp-content\\\/uploads\\\/2022\\\/06\\\/mobilapp-pa-svenska-forbattrar-kommunikationen-vid-sjukhus.png\",\"articleSection\":[\"Arkiv\",\"Nyheter\"],\"inLanguage\":\"sv-SE\"},{\"@type\":\"WebPage\",\"@id\":\"https:\\\/\\\/lightweb.dev\\\/l\\\/svm-temp\\\/nyheter\\\/mobilapp-pa-svenska-forbattrar-kommunikationen-vid-sjukhus\\\/\",\"url\":\"https:\\\/\\\/lightweb.dev\\\/l\\\/svm-temp\\\/nyheter\\\/mobilapp-pa-svenska-forbattrar-kommunikationen-vid-sjukhus\\\/\",\"name\":\"Mobilapp p\u00e5 svenska f\u00f6rb\u00e4ttrar kommunikationen vid sjukhus - Svenska Magasinet\",\"isPartOf\":{\"@id\":\"https:\\\/\\\/lightweb.dev\\\/l\\\/svm-temp\\\/#website\"},\"primaryImageOfPage\":{\"@id\":\"https:\\\/\\\/lightweb.dev\\\/l\\\/svm-temp\\\/nyheter\\\/mobilapp-pa-svenska-forbattrar-kommunikationen-vid-sjukhus\\\/#primaryimage\"},\"image\":{\"@id\":\"https:\\\/\\\/lightweb.dev\\\/l\\\/svm-temp\\\/nyheter\\\/mobilapp-pa-svenska-forbattrar-kommunikationen-vid-sjukhus\\\/#primaryimage\"},\"thumbnailUrl\":\"https:\\\/\\\/lightweb.dev\\\/l\\\/svm-temp\\\/wp-content\\\/uploads\\\/2022\\\/06\\\/mobilapp-pa-svenska-forbattrar-kommunikationen-vid-sjukhus.png\",\"datePublished\":\"2016-09-25T22:00:00+00:00\",\"breadcrumb\":{\"@id\":\"https:\\\/\\\/lightweb.dev\\\/l\\\/svm-temp\\\/nyheter\\\/mobilapp-pa-svenska-forbattrar-kommunikationen-vid-sjukhus\\\/#breadcrumb\"},\"inLanguage\":\"sv-SE\",\"potentialAction\":[{\"@type\":\"ReadAction\",\"target\":[\"https:\\\/\\\/lightweb.dev\\\/l\\\/svm-temp\\\/nyheter\\\/mobilapp-pa-svenska-forbattrar-kommunikationen-vid-sjukhus\\\/\"]}]},{\"@type\":\"ImageObject\",\"inLanguage\":\"sv-SE\",\"@id\":\"https:\\\/\\\/lightweb.dev\\\/l\\\/svm-temp\\\/nyheter\\\/mobilapp-pa-svenska-forbattrar-kommunikationen-vid-sjukhus\\\/#primaryimage\",\"url\":\"https:\\\/\\\/lightweb.dev\\\/l\\\/svm-temp\\\/wp-content\\\/uploads\\\/2022\\\/06\\\/mobilapp-pa-svenska-forbattrar-kommunikationen-vid-sjukhus.png\",\"contentUrl\":\"https:\\\/\\\/lightweb.dev\\\/l\\\/svm-temp\\\/wp-content\\\/uploads\\\/2022\\\/06\\\/mobilapp-pa-svenska-forbattrar-kommunikationen-vid-sjukhus.png\",\"width\":325,\"height\":200},{\"@type\":\"BreadcrumbList\",\"@id\":\"https:\\\/\\\/lightweb.dev\\\/l\\\/svm-temp\\\/nyheter\\\/mobilapp-pa-svenska-forbattrar-kommunikationen-vid-sjukhus\\\/#breadcrumb\",\"itemListElement\":[{\"@type\":\"ListItem\",\"position\":1,\"name\":\"Hem\",\"item\":\"https:\\\/\\\/lightweb.dev\\\/l\\\/svm-temp\\\/\"},{\"@type\":\"ListItem\",\"position\":2,\"name\":\"Mobilapp p\u00e5 svenska f\u00f6rb\u00e4ttrar kommunikationen vid sjukhus\"}]},{\"@type\":\"WebSite\",\"@id\":\"https:\\\/\\\/lightweb.dev\\\/l\\\/svm-temp\\\/#website\",\"url\":\"https:\\\/\\\/lightweb.dev\\\/l\\\/svm-temp\\\/\",\"name\":\"Svenska Magasinet\",\"description\":\"Dina Spanska nyheter p&aring; Svenska\",\"publisher\":{\"@id\":\"https:\\\/\\\/lightweb.dev\\\/l\\\/svm-temp\\\/#organization\"},\"potentialAction\":[{\"@type\":\"SearchAction\",\"target\":{\"@type\":\"EntryPoint\",\"urlTemplate\":\"https:\\\/\\\/lightweb.dev\\\/l\\\/svm-temp\\\/?s={search_term_string}\"},\"query-input\":{\"@type\":\"PropertyValueSpecification\",\"valueRequired\":true,\"valueName\":\"search_term_string\"}}],\"inLanguage\":\"sv-SE\"},{\"@type\":\"Organization\",\"@id\":\"https:\\\/\\\/lightweb.dev\\\/l\\\/svm-temp\\\/#organization\",\"name\":\"Melkerson y Nott SL\",\"alternateName\":\"Svenska Magasinet\",\"url\":\"https:\\\/\\\/lightweb.dev\\\/l\\\/svm-temp\\\/\",\"logo\":{\"@type\":\"ImageObject\",\"inLanguage\":\"sv-SE\",\"@id\":\"https:\\\/\\\/lightweb.dev\\\/l\\\/svm-temp\\\/#\\\/schema\\\/logo\\\/image\\\/\",\"url\":\"https:\\\/\\\/lightweb.dev\\\/l\\\/svm-temp\\\/wp-content\\\/uploads\\\/2025\\\/02\\\/SvM-logo-Xtra-Centrerad-SVART.png\",\"contentUrl\":\"https:\\\/\\\/lightweb.dev\\\/l\\\/svm-temp\\\/wp-content\\\/uploads\\\/2025\\\/02\\\/SvM-logo-Xtra-Centrerad-SVART.png\",\"width\":300,\"height\":99,\"caption\":\"Melkerson y Nott SL\"},\"image\":{\"@id\":\"https:\\\/\\\/lightweb.dev\\\/l\\\/svm-temp\\\/#\\\/schema\\\/logo\\\/image\\\/\"},\"sameAs\":[\"https:\\\/\\\/www.facebook.com\\\/svenskamagasinet\",\"https:\\\/\\\/x.com\\\/SvenskaMagasine\"]},{\"@type\":\"Person\",\"@id\":\"https:\\\/\\\/lightweb.dev\\\/l\\\/svm-temp\\\/#\\\/schema\\\/person\\\/206a3bda5b607b0c25e1749191e4d837\",\"name\":\"Redaktionen SvM\",\"description\":\"Redaktionen\",\"sameAs\":[\"https:\\\/\\\/lightweb.dev\\\/l\\\/svm-temp\"],\"url\":\"https:\\\/\\\/lightweb.dev\\\/l\\\/svm-temp\\\/reporter\\\/redaktionen\\\/\"}]}<\/script>\n<!-- \/ Yoast SEO Premium plugin. -->","yoast_head_json":{"title":"Mobilapp p\u00e5 svenska f\u00f6rb\u00e4ttrar kommunikationen vid sjukhus - Svenska Magasinet","robots":{"index":"noindex","follow":"follow","max-snippet":"max-snippet:-1","max-image-preview":"max-image-preview:large","max-video-preview":"max-video-preview:-1"},"og_locale":"sv_SE","og_type":"article","og_title":"Mobilapp p\u00e5 svenska f\u00f6rb\u00e4ttrar kommunikationen vid sjukhus","og_description":"En mobilapp p\u00e5 46 spr\u00e5k d\u00e4ribland svenska som inf\u00f6rdes f\u00f6r ett par \u00e5r sedan har f\u00f6rb\u00e4ttrat kommunikationen mellan den allm\u00e4nna sjukv\u00e5rden i Andalusien och patienter. Det handlar om en \u00f6vers\u00e4ttningstj\u00e4nst som sjukv\u00e5rdsmyndigheterna inf\u00f6rde och som g\u00e5r under namnet \u201dSalud Responde\u201d. F\u00f6r n\u00e4rvarande finns det 46 spr\u00e5k s\u00e4ger den ansvarige chefen f\u00f6r Salud Responde, Jos\u00e9 Mar\u00eda [&hellip;]","og_url":"https:\/\/lightweb.dev\/l\/svm-temp\/nyheter\/mobilapp-pa-svenska-forbattrar-kommunikationen-vid-sjukhus\/","og_site_name":"Svenska Magasinet","article_publisher":"https:\/\/www.facebook.com\/svenskamagasinet","article_published_time":"2016-09-25T22:00:00+00:00","og_image":[{"width":325,"height":200,"url":"https:\/\/lightweb.dev\/l\/svm-temp\/wp-content\/uploads\/2022\/06\/mobilapp-pa-svenska-forbattrar-kommunikationen-vid-sjukhus.png","type":"image\/png"}],"author":"Redaktionen SvM","twitter_card":"summary_large_image","twitter_creator":"@SvenskaMagasine","twitter_site":"@SvenskaMagasine","schema":{"@context":"https:\/\/schema.org","@graph":[{"@type":"Article","@id":"https:\/\/lightweb.dev\/l\/svm-temp\/nyheter\/mobilapp-pa-svenska-forbattrar-kommunikationen-vid-sjukhus\/#article","isPartOf":{"@id":"https:\/\/lightweb.dev\/l\/svm-temp\/nyheter\/mobilapp-pa-svenska-forbattrar-kommunikationen-vid-sjukhus\/"},"author":{"name":"Redaktionen SvM","@id":"https:\/\/lightweb.dev\/l\/svm-temp\/#\/schema\/person\/206a3bda5b607b0c25e1749191e4d837"},"headline":"Mobilapp p\u00e5 svenska f\u00f6rb\u00e4ttrar kommunikationen vid sjukhus","datePublished":"2016-09-25T22:00:00+00:00","mainEntityOfPage":{"@id":"https:\/\/lightweb.dev\/l\/svm-temp\/nyheter\/mobilapp-pa-svenska-forbattrar-kommunikationen-vid-sjukhus\/"},"wordCount":267,"commentCount":0,"publisher":{"@id":"https:\/\/lightweb.dev\/l\/svm-temp\/#organization"},"image":{"@id":"https:\/\/lightweb.dev\/l\/svm-temp\/nyheter\/mobilapp-pa-svenska-forbattrar-kommunikationen-vid-sjukhus\/#primaryimage"},"thumbnailUrl":"https:\/\/lightweb.dev\/l\/svm-temp\/wp-content\/uploads\/2022\/06\/mobilapp-pa-svenska-forbattrar-kommunikationen-vid-sjukhus.png","articleSection":["Arkiv","Nyheter"],"inLanguage":"sv-SE"},{"@type":"WebPage","@id":"https:\/\/lightweb.dev\/l\/svm-temp\/nyheter\/mobilapp-pa-svenska-forbattrar-kommunikationen-vid-sjukhus\/","url":"https:\/\/lightweb.dev\/l\/svm-temp\/nyheter\/mobilapp-pa-svenska-forbattrar-kommunikationen-vid-sjukhus\/","name":"Mobilapp p\u00e5 svenska f\u00f6rb\u00e4ttrar kommunikationen vid sjukhus - Svenska Magasinet","isPartOf":{"@id":"https:\/\/lightweb.dev\/l\/svm-temp\/#website"},"primaryImageOfPage":{"@id":"https:\/\/lightweb.dev\/l\/svm-temp\/nyheter\/mobilapp-pa-svenska-forbattrar-kommunikationen-vid-sjukhus\/#primaryimage"},"image":{"@id":"https:\/\/lightweb.dev\/l\/svm-temp\/nyheter\/mobilapp-pa-svenska-forbattrar-kommunikationen-vid-sjukhus\/#primaryimage"},"thumbnailUrl":"https:\/\/lightweb.dev\/l\/svm-temp\/wp-content\/uploads\/2022\/06\/mobilapp-pa-svenska-forbattrar-kommunikationen-vid-sjukhus.png","datePublished":"2016-09-25T22:00:00+00:00","breadcrumb":{"@id":"https:\/\/lightweb.dev\/l\/svm-temp\/nyheter\/mobilapp-pa-svenska-forbattrar-kommunikationen-vid-sjukhus\/#breadcrumb"},"inLanguage":"sv-SE","potentialAction":[{"@type":"ReadAction","target":["https:\/\/lightweb.dev\/l\/svm-temp\/nyheter\/mobilapp-pa-svenska-forbattrar-kommunikationen-vid-sjukhus\/"]}]},{"@type":"ImageObject","inLanguage":"sv-SE","@id":"https:\/\/lightweb.dev\/l\/svm-temp\/nyheter\/mobilapp-pa-svenska-forbattrar-kommunikationen-vid-sjukhus\/#primaryimage","url":"https:\/\/lightweb.dev\/l\/svm-temp\/wp-content\/uploads\/2022\/06\/mobilapp-pa-svenska-forbattrar-kommunikationen-vid-sjukhus.png","contentUrl":"https:\/\/lightweb.dev\/l\/svm-temp\/wp-content\/uploads\/2022\/06\/mobilapp-pa-svenska-forbattrar-kommunikationen-vid-sjukhus.png","width":325,"height":200},{"@type":"BreadcrumbList","@id":"https:\/\/lightweb.dev\/l\/svm-temp\/nyheter\/mobilapp-pa-svenska-forbattrar-kommunikationen-vid-sjukhus\/#breadcrumb","itemListElement":[{"@type":"ListItem","position":1,"name":"Hem","item":"https:\/\/lightweb.dev\/l\/svm-temp\/"},{"@type":"ListItem","position":2,"name":"Mobilapp p\u00e5 svenska f\u00f6rb\u00e4ttrar kommunikationen vid sjukhus"}]},{"@type":"WebSite","@id":"https:\/\/lightweb.dev\/l\/svm-temp\/#website","url":"https:\/\/lightweb.dev\/l\/svm-temp\/","name":"Svenska Magasinet","description":"Dina Spanska nyheter p&aring; Svenska","publisher":{"@id":"https:\/\/lightweb.dev\/l\/svm-temp\/#organization"},"potentialAction":[{"@type":"SearchAction","target":{"@type":"EntryPoint","urlTemplate":"https:\/\/lightweb.dev\/l\/svm-temp\/?s={search_term_string}"},"query-input":{"@type":"PropertyValueSpecification","valueRequired":true,"valueName":"search_term_string"}}],"inLanguage":"sv-SE"},{"@type":"Organization","@id":"https:\/\/lightweb.dev\/l\/svm-temp\/#organization","name":"Melkerson y Nott SL","alternateName":"Svenska Magasinet","url":"https:\/\/lightweb.dev\/l\/svm-temp\/","logo":{"@type":"ImageObject","inLanguage":"sv-SE","@id":"https:\/\/lightweb.dev\/l\/svm-temp\/#\/schema\/logo\/image\/","url":"https:\/\/lightweb.dev\/l\/svm-temp\/wp-content\/uploads\/2025\/02\/SvM-logo-Xtra-Centrerad-SVART.png","contentUrl":"https:\/\/lightweb.dev\/l\/svm-temp\/wp-content\/uploads\/2025\/02\/SvM-logo-Xtra-Centrerad-SVART.png","width":300,"height":99,"caption":"Melkerson y Nott SL"},"image":{"@id":"https:\/\/lightweb.dev\/l\/svm-temp\/#\/schema\/logo\/image\/"},"sameAs":["https:\/\/www.facebook.com\/svenskamagasinet","https:\/\/x.com\/SvenskaMagasine"]},{"@type":"Person","@id":"https:\/\/lightweb.dev\/l\/svm-temp\/#\/schema\/person\/206a3bda5b607b0c25e1749191e4d837","name":"Redaktionen SvM","description":"Redaktionen","sameAs":["https:\/\/lightweb.dev\/l\/svm-temp"],"url":"https:\/\/lightweb.dev\/l\/svm-temp\/reporter\/redaktionen\/"}]}},"_links":{"self":[{"href":"https:\/\/lightweb.dev\/l\/svm-temp\/wp-json\/wp\/v2\/posts\/21519","targetHints":{"allow":["GET"]}}],"collection":[{"href":"https:\/\/lightweb.dev\/l\/svm-temp\/wp-json\/wp\/v2\/posts"}],"about":[{"href":"https:\/\/lightweb.dev\/l\/svm-temp\/wp-json\/wp\/v2\/types\/post"}],"author":[{"embeddable":true,"href":"https:\/\/lightweb.dev\/l\/svm-temp\/wp-json\/wp\/v2\/users\/8"}],"replies":[{"embeddable":true,"href":"https:\/\/lightweb.dev\/l\/svm-temp\/wp-json\/wp\/v2\/comments?post=21519"}],"version-history":[{"count":0,"href":"https:\/\/lightweb.dev\/l\/svm-temp\/wp-json\/wp\/v2\/posts\/21519\/revisions"}],"wp:featuredmedia":[{"embeddable":true,"href":"https:\/\/lightweb.dev\/l\/svm-temp\/wp-json\/wp\/v2\/media\/21520"}],"wp:attachment":[{"href":"https:\/\/lightweb.dev\/l\/svm-temp\/wp-json\/wp\/v2\/media?parent=21519"}],"wp:term":[{"taxonomy":"category","embeddable":true,"href":"https:\/\/lightweb.dev\/l\/svm-temp\/wp-json\/wp\/v2\/categories?post=21519"},{"taxonomy":"post_tag","embeddable":true,"href":"https:\/\/lightweb.dev\/l\/svm-temp\/wp-json\/wp\/v2\/tags?post=21519"}],"curies":[{"name":"wp","href":"https:\/\/api.w.org\/{rel}","templated":true}]}}