{"id":21531,"date":"2016-09-22T00:00:00","date_gmt":"2016-09-21T22:00:00","guid":{"rendered":"https:\/\/lightweb.dev\/l\/svm-temp\/nyheter\/illegal-slakt-av-lamm-i-samband-med-muslimsk-hogtid\/"},"modified":"2016-09-22T00:00:00","modified_gmt":"2016-09-21T22:00:00","slug":"illegal-slakt-av-lamm-i-samband-med-muslimsk-hogtid","status":"publish","type":"post","link":"https:\/\/lightweb.dev\/l\/svm-temp\/nyheter\/illegal-slakt-av-lamm-i-samband-med-muslimsk-hogtid\/","title":{"rendered":"Illegal slakt av lamm i samband med muslimsk h\u00f6gtid"},"content":{"rendered":"<p> Guardia Civil och spansk nationalpolis har inlett en unders\u00f6kning efter att flera lamm blivit slaktade i San Pedro de Alc\u00e1ntara i Marbella med anledning av den muslimska h\u00f6gtiden \u201dEid al-Adha\u201d. Det \u00e4r d\u00e5 lamm slaktas f\u00f6r att hedra profeten Abrahams lydnad till Allah. En del \u00e4ts upp av familj och sl\u00e4kt, en del ges till v\u00e4nner och grannar och en del sk\u00e4nks till fattiga.<\/p>\n<p>Nationalpolisen fattade misstankar n\u00e4r tv\u00e5 personer av nordafrikanskt ursprung l\u00e4mnade en g\u00e5rd n\u00e4ra San Pedro de Alc\u00e1ntara i Marbella. N\u00e4r polisen stoppade bilen fann de tre lamm med avskuren hals. F\u00f6raren greps f\u00f6r brott mot djurh\u00e4lsan och den andra personen uppeh\u00f6ll sig illegalt i Spanien.<\/p>\n<p>Enligt Marbellapolisen sker slakt p\u00e5 hemliga platser i samband med den muslimska h\u00f6gtiden. Det \u00e4r p\u00e5 platser med brist p\u00e5 hygien eller sjukdomsf\u00f6rebyggande \u00e5tg\u00e4rder. Vid ett annat tillf\u00e4lle \u00f6verraskade Guardia Civil tre personer fr\u00e5n l\u00e4nderna s\u00f6der om Sahara som h\u00f6ll p\u00e5 att slakta tv\u00e5 lamm. Fem levande lamm beslagtogs.<\/p>\n<p>Enligt polisk\u00e4llor som dagstidningen ABC h\u00e4nvisar till utf\u00f6rs slakt av lamm inf\u00f6r den muslimska h\u00f6gtiden i hemlighet vid privata g\u00e5rdar eller p\u00e5 platser utan krav p\u00e5 hygien vilket \u00e4r ett brott mot folkh\u00e4lsan. <\/p>\n","protected":false},"excerpt":{"rendered":"<p>Guardia Civil och spansk nationalpolis har inlett en unders\u00f6kning efter att flera lamm blivit slaktade i San Pedro de Alc\u00e1ntara i Marbella med anledning av den muslimska h\u00f6gtiden \u201dEid al-Adha\u201d. Det \u00e4r d\u00e5 lamm slaktas f\u00f6r att hedra profeten Abrahams lydnad till Allah. En del \u00e4ts upp av familj och sl\u00e4kt, en del ges till [&hellip;]<\/p>\n","protected":false},"author":8,"featured_media":21532,"comment_status":"open","ping_status":"open","sticky":false,"template":"","format":"standard","meta":{"_et_pb_use_builder":"","_et_pb_old_content":"","_et_gb_content_width":"","footnotes":""},"categories":[395,3],"tags":[],"class_list":["post-21531","post","type-post","status-publish","format-standard","has-post-thumbnail","hentry","category-arkiv-nyheter","category-nyheter"],"yoast_head":"<!-- This site is optimized with the Yoast SEO Premium plugin v26.2 (Yoast SEO v27.4) - https:\/\/yoast.com\/product\/yoast-seo-premium-wordpress\/ -->\n<title>Illegal slakt av lamm i samband med muslimsk h\u00f6gtid - Svenska Magasinet<\/title>\n<meta name=\"robots\" content=\"noindex, follow, max-snippet:-1, max-image-preview:large, max-video-preview:-1\" \/>\n<meta property=\"og:locale\" content=\"sv_SE\" \/>\n<meta property=\"og:type\" content=\"article\" \/>\n<meta property=\"og:title\" content=\"Illegal slakt av lamm i samband med muslimsk h\u00f6gtid\" \/>\n<meta property=\"og:description\" content=\"Guardia Civil och spansk nationalpolis har inlett en unders\u00f6kning efter att flera lamm blivit slaktade i San Pedro de Alc\u00e1ntara i Marbella med anledning av den muslimska h\u00f6gtiden \u201dEid al-Adha\u201d. Det \u00e4r d\u00e5 lamm slaktas f\u00f6r att hedra profeten Abrahams lydnad till Allah. En del \u00e4ts upp av familj och sl\u00e4kt, en del ges till [&hellip;]\" \/>\n<meta property=\"og:url\" content=\"https:\/\/lightweb.dev\/l\/svm-temp\/nyheter\/illegal-slakt-av-lamm-i-samband-med-muslimsk-hogtid\/\" \/>\n<meta property=\"og:site_name\" content=\"Svenska Magasinet\" \/>\n<meta property=\"article:publisher\" content=\"https:\/\/www.facebook.com\/svenskamagasinet\" \/>\n<meta property=\"article:published_time\" content=\"2016-09-21T22:00:00+00:00\" \/>\n<meta property=\"og:image\" content=\"https:\/\/lightweb.dev\/l\/svm-temp\/wp-content\/uploads\/2022\/06\/illegal-slakt-av-lamm-i-samband-med-muslimsk-hogtid.png\" \/>\n\t<meta property=\"og:image:width\" content=\"355\" \/>\n\t<meta property=\"og:image:height\" content=\"200\" \/>\n\t<meta property=\"og:image:type\" content=\"image\/png\" \/>\n<meta name=\"author\" content=\"Redaktionen SvM\" \/>\n<meta name=\"twitter:card\" content=\"summary_large_image\" \/>\n<meta name=\"twitter:creator\" content=\"@SvenskaMagasine\" \/>\n<meta name=\"twitter:site\" content=\"@SvenskaMagasine\" \/>\n<script type=\"application\/ld+json\" class=\"yoast-schema-graph\">{\"@context\":\"https:\\\/\\\/schema.org\",\"@graph\":[{\"@type\":\"Article\",\"@id\":\"https:\\\/\\\/lightweb.dev\\\/l\\\/svm-temp\\\/nyheter\\\/illegal-slakt-av-lamm-i-samband-med-muslimsk-hogtid\\\/#article\",\"isPartOf\":{\"@id\":\"https:\\\/\\\/lightweb.dev\\\/l\\\/svm-temp\\\/nyheter\\\/illegal-slakt-av-lamm-i-samband-med-muslimsk-hogtid\\\/\"},\"author\":{\"name\":\"Redaktionen SvM\",\"@id\":\"https:\\\/\\\/lightweb.dev\\\/l\\\/svm-temp\\\/#\\\/schema\\\/person\\\/206a3bda5b607b0c25e1749191e4d837\"},\"headline\":\"Illegal slakt av lamm i samband med muslimsk h\u00f6gtid\",\"datePublished\":\"2016-09-21T22:00:00+00:00\",\"mainEntityOfPage\":{\"@id\":\"https:\\\/\\\/lightweb.dev\\\/l\\\/svm-temp\\\/nyheter\\\/illegal-slakt-av-lamm-i-samband-med-muslimsk-hogtid\\\/\"},\"wordCount\":233,\"commentCount\":0,\"publisher\":{\"@id\":\"https:\\\/\\\/lightweb.dev\\\/l\\\/svm-temp\\\/#organization\"},\"image\":{\"@id\":\"https:\\\/\\\/lightweb.dev\\\/l\\\/svm-temp\\\/nyheter\\\/illegal-slakt-av-lamm-i-samband-med-muslimsk-hogtid\\\/#primaryimage\"},\"thumbnailUrl\":\"https:\\\/\\\/lightweb.dev\\\/l\\\/svm-temp\\\/wp-content\\\/uploads\\\/2022\\\/06\\\/illegal-slakt-av-lamm-i-samband-med-muslimsk-hogtid.png\",\"articleSection\":[\"Arkiv\",\"Nyheter\"],\"inLanguage\":\"sv-SE\"},{\"@type\":\"WebPage\",\"@id\":\"https:\\\/\\\/lightweb.dev\\\/l\\\/svm-temp\\\/nyheter\\\/illegal-slakt-av-lamm-i-samband-med-muslimsk-hogtid\\\/\",\"url\":\"https:\\\/\\\/lightweb.dev\\\/l\\\/svm-temp\\\/nyheter\\\/illegal-slakt-av-lamm-i-samband-med-muslimsk-hogtid\\\/\",\"name\":\"Illegal slakt av lamm i samband med muslimsk h\u00f6gtid - Svenska Magasinet\",\"isPartOf\":{\"@id\":\"https:\\\/\\\/lightweb.dev\\\/l\\\/svm-temp\\\/#website\"},\"primaryImageOfPage\":{\"@id\":\"https:\\\/\\\/lightweb.dev\\\/l\\\/svm-temp\\\/nyheter\\\/illegal-slakt-av-lamm-i-samband-med-muslimsk-hogtid\\\/#primaryimage\"},\"image\":{\"@id\":\"https:\\\/\\\/lightweb.dev\\\/l\\\/svm-temp\\\/nyheter\\\/illegal-slakt-av-lamm-i-samband-med-muslimsk-hogtid\\\/#primaryimage\"},\"thumbnailUrl\":\"https:\\\/\\\/lightweb.dev\\\/l\\\/svm-temp\\\/wp-content\\\/uploads\\\/2022\\\/06\\\/illegal-slakt-av-lamm-i-samband-med-muslimsk-hogtid.png\",\"datePublished\":\"2016-09-21T22:00:00+00:00\",\"breadcrumb\":{\"@id\":\"https:\\\/\\\/lightweb.dev\\\/l\\\/svm-temp\\\/nyheter\\\/illegal-slakt-av-lamm-i-samband-med-muslimsk-hogtid\\\/#breadcrumb\"},\"inLanguage\":\"sv-SE\",\"potentialAction\":[{\"@type\":\"ReadAction\",\"target\":[\"https:\\\/\\\/lightweb.dev\\\/l\\\/svm-temp\\\/nyheter\\\/illegal-slakt-av-lamm-i-samband-med-muslimsk-hogtid\\\/\"]}]},{\"@type\":\"ImageObject\",\"inLanguage\":\"sv-SE\",\"@id\":\"https:\\\/\\\/lightweb.dev\\\/l\\\/svm-temp\\\/nyheter\\\/illegal-slakt-av-lamm-i-samband-med-muslimsk-hogtid\\\/#primaryimage\",\"url\":\"https:\\\/\\\/lightweb.dev\\\/l\\\/svm-temp\\\/wp-content\\\/uploads\\\/2022\\\/06\\\/illegal-slakt-av-lamm-i-samband-med-muslimsk-hogtid.png\",\"contentUrl\":\"https:\\\/\\\/lightweb.dev\\\/l\\\/svm-temp\\\/wp-content\\\/uploads\\\/2022\\\/06\\\/illegal-slakt-av-lamm-i-samband-med-muslimsk-hogtid.png\",\"width\":355,\"height\":200},{\"@type\":\"BreadcrumbList\",\"@id\":\"https:\\\/\\\/lightweb.dev\\\/l\\\/svm-temp\\\/nyheter\\\/illegal-slakt-av-lamm-i-samband-med-muslimsk-hogtid\\\/#breadcrumb\",\"itemListElement\":[{\"@type\":\"ListItem\",\"position\":1,\"name\":\"Hem\",\"item\":\"https:\\\/\\\/lightweb.dev\\\/l\\\/svm-temp\\\/\"},{\"@type\":\"ListItem\",\"position\":2,\"name\":\"Illegal slakt av lamm i samband med muslimsk h\u00f6gtid\"}]},{\"@type\":\"WebSite\",\"@id\":\"https:\\\/\\\/lightweb.dev\\\/l\\\/svm-temp\\\/#website\",\"url\":\"https:\\\/\\\/lightweb.dev\\\/l\\\/svm-temp\\\/\",\"name\":\"Svenska Magasinet\",\"description\":\"Dina Spanska nyheter p&aring; Svenska\",\"publisher\":{\"@id\":\"https:\\\/\\\/lightweb.dev\\\/l\\\/svm-temp\\\/#organization\"},\"potentialAction\":[{\"@type\":\"SearchAction\",\"target\":{\"@type\":\"EntryPoint\",\"urlTemplate\":\"https:\\\/\\\/lightweb.dev\\\/l\\\/svm-temp\\\/?s={search_term_string}\"},\"query-input\":{\"@type\":\"PropertyValueSpecification\",\"valueRequired\":true,\"valueName\":\"search_term_string\"}}],\"inLanguage\":\"sv-SE\"},{\"@type\":\"Organization\",\"@id\":\"https:\\\/\\\/lightweb.dev\\\/l\\\/svm-temp\\\/#organization\",\"name\":\"Melkerson y Nott SL\",\"alternateName\":\"Svenska Magasinet\",\"url\":\"https:\\\/\\\/lightweb.dev\\\/l\\\/svm-temp\\\/\",\"logo\":{\"@type\":\"ImageObject\",\"inLanguage\":\"sv-SE\",\"@id\":\"https:\\\/\\\/lightweb.dev\\\/l\\\/svm-temp\\\/#\\\/schema\\\/logo\\\/image\\\/\",\"url\":\"https:\\\/\\\/lightweb.dev\\\/l\\\/svm-temp\\\/wp-content\\\/uploads\\\/2025\\\/02\\\/SvM-logo-Xtra-Centrerad-SVART.png\",\"contentUrl\":\"https:\\\/\\\/lightweb.dev\\\/l\\\/svm-temp\\\/wp-content\\\/uploads\\\/2025\\\/02\\\/SvM-logo-Xtra-Centrerad-SVART.png\",\"width\":300,\"height\":99,\"caption\":\"Melkerson y Nott SL\"},\"image\":{\"@id\":\"https:\\\/\\\/lightweb.dev\\\/l\\\/svm-temp\\\/#\\\/schema\\\/logo\\\/image\\\/\"},\"sameAs\":[\"https:\\\/\\\/www.facebook.com\\\/svenskamagasinet\",\"https:\\\/\\\/x.com\\\/SvenskaMagasine\"]},{\"@type\":\"Person\",\"@id\":\"https:\\\/\\\/lightweb.dev\\\/l\\\/svm-temp\\\/#\\\/schema\\\/person\\\/206a3bda5b607b0c25e1749191e4d837\",\"name\":\"Redaktionen SvM\",\"description\":\"Redaktionen\",\"sameAs\":[\"https:\\\/\\\/lightweb.dev\\\/l\\\/svm-temp\"],\"url\":\"https:\\\/\\\/lightweb.dev\\\/l\\\/svm-temp\\\/reporter\\\/redaktionen\\\/\"}]}<\/script>\n<!-- \/ Yoast SEO Premium plugin. -->","yoast_head_json":{"title":"Illegal slakt av lamm i samband med muslimsk h\u00f6gtid - Svenska Magasinet","robots":{"index":"noindex","follow":"follow","max-snippet":"max-snippet:-1","max-image-preview":"max-image-preview:large","max-video-preview":"max-video-preview:-1"},"og_locale":"sv_SE","og_type":"article","og_title":"Illegal slakt av lamm i samband med muslimsk h\u00f6gtid","og_description":"Guardia Civil och spansk nationalpolis har inlett en unders\u00f6kning efter att flera lamm blivit slaktade i San Pedro de Alc\u00e1ntara i Marbella med anledning av den muslimska h\u00f6gtiden \u201dEid al-Adha\u201d. Det \u00e4r d\u00e5 lamm slaktas f\u00f6r att hedra profeten Abrahams lydnad till Allah. En del \u00e4ts upp av familj och sl\u00e4kt, en del ges till [&hellip;]","og_url":"https:\/\/lightweb.dev\/l\/svm-temp\/nyheter\/illegal-slakt-av-lamm-i-samband-med-muslimsk-hogtid\/","og_site_name":"Svenska Magasinet","article_publisher":"https:\/\/www.facebook.com\/svenskamagasinet","article_published_time":"2016-09-21T22:00:00+00:00","og_image":[{"width":355,"height":200,"url":"https:\/\/lightweb.dev\/l\/svm-temp\/wp-content\/uploads\/2022\/06\/illegal-slakt-av-lamm-i-samband-med-muslimsk-hogtid.png","type":"image\/png"}],"author":"Redaktionen SvM","twitter_card":"summary_large_image","twitter_creator":"@SvenskaMagasine","twitter_site":"@SvenskaMagasine","schema":{"@context":"https:\/\/schema.org","@graph":[{"@type":"Article","@id":"https:\/\/lightweb.dev\/l\/svm-temp\/nyheter\/illegal-slakt-av-lamm-i-samband-med-muslimsk-hogtid\/#article","isPartOf":{"@id":"https:\/\/lightweb.dev\/l\/svm-temp\/nyheter\/illegal-slakt-av-lamm-i-samband-med-muslimsk-hogtid\/"},"author":{"name":"Redaktionen SvM","@id":"https:\/\/lightweb.dev\/l\/svm-temp\/#\/schema\/person\/206a3bda5b607b0c25e1749191e4d837"},"headline":"Illegal slakt av lamm i samband med muslimsk h\u00f6gtid","datePublished":"2016-09-21T22:00:00+00:00","mainEntityOfPage":{"@id":"https:\/\/lightweb.dev\/l\/svm-temp\/nyheter\/illegal-slakt-av-lamm-i-samband-med-muslimsk-hogtid\/"},"wordCount":233,"commentCount":0,"publisher":{"@id":"https:\/\/lightweb.dev\/l\/svm-temp\/#organization"},"image":{"@id":"https:\/\/lightweb.dev\/l\/svm-temp\/nyheter\/illegal-slakt-av-lamm-i-samband-med-muslimsk-hogtid\/#primaryimage"},"thumbnailUrl":"https:\/\/lightweb.dev\/l\/svm-temp\/wp-content\/uploads\/2022\/06\/illegal-slakt-av-lamm-i-samband-med-muslimsk-hogtid.png","articleSection":["Arkiv","Nyheter"],"inLanguage":"sv-SE"},{"@type":"WebPage","@id":"https:\/\/lightweb.dev\/l\/svm-temp\/nyheter\/illegal-slakt-av-lamm-i-samband-med-muslimsk-hogtid\/","url":"https:\/\/lightweb.dev\/l\/svm-temp\/nyheter\/illegal-slakt-av-lamm-i-samband-med-muslimsk-hogtid\/","name":"Illegal slakt av lamm i samband med muslimsk h\u00f6gtid - Svenska Magasinet","isPartOf":{"@id":"https:\/\/lightweb.dev\/l\/svm-temp\/#website"},"primaryImageOfPage":{"@id":"https:\/\/lightweb.dev\/l\/svm-temp\/nyheter\/illegal-slakt-av-lamm-i-samband-med-muslimsk-hogtid\/#primaryimage"},"image":{"@id":"https:\/\/lightweb.dev\/l\/svm-temp\/nyheter\/illegal-slakt-av-lamm-i-samband-med-muslimsk-hogtid\/#primaryimage"},"thumbnailUrl":"https:\/\/lightweb.dev\/l\/svm-temp\/wp-content\/uploads\/2022\/06\/illegal-slakt-av-lamm-i-samband-med-muslimsk-hogtid.png","datePublished":"2016-09-21T22:00:00+00:00","breadcrumb":{"@id":"https:\/\/lightweb.dev\/l\/svm-temp\/nyheter\/illegal-slakt-av-lamm-i-samband-med-muslimsk-hogtid\/#breadcrumb"},"inLanguage":"sv-SE","potentialAction":[{"@type":"ReadAction","target":["https:\/\/lightweb.dev\/l\/svm-temp\/nyheter\/illegal-slakt-av-lamm-i-samband-med-muslimsk-hogtid\/"]}]},{"@type":"ImageObject","inLanguage":"sv-SE","@id":"https:\/\/lightweb.dev\/l\/svm-temp\/nyheter\/illegal-slakt-av-lamm-i-samband-med-muslimsk-hogtid\/#primaryimage","url":"https:\/\/lightweb.dev\/l\/svm-temp\/wp-content\/uploads\/2022\/06\/illegal-slakt-av-lamm-i-samband-med-muslimsk-hogtid.png","contentUrl":"https:\/\/lightweb.dev\/l\/svm-temp\/wp-content\/uploads\/2022\/06\/illegal-slakt-av-lamm-i-samband-med-muslimsk-hogtid.png","width":355,"height":200},{"@type":"BreadcrumbList","@id":"https:\/\/lightweb.dev\/l\/svm-temp\/nyheter\/illegal-slakt-av-lamm-i-samband-med-muslimsk-hogtid\/#breadcrumb","itemListElement":[{"@type":"ListItem","position":1,"name":"Hem","item":"https:\/\/lightweb.dev\/l\/svm-temp\/"},{"@type":"ListItem","position":2,"name":"Illegal slakt av lamm i samband med muslimsk h\u00f6gtid"}]},{"@type":"WebSite","@id":"https:\/\/lightweb.dev\/l\/svm-temp\/#website","url":"https:\/\/lightweb.dev\/l\/svm-temp\/","name":"Svenska Magasinet","description":"Dina Spanska nyheter p&aring; Svenska","publisher":{"@id":"https:\/\/lightweb.dev\/l\/svm-temp\/#organization"},"potentialAction":[{"@type":"SearchAction","target":{"@type":"EntryPoint","urlTemplate":"https:\/\/lightweb.dev\/l\/svm-temp\/?s={search_term_string}"},"query-input":{"@type":"PropertyValueSpecification","valueRequired":true,"valueName":"search_term_string"}}],"inLanguage":"sv-SE"},{"@type":"Organization","@id":"https:\/\/lightweb.dev\/l\/svm-temp\/#organization","name":"Melkerson y Nott SL","alternateName":"Svenska Magasinet","url":"https:\/\/lightweb.dev\/l\/svm-temp\/","logo":{"@type":"ImageObject","inLanguage":"sv-SE","@id":"https:\/\/lightweb.dev\/l\/svm-temp\/#\/schema\/logo\/image\/","url":"https:\/\/lightweb.dev\/l\/svm-temp\/wp-content\/uploads\/2025\/02\/SvM-logo-Xtra-Centrerad-SVART.png","contentUrl":"https:\/\/lightweb.dev\/l\/svm-temp\/wp-content\/uploads\/2025\/02\/SvM-logo-Xtra-Centrerad-SVART.png","width":300,"height":99,"caption":"Melkerson y Nott SL"},"image":{"@id":"https:\/\/lightweb.dev\/l\/svm-temp\/#\/schema\/logo\/image\/"},"sameAs":["https:\/\/www.facebook.com\/svenskamagasinet","https:\/\/x.com\/SvenskaMagasine"]},{"@type":"Person","@id":"https:\/\/lightweb.dev\/l\/svm-temp\/#\/schema\/person\/206a3bda5b607b0c25e1749191e4d837","name":"Redaktionen SvM","description":"Redaktionen","sameAs":["https:\/\/lightweb.dev\/l\/svm-temp"],"url":"https:\/\/lightweb.dev\/l\/svm-temp\/reporter\/redaktionen\/"}]}},"_links":{"self":[{"href":"https:\/\/lightweb.dev\/l\/svm-temp\/wp-json\/wp\/v2\/posts\/21531","targetHints":{"allow":["GET"]}}],"collection":[{"href":"https:\/\/lightweb.dev\/l\/svm-temp\/wp-json\/wp\/v2\/posts"}],"about":[{"href":"https:\/\/lightweb.dev\/l\/svm-temp\/wp-json\/wp\/v2\/types\/post"}],"author":[{"embeddable":true,"href":"https:\/\/lightweb.dev\/l\/svm-temp\/wp-json\/wp\/v2\/users\/8"}],"replies":[{"embeddable":true,"href":"https:\/\/lightweb.dev\/l\/svm-temp\/wp-json\/wp\/v2\/comments?post=21531"}],"version-history":[{"count":0,"href":"https:\/\/lightweb.dev\/l\/svm-temp\/wp-json\/wp\/v2\/posts\/21531\/revisions"}],"wp:featuredmedia":[{"embeddable":true,"href":"https:\/\/lightweb.dev\/l\/svm-temp\/wp-json\/wp\/v2\/media\/21532"}],"wp:attachment":[{"href":"https:\/\/lightweb.dev\/l\/svm-temp\/wp-json\/wp\/v2\/media?parent=21531"}],"wp:term":[{"taxonomy":"category","embeddable":true,"href":"https:\/\/lightweb.dev\/l\/svm-temp\/wp-json\/wp\/v2\/categories?post=21531"},{"taxonomy":"post_tag","embeddable":true,"href":"https:\/\/lightweb.dev\/l\/svm-temp\/wp-json\/wp\/v2\/tags?post=21531"}],"curies":[{"name":"wp","href":"https:\/\/api.w.org\/{rel}","templated":true}]}}