{"id":21537,"date":"2016-09-22T00:00:00","date_gmt":"2016-09-21T22:00:00","guid":{"rendered":"https:\/\/lightweb.dev\/l\/svm-temp\/nyheter\/regionalregeringen-vill-reglera-antalet-besokare-till-rio-chillar\/"},"modified":"2016-09-22T00:00:00","modified_gmt":"2016-09-21T22:00:00","slug":"regionalregeringen-vill-reglera-antalet-besokare-till-rio-chillar","status":"publish","type":"post","link":"https:\/\/lightweb.dev\/l\/svm-temp\/nyheter\/regionalregeringen-vill-reglera-antalet-besokare-till-rio-chillar\/","title":{"rendered":"Regionalregeringen vill reglera antalet bes\u00f6kare till r\u00edo Ch\u00edllar"},"content":{"rendered":"<p> R\u00edo Ch\u00edllar norr om Nerja och Frigiliana \u00e4r ett popul\u00e4rt utflyktsm\u00e5l. I sommar har det inkommit klagom\u00e5l om nedskr\u00e4pning l\u00e4ngs \u00e4n, klotter p\u00e5 bergsv\u00e4ggar och olaglig camping. Det g\u00e4ller inte bara l\u00e4ngs r\u00edo Ch\u00edllar i Nerja. \u00c4ven ravinen Alaminos i Co\u00edn har det inkommit anm\u00e4lningar, till ombudsmannen f\u00f6r klagom\u00e5l vid Defensor del Pueblo Andaluz.<\/p>\n<p>Jos\u00e9 Hern\u00e1ndez Garijo, som \u00e4r vice ansvarig vid regionalregeringens milj\u00f6departement, har svarat i en skrivelse att det beh\u00f6vs b\u00e4ttre samordningen mellan provinsens delegation och kommunerna i Nerja och Frigiliana.<\/p>\n<p>Regionalregeringen h\u00e5ller p\u00e5 att slutf\u00f6ra en plan som g\u00e5r ut p\u00e5 att antalet bes\u00f6kare ska regleras med tanke p\u00e5 det stora antalet bes\u00f6kare under sommaren. \u201dHursomhelst s\u00e5 m\u00e5ste varje f\u00f6rvaltning ut\u00f6va sina befogenheter\u201d menar Garijo. <\/p>\n","protected":false},"excerpt":{"rendered":"<p>R\u00edo Ch\u00edllar norr om Nerja och Frigiliana \u00e4r ett popul\u00e4rt utflyktsm\u00e5l. I sommar har det inkommit klagom\u00e5l om nedskr\u00e4pning l\u00e4ngs \u00e4n, klotter p\u00e5 bergsv\u00e4ggar och olaglig camping. Det g\u00e4ller inte bara l\u00e4ngs r\u00edo Ch\u00edllar i Nerja. \u00c4ven ravinen Alaminos i Co\u00edn har det inkommit anm\u00e4lningar, till ombudsmannen f\u00f6r klagom\u00e5l vid Defensor del Pueblo Andaluz. Jos\u00e9 [&hellip;]<\/p>\n","protected":false},"author":8,"featured_media":21538,"comment_status":"open","ping_status":"open","sticky":false,"template":"","format":"standard","meta":{"_et_pb_use_builder":"","_et_pb_old_content":"","_et_gb_content_width":"","footnotes":""},"categories":[395,3],"tags":[],"class_list":["post-21537","post","type-post","status-publish","format-standard","has-post-thumbnail","hentry","category-arkiv-nyheter","category-nyheter"],"yoast_head":"<!-- This site is optimized with the Yoast SEO Premium plugin v26.2 (Yoast SEO v27.4) - https:\/\/yoast.com\/product\/yoast-seo-premium-wordpress\/ -->\n<title>Regionalregeringen vill reglera antalet bes\u00f6kare till r\u00edo Ch\u00edllar - Svenska Magasinet<\/title>\n<meta name=\"robots\" content=\"noindex, follow, max-snippet:-1, max-image-preview:large, max-video-preview:-1\" \/>\n<meta property=\"og:locale\" content=\"sv_SE\" \/>\n<meta property=\"og:type\" content=\"article\" \/>\n<meta property=\"og:title\" content=\"Regionalregeringen vill reglera antalet bes\u00f6kare till r\u00edo Ch\u00edllar\" \/>\n<meta property=\"og:description\" content=\"R\u00edo Ch\u00edllar norr om Nerja och Frigiliana \u00e4r ett popul\u00e4rt utflyktsm\u00e5l. I sommar har det inkommit klagom\u00e5l om nedskr\u00e4pning l\u00e4ngs \u00e4n, klotter p\u00e5 bergsv\u00e4ggar och olaglig camping. Det g\u00e4ller inte bara l\u00e4ngs r\u00edo Ch\u00edllar i Nerja. \u00c4ven ravinen Alaminos i Co\u00edn har det inkommit anm\u00e4lningar, till ombudsmannen f\u00f6r klagom\u00e5l vid Defensor del Pueblo Andaluz. Jos\u00e9 [&hellip;]\" \/>\n<meta property=\"og:url\" content=\"https:\/\/lightweb.dev\/l\/svm-temp\/nyheter\/regionalregeringen-vill-reglera-antalet-besokare-till-rio-chillar\/\" \/>\n<meta property=\"og:site_name\" content=\"Svenska Magasinet\" \/>\n<meta property=\"article:publisher\" content=\"https:\/\/www.facebook.com\/svenskamagasinet\" \/>\n<meta property=\"article:published_time\" content=\"2016-09-21T22:00:00+00:00\" \/>\n<meta property=\"og:image\" content=\"https:\/\/lightweb.dev\/l\/svm-temp\/wp-content\/uploads\/2022\/06\/regionalregeringen-vill-reglera-antalet-besokare-till-rio-chillar.png\" \/>\n\t<meta property=\"og:image:width\" content=\"280\" \/>\n\t<meta property=\"og:image:height\" content=\"210\" \/>\n\t<meta property=\"og:image:type\" content=\"image\/png\" \/>\n<meta name=\"author\" content=\"Redaktionen SvM\" \/>\n<meta name=\"twitter:card\" content=\"summary_large_image\" \/>\n<meta name=\"twitter:creator\" content=\"@SvenskaMagasine\" \/>\n<meta name=\"twitter:site\" content=\"@SvenskaMagasine\" \/>\n<script type=\"application\/ld+json\" class=\"yoast-schema-graph\">{\"@context\":\"https:\\\/\\\/schema.org\",\"@graph\":[{\"@type\":\"Article\",\"@id\":\"https:\\\/\\\/lightweb.dev\\\/l\\\/svm-temp\\\/nyheter\\\/regionalregeringen-vill-reglera-antalet-besokare-till-rio-chillar\\\/#article\",\"isPartOf\":{\"@id\":\"https:\\\/\\\/lightweb.dev\\\/l\\\/svm-temp\\\/nyheter\\\/regionalregeringen-vill-reglera-antalet-besokare-till-rio-chillar\\\/\"},\"author\":{\"name\":\"Redaktionen SvM\",\"@id\":\"https:\\\/\\\/lightweb.dev\\\/l\\\/svm-temp\\\/#\\\/schema\\\/person\\\/206a3bda5b607b0c25e1749191e4d837\"},\"headline\":\"Regionalregeringen vill reglera antalet bes\u00f6kare till r\u00edo Ch\u00edllar\",\"datePublished\":\"2016-09-21T22:00:00+00:00\",\"mainEntityOfPage\":{\"@id\":\"https:\\\/\\\/lightweb.dev\\\/l\\\/svm-temp\\\/nyheter\\\/regionalregeringen-vill-reglera-antalet-besokare-till-rio-chillar\\\/\"},\"wordCount\":157,\"commentCount\":0,\"publisher\":{\"@id\":\"https:\\\/\\\/lightweb.dev\\\/l\\\/svm-temp\\\/#organization\"},\"image\":{\"@id\":\"https:\\\/\\\/lightweb.dev\\\/l\\\/svm-temp\\\/nyheter\\\/regionalregeringen-vill-reglera-antalet-besokare-till-rio-chillar\\\/#primaryimage\"},\"thumbnailUrl\":\"https:\\\/\\\/lightweb.dev\\\/l\\\/svm-temp\\\/wp-content\\\/uploads\\\/2022\\\/06\\\/regionalregeringen-vill-reglera-antalet-besokare-till-rio-chillar.png\",\"articleSection\":[\"Arkiv\",\"Nyheter\"],\"inLanguage\":\"sv-SE\"},{\"@type\":\"WebPage\",\"@id\":\"https:\\\/\\\/lightweb.dev\\\/l\\\/svm-temp\\\/nyheter\\\/regionalregeringen-vill-reglera-antalet-besokare-till-rio-chillar\\\/\",\"url\":\"https:\\\/\\\/lightweb.dev\\\/l\\\/svm-temp\\\/nyheter\\\/regionalregeringen-vill-reglera-antalet-besokare-till-rio-chillar\\\/\",\"name\":\"Regionalregeringen vill reglera antalet bes\u00f6kare till r\u00edo Ch\u00edllar - Svenska Magasinet\",\"isPartOf\":{\"@id\":\"https:\\\/\\\/lightweb.dev\\\/l\\\/svm-temp\\\/#website\"},\"primaryImageOfPage\":{\"@id\":\"https:\\\/\\\/lightweb.dev\\\/l\\\/svm-temp\\\/nyheter\\\/regionalregeringen-vill-reglera-antalet-besokare-till-rio-chillar\\\/#primaryimage\"},\"image\":{\"@id\":\"https:\\\/\\\/lightweb.dev\\\/l\\\/svm-temp\\\/nyheter\\\/regionalregeringen-vill-reglera-antalet-besokare-till-rio-chillar\\\/#primaryimage\"},\"thumbnailUrl\":\"https:\\\/\\\/lightweb.dev\\\/l\\\/svm-temp\\\/wp-content\\\/uploads\\\/2022\\\/06\\\/regionalregeringen-vill-reglera-antalet-besokare-till-rio-chillar.png\",\"datePublished\":\"2016-09-21T22:00:00+00:00\",\"breadcrumb\":{\"@id\":\"https:\\\/\\\/lightweb.dev\\\/l\\\/svm-temp\\\/nyheter\\\/regionalregeringen-vill-reglera-antalet-besokare-till-rio-chillar\\\/#breadcrumb\"},\"inLanguage\":\"sv-SE\",\"potentialAction\":[{\"@type\":\"ReadAction\",\"target\":[\"https:\\\/\\\/lightweb.dev\\\/l\\\/svm-temp\\\/nyheter\\\/regionalregeringen-vill-reglera-antalet-besokare-till-rio-chillar\\\/\"]}]},{\"@type\":\"ImageObject\",\"inLanguage\":\"sv-SE\",\"@id\":\"https:\\\/\\\/lightweb.dev\\\/l\\\/svm-temp\\\/nyheter\\\/regionalregeringen-vill-reglera-antalet-besokare-till-rio-chillar\\\/#primaryimage\",\"url\":\"https:\\\/\\\/lightweb.dev\\\/l\\\/svm-temp\\\/wp-content\\\/uploads\\\/2022\\\/06\\\/regionalregeringen-vill-reglera-antalet-besokare-till-rio-chillar.png\",\"contentUrl\":\"https:\\\/\\\/lightweb.dev\\\/l\\\/svm-temp\\\/wp-content\\\/uploads\\\/2022\\\/06\\\/regionalregeringen-vill-reglera-antalet-besokare-till-rio-chillar.png\",\"width\":280,\"height\":210},{\"@type\":\"BreadcrumbList\",\"@id\":\"https:\\\/\\\/lightweb.dev\\\/l\\\/svm-temp\\\/nyheter\\\/regionalregeringen-vill-reglera-antalet-besokare-till-rio-chillar\\\/#breadcrumb\",\"itemListElement\":[{\"@type\":\"ListItem\",\"position\":1,\"name\":\"Hem\",\"item\":\"https:\\\/\\\/lightweb.dev\\\/l\\\/svm-temp\\\/\"},{\"@type\":\"ListItem\",\"position\":2,\"name\":\"Regionalregeringen vill reglera antalet bes\u00f6kare till r\u00edo Ch\u00edllar\"}]},{\"@type\":\"WebSite\",\"@id\":\"https:\\\/\\\/lightweb.dev\\\/l\\\/svm-temp\\\/#website\",\"url\":\"https:\\\/\\\/lightweb.dev\\\/l\\\/svm-temp\\\/\",\"name\":\"Svenska Magasinet\",\"description\":\"Dina Spanska nyheter p&aring; Svenska\",\"publisher\":{\"@id\":\"https:\\\/\\\/lightweb.dev\\\/l\\\/svm-temp\\\/#organization\"},\"potentialAction\":[{\"@type\":\"SearchAction\",\"target\":{\"@type\":\"EntryPoint\",\"urlTemplate\":\"https:\\\/\\\/lightweb.dev\\\/l\\\/svm-temp\\\/?s={search_term_string}\"},\"query-input\":{\"@type\":\"PropertyValueSpecification\",\"valueRequired\":true,\"valueName\":\"search_term_string\"}}],\"inLanguage\":\"sv-SE\"},{\"@type\":\"Organization\",\"@id\":\"https:\\\/\\\/lightweb.dev\\\/l\\\/svm-temp\\\/#organization\",\"name\":\"Melkerson y Nott SL\",\"alternateName\":\"Svenska Magasinet\",\"url\":\"https:\\\/\\\/lightweb.dev\\\/l\\\/svm-temp\\\/\",\"logo\":{\"@type\":\"ImageObject\",\"inLanguage\":\"sv-SE\",\"@id\":\"https:\\\/\\\/lightweb.dev\\\/l\\\/svm-temp\\\/#\\\/schema\\\/logo\\\/image\\\/\",\"url\":\"https:\\\/\\\/lightweb.dev\\\/l\\\/svm-temp\\\/wp-content\\\/uploads\\\/2025\\\/02\\\/SvM-logo-Xtra-Centrerad-SVART.png\",\"contentUrl\":\"https:\\\/\\\/lightweb.dev\\\/l\\\/svm-temp\\\/wp-content\\\/uploads\\\/2025\\\/02\\\/SvM-logo-Xtra-Centrerad-SVART.png\",\"width\":300,\"height\":99,\"caption\":\"Melkerson y Nott SL\"},\"image\":{\"@id\":\"https:\\\/\\\/lightweb.dev\\\/l\\\/svm-temp\\\/#\\\/schema\\\/logo\\\/image\\\/\"},\"sameAs\":[\"https:\\\/\\\/www.facebook.com\\\/svenskamagasinet\",\"https:\\\/\\\/x.com\\\/SvenskaMagasine\"]},{\"@type\":\"Person\",\"@id\":\"https:\\\/\\\/lightweb.dev\\\/l\\\/svm-temp\\\/#\\\/schema\\\/person\\\/206a3bda5b607b0c25e1749191e4d837\",\"name\":\"Redaktionen SvM\",\"description\":\"Redaktionen\",\"sameAs\":[\"https:\\\/\\\/lightweb.dev\\\/l\\\/svm-temp\"],\"url\":\"https:\\\/\\\/lightweb.dev\\\/l\\\/svm-temp\\\/reporter\\\/redaktionen\\\/\"}]}<\/script>\n<!-- \/ Yoast SEO Premium plugin. -->","yoast_head_json":{"title":"Regionalregeringen vill reglera antalet bes\u00f6kare till r\u00edo Ch\u00edllar - Svenska Magasinet","robots":{"index":"noindex","follow":"follow","max-snippet":"max-snippet:-1","max-image-preview":"max-image-preview:large","max-video-preview":"max-video-preview:-1"},"og_locale":"sv_SE","og_type":"article","og_title":"Regionalregeringen vill reglera antalet bes\u00f6kare till r\u00edo Ch\u00edllar","og_description":"R\u00edo Ch\u00edllar norr om Nerja och Frigiliana \u00e4r ett popul\u00e4rt utflyktsm\u00e5l. I sommar har det inkommit klagom\u00e5l om nedskr\u00e4pning l\u00e4ngs \u00e4n, klotter p\u00e5 bergsv\u00e4ggar och olaglig camping. Det g\u00e4ller inte bara l\u00e4ngs r\u00edo Ch\u00edllar i Nerja. \u00c4ven ravinen Alaminos i Co\u00edn har det inkommit anm\u00e4lningar, till ombudsmannen f\u00f6r klagom\u00e5l vid Defensor del Pueblo Andaluz. Jos\u00e9 [&hellip;]","og_url":"https:\/\/lightweb.dev\/l\/svm-temp\/nyheter\/regionalregeringen-vill-reglera-antalet-besokare-till-rio-chillar\/","og_site_name":"Svenska Magasinet","article_publisher":"https:\/\/www.facebook.com\/svenskamagasinet","article_published_time":"2016-09-21T22:00:00+00:00","og_image":[{"width":280,"height":210,"url":"https:\/\/lightweb.dev\/l\/svm-temp\/wp-content\/uploads\/2022\/06\/regionalregeringen-vill-reglera-antalet-besokare-till-rio-chillar.png","type":"image\/png"}],"author":"Redaktionen SvM","twitter_card":"summary_large_image","twitter_creator":"@SvenskaMagasine","twitter_site":"@SvenskaMagasine","schema":{"@context":"https:\/\/schema.org","@graph":[{"@type":"Article","@id":"https:\/\/lightweb.dev\/l\/svm-temp\/nyheter\/regionalregeringen-vill-reglera-antalet-besokare-till-rio-chillar\/#article","isPartOf":{"@id":"https:\/\/lightweb.dev\/l\/svm-temp\/nyheter\/regionalregeringen-vill-reglera-antalet-besokare-till-rio-chillar\/"},"author":{"name":"Redaktionen SvM","@id":"https:\/\/lightweb.dev\/l\/svm-temp\/#\/schema\/person\/206a3bda5b607b0c25e1749191e4d837"},"headline":"Regionalregeringen vill reglera antalet bes\u00f6kare till r\u00edo Ch\u00edllar","datePublished":"2016-09-21T22:00:00+00:00","mainEntityOfPage":{"@id":"https:\/\/lightweb.dev\/l\/svm-temp\/nyheter\/regionalregeringen-vill-reglera-antalet-besokare-till-rio-chillar\/"},"wordCount":157,"commentCount":0,"publisher":{"@id":"https:\/\/lightweb.dev\/l\/svm-temp\/#organization"},"image":{"@id":"https:\/\/lightweb.dev\/l\/svm-temp\/nyheter\/regionalregeringen-vill-reglera-antalet-besokare-till-rio-chillar\/#primaryimage"},"thumbnailUrl":"https:\/\/lightweb.dev\/l\/svm-temp\/wp-content\/uploads\/2022\/06\/regionalregeringen-vill-reglera-antalet-besokare-till-rio-chillar.png","articleSection":["Arkiv","Nyheter"],"inLanguage":"sv-SE"},{"@type":"WebPage","@id":"https:\/\/lightweb.dev\/l\/svm-temp\/nyheter\/regionalregeringen-vill-reglera-antalet-besokare-till-rio-chillar\/","url":"https:\/\/lightweb.dev\/l\/svm-temp\/nyheter\/regionalregeringen-vill-reglera-antalet-besokare-till-rio-chillar\/","name":"Regionalregeringen vill reglera antalet bes\u00f6kare till r\u00edo Ch\u00edllar - Svenska Magasinet","isPartOf":{"@id":"https:\/\/lightweb.dev\/l\/svm-temp\/#website"},"primaryImageOfPage":{"@id":"https:\/\/lightweb.dev\/l\/svm-temp\/nyheter\/regionalregeringen-vill-reglera-antalet-besokare-till-rio-chillar\/#primaryimage"},"image":{"@id":"https:\/\/lightweb.dev\/l\/svm-temp\/nyheter\/regionalregeringen-vill-reglera-antalet-besokare-till-rio-chillar\/#primaryimage"},"thumbnailUrl":"https:\/\/lightweb.dev\/l\/svm-temp\/wp-content\/uploads\/2022\/06\/regionalregeringen-vill-reglera-antalet-besokare-till-rio-chillar.png","datePublished":"2016-09-21T22:00:00+00:00","breadcrumb":{"@id":"https:\/\/lightweb.dev\/l\/svm-temp\/nyheter\/regionalregeringen-vill-reglera-antalet-besokare-till-rio-chillar\/#breadcrumb"},"inLanguage":"sv-SE","potentialAction":[{"@type":"ReadAction","target":["https:\/\/lightweb.dev\/l\/svm-temp\/nyheter\/regionalregeringen-vill-reglera-antalet-besokare-till-rio-chillar\/"]}]},{"@type":"ImageObject","inLanguage":"sv-SE","@id":"https:\/\/lightweb.dev\/l\/svm-temp\/nyheter\/regionalregeringen-vill-reglera-antalet-besokare-till-rio-chillar\/#primaryimage","url":"https:\/\/lightweb.dev\/l\/svm-temp\/wp-content\/uploads\/2022\/06\/regionalregeringen-vill-reglera-antalet-besokare-till-rio-chillar.png","contentUrl":"https:\/\/lightweb.dev\/l\/svm-temp\/wp-content\/uploads\/2022\/06\/regionalregeringen-vill-reglera-antalet-besokare-till-rio-chillar.png","width":280,"height":210},{"@type":"BreadcrumbList","@id":"https:\/\/lightweb.dev\/l\/svm-temp\/nyheter\/regionalregeringen-vill-reglera-antalet-besokare-till-rio-chillar\/#breadcrumb","itemListElement":[{"@type":"ListItem","position":1,"name":"Hem","item":"https:\/\/lightweb.dev\/l\/svm-temp\/"},{"@type":"ListItem","position":2,"name":"Regionalregeringen vill reglera antalet bes\u00f6kare till r\u00edo Ch\u00edllar"}]},{"@type":"WebSite","@id":"https:\/\/lightweb.dev\/l\/svm-temp\/#website","url":"https:\/\/lightweb.dev\/l\/svm-temp\/","name":"Svenska Magasinet","description":"Dina Spanska nyheter p&aring; Svenska","publisher":{"@id":"https:\/\/lightweb.dev\/l\/svm-temp\/#organization"},"potentialAction":[{"@type":"SearchAction","target":{"@type":"EntryPoint","urlTemplate":"https:\/\/lightweb.dev\/l\/svm-temp\/?s={search_term_string}"},"query-input":{"@type":"PropertyValueSpecification","valueRequired":true,"valueName":"search_term_string"}}],"inLanguage":"sv-SE"},{"@type":"Organization","@id":"https:\/\/lightweb.dev\/l\/svm-temp\/#organization","name":"Melkerson y Nott SL","alternateName":"Svenska Magasinet","url":"https:\/\/lightweb.dev\/l\/svm-temp\/","logo":{"@type":"ImageObject","inLanguage":"sv-SE","@id":"https:\/\/lightweb.dev\/l\/svm-temp\/#\/schema\/logo\/image\/","url":"https:\/\/lightweb.dev\/l\/svm-temp\/wp-content\/uploads\/2025\/02\/SvM-logo-Xtra-Centrerad-SVART.png","contentUrl":"https:\/\/lightweb.dev\/l\/svm-temp\/wp-content\/uploads\/2025\/02\/SvM-logo-Xtra-Centrerad-SVART.png","width":300,"height":99,"caption":"Melkerson y Nott SL"},"image":{"@id":"https:\/\/lightweb.dev\/l\/svm-temp\/#\/schema\/logo\/image\/"},"sameAs":["https:\/\/www.facebook.com\/svenskamagasinet","https:\/\/x.com\/SvenskaMagasine"]},{"@type":"Person","@id":"https:\/\/lightweb.dev\/l\/svm-temp\/#\/schema\/person\/206a3bda5b607b0c25e1749191e4d837","name":"Redaktionen SvM","description":"Redaktionen","sameAs":["https:\/\/lightweb.dev\/l\/svm-temp"],"url":"https:\/\/lightweb.dev\/l\/svm-temp\/reporter\/redaktionen\/"}]}},"_links":{"self":[{"href":"https:\/\/lightweb.dev\/l\/svm-temp\/wp-json\/wp\/v2\/posts\/21537","targetHints":{"allow":["GET"]}}],"collection":[{"href":"https:\/\/lightweb.dev\/l\/svm-temp\/wp-json\/wp\/v2\/posts"}],"about":[{"href":"https:\/\/lightweb.dev\/l\/svm-temp\/wp-json\/wp\/v2\/types\/post"}],"author":[{"embeddable":true,"href":"https:\/\/lightweb.dev\/l\/svm-temp\/wp-json\/wp\/v2\/users\/8"}],"replies":[{"embeddable":true,"href":"https:\/\/lightweb.dev\/l\/svm-temp\/wp-json\/wp\/v2\/comments?post=21537"}],"version-history":[{"count":0,"href":"https:\/\/lightweb.dev\/l\/svm-temp\/wp-json\/wp\/v2\/posts\/21537\/revisions"}],"wp:featuredmedia":[{"embeddable":true,"href":"https:\/\/lightweb.dev\/l\/svm-temp\/wp-json\/wp\/v2\/media\/21538"}],"wp:attachment":[{"href":"https:\/\/lightweb.dev\/l\/svm-temp\/wp-json\/wp\/v2\/media?parent=21537"}],"wp:term":[{"taxonomy":"category","embeddable":true,"href":"https:\/\/lightweb.dev\/l\/svm-temp\/wp-json\/wp\/v2\/categories?post=21537"},{"taxonomy":"post_tag","embeddable":true,"href":"https:\/\/lightweb.dev\/l\/svm-temp\/wp-json\/wp\/v2\/tags?post=21537"}],"curies":[{"name":"wp","href":"https:\/\/api.w.org\/{rel}","templated":true}]}}