{"id":21549,"date":"2016-09-19T00:00:00","date_gmt":"2016-09-18T22:00:00","guid":{"rendered":"https:\/\/lightweb.dev\/l\/svm-temp\/nyheter\/6-869-kriminella-utlanningar-utvisades-ifjol\/"},"modified":"2016-09-19T00:00:00","modified_gmt":"2016-09-18T22:00:00","slug":"6-869-kriminella-utlanningar-utvisades-ifjol","status":"publish","type":"post","link":"https:\/\/lightweb.dev\/l\/svm-temp\/nyheter\/6-869-kriminella-utlanningar-utvisades-ifjol\/","title":{"rendered":"6.869 kriminella utl\u00e4nningar utvisades ifjol"},"content":{"rendered":"<p> Spanien har efter domstolsbeslut de senaste tre \u00e5ren utvisat 34 utl\u00e4nningar med kopplingar till terrorverksamhet. Samtliga har betraktats som \u201dett hot mot den allm\u00e4nna s\u00e4kerheten\u201d. Det r\u00f6r personer d\u00e4r flera inte har d\u00f6mts till f\u00e4ngelse men har betraktats som en s\u00e4kerhetsrisk. Det skriver den spanska dagstidningen ABC p\u00e5 m\u00e5ndagen.<\/p>\n<p>Spanien skiljer sig j\u00e4mf\u00f6rt med flera andra l\u00e4nder eftersom domstolar har lagen p\u00e5 sin sida och kan utf\u00e4rda utvisningar av utl\u00e4ndska personer som betraktas som s\u00e4kerhetsrisker. Det r\u00e4cker med att dessa personer har f\u00f6respr\u00e5kat terrorism i sociala n\u00e4tverk.<\/p>\n<p>Tidningen skriver att tillv\u00e4gag\u00e5ngss\u00e4ttet i Spanien har bidragit till en nedg\u00e5ng i brottslighet samtidigt som Spanien har undg\u00e5tt terroristattacker de senaste \u00e5ren n\u00e5got som har pl\u00e5gat andra l\u00e4nder som Belgien och Frankrike.<\/p>\n<p>Att en person utvisas betyder ocks\u00e5 att denne har f\u00f6rbud att \u00e5terkomma till Spanien de n\u00e4rmaste tio \u00e5ren.<\/p>\n<p>Samtidigt \u00e4r antalet personer som utvisas p\u00e5 grund av kopplingar till terrorverksamhet liten om man j\u00e4mf\u00f6r med samtliga utl\u00e4nningar som utvisas p\u00e5 grund av brottslig verksamhet. Under fjol\u00e5ret 2015 utvisades 6.869 m\u00e4n och kvinnor.<\/p>\n<p>I de flesta fall handlar utvisnings\u00e4rendena om r\u00e5n, narkotika, brott mot folkh\u00e4lsan och k\u00f6nsrelaterat v\u00e5ld. Samtidigt avvisade Spanien vid hamnar och flygplatser 20.091 illegala migranter som saknade n\u00f6dv\u00e4ndig dokumentation visar siffror fr\u00e5n Inrikesdepartementet som tidningen h\u00e4nvisar till. <\/p>\n","protected":false},"excerpt":{"rendered":"<p>Spanien har efter domstolsbeslut de senaste tre \u00e5ren utvisat 34 utl\u00e4nningar med kopplingar till terrorverksamhet. Samtliga har betraktats som \u201dett hot mot den allm\u00e4nna s\u00e4kerheten\u201d. Det r\u00f6r personer d\u00e4r flera inte har d\u00f6mts till f\u00e4ngelse men har betraktats som en s\u00e4kerhetsrisk. Det skriver den spanska dagstidningen ABC p\u00e5 m\u00e5ndagen. Spanien skiljer sig j\u00e4mf\u00f6rt med flera [&hellip;]<\/p>\n","protected":false},"author":8,"featured_media":21550,"comment_status":"open","ping_status":"open","sticky":false,"template":"","format":"standard","meta":{"_et_pb_use_builder":"","_et_pb_old_content":"","_et_gb_content_width":"","footnotes":""},"categories":[395,3],"tags":[],"class_list":["post-21549","post","type-post","status-publish","format-standard","has-post-thumbnail","hentry","category-arkiv-nyheter","category-nyheter"],"yoast_head":"<!-- This site is optimized with the Yoast SEO Premium plugin v26.2 (Yoast SEO v27.4) - https:\/\/yoast.com\/product\/yoast-seo-premium-wordpress\/ -->\n<title>6.869 kriminella utl\u00e4nningar utvisades ifjol - Svenska Magasinet<\/title>\n<meta name=\"robots\" content=\"noindex, follow, max-snippet:-1, max-image-preview:large, max-video-preview:-1\" \/>\n<meta property=\"og:locale\" content=\"sv_SE\" \/>\n<meta property=\"og:type\" content=\"article\" \/>\n<meta property=\"og:title\" content=\"6.869 kriminella utl\u00e4nningar utvisades ifjol\" \/>\n<meta property=\"og:description\" content=\"Spanien har efter domstolsbeslut de senaste tre \u00e5ren utvisat 34 utl\u00e4nningar med kopplingar till terrorverksamhet. Samtliga har betraktats som \u201dett hot mot den allm\u00e4nna s\u00e4kerheten\u201d. Det r\u00f6r personer d\u00e4r flera inte har d\u00f6mts till f\u00e4ngelse men har betraktats som en s\u00e4kerhetsrisk. Det skriver den spanska dagstidningen ABC p\u00e5 m\u00e5ndagen. Spanien skiljer sig j\u00e4mf\u00f6rt med flera [&hellip;]\" \/>\n<meta property=\"og:url\" content=\"https:\/\/lightweb.dev\/l\/svm-temp\/nyheter\/6-869-kriminella-utlanningar-utvisades-ifjol\/\" \/>\n<meta property=\"og:site_name\" content=\"Svenska Magasinet\" \/>\n<meta property=\"article:publisher\" content=\"https:\/\/www.facebook.com\/svenskamagasinet\" \/>\n<meta property=\"article:published_time\" content=\"2016-09-18T22:00:00+00:00\" \/>\n<meta property=\"og:image\" content=\"https:\/\/lightweb.dev\/l\/svm-temp\/wp-content\/uploads\/2022\/06\/6869-kriminella-utlanningar-utvisades-ifjol.png\" \/>\n\t<meta property=\"og:image:width\" content=\"355\" \/>\n\t<meta property=\"og:image:height\" content=\"200\" \/>\n\t<meta property=\"og:image:type\" content=\"image\/png\" \/>\n<meta name=\"author\" content=\"Redaktionen SvM\" \/>\n<meta name=\"twitter:card\" content=\"summary_large_image\" \/>\n<meta name=\"twitter:creator\" content=\"@SvenskaMagasine\" \/>\n<meta name=\"twitter:site\" content=\"@SvenskaMagasine\" \/>\n<script type=\"application\/ld+json\" class=\"yoast-schema-graph\">{\"@context\":\"https:\\\/\\\/schema.org\",\"@graph\":[{\"@type\":\"Article\",\"@id\":\"https:\\\/\\\/lightweb.dev\\\/l\\\/svm-temp\\\/nyheter\\\/6-869-kriminella-utlanningar-utvisades-ifjol\\\/#article\",\"isPartOf\":{\"@id\":\"https:\\\/\\\/lightweb.dev\\\/l\\\/svm-temp\\\/nyheter\\\/6-869-kriminella-utlanningar-utvisades-ifjol\\\/\"},\"author\":{\"name\":\"Redaktionen SvM\",\"@id\":\"https:\\\/\\\/lightweb.dev\\\/l\\\/svm-temp\\\/#\\\/schema\\\/person\\\/206a3bda5b607b0c25e1749191e4d837\"},\"headline\":\"6.869 kriminella utl\u00e4nningar utvisades ifjol\",\"datePublished\":\"2016-09-18T22:00:00+00:00\",\"mainEntityOfPage\":{\"@id\":\"https:\\\/\\\/lightweb.dev\\\/l\\\/svm-temp\\\/nyheter\\\/6-869-kriminella-utlanningar-utvisades-ifjol\\\/\"},\"wordCount\":252,\"commentCount\":0,\"publisher\":{\"@id\":\"https:\\\/\\\/lightweb.dev\\\/l\\\/svm-temp\\\/#organization\"},\"image\":{\"@id\":\"https:\\\/\\\/lightweb.dev\\\/l\\\/svm-temp\\\/nyheter\\\/6-869-kriminella-utlanningar-utvisades-ifjol\\\/#primaryimage\"},\"thumbnailUrl\":\"https:\\\/\\\/lightweb.dev\\\/l\\\/svm-temp\\\/wp-content\\\/uploads\\\/2022\\\/06\\\/6869-kriminella-utlanningar-utvisades-ifjol.png\",\"articleSection\":[\"Arkiv\",\"Nyheter\"],\"inLanguage\":\"sv-SE\"},{\"@type\":\"WebPage\",\"@id\":\"https:\\\/\\\/lightweb.dev\\\/l\\\/svm-temp\\\/nyheter\\\/6-869-kriminella-utlanningar-utvisades-ifjol\\\/\",\"url\":\"https:\\\/\\\/lightweb.dev\\\/l\\\/svm-temp\\\/nyheter\\\/6-869-kriminella-utlanningar-utvisades-ifjol\\\/\",\"name\":\"6.869 kriminella utl\u00e4nningar utvisades ifjol - Svenska Magasinet\",\"isPartOf\":{\"@id\":\"https:\\\/\\\/lightweb.dev\\\/l\\\/svm-temp\\\/#website\"},\"primaryImageOfPage\":{\"@id\":\"https:\\\/\\\/lightweb.dev\\\/l\\\/svm-temp\\\/nyheter\\\/6-869-kriminella-utlanningar-utvisades-ifjol\\\/#primaryimage\"},\"image\":{\"@id\":\"https:\\\/\\\/lightweb.dev\\\/l\\\/svm-temp\\\/nyheter\\\/6-869-kriminella-utlanningar-utvisades-ifjol\\\/#primaryimage\"},\"thumbnailUrl\":\"https:\\\/\\\/lightweb.dev\\\/l\\\/svm-temp\\\/wp-content\\\/uploads\\\/2022\\\/06\\\/6869-kriminella-utlanningar-utvisades-ifjol.png\",\"datePublished\":\"2016-09-18T22:00:00+00:00\",\"breadcrumb\":{\"@id\":\"https:\\\/\\\/lightweb.dev\\\/l\\\/svm-temp\\\/nyheter\\\/6-869-kriminella-utlanningar-utvisades-ifjol\\\/#breadcrumb\"},\"inLanguage\":\"sv-SE\",\"potentialAction\":[{\"@type\":\"ReadAction\",\"target\":[\"https:\\\/\\\/lightweb.dev\\\/l\\\/svm-temp\\\/nyheter\\\/6-869-kriminella-utlanningar-utvisades-ifjol\\\/\"]}]},{\"@type\":\"ImageObject\",\"inLanguage\":\"sv-SE\",\"@id\":\"https:\\\/\\\/lightweb.dev\\\/l\\\/svm-temp\\\/nyheter\\\/6-869-kriminella-utlanningar-utvisades-ifjol\\\/#primaryimage\",\"url\":\"https:\\\/\\\/lightweb.dev\\\/l\\\/svm-temp\\\/wp-content\\\/uploads\\\/2022\\\/06\\\/6869-kriminella-utlanningar-utvisades-ifjol.png\",\"contentUrl\":\"https:\\\/\\\/lightweb.dev\\\/l\\\/svm-temp\\\/wp-content\\\/uploads\\\/2022\\\/06\\\/6869-kriminella-utlanningar-utvisades-ifjol.png\",\"width\":355,\"height\":200},{\"@type\":\"BreadcrumbList\",\"@id\":\"https:\\\/\\\/lightweb.dev\\\/l\\\/svm-temp\\\/nyheter\\\/6-869-kriminella-utlanningar-utvisades-ifjol\\\/#breadcrumb\",\"itemListElement\":[{\"@type\":\"ListItem\",\"position\":1,\"name\":\"Hem\",\"item\":\"https:\\\/\\\/lightweb.dev\\\/l\\\/svm-temp\\\/\"},{\"@type\":\"ListItem\",\"position\":2,\"name\":\"6.869 kriminella utl\u00e4nningar utvisades ifjol\"}]},{\"@type\":\"WebSite\",\"@id\":\"https:\\\/\\\/lightweb.dev\\\/l\\\/svm-temp\\\/#website\",\"url\":\"https:\\\/\\\/lightweb.dev\\\/l\\\/svm-temp\\\/\",\"name\":\"Svenska Magasinet\",\"description\":\"Dina Spanska nyheter p&aring; Svenska\",\"publisher\":{\"@id\":\"https:\\\/\\\/lightweb.dev\\\/l\\\/svm-temp\\\/#organization\"},\"potentialAction\":[{\"@type\":\"SearchAction\",\"target\":{\"@type\":\"EntryPoint\",\"urlTemplate\":\"https:\\\/\\\/lightweb.dev\\\/l\\\/svm-temp\\\/?s={search_term_string}\"},\"query-input\":{\"@type\":\"PropertyValueSpecification\",\"valueRequired\":true,\"valueName\":\"search_term_string\"}}],\"inLanguage\":\"sv-SE\"},{\"@type\":\"Organization\",\"@id\":\"https:\\\/\\\/lightweb.dev\\\/l\\\/svm-temp\\\/#organization\",\"name\":\"Melkerson y Nott SL\",\"alternateName\":\"Svenska Magasinet\",\"url\":\"https:\\\/\\\/lightweb.dev\\\/l\\\/svm-temp\\\/\",\"logo\":{\"@type\":\"ImageObject\",\"inLanguage\":\"sv-SE\",\"@id\":\"https:\\\/\\\/lightweb.dev\\\/l\\\/svm-temp\\\/#\\\/schema\\\/logo\\\/image\\\/\",\"url\":\"https:\\\/\\\/lightweb.dev\\\/l\\\/svm-temp\\\/wp-content\\\/uploads\\\/2025\\\/02\\\/SvM-logo-Xtra-Centrerad-SVART.png\",\"contentUrl\":\"https:\\\/\\\/lightweb.dev\\\/l\\\/svm-temp\\\/wp-content\\\/uploads\\\/2025\\\/02\\\/SvM-logo-Xtra-Centrerad-SVART.png\",\"width\":300,\"height\":99,\"caption\":\"Melkerson y Nott SL\"},\"image\":{\"@id\":\"https:\\\/\\\/lightweb.dev\\\/l\\\/svm-temp\\\/#\\\/schema\\\/logo\\\/image\\\/\"},\"sameAs\":[\"https:\\\/\\\/www.facebook.com\\\/svenskamagasinet\",\"https:\\\/\\\/x.com\\\/SvenskaMagasine\"]},{\"@type\":\"Person\",\"@id\":\"https:\\\/\\\/lightweb.dev\\\/l\\\/svm-temp\\\/#\\\/schema\\\/person\\\/206a3bda5b607b0c25e1749191e4d837\",\"name\":\"Redaktionen SvM\",\"description\":\"Redaktionen\",\"sameAs\":[\"https:\\\/\\\/lightweb.dev\\\/l\\\/svm-temp\"],\"url\":\"https:\\\/\\\/lightweb.dev\\\/l\\\/svm-temp\\\/reporter\\\/redaktionen\\\/\"}]}<\/script>\n<!-- \/ Yoast SEO Premium plugin. -->","yoast_head_json":{"title":"6.869 kriminella utl\u00e4nningar utvisades ifjol - Svenska Magasinet","robots":{"index":"noindex","follow":"follow","max-snippet":"max-snippet:-1","max-image-preview":"max-image-preview:large","max-video-preview":"max-video-preview:-1"},"og_locale":"sv_SE","og_type":"article","og_title":"6.869 kriminella utl\u00e4nningar utvisades ifjol","og_description":"Spanien har efter domstolsbeslut de senaste tre \u00e5ren utvisat 34 utl\u00e4nningar med kopplingar till terrorverksamhet. Samtliga har betraktats som \u201dett hot mot den allm\u00e4nna s\u00e4kerheten\u201d. Det r\u00f6r personer d\u00e4r flera inte har d\u00f6mts till f\u00e4ngelse men har betraktats som en s\u00e4kerhetsrisk. Det skriver den spanska dagstidningen ABC p\u00e5 m\u00e5ndagen. Spanien skiljer sig j\u00e4mf\u00f6rt med flera [&hellip;]","og_url":"https:\/\/lightweb.dev\/l\/svm-temp\/nyheter\/6-869-kriminella-utlanningar-utvisades-ifjol\/","og_site_name":"Svenska Magasinet","article_publisher":"https:\/\/www.facebook.com\/svenskamagasinet","article_published_time":"2016-09-18T22:00:00+00:00","og_image":[{"width":355,"height":200,"url":"https:\/\/lightweb.dev\/l\/svm-temp\/wp-content\/uploads\/2022\/06\/6869-kriminella-utlanningar-utvisades-ifjol.png","type":"image\/png"}],"author":"Redaktionen SvM","twitter_card":"summary_large_image","twitter_creator":"@SvenskaMagasine","twitter_site":"@SvenskaMagasine","schema":{"@context":"https:\/\/schema.org","@graph":[{"@type":"Article","@id":"https:\/\/lightweb.dev\/l\/svm-temp\/nyheter\/6-869-kriminella-utlanningar-utvisades-ifjol\/#article","isPartOf":{"@id":"https:\/\/lightweb.dev\/l\/svm-temp\/nyheter\/6-869-kriminella-utlanningar-utvisades-ifjol\/"},"author":{"name":"Redaktionen SvM","@id":"https:\/\/lightweb.dev\/l\/svm-temp\/#\/schema\/person\/206a3bda5b607b0c25e1749191e4d837"},"headline":"6.869 kriminella utl\u00e4nningar utvisades ifjol","datePublished":"2016-09-18T22:00:00+00:00","mainEntityOfPage":{"@id":"https:\/\/lightweb.dev\/l\/svm-temp\/nyheter\/6-869-kriminella-utlanningar-utvisades-ifjol\/"},"wordCount":252,"commentCount":0,"publisher":{"@id":"https:\/\/lightweb.dev\/l\/svm-temp\/#organization"},"image":{"@id":"https:\/\/lightweb.dev\/l\/svm-temp\/nyheter\/6-869-kriminella-utlanningar-utvisades-ifjol\/#primaryimage"},"thumbnailUrl":"https:\/\/lightweb.dev\/l\/svm-temp\/wp-content\/uploads\/2022\/06\/6869-kriminella-utlanningar-utvisades-ifjol.png","articleSection":["Arkiv","Nyheter"],"inLanguage":"sv-SE"},{"@type":"WebPage","@id":"https:\/\/lightweb.dev\/l\/svm-temp\/nyheter\/6-869-kriminella-utlanningar-utvisades-ifjol\/","url":"https:\/\/lightweb.dev\/l\/svm-temp\/nyheter\/6-869-kriminella-utlanningar-utvisades-ifjol\/","name":"6.869 kriminella utl\u00e4nningar utvisades ifjol - Svenska Magasinet","isPartOf":{"@id":"https:\/\/lightweb.dev\/l\/svm-temp\/#website"},"primaryImageOfPage":{"@id":"https:\/\/lightweb.dev\/l\/svm-temp\/nyheter\/6-869-kriminella-utlanningar-utvisades-ifjol\/#primaryimage"},"image":{"@id":"https:\/\/lightweb.dev\/l\/svm-temp\/nyheter\/6-869-kriminella-utlanningar-utvisades-ifjol\/#primaryimage"},"thumbnailUrl":"https:\/\/lightweb.dev\/l\/svm-temp\/wp-content\/uploads\/2022\/06\/6869-kriminella-utlanningar-utvisades-ifjol.png","datePublished":"2016-09-18T22:00:00+00:00","breadcrumb":{"@id":"https:\/\/lightweb.dev\/l\/svm-temp\/nyheter\/6-869-kriminella-utlanningar-utvisades-ifjol\/#breadcrumb"},"inLanguage":"sv-SE","potentialAction":[{"@type":"ReadAction","target":["https:\/\/lightweb.dev\/l\/svm-temp\/nyheter\/6-869-kriminella-utlanningar-utvisades-ifjol\/"]}]},{"@type":"ImageObject","inLanguage":"sv-SE","@id":"https:\/\/lightweb.dev\/l\/svm-temp\/nyheter\/6-869-kriminella-utlanningar-utvisades-ifjol\/#primaryimage","url":"https:\/\/lightweb.dev\/l\/svm-temp\/wp-content\/uploads\/2022\/06\/6869-kriminella-utlanningar-utvisades-ifjol.png","contentUrl":"https:\/\/lightweb.dev\/l\/svm-temp\/wp-content\/uploads\/2022\/06\/6869-kriminella-utlanningar-utvisades-ifjol.png","width":355,"height":200},{"@type":"BreadcrumbList","@id":"https:\/\/lightweb.dev\/l\/svm-temp\/nyheter\/6-869-kriminella-utlanningar-utvisades-ifjol\/#breadcrumb","itemListElement":[{"@type":"ListItem","position":1,"name":"Hem","item":"https:\/\/lightweb.dev\/l\/svm-temp\/"},{"@type":"ListItem","position":2,"name":"6.869 kriminella utl\u00e4nningar utvisades ifjol"}]},{"@type":"WebSite","@id":"https:\/\/lightweb.dev\/l\/svm-temp\/#website","url":"https:\/\/lightweb.dev\/l\/svm-temp\/","name":"Svenska Magasinet","description":"Dina Spanska nyheter p&aring; Svenska","publisher":{"@id":"https:\/\/lightweb.dev\/l\/svm-temp\/#organization"},"potentialAction":[{"@type":"SearchAction","target":{"@type":"EntryPoint","urlTemplate":"https:\/\/lightweb.dev\/l\/svm-temp\/?s={search_term_string}"},"query-input":{"@type":"PropertyValueSpecification","valueRequired":true,"valueName":"search_term_string"}}],"inLanguage":"sv-SE"},{"@type":"Organization","@id":"https:\/\/lightweb.dev\/l\/svm-temp\/#organization","name":"Melkerson y Nott SL","alternateName":"Svenska Magasinet","url":"https:\/\/lightweb.dev\/l\/svm-temp\/","logo":{"@type":"ImageObject","inLanguage":"sv-SE","@id":"https:\/\/lightweb.dev\/l\/svm-temp\/#\/schema\/logo\/image\/","url":"https:\/\/lightweb.dev\/l\/svm-temp\/wp-content\/uploads\/2025\/02\/SvM-logo-Xtra-Centrerad-SVART.png","contentUrl":"https:\/\/lightweb.dev\/l\/svm-temp\/wp-content\/uploads\/2025\/02\/SvM-logo-Xtra-Centrerad-SVART.png","width":300,"height":99,"caption":"Melkerson y Nott SL"},"image":{"@id":"https:\/\/lightweb.dev\/l\/svm-temp\/#\/schema\/logo\/image\/"},"sameAs":["https:\/\/www.facebook.com\/svenskamagasinet","https:\/\/x.com\/SvenskaMagasine"]},{"@type":"Person","@id":"https:\/\/lightweb.dev\/l\/svm-temp\/#\/schema\/person\/206a3bda5b607b0c25e1749191e4d837","name":"Redaktionen SvM","description":"Redaktionen","sameAs":["https:\/\/lightweb.dev\/l\/svm-temp"],"url":"https:\/\/lightweb.dev\/l\/svm-temp\/reporter\/redaktionen\/"}]}},"_links":{"self":[{"href":"https:\/\/lightweb.dev\/l\/svm-temp\/wp-json\/wp\/v2\/posts\/21549","targetHints":{"allow":["GET"]}}],"collection":[{"href":"https:\/\/lightweb.dev\/l\/svm-temp\/wp-json\/wp\/v2\/posts"}],"about":[{"href":"https:\/\/lightweb.dev\/l\/svm-temp\/wp-json\/wp\/v2\/types\/post"}],"author":[{"embeddable":true,"href":"https:\/\/lightweb.dev\/l\/svm-temp\/wp-json\/wp\/v2\/users\/8"}],"replies":[{"embeddable":true,"href":"https:\/\/lightweb.dev\/l\/svm-temp\/wp-json\/wp\/v2\/comments?post=21549"}],"version-history":[{"count":0,"href":"https:\/\/lightweb.dev\/l\/svm-temp\/wp-json\/wp\/v2\/posts\/21549\/revisions"}],"wp:featuredmedia":[{"embeddable":true,"href":"https:\/\/lightweb.dev\/l\/svm-temp\/wp-json\/wp\/v2\/media\/21550"}],"wp:attachment":[{"href":"https:\/\/lightweb.dev\/l\/svm-temp\/wp-json\/wp\/v2\/media?parent=21549"}],"wp:term":[{"taxonomy":"category","embeddable":true,"href":"https:\/\/lightweb.dev\/l\/svm-temp\/wp-json\/wp\/v2\/categories?post=21549"},{"taxonomy":"post_tag","embeddable":true,"href":"https:\/\/lightweb.dev\/l\/svm-temp\/wp-json\/wp\/v2\/tags?post=21549"}],"curies":[{"name":"wp","href":"https:\/\/api.w.org\/{rel}","templated":true}]}}