{"id":21561,"date":"2016-09-16T00:00:00","date_gmt":"2016-09-15T22:00:00","guid":{"rendered":"https:\/\/lightweb.dev\/l\/svm-temp\/nyheter\/tunga-psoe-namn-gar-emot-partiledaren-pedro-sanchez\/"},"modified":"2016-09-16T00:00:00","modified_gmt":"2016-09-15T22:00:00","slug":"tunga-psoe-namn-gar-emot-partiledaren-pedro-sanchez","status":"publish","type":"post","link":"https:\/\/lightweb.dev\/l\/svm-temp\/nyheter\/tunga-psoe-namn-gar-emot-partiledaren-pedro-sanchez\/","title":{"rendered":"Tunga PSOE-namn g\u00e5r emot partiledaren Pedro S\u00e1nchez"},"content":{"rendered":"<p> Det j\u00e4ser i det tidigare statsb\u00e4rande socialdemokratiska partiet PSOE. De senaste dagarna har alltfler r\u00f6ster h\u00f6jts f\u00f6r att partiet ska l\u00e4gga ned sina r\u00f6ster och sl\u00e4ppa fram Partido Popular i regeringsst\u00e4llning. Den 25 september ses som en tidsfrist i hur partiet b\u00f6r handla skriver spanska medier p\u00e5 fredagen.<\/p>\n<p>Tidigare partiledare och tunga namn inom den spanska socialdemokratin g\u00e5r emot den nuvarande partiledaren Pedro S\u00e1nchez. S\u00e1nchez har hittills v\u00e4grat att sl\u00e4ppa fram en PP-styrd minoritetsregering. I december v\u00e4ntas ytterligare ett val i Spanien, det tredje p\u00e5 ett \u00e5r.<\/p>\n<p>Andalusiens president Susana D\u00edaz (PSOE) gick tidigare i veckan ut och f\u00f6rsvarade yttrandefriheten efter att Guillermo Fern\u00e1ndez Vara, PSOE:s starke man i regionen Extremadura, f\u00f6reslagit nedlagda r\u00f6ster vid en f\u00f6rtroendeomr\u00f6stning f\u00f6r att sl\u00e4ppa fram PP till makten.<\/p>\n<p>Tidigare partitoppar som Felipe Gonz\u00e1lez och Jos\u00e9 Luis Rodr\u00edguez Zapatero menar samma sak.  Den tidigare partiledaren Alfredo P\u00e9rez Rubalcaba s\u00e4ger att det \u00e4r viktigt att alla f\u00e5r s\u00e4ga vad de tycker. Till dagstidningen El Pais har Rubalcaba beskrivit att det finns ett \u201dkv\u00e4vande klimat\u201d inom PSOE. Man ska inte beh\u00f6va st\u00e4mplas som anti-socialist i sociala n\u00e4tverk bara f\u00f6r att man tycker n\u00e5got annorlunda, s\u00e4ger Rubalcaba till tidningen.<\/p>\n<p>Det v\u00e4nsterradikala protestpartiet Podemos partiledare Pablo Iglesias beklagar samtidigt att \u201dPSOE vill sk\u00e4ra huvudet av Pedro S\u00e1nchez\u201d. Iglesias har \u00e4ven erbjudit sig att medla i det som han kallar f\u00f6r ett \u201dkrig inom PSOE\u201d.<\/p>\n<p>\u201dS\u00e1nchez b\u00f6r g\u00f6ra det som jag tror v\u00e4ljarna vill att han ska g\u00f6ra\u201d menar Pablo Iglesias och n\u00e4mner att arbeta fram ett v\u00e4nsteralternativ som kan styra Spanien. Albert Rivera: \u201dMer flexibilitet kr\u00e4vs\u201d<\/p>\n","protected":false},"excerpt":{"rendered":"<p>Det j\u00e4ser i det tidigare statsb\u00e4rande socialdemokratiska partiet PSOE. De senaste dagarna har alltfler r\u00f6ster h\u00f6jts f\u00f6r att partiet ska l\u00e4gga ned sina r\u00f6ster och sl\u00e4ppa fram Partido Popular i regeringsst\u00e4llning. Den 25 september ses som en tidsfrist i hur partiet b\u00f6r handla skriver spanska medier p\u00e5 fredagen. Tidigare partiledare och tunga namn inom den [&hellip;]<\/p>\n","protected":false},"author":8,"featured_media":21562,"comment_status":"open","ping_status":"open","sticky":false,"template":"","format":"standard","meta":{"_et_pb_use_builder":"","_et_pb_old_content":"","_et_gb_content_width":"","footnotes":""},"categories":[395,3],"tags":[],"class_list":["post-21561","post","type-post","status-publish","format-standard","has-post-thumbnail","hentry","category-arkiv-nyheter","category-nyheter"],"yoast_head":"<!-- This site is optimized with the Yoast SEO Premium plugin v26.2 (Yoast SEO v27.4) - https:\/\/yoast.com\/product\/yoast-seo-premium-wordpress\/ -->\n<title>Tunga PSOE-namn g\u00e5r emot partiledaren Pedro S\u00e1nchez - Svenska Magasinet<\/title>\n<meta name=\"robots\" content=\"noindex, follow, max-snippet:-1, max-image-preview:large, max-video-preview:-1\" \/>\n<meta property=\"og:locale\" content=\"sv_SE\" \/>\n<meta property=\"og:type\" content=\"article\" \/>\n<meta property=\"og:title\" content=\"Tunga PSOE-namn g\u00e5r emot partiledaren Pedro S\u00e1nchez\" \/>\n<meta property=\"og:description\" content=\"Det j\u00e4ser i det tidigare statsb\u00e4rande socialdemokratiska partiet PSOE. De senaste dagarna har alltfler r\u00f6ster h\u00f6jts f\u00f6r att partiet ska l\u00e4gga ned sina r\u00f6ster och sl\u00e4ppa fram Partido Popular i regeringsst\u00e4llning. Den 25 september ses som en tidsfrist i hur partiet b\u00f6r handla skriver spanska medier p\u00e5 fredagen. Tidigare partiledare och tunga namn inom den [&hellip;]\" \/>\n<meta property=\"og:url\" content=\"https:\/\/lightweb.dev\/l\/svm-temp\/nyheter\/tunga-psoe-namn-gar-emot-partiledaren-pedro-sanchez\/\" \/>\n<meta property=\"og:site_name\" content=\"Svenska Magasinet\" \/>\n<meta property=\"article:publisher\" content=\"https:\/\/www.facebook.com\/svenskamagasinet\" \/>\n<meta property=\"article:published_time\" content=\"2016-09-15T22:00:00+00:00\" \/>\n<meta property=\"og:image\" content=\"https:\/\/lightweb.dev\/l\/svm-temp\/wp-content\/uploads\/2022\/06\/tunga-psoenamn-gar-emot-partiledaren-pedro-sanchez.png\" \/>\n\t<meta property=\"og:image:width\" content=\"361\" \/>\n\t<meta property=\"og:image:height\" content=\"200\" \/>\n\t<meta property=\"og:image:type\" content=\"image\/png\" \/>\n<meta name=\"author\" content=\"Redaktionen SvM\" \/>\n<meta name=\"twitter:card\" content=\"summary_large_image\" \/>\n<meta name=\"twitter:creator\" content=\"@SvenskaMagasine\" \/>\n<meta name=\"twitter:site\" content=\"@SvenskaMagasine\" \/>\n<script type=\"application\/ld+json\" class=\"yoast-schema-graph\">{\"@context\":\"https:\\\/\\\/schema.org\",\"@graph\":[{\"@type\":\"Article\",\"@id\":\"https:\\\/\\\/lightweb.dev\\\/l\\\/svm-temp\\\/nyheter\\\/tunga-psoe-namn-gar-emot-partiledaren-pedro-sanchez\\\/#article\",\"isPartOf\":{\"@id\":\"https:\\\/\\\/lightweb.dev\\\/l\\\/svm-temp\\\/nyheter\\\/tunga-psoe-namn-gar-emot-partiledaren-pedro-sanchez\\\/\"},\"author\":{\"name\":\"Redaktionen SvM\",\"@id\":\"https:\\\/\\\/lightweb.dev\\\/l\\\/svm-temp\\\/#\\\/schema\\\/person\\\/206a3bda5b607b0c25e1749191e4d837\"},\"headline\":\"Tunga PSOE-namn g\u00e5r emot partiledaren Pedro S\u00e1nchez\",\"datePublished\":\"2016-09-15T22:00:00+00:00\",\"mainEntityOfPage\":{\"@id\":\"https:\\\/\\\/lightweb.dev\\\/l\\\/svm-temp\\\/nyheter\\\/tunga-psoe-namn-gar-emot-partiledaren-pedro-sanchez\\\/\"},\"wordCount\":316,\"commentCount\":0,\"publisher\":{\"@id\":\"https:\\\/\\\/lightweb.dev\\\/l\\\/svm-temp\\\/#organization\"},\"image\":{\"@id\":\"https:\\\/\\\/lightweb.dev\\\/l\\\/svm-temp\\\/nyheter\\\/tunga-psoe-namn-gar-emot-partiledaren-pedro-sanchez\\\/#primaryimage\"},\"thumbnailUrl\":\"https:\\\/\\\/lightweb.dev\\\/l\\\/svm-temp\\\/wp-content\\\/uploads\\\/2022\\\/06\\\/tunga-psoenamn-gar-emot-partiledaren-pedro-sanchez.png\",\"articleSection\":[\"Arkiv\",\"Nyheter\"],\"inLanguage\":\"sv-SE\"},{\"@type\":\"WebPage\",\"@id\":\"https:\\\/\\\/lightweb.dev\\\/l\\\/svm-temp\\\/nyheter\\\/tunga-psoe-namn-gar-emot-partiledaren-pedro-sanchez\\\/\",\"url\":\"https:\\\/\\\/lightweb.dev\\\/l\\\/svm-temp\\\/nyheter\\\/tunga-psoe-namn-gar-emot-partiledaren-pedro-sanchez\\\/\",\"name\":\"Tunga PSOE-namn g\u00e5r emot partiledaren Pedro S\u00e1nchez - Svenska Magasinet\",\"isPartOf\":{\"@id\":\"https:\\\/\\\/lightweb.dev\\\/l\\\/svm-temp\\\/#website\"},\"primaryImageOfPage\":{\"@id\":\"https:\\\/\\\/lightweb.dev\\\/l\\\/svm-temp\\\/nyheter\\\/tunga-psoe-namn-gar-emot-partiledaren-pedro-sanchez\\\/#primaryimage\"},\"image\":{\"@id\":\"https:\\\/\\\/lightweb.dev\\\/l\\\/svm-temp\\\/nyheter\\\/tunga-psoe-namn-gar-emot-partiledaren-pedro-sanchez\\\/#primaryimage\"},\"thumbnailUrl\":\"https:\\\/\\\/lightweb.dev\\\/l\\\/svm-temp\\\/wp-content\\\/uploads\\\/2022\\\/06\\\/tunga-psoenamn-gar-emot-partiledaren-pedro-sanchez.png\",\"datePublished\":\"2016-09-15T22:00:00+00:00\",\"breadcrumb\":{\"@id\":\"https:\\\/\\\/lightweb.dev\\\/l\\\/svm-temp\\\/nyheter\\\/tunga-psoe-namn-gar-emot-partiledaren-pedro-sanchez\\\/#breadcrumb\"},\"inLanguage\":\"sv-SE\",\"potentialAction\":[{\"@type\":\"ReadAction\",\"target\":[\"https:\\\/\\\/lightweb.dev\\\/l\\\/svm-temp\\\/nyheter\\\/tunga-psoe-namn-gar-emot-partiledaren-pedro-sanchez\\\/\"]}]},{\"@type\":\"ImageObject\",\"inLanguage\":\"sv-SE\",\"@id\":\"https:\\\/\\\/lightweb.dev\\\/l\\\/svm-temp\\\/nyheter\\\/tunga-psoe-namn-gar-emot-partiledaren-pedro-sanchez\\\/#primaryimage\",\"url\":\"https:\\\/\\\/lightweb.dev\\\/l\\\/svm-temp\\\/wp-content\\\/uploads\\\/2022\\\/06\\\/tunga-psoenamn-gar-emot-partiledaren-pedro-sanchez.png\",\"contentUrl\":\"https:\\\/\\\/lightweb.dev\\\/l\\\/svm-temp\\\/wp-content\\\/uploads\\\/2022\\\/06\\\/tunga-psoenamn-gar-emot-partiledaren-pedro-sanchez.png\",\"width\":361,\"height\":200},{\"@type\":\"BreadcrumbList\",\"@id\":\"https:\\\/\\\/lightweb.dev\\\/l\\\/svm-temp\\\/nyheter\\\/tunga-psoe-namn-gar-emot-partiledaren-pedro-sanchez\\\/#breadcrumb\",\"itemListElement\":[{\"@type\":\"ListItem\",\"position\":1,\"name\":\"Hem\",\"item\":\"https:\\\/\\\/lightweb.dev\\\/l\\\/svm-temp\\\/\"},{\"@type\":\"ListItem\",\"position\":2,\"name\":\"Tunga PSOE-namn g\u00e5r emot partiledaren Pedro S\u00e1nchez\"}]},{\"@type\":\"WebSite\",\"@id\":\"https:\\\/\\\/lightweb.dev\\\/l\\\/svm-temp\\\/#website\",\"url\":\"https:\\\/\\\/lightweb.dev\\\/l\\\/svm-temp\\\/\",\"name\":\"Svenska Magasinet\",\"description\":\"Dina Spanska nyheter p&aring; Svenska\",\"publisher\":{\"@id\":\"https:\\\/\\\/lightweb.dev\\\/l\\\/svm-temp\\\/#organization\"},\"potentialAction\":[{\"@type\":\"SearchAction\",\"target\":{\"@type\":\"EntryPoint\",\"urlTemplate\":\"https:\\\/\\\/lightweb.dev\\\/l\\\/svm-temp\\\/?s={search_term_string}\"},\"query-input\":{\"@type\":\"PropertyValueSpecification\",\"valueRequired\":true,\"valueName\":\"search_term_string\"}}],\"inLanguage\":\"sv-SE\"},{\"@type\":\"Organization\",\"@id\":\"https:\\\/\\\/lightweb.dev\\\/l\\\/svm-temp\\\/#organization\",\"name\":\"Melkerson y Nott SL\",\"alternateName\":\"Svenska Magasinet\",\"url\":\"https:\\\/\\\/lightweb.dev\\\/l\\\/svm-temp\\\/\",\"logo\":{\"@type\":\"ImageObject\",\"inLanguage\":\"sv-SE\",\"@id\":\"https:\\\/\\\/lightweb.dev\\\/l\\\/svm-temp\\\/#\\\/schema\\\/logo\\\/image\\\/\",\"url\":\"https:\\\/\\\/lightweb.dev\\\/l\\\/svm-temp\\\/wp-content\\\/uploads\\\/2025\\\/02\\\/SvM-logo-Xtra-Centrerad-SVART.png\",\"contentUrl\":\"https:\\\/\\\/lightweb.dev\\\/l\\\/svm-temp\\\/wp-content\\\/uploads\\\/2025\\\/02\\\/SvM-logo-Xtra-Centrerad-SVART.png\",\"width\":300,\"height\":99,\"caption\":\"Melkerson y Nott SL\"},\"image\":{\"@id\":\"https:\\\/\\\/lightweb.dev\\\/l\\\/svm-temp\\\/#\\\/schema\\\/logo\\\/image\\\/\"},\"sameAs\":[\"https:\\\/\\\/www.facebook.com\\\/svenskamagasinet\",\"https:\\\/\\\/x.com\\\/SvenskaMagasine\"]},{\"@type\":\"Person\",\"@id\":\"https:\\\/\\\/lightweb.dev\\\/l\\\/svm-temp\\\/#\\\/schema\\\/person\\\/206a3bda5b607b0c25e1749191e4d837\",\"name\":\"Redaktionen SvM\",\"description\":\"Redaktionen\",\"sameAs\":[\"https:\\\/\\\/lightweb.dev\\\/l\\\/svm-temp\"],\"url\":\"https:\\\/\\\/lightweb.dev\\\/l\\\/svm-temp\\\/reporter\\\/redaktionen\\\/\"}]}<\/script>\n<!-- \/ Yoast SEO Premium plugin. -->","yoast_head_json":{"title":"Tunga PSOE-namn g\u00e5r emot partiledaren Pedro S\u00e1nchez - Svenska Magasinet","robots":{"index":"noindex","follow":"follow","max-snippet":"max-snippet:-1","max-image-preview":"max-image-preview:large","max-video-preview":"max-video-preview:-1"},"og_locale":"sv_SE","og_type":"article","og_title":"Tunga PSOE-namn g\u00e5r emot partiledaren Pedro S\u00e1nchez","og_description":"Det j\u00e4ser i det tidigare statsb\u00e4rande socialdemokratiska partiet PSOE. De senaste dagarna har alltfler r\u00f6ster h\u00f6jts f\u00f6r att partiet ska l\u00e4gga ned sina r\u00f6ster och sl\u00e4ppa fram Partido Popular i regeringsst\u00e4llning. Den 25 september ses som en tidsfrist i hur partiet b\u00f6r handla skriver spanska medier p\u00e5 fredagen. Tidigare partiledare och tunga namn inom den [&hellip;]","og_url":"https:\/\/lightweb.dev\/l\/svm-temp\/nyheter\/tunga-psoe-namn-gar-emot-partiledaren-pedro-sanchez\/","og_site_name":"Svenska Magasinet","article_publisher":"https:\/\/www.facebook.com\/svenskamagasinet","article_published_time":"2016-09-15T22:00:00+00:00","og_image":[{"width":361,"height":200,"url":"https:\/\/lightweb.dev\/l\/svm-temp\/wp-content\/uploads\/2022\/06\/tunga-psoenamn-gar-emot-partiledaren-pedro-sanchez.png","type":"image\/png"}],"author":"Redaktionen SvM","twitter_card":"summary_large_image","twitter_creator":"@SvenskaMagasine","twitter_site":"@SvenskaMagasine","schema":{"@context":"https:\/\/schema.org","@graph":[{"@type":"Article","@id":"https:\/\/lightweb.dev\/l\/svm-temp\/nyheter\/tunga-psoe-namn-gar-emot-partiledaren-pedro-sanchez\/#article","isPartOf":{"@id":"https:\/\/lightweb.dev\/l\/svm-temp\/nyheter\/tunga-psoe-namn-gar-emot-partiledaren-pedro-sanchez\/"},"author":{"name":"Redaktionen SvM","@id":"https:\/\/lightweb.dev\/l\/svm-temp\/#\/schema\/person\/206a3bda5b607b0c25e1749191e4d837"},"headline":"Tunga PSOE-namn g\u00e5r emot partiledaren Pedro S\u00e1nchez","datePublished":"2016-09-15T22:00:00+00:00","mainEntityOfPage":{"@id":"https:\/\/lightweb.dev\/l\/svm-temp\/nyheter\/tunga-psoe-namn-gar-emot-partiledaren-pedro-sanchez\/"},"wordCount":316,"commentCount":0,"publisher":{"@id":"https:\/\/lightweb.dev\/l\/svm-temp\/#organization"},"image":{"@id":"https:\/\/lightweb.dev\/l\/svm-temp\/nyheter\/tunga-psoe-namn-gar-emot-partiledaren-pedro-sanchez\/#primaryimage"},"thumbnailUrl":"https:\/\/lightweb.dev\/l\/svm-temp\/wp-content\/uploads\/2022\/06\/tunga-psoenamn-gar-emot-partiledaren-pedro-sanchez.png","articleSection":["Arkiv","Nyheter"],"inLanguage":"sv-SE"},{"@type":"WebPage","@id":"https:\/\/lightweb.dev\/l\/svm-temp\/nyheter\/tunga-psoe-namn-gar-emot-partiledaren-pedro-sanchez\/","url":"https:\/\/lightweb.dev\/l\/svm-temp\/nyheter\/tunga-psoe-namn-gar-emot-partiledaren-pedro-sanchez\/","name":"Tunga PSOE-namn g\u00e5r emot partiledaren Pedro S\u00e1nchez - Svenska Magasinet","isPartOf":{"@id":"https:\/\/lightweb.dev\/l\/svm-temp\/#website"},"primaryImageOfPage":{"@id":"https:\/\/lightweb.dev\/l\/svm-temp\/nyheter\/tunga-psoe-namn-gar-emot-partiledaren-pedro-sanchez\/#primaryimage"},"image":{"@id":"https:\/\/lightweb.dev\/l\/svm-temp\/nyheter\/tunga-psoe-namn-gar-emot-partiledaren-pedro-sanchez\/#primaryimage"},"thumbnailUrl":"https:\/\/lightweb.dev\/l\/svm-temp\/wp-content\/uploads\/2022\/06\/tunga-psoenamn-gar-emot-partiledaren-pedro-sanchez.png","datePublished":"2016-09-15T22:00:00+00:00","breadcrumb":{"@id":"https:\/\/lightweb.dev\/l\/svm-temp\/nyheter\/tunga-psoe-namn-gar-emot-partiledaren-pedro-sanchez\/#breadcrumb"},"inLanguage":"sv-SE","potentialAction":[{"@type":"ReadAction","target":["https:\/\/lightweb.dev\/l\/svm-temp\/nyheter\/tunga-psoe-namn-gar-emot-partiledaren-pedro-sanchez\/"]}]},{"@type":"ImageObject","inLanguage":"sv-SE","@id":"https:\/\/lightweb.dev\/l\/svm-temp\/nyheter\/tunga-psoe-namn-gar-emot-partiledaren-pedro-sanchez\/#primaryimage","url":"https:\/\/lightweb.dev\/l\/svm-temp\/wp-content\/uploads\/2022\/06\/tunga-psoenamn-gar-emot-partiledaren-pedro-sanchez.png","contentUrl":"https:\/\/lightweb.dev\/l\/svm-temp\/wp-content\/uploads\/2022\/06\/tunga-psoenamn-gar-emot-partiledaren-pedro-sanchez.png","width":361,"height":200},{"@type":"BreadcrumbList","@id":"https:\/\/lightweb.dev\/l\/svm-temp\/nyheter\/tunga-psoe-namn-gar-emot-partiledaren-pedro-sanchez\/#breadcrumb","itemListElement":[{"@type":"ListItem","position":1,"name":"Hem","item":"https:\/\/lightweb.dev\/l\/svm-temp\/"},{"@type":"ListItem","position":2,"name":"Tunga PSOE-namn g\u00e5r emot partiledaren Pedro S\u00e1nchez"}]},{"@type":"WebSite","@id":"https:\/\/lightweb.dev\/l\/svm-temp\/#website","url":"https:\/\/lightweb.dev\/l\/svm-temp\/","name":"Svenska Magasinet","description":"Dina Spanska nyheter p&aring; Svenska","publisher":{"@id":"https:\/\/lightweb.dev\/l\/svm-temp\/#organization"},"potentialAction":[{"@type":"SearchAction","target":{"@type":"EntryPoint","urlTemplate":"https:\/\/lightweb.dev\/l\/svm-temp\/?s={search_term_string}"},"query-input":{"@type":"PropertyValueSpecification","valueRequired":true,"valueName":"search_term_string"}}],"inLanguage":"sv-SE"},{"@type":"Organization","@id":"https:\/\/lightweb.dev\/l\/svm-temp\/#organization","name":"Melkerson y Nott SL","alternateName":"Svenska Magasinet","url":"https:\/\/lightweb.dev\/l\/svm-temp\/","logo":{"@type":"ImageObject","inLanguage":"sv-SE","@id":"https:\/\/lightweb.dev\/l\/svm-temp\/#\/schema\/logo\/image\/","url":"https:\/\/lightweb.dev\/l\/svm-temp\/wp-content\/uploads\/2025\/02\/SvM-logo-Xtra-Centrerad-SVART.png","contentUrl":"https:\/\/lightweb.dev\/l\/svm-temp\/wp-content\/uploads\/2025\/02\/SvM-logo-Xtra-Centrerad-SVART.png","width":300,"height":99,"caption":"Melkerson y Nott SL"},"image":{"@id":"https:\/\/lightweb.dev\/l\/svm-temp\/#\/schema\/logo\/image\/"},"sameAs":["https:\/\/www.facebook.com\/svenskamagasinet","https:\/\/x.com\/SvenskaMagasine"]},{"@type":"Person","@id":"https:\/\/lightweb.dev\/l\/svm-temp\/#\/schema\/person\/206a3bda5b607b0c25e1749191e4d837","name":"Redaktionen SvM","description":"Redaktionen","sameAs":["https:\/\/lightweb.dev\/l\/svm-temp"],"url":"https:\/\/lightweb.dev\/l\/svm-temp\/reporter\/redaktionen\/"}]}},"_links":{"self":[{"href":"https:\/\/lightweb.dev\/l\/svm-temp\/wp-json\/wp\/v2\/posts\/21561","targetHints":{"allow":["GET"]}}],"collection":[{"href":"https:\/\/lightweb.dev\/l\/svm-temp\/wp-json\/wp\/v2\/posts"}],"about":[{"href":"https:\/\/lightweb.dev\/l\/svm-temp\/wp-json\/wp\/v2\/types\/post"}],"author":[{"embeddable":true,"href":"https:\/\/lightweb.dev\/l\/svm-temp\/wp-json\/wp\/v2\/users\/8"}],"replies":[{"embeddable":true,"href":"https:\/\/lightweb.dev\/l\/svm-temp\/wp-json\/wp\/v2\/comments?post=21561"}],"version-history":[{"count":0,"href":"https:\/\/lightweb.dev\/l\/svm-temp\/wp-json\/wp\/v2\/posts\/21561\/revisions"}],"wp:featuredmedia":[{"embeddable":true,"href":"https:\/\/lightweb.dev\/l\/svm-temp\/wp-json\/wp\/v2\/media\/21562"}],"wp:attachment":[{"href":"https:\/\/lightweb.dev\/l\/svm-temp\/wp-json\/wp\/v2\/media?parent=21561"}],"wp:term":[{"taxonomy":"category","embeddable":true,"href":"https:\/\/lightweb.dev\/l\/svm-temp\/wp-json\/wp\/v2\/categories?post=21561"},{"taxonomy":"post_tag","embeddable":true,"href":"https:\/\/lightweb.dev\/l\/svm-temp\/wp-json\/wp\/v2\/tags?post=21561"}],"curies":[{"name":"wp","href":"https:\/\/api.w.org\/{rel}","templated":true}]}}