{"id":21565,"date":"2016-09-15T00:00:00","date_gmt":"2016-09-14T22:00:00","guid":{"rendered":"https:\/\/lightweb.dev\/l\/svm-temp\/nyheter\/andalusiens-tidigare-president-riskerar-sex-ars-fangelse\/"},"modified":"2016-09-15T00:00:00","modified_gmt":"2016-09-14T22:00:00","slug":"andalusiens-tidigare-president-riskerar-sex-ars-fangelse","status":"publish","type":"post","link":"https:\/\/lightweb.dev\/l\/svm-temp\/nyheter\/andalusiens-tidigare-president-riskerar-sex-ars-fangelse\/","title":{"rendered":"Andalusiens tidigare president riskerar sex \u00e5rs f\u00e4ngelse"},"content":{"rendered":"<p> En antikorruptions\u00e5klagare i Sevilla kr\u00e4ver sex \u00e5rs f\u00e4ngelse och 30 \u00e5rs avst\u00e4ngning fr\u00e5n offentliga \u00e4mbeten f\u00f6r den tidigare socialistiske andalusiske presidenten Antonio Gri\u00f1\u00e1n (PSOE). Gri\u00f1\u00e1n, till v\u00e4nster p\u00e5 bild, riskerar att d\u00f6mas f\u00f6r f\u00f6rskingring och trol\u00f6shet mot huvudman i fallet \u201dcaso ERE\u201d. \u00c4ven Gri\u00f1\u00e1ns f\u00f6reg\u00e5ngare, Manuel Chaves, till h\u00f6ger p\u00e5 bild, riskerar avst\u00e4ngning p\u00e5 tio \u00e5r fr\u00e5n offentliga \u00e4mbeten.<\/p>\n<p>Andra politiker som riskerar att f\u00e5 skaka galler n\u00e4rmaste tiden \u00e4r Carmen Mart\u00ednez Aguayo, Antonio Fern\u00e1ndez, Francisco Vallejo, Jos\u00e9 Antonio Viera samt ytterligare tretton tidigare PSOE-politiker i regionalregeringen.<\/p>\n<p>Korruptions\u00e5klagaren vid en domstol i Sevilla l\u00e4ste upp \u00e5talet p\u00e5 torsdagen. Totalt \u00e4r det 26 tidigare politiker inom Andalusiens regionalregering som \u00e5talas f\u00f6r att mellan \u00e5ren 2000 till 2010 f\u00f6rskingrat 850 miljoner euro.<\/p>\n<p>ERE-skandalen (El expediente de regulaci\u00f3n de empleo) best\u00e5r bland annat av fejkade avg\u00e5ngsvederlag med offentliga medel. Politiker och fackpampar \u00e4r huvudpersoner i h\u00e4rvan d\u00e4r \u00e4ven ven fackf\u00f6reningar med kopplingar till det socialdemokratiska partiet har utf\u00e4rdat fakturor f\u00f6r tj\u00e4nster som inte har tillhandah\u00e5llits. <\/p>\n","protected":false},"excerpt":{"rendered":"<p>En antikorruptions\u00e5klagare i Sevilla kr\u00e4ver sex \u00e5rs f\u00e4ngelse och 30 \u00e5rs avst\u00e4ngning fr\u00e5n offentliga \u00e4mbeten f\u00f6r den tidigare socialistiske andalusiske presidenten Antonio Gri\u00f1\u00e1n (PSOE). Gri\u00f1\u00e1n, till v\u00e4nster p\u00e5 bild, riskerar att d\u00f6mas f\u00f6r f\u00f6rskingring och trol\u00f6shet mot huvudman i fallet \u201dcaso ERE\u201d. \u00c4ven Gri\u00f1\u00e1ns f\u00f6reg\u00e5ngare, Manuel Chaves, till h\u00f6ger p\u00e5 bild, riskerar avst\u00e4ngning p\u00e5 tio [&hellip;]<\/p>\n","protected":false},"author":8,"featured_media":21566,"comment_status":"open","ping_status":"open","sticky":false,"template":"","format":"standard","meta":{"_et_pb_use_builder":"","_et_pb_old_content":"","_et_gb_content_width":"","footnotes":""},"categories":[395,3],"tags":[],"class_list":["post-21565","post","type-post","status-publish","format-standard","has-post-thumbnail","hentry","category-arkiv-nyheter","category-nyheter"],"yoast_head":"<!-- This site is optimized with the Yoast SEO Premium plugin v26.2 (Yoast SEO v27.4) - https:\/\/yoast.com\/product\/yoast-seo-premium-wordpress\/ -->\n<title>Andalusiens tidigare president riskerar sex \u00e5rs f\u00e4ngelse - Svenska Magasinet<\/title>\n<meta name=\"robots\" content=\"noindex, follow, max-snippet:-1, max-image-preview:large, max-video-preview:-1\" \/>\n<meta property=\"og:locale\" content=\"sv_SE\" \/>\n<meta property=\"og:type\" content=\"article\" \/>\n<meta property=\"og:title\" content=\"Andalusiens tidigare president riskerar sex \u00e5rs f\u00e4ngelse\" \/>\n<meta property=\"og:description\" content=\"En antikorruptions\u00e5klagare i Sevilla kr\u00e4ver sex \u00e5rs f\u00e4ngelse och 30 \u00e5rs avst\u00e4ngning fr\u00e5n offentliga \u00e4mbeten f\u00f6r den tidigare socialistiske andalusiske presidenten Antonio Gri\u00f1\u00e1n (PSOE). Gri\u00f1\u00e1n, till v\u00e4nster p\u00e5 bild, riskerar att d\u00f6mas f\u00f6r f\u00f6rskingring och trol\u00f6shet mot huvudman i fallet \u201dcaso ERE\u201d. \u00c4ven Gri\u00f1\u00e1ns f\u00f6reg\u00e5ngare, Manuel Chaves, till h\u00f6ger p\u00e5 bild, riskerar avst\u00e4ngning p\u00e5 tio [&hellip;]\" \/>\n<meta property=\"og:url\" content=\"https:\/\/lightweb.dev\/l\/svm-temp\/nyheter\/andalusiens-tidigare-president-riskerar-sex-ars-fangelse\/\" \/>\n<meta property=\"og:site_name\" content=\"Svenska Magasinet\" \/>\n<meta property=\"article:publisher\" content=\"https:\/\/www.facebook.com\/svenskamagasinet\" \/>\n<meta property=\"article:published_time\" content=\"2016-09-14T22:00:00+00:00\" \/>\n<meta property=\"og:image\" content=\"https:\/\/lightweb.dev\/l\/svm-temp\/wp-content\/uploads\/2022\/06\/andalusiens-tidigare-president-riskerar-sex-ars-fangelse.png\" \/>\n\t<meta property=\"og:image:width\" content=\"335\" \/>\n\t<meta property=\"og:image:height\" content=\"200\" \/>\n\t<meta property=\"og:image:type\" content=\"image\/png\" \/>\n<meta name=\"author\" content=\"Redaktionen SvM\" \/>\n<meta name=\"twitter:card\" content=\"summary_large_image\" \/>\n<meta name=\"twitter:creator\" content=\"@SvenskaMagasine\" \/>\n<meta name=\"twitter:site\" content=\"@SvenskaMagasine\" \/>\n<script type=\"application\/ld+json\" class=\"yoast-schema-graph\">{\"@context\":\"https:\\\/\\\/schema.org\",\"@graph\":[{\"@type\":\"Article\",\"@id\":\"https:\\\/\\\/lightweb.dev\\\/l\\\/svm-temp\\\/nyheter\\\/andalusiens-tidigare-president-riskerar-sex-ars-fangelse\\\/#article\",\"isPartOf\":{\"@id\":\"https:\\\/\\\/lightweb.dev\\\/l\\\/svm-temp\\\/nyheter\\\/andalusiens-tidigare-president-riskerar-sex-ars-fangelse\\\/\"},\"author\":{\"name\":\"Redaktionen SvM\",\"@id\":\"https:\\\/\\\/lightweb.dev\\\/l\\\/svm-temp\\\/#\\\/schema\\\/person\\\/206a3bda5b607b0c25e1749191e4d837\"},\"headline\":\"Andalusiens tidigare president riskerar sex \u00e5rs f\u00e4ngelse\",\"datePublished\":\"2016-09-14T22:00:00+00:00\",\"mainEntityOfPage\":{\"@id\":\"https:\\\/\\\/lightweb.dev\\\/l\\\/svm-temp\\\/nyheter\\\/andalusiens-tidigare-president-riskerar-sex-ars-fangelse\\\/\"},\"wordCount\":201,\"commentCount\":0,\"publisher\":{\"@id\":\"https:\\\/\\\/lightweb.dev\\\/l\\\/svm-temp\\\/#organization\"},\"image\":{\"@id\":\"https:\\\/\\\/lightweb.dev\\\/l\\\/svm-temp\\\/nyheter\\\/andalusiens-tidigare-president-riskerar-sex-ars-fangelse\\\/#primaryimage\"},\"thumbnailUrl\":\"https:\\\/\\\/lightweb.dev\\\/l\\\/svm-temp\\\/wp-content\\\/uploads\\\/2022\\\/06\\\/andalusiens-tidigare-president-riskerar-sex-ars-fangelse.png\",\"articleSection\":[\"Arkiv\",\"Nyheter\"],\"inLanguage\":\"sv-SE\"},{\"@type\":\"WebPage\",\"@id\":\"https:\\\/\\\/lightweb.dev\\\/l\\\/svm-temp\\\/nyheter\\\/andalusiens-tidigare-president-riskerar-sex-ars-fangelse\\\/\",\"url\":\"https:\\\/\\\/lightweb.dev\\\/l\\\/svm-temp\\\/nyheter\\\/andalusiens-tidigare-president-riskerar-sex-ars-fangelse\\\/\",\"name\":\"Andalusiens tidigare president riskerar sex \u00e5rs f\u00e4ngelse - Svenska Magasinet\",\"isPartOf\":{\"@id\":\"https:\\\/\\\/lightweb.dev\\\/l\\\/svm-temp\\\/#website\"},\"primaryImageOfPage\":{\"@id\":\"https:\\\/\\\/lightweb.dev\\\/l\\\/svm-temp\\\/nyheter\\\/andalusiens-tidigare-president-riskerar-sex-ars-fangelse\\\/#primaryimage\"},\"image\":{\"@id\":\"https:\\\/\\\/lightweb.dev\\\/l\\\/svm-temp\\\/nyheter\\\/andalusiens-tidigare-president-riskerar-sex-ars-fangelse\\\/#primaryimage\"},\"thumbnailUrl\":\"https:\\\/\\\/lightweb.dev\\\/l\\\/svm-temp\\\/wp-content\\\/uploads\\\/2022\\\/06\\\/andalusiens-tidigare-president-riskerar-sex-ars-fangelse.png\",\"datePublished\":\"2016-09-14T22:00:00+00:00\",\"breadcrumb\":{\"@id\":\"https:\\\/\\\/lightweb.dev\\\/l\\\/svm-temp\\\/nyheter\\\/andalusiens-tidigare-president-riskerar-sex-ars-fangelse\\\/#breadcrumb\"},\"inLanguage\":\"sv-SE\",\"potentialAction\":[{\"@type\":\"ReadAction\",\"target\":[\"https:\\\/\\\/lightweb.dev\\\/l\\\/svm-temp\\\/nyheter\\\/andalusiens-tidigare-president-riskerar-sex-ars-fangelse\\\/\"]}]},{\"@type\":\"ImageObject\",\"inLanguage\":\"sv-SE\",\"@id\":\"https:\\\/\\\/lightweb.dev\\\/l\\\/svm-temp\\\/nyheter\\\/andalusiens-tidigare-president-riskerar-sex-ars-fangelse\\\/#primaryimage\",\"url\":\"https:\\\/\\\/lightweb.dev\\\/l\\\/svm-temp\\\/wp-content\\\/uploads\\\/2022\\\/06\\\/andalusiens-tidigare-president-riskerar-sex-ars-fangelse.png\",\"contentUrl\":\"https:\\\/\\\/lightweb.dev\\\/l\\\/svm-temp\\\/wp-content\\\/uploads\\\/2022\\\/06\\\/andalusiens-tidigare-president-riskerar-sex-ars-fangelse.png\",\"width\":335,\"height\":200},{\"@type\":\"BreadcrumbList\",\"@id\":\"https:\\\/\\\/lightweb.dev\\\/l\\\/svm-temp\\\/nyheter\\\/andalusiens-tidigare-president-riskerar-sex-ars-fangelse\\\/#breadcrumb\",\"itemListElement\":[{\"@type\":\"ListItem\",\"position\":1,\"name\":\"Hem\",\"item\":\"https:\\\/\\\/lightweb.dev\\\/l\\\/svm-temp\\\/\"},{\"@type\":\"ListItem\",\"position\":2,\"name\":\"Andalusiens tidigare president riskerar sex \u00e5rs f\u00e4ngelse\"}]},{\"@type\":\"WebSite\",\"@id\":\"https:\\\/\\\/lightweb.dev\\\/l\\\/svm-temp\\\/#website\",\"url\":\"https:\\\/\\\/lightweb.dev\\\/l\\\/svm-temp\\\/\",\"name\":\"Svenska Magasinet\",\"description\":\"Dina Spanska nyheter p&aring; Svenska\",\"publisher\":{\"@id\":\"https:\\\/\\\/lightweb.dev\\\/l\\\/svm-temp\\\/#organization\"},\"potentialAction\":[{\"@type\":\"SearchAction\",\"target\":{\"@type\":\"EntryPoint\",\"urlTemplate\":\"https:\\\/\\\/lightweb.dev\\\/l\\\/svm-temp\\\/?s={search_term_string}\"},\"query-input\":{\"@type\":\"PropertyValueSpecification\",\"valueRequired\":true,\"valueName\":\"search_term_string\"}}],\"inLanguage\":\"sv-SE\"},{\"@type\":\"Organization\",\"@id\":\"https:\\\/\\\/lightweb.dev\\\/l\\\/svm-temp\\\/#organization\",\"name\":\"Melkerson y Nott SL\",\"alternateName\":\"Svenska Magasinet\",\"url\":\"https:\\\/\\\/lightweb.dev\\\/l\\\/svm-temp\\\/\",\"logo\":{\"@type\":\"ImageObject\",\"inLanguage\":\"sv-SE\",\"@id\":\"https:\\\/\\\/lightweb.dev\\\/l\\\/svm-temp\\\/#\\\/schema\\\/logo\\\/image\\\/\",\"url\":\"https:\\\/\\\/lightweb.dev\\\/l\\\/svm-temp\\\/wp-content\\\/uploads\\\/2025\\\/02\\\/SvM-logo-Xtra-Centrerad-SVART.png\",\"contentUrl\":\"https:\\\/\\\/lightweb.dev\\\/l\\\/svm-temp\\\/wp-content\\\/uploads\\\/2025\\\/02\\\/SvM-logo-Xtra-Centrerad-SVART.png\",\"width\":300,\"height\":99,\"caption\":\"Melkerson y Nott SL\"},\"image\":{\"@id\":\"https:\\\/\\\/lightweb.dev\\\/l\\\/svm-temp\\\/#\\\/schema\\\/logo\\\/image\\\/\"},\"sameAs\":[\"https:\\\/\\\/www.facebook.com\\\/svenskamagasinet\",\"https:\\\/\\\/x.com\\\/SvenskaMagasine\"]},{\"@type\":\"Person\",\"@id\":\"https:\\\/\\\/lightweb.dev\\\/l\\\/svm-temp\\\/#\\\/schema\\\/person\\\/206a3bda5b607b0c25e1749191e4d837\",\"name\":\"Redaktionen SvM\",\"description\":\"Redaktionen\",\"sameAs\":[\"https:\\\/\\\/lightweb.dev\\\/l\\\/svm-temp\"],\"url\":\"https:\\\/\\\/lightweb.dev\\\/l\\\/svm-temp\\\/reporter\\\/redaktionen\\\/\"}]}<\/script>\n<!-- \/ Yoast SEO Premium plugin. -->","yoast_head_json":{"title":"Andalusiens tidigare president riskerar sex \u00e5rs f\u00e4ngelse - Svenska Magasinet","robots":{"index":"noindex","follow":"follow","max-snippet":"max-snippet:-1","max-image-preview":"max-image-preview:large","max-video-preview":"max-video-preview:-1"},"og_locale":"sv_SE","og_type":"article","og_title":"Andalusiens tidigare president riskerar sex \u00e5rs f\u00e4ngelse","og_description":"En antikorruptions\u00e5klagare i Sevilla kr\u00e4ver sex \u00e5rs f\u00e4ngelse och 30 \u00e5rs avst\u00e4ngning fr\u00e5n offentliga \u00e4mbeten f\u00f6r den tidigare socialistiske andalusiske presidenten Antonio Gri\u00f1\u00e1n (PSOE). Gri\u00f1\u00e1n, till v\u00e4nster p\u00e5 bild, riskerar att d\u00f6mas f\u00f6r f\u00f6rskingring och trol\u00f6shet mot huvudman i fallet \u201dcaso ERE\u201d. \u00c4ven Gri\u00f1\u00e1ns f\u00f6reg\u00e5ngare, Manuel Chaves, till h\u00f6ger p\u00e5 bild, riskerar avst\u00e4ngning p\u00e5 tio [&hellip;]","og_url":"https:\/\/lightweb.dev\/l\/svm-temp\/nyheter\/andalusiens-tidigare-president-riskerar-sex-ars-fangelse\/","og_site_name":"Svenska Magasinet","article_publisher":"https:\/\/www.facebook.com\/svenskamagasinet","article_published_time":"2016-09-14T22:00:00+00:00","og_image":[{"width":335,"height":200,"url":"https:\/\/lightweb.dev\/l\/svm-temp\/wp-content\/uploads\/2022\/06\/andalusiens-tidigare-president-riskerar-sex-ars-fangelse.png","type":"image\/png"}],"author":"Redaktionen SvM","twitter_card":"summary_large_image","twitter_creator":"@SvenskaMagasine","twitter_site":"@SvenskaMagasine","schema":{"@context":"https:\/\/schema.org","@graph":[{"@type":"Article","@id":"https:\/\/lightweb.dev\/l\/svm-temp\/nyheter\/andalusiens-tidigare-president-riskerar-sex-ars-fangelse\/#article","isPartOf":{"@id":"https:\/\/lightweb.dev\/l\/svm-temp\/nyheter\/andalusiens-tidigare-president-riskerar-sex-ars-fangelse\/"},"author":{"name":"Redaktionen SvM","@id":"https:\/\/lightweb.dev\/l\/svm-temp\/#\/schema\/person\/206a3bda5b607b0c25e1749191e4d837"},"headline":"Andalusiens tidigare president riskerar sex \u00e5rs f\u00e4ngelse","datePublished":"2016-09-14T22:00:00+00:00","mainEntityOfPage":{"@id":"https:\/\/lightweb.dev\/l\/svm-temp\/nyheter\/andalusiens-tidigare-president-riskerar-sex-ars-fangelse\/"},"wordCount":201,"commentCount":0,"publisher":{"@id":"https:\/\/lightweb.dev\/l\/svm-temp\/#organization"},"image":{"@id":"https:\/\/lightweb.dev\/l\/svm-temp\/nyheter\/andalusiens-tidigare-president-riskerar-sex-ars-fangelse\/#primaryimage"},"thumbnailUrl":"https:\/\/lightweb.dev\/l\/svm-temp\/wp-content\/uploads\/2022\/06\/andalusiens-tidigare-president-riskerar-sex-ars-fangelse.png","articleSection":["Arkiv","Nyheter"],"inLanguage":"sv-SE"},{"@type":"WebPage","@id":"https:\/\/lightweb.dev\/l\/svm-temp\/nyheter\/andalusiens-tidigare-president-riskerar-sex-ars-fangelse\/","url":"https:\/\/lightweb.dev\/l\/svm-temp\/nyheter\/andalusiens-tidigare-president-riskerar-sex-ars-fangelse\/","name":"Andalusiens tidigare president riskerar sex \u00e5rs f\u00e4ngelse - Svenska Magasinet","isPartOf":{"@id":"https:\/\/lightweb.dev\/l\/svm-temp\/#website"},"primaryImageOfPage":{"@id":"https:\/\/lightweb.dev\/l\/svm-temp\/nyheter\/andalusiens-tidigare-president-riskerar-sex-ars-fangelse\/#primaryimage"},"image":{"@id":"https:\/\/lightweb.dev\/l\/svm-temp\/nyheter\/andalusiens-tidigare-president-riskerar-sex-ars-fangelse\/#primaryimage"},"thumbnailUrl":"https:\/\/lightweb.dev\/l\/svm-temp\/wp-content\/uploads\/2022\/06\/andalusiens-tidigare-president-riskerar-sex-ars-fangelse.png","datePublished":"2016-09-14T22:00:00+00:00","breadcrumb":{"@id":"https:\/\/lightweb.dev\/l\/svm-temp\/nyheter\/andalusiens-tidigare-president-riskerar-sex-ars-fangelse\/#breadcrumb"},"inLanguage":"sv-SE","potentialAction":[{"@type":"ReadAction","target":["https:\/\/lightweb.dev\/l\/svm-temp\/nyheter\/andalusiens-tidigare-president-riskerar-sex-ars-fangelse\/"]}]},{"@type":"ImageObject","inLanguage":"sv-SE","@id":"https:\/\/lightweb.dev\/l\/svm-temp\/nyheter\/andalusiens-tidigare-president-riskerar-sex-ars-fangelse\/#primaryimage","url":"https:\/\/lightweb.dev\/l\/svm-temp\/wp-content\/uploads\/2022\/06\/andalusiens-tidigare-president-riskerar-sex-ars-fangelse.png","contentUrl":"https:\/\/lightweb.dev\/l\/svm-temp\/wp-content\/uploads\/2022\/06\/andalusiens-tidigare-president-riskerar-sex-ars-fangelse.png","width":335,"height":200},{"@type":"BreadcrumbList","@id":"https:\/\/lightweb.dev\/l\/svm-temp\/nyheter\/andalusiens-tidigare-president-riskerar-sex-ars-fangelse\/#breadcrumb","itemListElement":[{"@type":"ListItem","position":1,"name":"Hem","item":"https:\/\/lightweb.dev\/l\/svm-temp\/"},{"@type":"ListItem","position":2,"name":"Andalusiens tidigare president riskerar sex \u00e5rs f\u00e4ngelse"}]},{"@type":"WebSite","@id":"https:\/\/lightweb.dev\/l\/svm-temp\/#website","url":"https:\/\/lightweb.dev\/l\/svm-temp\/","name":"Svenska Magasinet","description":"Dina Spanska nyheter p&aring; Svenska","publisher":{"@id":"https:\/\/lightweb.dev\/l\/svm-temp\/#organization"},"potentialAction":[{"@type":"SearchAction","target":{"@type":"EntryPoint","urlTemplate":"https:\/\/lightweb.dev\/l\/svm-temp\/?s={search_term_string}"},"query-input":{"@type":"PropertyValueSpecification","valueRequired":true,"valueName":"search_term_string"}}],"inLanguage":"sv-SE"},{"@type":"Organization","@id":"https:\/\/lightweb.dev\/l\/svm-temp\/#organization","name":"Melkerson y Nott SL","alternateName":"Svenska Magasinet","url":"https:\/\/lightweb.dev\/l\/svm-temp\/","logo":{"@type":"ImageObject","inLanguage":"sv-SE","@id":"https:\/\/lightweb.dev\/l\/svm-temp\/#\/schema\/logo\/image\/","url":"https:\/\/lightweb.dev\/l\/svm-temp\/wp-content\/uploads\/2025\/02\/SvM-logo-Xtra-Centrerad-SVART.png","contentUrl":"https:\/\/lightweb.dev\/l\/svm-temp\/wp-content\/uploads\/2025\/02\/SvM-logo-Xtra-Centrerad-SVART.png","width":300,"height":99,"caption":"Melkerson y Nott SL"},"image":{"@id":"https:\/\/lightweb.dev\/l\/svm-temp\/#\/schema\/logo\/image\/"},"sameAs":["https:\/\/www.facebook.com\/svenskamagasinet","https:\/\/x.com\/SvenskaMagasine"]},{"@type":"Person","@id":"https:\/\/lightweb.dev\/l\/svm-temp\/#\/schema\/person\/206a3bda5b607b0c25e1749191e4d837","name":"Redaktionen SvM","description":"Redaktionen","sameAs":["https:\/\/lightweb.dev\/l\/svm-temp"],"url":"https:\/\/lightweb.dev\/l\/svm-temp\/reporter\/redaktionen\/"}]}},"_links":{"self":[{"href":"https:\/\/lightweb.dev\/l\/svm-temp\/wp-json\/wp\/v2\/posts\/21565","targetHints":{"allow":["GET"]}}],"collection":[{"href":"https:\/\/lightweb.dev\/l\/svm-temp\/wp-json\/wp\/v2\/posts"}],"about":[{"href":"https:\/\/lightweb.dev\/l\/svm-temp\/wp-json\/wp\/v2\/types\/post"}],"author":[{"embeddable":true,"href":"https:\/\/lightweb.dev\/l\/svm-temp\/wp-json\/wp\/v2\/users\/8"}],"replies":[{"embeddable":true,"href":"https:\/\/lightweb.dev\/l\/svm-temp\/wp-json\/wp\/v2\/comments?post=21565"}],"version-history":[{"count":0,"href":"https:\/\/lightweb.dev\/l\/svm-temp\/wp-json\/wp\/v2\/posts\/21565\/revisions"}],"wp:featuredmedia":[{"embeddable":true,"href":"https:\/\/lightweb.dev\/l\/svm-temp\/wp-json\/wp\/v2\/media\/21566"}],"wp:attachment":[{"href":"https:\/\/lightweb.dev\/l\/svm-temp\/wp-json\/wp\/v2\/media?parent=21565"}],"wp:term":[{"taxonomy":"category","embeddable":true,"href":"https:\/\/lightweb.dev\/l\/svm-temp\/wp-json\/wp\/v2\/categories?post=21565"},{"taxonomy":"post_tag","embeddable":true,"href":"https:\/\/lightweb.dev\/l\/svm-temp\/wp-json\/wp\/v2\/tags?post=21565"}],"curies":[{"name":"wp","href":"https:\/\/api.w.org\/{rel}","templated":true}]}}