{"id":21573,"date":"2016-09-14T00:00:00","date_gmt":"2016-09-13T22:00:00","guid":{"rendered":"https:\/\/lightweb.dev\/l\/svm-temp\/nyheter\/anrika-hotell-byblos-i-mijas-golf-pa-vag-att-fa-ny-agare\/"},"modified":"2016-09-14T00:00:00","modified_gmt":"2016-09-13T22:00:00","slug":"anrika-hotell-byblos-i-mijas-golf-pa-vag-att-fa-ny-agare","status":"publish","type":"post","link":"https:\/\/lightweb.dev\/l\/svm-temp\/nyheter\/anrika-hotell-byblos-i-mijas-golf-pa-vag-att-fa-ny-agare\/","title":{"rendered":"Anrika hotell Byblos i Mijas golf p\u00e5 v\u00e4g att f\u00e5 ny \u00e4gare"},"content":{"rendered":"<p> Det spanska Madridbaserade f\u00f6retaget Ayco Grupo Inmobiliaria SA \u00e4r p\u00e5 v\u00e4g att k\u00f6pa det anrika hotellet Byblos f\u00f6r 60 miljoner euro. 200 arbetstillf\u00e4llen kommer att skapas n\u00e4r hotellet \u00f6ppnar efter att ha varit st\u00e4ngt i sex \u00e5r.<\/p>\n<p>Det beskrivs som ett flaggskepp inom turismen. Den femstj\u00e4rniga anl\u00e4ggningen har tidigare haft bes\u00f6kare som prinsessan Diana 1993, Saudiarabiens kungafamilj, Julio Iglesias, Antonio Banderas och Rolling Stones bland annat.<\/p>\n<p>Att en aff\u00e4r \u00e4r p\u00e5 g\u00e5ng ber\u00e4ttade Mijas borgm\u00e4stare Juan Carlos Maldonado vid en presskonferens under g\u00e5rdagen.<\/p>\n<p>Anl\u00e4ggningen har varit st\u00e4ngd sedan 31 maj 2010. Hotell Byblos \u00f6ppnade 1986 och har 135 rum och lyxsviter.<\/p>\n<p>Ayco Grupo Inmobiliario SA med s\u00e4te i Madrid startade 1941. <\/p>\n","protected":false},"excerpt":{"rendered":"<p>Det spanska Madridbaserade f\u00f6retaget Ayco Grupo Inmobiliaria SA \u00e4r p\u00e5 v\u00e4g att k\u00f6pa det anrika hotellet Byblos f\u00f6r 60 miljoner euro. 200 arbetstillf\u00e4llen kommer att skapas n\u00e4r hotellet \u00f6ppnar efter att ha varit st\u00e4ngt i sex \u00e5r. Det beskrivs som ett flaggskepp inom turismen. Den femstj\u00e4rniga anl\u00e4ggningen har tidigare haft bes\u00f6kare som prinsessan Diana 1993, [&hellip;]<\/p>\n","protected":false},"author":8,"featured_media":21574,"comment_status":"open","ping_status":"open","sticky":false,"template":"","format":"standard","meta":{"_et_pb_use_builder":"","_et_pb_old_content":"","_et_gb_content_width":"","footnotes":""},"categories":[395,3],"tags":[],"class_list":["post-21573","post","type-post","status-publish","format-standard","has-post-thumbnail","hentry","category-arkiv-nyheter","category-nyheter"],"yoast_head":"<!-- This site is optimized with the Yoast SEO Premium plugin v26.2 (Yoast SEO v27.4) - https:\/\/yoast.com\/product\/yoast-seo-premium-wordpress\/ -->\n<title>Anrika hotell Byblos i Mijas golf p\u00e5 v\u00e4g att f\u00e5 ny \u00e4gare - Svenska Magasinet<\/title>\n<meta name=\"robots\" content=\"noindex, follow, max-snippet:-1, max-image-preview:large, max-video-preview:-1\" \/>\n<meta property=\"og:locale\" content=\"sv_SE\" \/>\n<meta property=\"og:type\" content=\"article\" \/>\n<meta property=\"og:title\" content=\"Anrika hotell Byblos i Mijas golf p\u00e5 v\u00e4g att f\u00e5 ny \u00e4gare\" \/>\n<meta property=\"og:description\" content=\"Det spanska Madridbaserade f\u00f6retaget Ayco Grupo Inmobiliaria SA \u00e4r p\u00e5 v\u00e4g att k\u00f6pa det anrika hotellet Byblos f\u00f6r 60 miljoner euro. 200 arbetstillf\u00e4llen kommer att skapas n\u00e4r hotellet \u00f6ppnar efter att ha varit st\u00e4ngt i sex \u00e5r. Det beskrivs som ett flaggskepp inom turismen. Den femstj\u00e4rniga anl\u00e4ggningen har tidigare haft bes\u00f6kare som prinsessan Diana 1993, [&hellip;]\" \/>\n<meta property=\"og:url\" content=\"https:\/\/lightweb.dev\/l\/svm-temp\/nyheter\/anrika-hotell-byblos-i-mijas-golf-pa-vag-att-fa-ny-agare\/\" \/>\n<meta property=\"og:site_name\" content=\"Svenska Magasinet\" \/>\n<meta property=\"article:publisher\" content=\"https:\/\/www.facebook.com\/svenskamagasinet\" \/>\n<meta property=\"article:published_time\" content=\"2016-09-13T22:00:00+00:00\" \/>\n<meta property=\"og:image\" content=\"https:\/\/lightweb.dev\/l\/svm-temp\/wp-content\/uploads\/2022\/06\/anrika-hotell-byblos-i-mijas-golf-pa-vag-att-fa-ny-agare.png\" \/>\n\t<meta property=\"og:image:width\" content=\"280\" \/>\n\t<meta property=\"og:image:height\" content=\"210\" \/>\n\t<meta property=\"og:image:type\" content=\"image\/png\" \/>\n<meta name=\"author\" content=\"Redaktionen SvM\" \/>\n<meta name=\"twitter:card\" content=\"summary_large_image\" \/>\n<meta name=\"twitter:creator\" content=\"@SvenskaMagasine\" \/>\n<meta name=\"twitter:site\" content=\"@SvenskaMagasine\" \/>\n<script type=\"application\/ld+json\" class=\"yoast-schema-graph\">{\"@context\":\"https:\\\/\\\/schema.org\",\"@graph\":[{\"@type\":\"Article\",\"@id\":\"https:\\\/\\\/lightweb.dev\\\/l\\\/svm-temp\\\/nyheter\\\/anrika-hotell-byblos-i-mijas-golf-pa-vag-att-fa-ny-agare\\\/#article\",\"isPartOf\":{\"@id\":\"https:\\\/\\\/lightweb.dev\\\/l\\\/svm-temp\\\/nyheter\\\/anrika-hotell-byblos-i-mijas-golf-pa-vag-att-fa-ny-agare\\\/\"},\"author\":{\"name\":\"Redaktionen SvM\",\"@id\":\"https:\\\/\\\/lightweb.dev\\\/l\\\/svm-temp\\\/#\\\/schema\\\/person\\\/206a3bda5b607b0c25e1749191e4d837\"},\"headline\":\"Anrika hotell Byblos i Mijas golf p\u00e5 v\u00e4g att f\u00e5 ny \u00e4gare\",\"datePublished\":\"2016-09-13T22:00:00+00:00\",\"mainEntityOfPage\":{\"@id\":\"https:\\\/\\\/lightweb.dev\\\/l\\\/svm-temp\\\/nyheter\\\/anrika-hotell-byblos-i-mijas-golf-pa-vag-att-fa-ny-agare\\\/\"},\"wordCount\":134,\"commentCount\":0,\"publisher\":{\"@id\":\"https:\\\/\\\/lightweb.dev\\\/l\\\/svm-temp\\\/#organization\"},\"image\":{\"@id\":\"https:\\\/\\\/lightweb.dev\\\/l\\\/svm-temp\\\/nyheter\\\/anrika-hotell-byblos-i-mijas-golf-pa-vag-att-fa-ny-agare\\\/#primaryimage\"},\"thumbnailUrl\":\"https:\\\/\\\/lightweb.dev\\\/l\\\/svm-temp\\\/wp-content\\\/uploads\\\/2022\\\/06\\\/anrika-hotell-byblos-i-mijas-golf-pa-vag-att-fa-ny-agare.png\",\"articleSection\":[\"Arkiv\",\"Nyheter\"],\"inLanguage\":\"sv-SE\"},{\"@type\":\"WebPage\",\"@id\":\"https:\\\/\\\/lightweb.dev\\\/l\\\/svm-temp\\\/nyheter\\\/anrika-hotell-byblos-i-mijas-golf-pa-vag-att-fa-ny-agare\\\/\",\"url\":\"https:\\\/\\\/lightweb.dev\\\/l\\\/svm-temp\\\/nyheter\\\/anrika-hotell-byblos-i-mijas-golf-pa-vag-att-fa-ny-agare\\\/\",\"name\":\"Anrika hotell Byblos i Mijas golf p\u00e5 v\u00e4g att f\u00e5 ny \u00e4gare - Svenska Magasinet\",\"isPartOf\":{\"@id\":\"https:\\\/\\\/lightweb.dev\\\/l\\\/svm-temp\\\/#website\"},\"primaryImageOfPage\":{\"@id\":\"https:\\\/\\\/lightweb.dev\\\/l\\\/svm-temp\\\/nyheter\\\/anrika-hotell-byblos-i-mijas-golf-pa-vag-att-fa-ny-agare\\\/#primaryimage\"},\"image\":{\"@id\":\"https:\\\/\\\/lightweb.dev\\\/l\\\/svm-temp\\\/nyheter\\\/anrika-hotell-byblos-i-mijas-golf-pa-vag-att-fa-ny-agare\\\/#primaryimage\"},\"thumbnailUrl\":\"https:\\\/\\\/lightweb.dev\\\/l\\\/svm-temp\\\/wp-content\\\/uploads\\\/2022\\\/06\\\/anrika-hotell-byblos-i-mijas-golf-pa-vag-att-fa-ny-agare.png\",\"datePublished\":\"2016-09-13T22:00:00+00:00\",\"breadcrumb\":{\"@id\":\"https:\\\/\\\/lightweb.dev\\\/l\\\/svm-temp\\\/nyheter\\\/anrika-hotell-byblos-i-mijas-golf-pa-vag-att-fa-ny-agare\\\/#breadcrumb\"},\"inLanguage\":\"sv-SE\",\"potentialAction\":[{\"@type\":\"ReadAction\",\"target\":[\"https:\\\/\\\/lightweb.dev\\\/l\\\/svm-temp\\\/nyheter\\\/anrika-hotell-byblos-i-mijas-golf-pa-vag-att-fa-ny-agare\\\/\"]}]},{\"@type\":\"ImageObject\",\"inLanguage\":\"sv-SE\",\"@id\":\"https:\\\/\\\/lightweb.dev\\\/l\\\/svm-temp\\\/nyheter\\\/anrika-hotell-byblos-i-mijas-golf-pa-vag-att-fa-ny-agare\\\/#primaryimage\",\"url\":\"https:\\\/\\\/lightweb.dev\\\/l\\\/svm-temp\\\/wp-content\\\/uploads\\\/2022\\\/06\\\/anrika-hotell-byblos-i-mijas-golf-pa-vag-att-fa-ny-agare.png\",\"contentUrl\":\"https:\\\/\\\/lightweb.dev\\\/l\\\/svm-temp\\\/wp-content\\\/uploads\\\/2022\\\/06\\\/anrika-hotell-byblos-i-mijas-golf-pa-vag-att-fa-ny-agare.png\",\"width\":280,\"height\":210},{\"@type\":\"BreadcrumbList\",\"@id\":\"https:\\\/\\\/lightweb.dev\\\/l\\\/svm-temp\\\/nyheter\\\/anrika-hotell-byblos-i-mijas-golf-pa-vag-att-fa-ny-agare\\\/#breadcrumb\",\"itemListElement\":[{\"@type\":\"ListItem\",\"position\":1,\"name\":\"Hem\",\"item\":\"https:\\\/\\\/lightweb.dev\\\/l\\\/svm-temp\\\/\"},{\"@type\":\"ListItem\",\"position\":2,\"name\":\"Anrika hotell Byblos i Mijas golf p\u00e5 v\u00e4g att f\u00e5 ny \u00e4gare\"}]},{\"@type\":\"WebSite\",\"@id\":\"https:\\\/\\\/lightweb.dev\\\/l\\\/svm-temp\\\/#website\",\"url\":\"https:\\\/\\\/lightweb.dev\\\/l\\\/svm-temp\\\/\",\"name\":\"Svenska Magasinet\",\"description\":\"Dina Spanska nyheter p&aring; Svenska\",\"publisher\":{\"@id\":\"https:\\\/\\\/lightweb.dev\\\/l\\\/svm-temp\\\/#organization\"},\"potentialAction\":[{\"@type\":\"SearchAction\",\"target\":{\"@type\":\"EntryPoint\",\"urlTemplate\":\"https:\\\/\\\/lightweb.dev\\\/l\\\/svm-temp\\\/?s={search_term_string}\"},\"query-input\":{\"@type\":\"PropertyValueSpecification\",\"valueRequired\":true,\"valueName\":\"search_term_string\"}}],\"inLanguage\":\"sv-SE\"},{\"@type\":\"Organization\",\"@id\":\"https:\\\/\\\/lightweb.dev\\\/l\\\/svm-temp\\\/#organization\",\"name\":\"Melkerson y Nott SL\",\"alternateName\":\"Svenska Magasinet\",\"url\":\"https:\\\/\\\/lightweb.dev\\\/l\\\/svm-temp\\\/\",\"logo\":{\"@type\":\"ImageObject\",\"inLanguage\":\"sv-SE\",\"@id\":\"https:\\\/\\\/lightweb.dev\\\/l\\\/svm-temp\\\/#\\\/schema\\\/logo\\\/image\\\/\",\"url\":\"https:\\\/\\\/lightweb.dev\\\/l\\\/svm-temp\\\/wp-content\\\/uploads\\\/2025\\\/02\\\/SvM-logo-Xtra-Centrerad-SVART.png\",\"contentUrl\":\"https:\\\/\\\/lightweb.dev\\\/l\\\/svm-temp\\\/wp-content\\\/uploads\\\/2025\\\/02\\\/SvM-logo-Xtra-Centrerad-SVART.png\",\"width\":300,\"height\":99,\"caption\":\"Melkerson y Nott SL\"},\"image\":{\"@id\":\"https:\\\/\\\/lightweb.dev\\\/l\\\/svm-temp\\\/#\\\/schema\\\/logo\\\/image\\\/\"},\"sameAs\":[\"https:\\\/\\\/www.facebook.com\\\/svenskamagasinet\",\"https:\\\/\\\/x.com\\\/SvenskaMagasine\"]},{\"@type\":\"Person\",\"@id\":\"https:\\\/\\\/lightweb.dev\\\/l\\\/svm-temp\\\/#\\\/schema\\\/person\\\/206a3bda5b607b0c25e1749191e4d837\",\"name\":\"Redaktionen SvM\",\"description\":\"Redaktionen\",\"sameAs\":[\"https:\\\/\\\/lightweb.dev\\\/l\\\/svm-temp\"],\"url\":\"https:\\\/\\\/lightweb.dev\\\/l\\\/svm-temp\\\/reporter\\\/redaktionen\\\/\"}]}<\/script>\n<!-- \/ Yoast SEO Premium plugin. -->","yoast_head_json":{"title":"Anrika hotell Byblos i Mijas golf p\u00e5 v\u00e4g att f\u00e5 ny \u00e4gare - Svenska Magasinet","robots":{"index":"noindex","follow":"follow","max-snippet":"max-snippet:-1","max-image-preview":"max-image-preview:large","max-video-preview":"max-video-preview:-1"},"og_locale":"sv_SE","og_type":"article","og_title":"Anrika hotell Byblos i Mijas golf p\u00e5 v\u00e4g att f\u00e5 ny \u00e4gare","og_description":"Det spanska Madridbaserade f\u00f6retaget Ayco Grupo Inmobiliaria SA \u00e4r p\u00e5 v\u00e4g att k\u00f6pa det anrika hotellet Byblos f\u00f6r 60 miljoner euro. 200 arbetstillf\u00e4llen kommer att skapas n\u00e4r hotellet \u00f6ppnar efter att ha varit st\u00e4ngt i sex \u00e5r. Det beskrivs som ett flaggskepp inom turismen. Den femstj\u00e4rniga anl\u00e4ggningen har tidigare haft bes\u00f6kare som prinsessan Diana 1993, [&hellip;]","og_url":"https:\/\/lightweb.dev\/l\/svm-temp\/nyheter\/anrika-hotell-byblos-i-mijas-golf-pa-vag-att-fa-ny-agare\/","og_site_name":"Svenska Magasinet","article_publisher":"https:\/\/www.facebook.com\/svenskamagasinet","article_published_time":"2016-09-13T22:00:00+00:00","og_image":[{"width":280,"height":210,"url":"https:\/\/lightweb.dev\/l\/svm-temp\/wp-content\/uploads\/2022\/06\/anrika-hotell-byblos-i-mijas-golf-pa-vag-att-fa-ny-agare.png","type":"image\/png"}],"author":"Redaktionen SvM","twitter_card":"summary_large_image","twitter_creator":"@SvenskaMagasine","twitter_site":"@SvenskaMagasine","schema":{"@context":"https:\/\/schema.org","@graph":[{"@type":"Article","@id":"https:\/\/lightweb.dev\/l\/svm-temp\/nyheter\/anrika-hotell-byblos-i-mijas-golf-pa-vag-att-fa-ny-agare\/#article","isPartOf":{"@id":"https:\/\/lightweb.dev\/l\/svm-temp\/nyheter\/anrika-hotell-byblos-i-mijas-golf-pa-vag-att-fa-ny-agare\/"},"author":{"name":"Redaktionen SvM","@id":"https:\/\/lightweb.dev\/l\/svm-temp\/#\/schema\/person\/206a3bda5b607b0c25e1749191e4d837"},"headline":"Anrika hotell Byblos i Mijas golf p\u00e5 v\u00e4g att f\u00e5 ny \u00e4gare","datePublished":"2016-09-13T22:00:00+00:00","mainEntityOfPage":{"@id":"https:\/\/lightweb.dev\/l\/svm-temp\/nyheter\/anrika-hotell-byblos-i-mijas-golf-pa-vag-att-fa-ny-agare\/"},"wordCount":134,"commentCount":0,"publisher":{"@id":"https:\/\/lightweb.dev\/l\/svm-temp\/#organization"},"image":{"@id":"https:\/\/lightweb.dev\/l\/svm-temp\/nyheter\/anrika-hotell-byblos-i-mijas-golf-pa-vag-att-fa-ny-agare\/#primaryimage"},"thumbnailUrl":"https:\/\/lightweb.dev\/l\/svm-temp\/wp-content\/uploads\/2022\/06\/anrika-hotell-byblos-i-mijas-golf-pa-vag-att-fa-ny-agare.png","articleSection":["Arkiv","Nyheter"],"inLanguage":"sv-SE"},{"@type":"WebPage","@id":"https:\/\/lightweb.dev\/l\/svm-temp\/nyheter\/anrika-hotell-byblos-i-mijas-golf-pa-vag-att-fa-ny-agare\/","url":"https:\/\/lightweb.dev\/l\/svm-temp\/nyheter\/anrika-hotell-byblos-i-mijas-golf-pa-vag-att-fa-ny-agare\/","name":"Anrika hotell Byblos i Mijas golf p\u00e5 v\u00e4g att f\u00e5 ny \u00e4gare - Svenska Magasinet","isPartOf":{"@id":"https:\/\/lightweb.dev\/l\/svm-temp\/#website"},"primaryImageOfPage":{"@id":"https:\/\/lightweb.dev\/l\/svm-temp\/nyheter\/anrika-hotell-byblos-i-mijas-golf-pa-vag-att-fa-ny-agare\/#primaryimage"},"image":{"@id":"https:\/\/lightweb.dev\/l\/svm-temp\/nyheter\/anrika-hotell-byblos-i-mijas-golf-pa-vag-att-fa-ny-agare\/#primaryimage"},"thumbnailUrl":"https:\/\/lightweb.dev\/l\/svm-temp\/wp-content\/uploads\/2022\/06\/anrika-hotell-byblos-i-mijas-golf-pa-vag-att-fa-ny-agare.png","datePublished":"2016-09-13T22:00:00+00:00","breadcrumb":{"@id":"https:\/\/lightweb.dev\/l\/svm-temp\/nyheter\/anrika-hotell-byblos-i-mijas-golf-pa-vag-att-fa-ny-agare\/#breadcrumb"},"inLanguage":"sv-SE","potentialAction":[{"@type":"ReadAction","target":["https:\/\/lightweb.dev\/l\/svm-temp\/nyheter\/anrika-hotell-byblos-i-mijas-golf-pa-vag-att-fa-ny-agare\/"]}]},{"@type":"ImageObject","inLanguage":"sv-SE","@id":"https:\/\/lightweb.dev\/l\/svm-temp\/nyheter\/anrika-hotell-byblos-i-mijas-golf-pa-vag-att-fa-ny-agare\/#primaryimage","url":"https:\/\/lightweb.dev\/l\/svm-temp\/wp-content\/uploads\/2022\/06\/anrika-hotell-byblos-i-mijas-golf-pa-vag-att-fa-ny-agare.png","contentUrl":"https:\/\/lightweb.dev\/l\/svm-temp\/wp-content\/uploads\/2022\/06\/anrika-hotell-byblos-i-mijas-golf-pa-vag-att-fa-ny-agare.png","width":280,"height":210},{"@type":"BreadcrumbList","@id":"https:\/\/lightweb.dev\/l\/svm-temp\/nyheter\/anrika-hotell-byblos-i-mijas-golf-pa-vag-att-fa-ny-agare\/#breadcrumb","itemListElement":[{"@type":"ListItem","position":1,"name":"Hem","item":"https:\/\/lightweb.dev\/l\/svm-temp\/"},{"@type":"ListItem","position":2,"name":"Anrika hotell Byblos i Mijas golf p\u00e5 v\u00e4g att f\u00e5 ny \u00e4gare"}]},{"@type":"WebSite","@id":"https:\/\/lightweb.dev\/l\/svm-temp\/#website","url":"https:\/\/lightweb.dev\/l\/svm-temp\/","name":"Svenska Magasinet","description":"Dina Spanska nyheter p&aring; Svenska","publisher":{"@id":"https:\/\/lightweb.dev\/l\/svm-temp\/#organization"},"potentialAction":[{"@type":"SearchAction","target":{"@type":"EntryPoint","urlTemplate":"https:\/\/lightweb.dev\/l\/svm-temp\/?s={search_term_string}"},"query-input":{"@type":"PropertyValueSpecification","valueRequired":true,"valueName":"search_term_string"}}],"inLanguage":"sv-SE"},{"@type":"Organization","@id":"https:\/\/lightweb.dev\/l\/svm-temp\/#organization","name":"Melkerson y Nott SL","alternateName":"Svenska Magasinet","url":"https:\/\/lightweb.dev\/l\/svm-temp\/","logo":{"@type":"ImageObject","inLanguage":"sv-SE","@id":"https:\/\/lightweb.dev\/l\/svm-temp\/#\/schema\/logo\/image\/","url":"https:\/\/lightweb.dev\/l\/svm-temp\/wp-content\/uploads\/2025\/02\/SvM-logo-Xtra-Centrerad-SVART.png","contentUrl":"https:\/\/lightweb.dev\/l\/svm-temp\/wp-content\/uploads\/2025\/02\/SvM-logo-Xtra-Centrerad-SVART.png","width":300,"height":99,"caption":"Melkerson y Nott SL"},"image":{"@id":"https:\/\/lightweb.dev\/l\/svm-temp\/#\/schema\/logo\/image\/"},"sameAs":["https:\/\/www.facebook.com\/svenskamagasinet","https:\/\/x.com\/SvenskaMagasine"]},{"@type":"Person","@id":"https:\/\/lightweb.dev\/l\/svm-temp\/#\/schema\/person\/206a3bda5b607b0c25e1749191e4d837","name":"Redaktionen SvM","description":"Redaktionen","sameAs":["https:\/\/lightweb.dev\/l\/svm-temp"],"url":"https:\/\/lightweb.dev\/l\/svm-temp\/reporter\/redaktionen\/"}]}},"_links":{"self":[{"href":"https:\/\/lightweb.dev\/l\/svm-temp\/wp-json\/wp\/v2\/posts\/21573","targetHints":{"allow":["GET"]}}],"collection":[{"href":"https:\/\/lightweb.dev\/l\/svm-temp\/wp-json\/wp\/v2\/posts"}],"about":[{"href":"https:\/\/lightweb.dev\/l\/svm-temp\/wp-json\/wp\/v2\/types\/post"}],"author":[{"embeddable":true,"href":"https:\/\/lightweb.dev\/l\/svm-temp\/wp-json\/wp\/v2\/users\/8"}],"replies":[{"embeddable":true,"href":"https:\/\/lightweb.dev\/l\/svm-temp\/wp-json\/wp\/v2\/comments?post=21573"}],"version-history":[{"count":0,"href":"https:\/\/lightweb.dev\/l\/svm-temp\/wp-json\/wp\/v2\/posts\/21573\/revisions"}],"wp:featuredmedia":[{"embeddable":true,"href":"https:\/\/lightweb.dev\/l\/svm-temp\/wp-json\/wp\/v2\/media\/21574"}],"wp:attachment":[{"href":"https:\/\/lightweb.dev\/l\/svm-temp\/wp-json\/wp\/v2\/media?parent=21573"}],"wp:term":[{"taxonomy":"category","embeddable":true,"href":"https:\/\/lightweb.dev\/l\/svm-temp\/wp-json\/wp\/v2\/categories?post=21573"},{"taxonomy":"post_tag","embeddable":true,"href":"https:\/\/lightweb.dev\/l\/svm-temp\/wp-json\/wp\/v2\/tags?post=21573"}],"curies":[{"name":"wp","href":"https:\/\/api.w.org\/{rel}","templated":true}]}}