{"id":21575,"date":"2016-09-13T00:00:00","date_gmt":"2016-09-12T22:00:00","guid":{"rendered":"https:\/\/lightweb.dev\/l\/svm-temp\/nyheter\/katalanska-vansterextremister-brande-bilder-pa-kungen-och-flaggor\/"},"modified":"2016-09-13T00:00:00","modified_gmt":"2016-09-12T22:00:00","slug":"katalanska-vansterextremister-brande-bilder-pa-kungen-och-flaggor","status":"publish","type":"post","link":"https:\/\/lightweb.dev\/l\/svm-temp\/nyheter\/katalanska-vansterextremister-brande-bilder-pa-kungen-och-flaggor\/","title":{"rendered":"Katalanska v\u00e4nsterextremister br\u00e4nde bilder p\u00e5 kungen och flaggor"},"content":{"rendered":"<p> Den regionala katalanska polisk\u00e5ren Los Mossos d&#8217;Esquadra har inlett en unders\u00f6kning d\u00e4r v\u00e4nsterradikala antikapitalister och nationalister ska ha br\u00e4nt bilder av kung Felipe VI och den spanska flaggan. Ytterligare ett \u00e4rende kommer att inledas vid nationaldomstolen Audiencia Nacional. H\u00e4ndelserna ska ha intr\u00e4ffat i s\u00f6ndags n\u00e4r Kataloniens dag la Diada firades skriver Diario SUR p\u00e5 tisdagen.<\/p>\n<p>J\u00e4mf\u00f6rt med tidigare h\u00e4ndelser d\u00e4r maskerade aktivister har organiserat upplopp ska det den h\u00e4r g\u00e5ngen ha varit ett dussintals ungdomar som demonstrerat med bilder av kungen och f\u00f6rstasidan av den spanska konstitutionen.<\/p>\n<p>Demonstrationen ska ha utlysts av det v\u00e4nsterextrema katalanska nationalistpartiet CUP i Barcelona under temat \u201ddesobediencia\u201d, trots eller olydnad, och ska ha samlat mellan 2.300 till 5.000 personer. Flera flaggor som den spanska och franska samt EU-flaggan br\u00e4ndes.<\/p>\n<p>Spaniens inrikesminister Jorge Fern\u00e1ndez D\u00edaz beskriver h\u00e4ndelsen som \u201dbeklaglig\u201d och har samtidigt erbjudit polisk\u00e5ren Mossos d&#8217;Esquadra hj\u00e4lp fr\u00e5n nationalpolisen med att identifiera personerna.<\/p>\n<p>Polisen unders\u00f6ker \u00e4ven en tweet som ska ha blivit publicerad p\u00e5 n\u00e4tet med budskapet: \u201dOm kungen vill ha kronan ska vi \u00f6verr\u00e4cka honom den om han kommer till Barcelona samt sk\u00e4ra halsen av honom\u201d. <\/p>\n","protected":false},"excerpt":{"rendered":"<p>Den regionala katalanska polisk\u00e5ren Los Mossos d&#8217;Esquadra har inlett en unders\u00f6kning d\u00e4r v\u00e4nsterradikala antikapitalister och nationalister ska ha br\u00e4nt bilder av kung Felipe VI och den spanska flaggan. Ytterligare ett \u00e4rende kommer att inledas vid nationaldomstolen Audiencia Nacional. H\u00e4ndelserna ska ha intr\u00e4ffat i s\u00f6ndags n\u00e4r Kataloniens dag la Diada firades skriver Diario SUR p\u00e5 tisdagen. [&hellip;]<\/p>\n","protected":false},"author":8,"featured_media":21576,"comment_status":"open","ping_status":"open","sticky":false,"template":"","format":"standard","meta":{"_et_pb_use_builder":"","_et_pb_old_content":"","_et_gb_content_width":"","footnotes":""},"categories":[395,3],"tags":[],"class_list":["post-21575","post","type-post","status-publish","format-standard","has-post-thumbnail","hentry","category-arkiv-nyheter","category-nyheter"],"yoast_head":"<!-- This site is optimized with the Yoast SEO Premium plugin v26.2 (Yoast SEO v27.4) - https:\/\/yoast.com\/product\/yoast-seo-premium-wordpress\/ -->\n<title>Katalanska v\u00e4nsterextremister br\u00e4nde bilder p\u00e5 kungen och flaggor - Svenska Magasinet<\/title>\n<meta name=\"robots\" content=\"noindex, follow, max-snippet:-1, max-image-preview:large, max-video-preview:-1\" \/>\n<meta property=\"og:locale\" content=\"sv_SE\" \/>\n<meta property=\"og:type\" content=\"article\" \/>\n<meta property=\"og:title\" content=\"Katalanska v\u00e4nsterextremister br\u00e4nde bilder p\u00e5 kungen och flaggor\" \/>\n<meta property=\"og:description\" content=\"Den regionala katalanska polisk\u00e5ren Los Mossos d&#8217;Esquadra har inlett en unders\u00f6kning d\u00e4r v\u00e4nsterradikala antikapitalister och nationalister ska ha br\u00e4nt bilder av kung Felipe VI och den spanska flaggan. Ytterligare ett \u00e4rende kommer att inledas vid nationaldomstolen Audiencia Nacional. H\u00e4ndelserna ska ha intr\u00e4ffat i s\u00f6ndags n\u00e4r Kataloniens dag la Diada firades skriver Diario SUR p\u00e5 tisdagen. [&hellip;]\" \/>\n<meta property=\"og:url\" content=\"https:\/\/lightweb.dev\/l\/svm-temp\/nyheter\/katalanska-vansterextremister-brande-bilder-pa-kungen-och-flaggor\/\" \/>\n<meta property=\"og:site_name\" content=\"Svenska Magasinet\" \/>\n<meta property=\"article:publisher\" content=\"https:\/\/www.facebook.com\/svenskamagasinet\" \/>\n<meta property=\"article:published_time\" content=\"2016-09-12T22:00:00+00:00\" \/>\n<meta property=\"og:image\" content=\"https:\/\/lightweb.dev\/l\/svm-temp\/wp-content\/uploads\/2022\/06\/katalanska-vansterextremister-brande-bilder-pa-kungen-och-flaggor.png\" \/>\n\t<meta property=\"og:image:width\" content=\"395\" \/>\n\t<meta property=\"og:image:height\" content=\"200\" \/>\n\t<meta property=\"og:image:type\" content=\"image\/png\" \/>\n<meta name=\"author\" content=\"Redaktionen SvM\" \/>\n<meta name=\"twitter:card\" content=\"summary_large_image\" \/>\n<meta name=\"twitter:creator\" content=\"@SvenskaMagasine\" \/>\n<meta name=\"twitter:site\" content=\"@SvenskaMagasine\" \/>\n<script type=\"application\/ld+json\" class=\"yoast-schema-graph\">{\"@context\":\"https:\\\/\\\/schema.org\",\"@graph\":[{\"@type\":\"Article\",\"@id\":\"https:\\\/\\\/lightweb.dev\\\/l\\\/svm-temp\\\/nyheter\\\/katalanska-vansterextremister-brande-bilder-pa-kungen-och-flaggor\\\/#article\",\"isPartOf\":{\"@id\":\"https:\\\/\\\/lightweb.dev\\\/l\\\/svm-temp\\\/nyheter\\\/katalanska-vansterextremister-brande-bilder-pa-kungen-och-flaggor\\\/\"},\"author\":{\"name\":\"Redaktionen SvM\",\"@id\":\"https:\\\/\\\/lightweb.dev\\\/l\\\/svm-temp\\\/#\\\/schema\\\/person\\\/206a3bda5b607b0c25e1749191e4d837\"},\"headline\":\"Katalanska v\u00e4nsterextremister br\u00e4nde bilder p\u00e5 kungen och flaggor\",\"datePublished\":\"2016-09-12T22:00:00+00:00\",\"mainEntityOfPage\":{\"@id\":\"https:\\\/\\\/lightweb.dev\\\/l\\\/svm-temp\\\/nyheter\\\/katalanska-vansterextremister-brande-bilder-pa-kungen-och-flaggor\\\/\"},\"wordCount\":219,\"commentCount\":0,\"publisher\":{\"@id\":\"https:\\\/\\\/lightweb.dev\\\/l\\\/svm-temp\\\/#organization\"},\"image\":{\"@id\":\"https:\\\/\\\/lightweb.dev\\\/l\\\/svm-temp\\\/nyheter\\\/katalanska-vansterextremister-brande-bilder-pa-kungen-och-flaggor\\\/#primaryimage\"},\"thumbnailUrl\":\"https:\\\/\\\/lightweb.dev\\\/l\\\/svm-temp\\\/wp-content\\\/uploads\\\/2022\\\/06\\\/katalanska-vansterextremister-brande-bilder-pa-kungen-och-flaggor.png\",\"articleSection\":[\"Arkiv\",\"Nyheter\"],\"inLanguage\":\"sv-SE\"},{\"@type\":\"WebPage\",\"@id\":\"https:\\\/\\\/lightweb.dev\\\/l\\\/svm-temp\\\/nyheter\\\/katalanska-vansterextremister-brande-bilder-pa-kungen-och-flaggor\\\/\",\"url\":\"https:\\\/\\\/lightweb.dev\\\/l\\\/svm-temp\\\/nyheter\\\/katalanska-vansterextremister-brande-bilder-pa-kungen-och-flaggor\\\/\",\"name\":\"Katalanska v\u00e4nsterextremister br\u00e4nde bilder p\u00e5 kungen och flaggor - Svenska Magasinet\",\"isPartOf\":{\"@id\":\"https:\\\/\\\/lightweb.dev\\\/l\\\/svm-temp\\\/#website\"},\"primaryImageOfPage\":{\"@id\":\"https:\\\/\\\/lightweb.dev\\\/l\\\/svm-temp\\\/nyheter\\\/katalanska-vansterextremister-brande-bilder-pa-kungen-och-flaggor\\\/#primaryimage\"},\"image\":{\"@id\":\"https:\\\/\\\/lightweb.dev\\\/l\\\/svm-temp\\\/nyheter\\\/katalanska-vansterextremister-brande-bilder-pa-kungen-och-flaggor\\\/#primaryimage\"},\"thumbnailUrl\":\"https:\\\/\\\/lightweb.dev\\\/l\\\/svm-temp\\\/wp-content\\\/uploads\\\/2022\\\/06\\\/katalanska-vansterextremister-brande-bilder-pa-kungen-och-flaggor.png\",\"datePublished\":\"2016-09-12T22:00:00+00:00\",\"breadcrumb\":{\"@id\":\"https:\\\/\\\/lightweb.dev\\\/l\\\/svm-temp\\\/nyheter\\\/katalanska-vansterextremister-brande-bilder-pa-kungen-och-flaggor\\\/#breadcrumb\"},\"inLanguage\":\"sv-SE\",\"potentialAction\":[{\"@type\":\"ReadAction\",\"target\":[\"https:\\\/\\\/lightweb.dev\\\/l\\\/svm-temp\\\/nyheter\\\/katalanska-vansterextremister-brande-bilder-pa-kungen-och-flaggor\\\/\"]}]},{\"@type\":\"ImageObject\",\"inLanguage\":\"sv-SE\",\"@id\":\"https:\\\/\\\/lightweb.dev\\\/l\\\/svm-temp\\\/nyheter\\\/katalanska-vansterextremister-brande-bilder-pa-kungen-och-flaggor\\\/#primaryimage\",\"url\":\"https:\\\/\\\/lightweb.dev\\\/l\\\/svm-temp\\\/wp-content\\\/uploads\\\/2022\\\/06\\\/katalanska-vansterextremister-brande-bilder-pa-kungen-och-flaggor.png\",\"contentUrl\":\"https:\\\/\\\/lightweb.dev\\\/l\\\/svm-temp\\\/wp-content\\\/uploads\\\/2022\\\/06\\\/katalanska-vansterextremister-brande-bilder-pa-kungen-och-flaggor.png\",\"width\":395,\"height\":200},{\"@type\":\"BreadcrumbList\",\"@id\":\"https:\\\/\\\/lightweb.dev\\\/l\\\/svm-temp\\\/nyheter\\\/katalanska-vansterextremister-brande-bilder-pa-kungen-och-flaggor\\\/#breadcrumb\",\"itemListElement\":[{\"@type\":\"ListItem\",\"position\":1,\"name\":\"Hem\",\"item\":\"https:\\\/\\\/lightweb.dev\\\/l\\\/svm-temp\\\/\"},{\"@type\":\"ListItem\",\"position\":2,\"name\":\"Katalanska v\u00e4nsterextremister br\u00e4nde bilder p\u00e5 kungen och flaggor\"}]},{\"@type\":\"WebSite\",\"@id\":\"https:\\\/\\\/lightweb.dev\\\/l\\\/svm-temp\\\/#website\",\"url\":\"https:\\\/\\\/lightweb.dev\\\/l\\\/svm-temp\\\/\",\"name\":\"Svenska Magasinet\",\"description\":\"Dina Spanska nyheter p&aring; Svenska\",\"publisher\":{\"@id\":\"https:\\\/\\\/lightweb.dev\\\/l\\\/svm-temp\\\/#organization\"},\"potentialAction\":[{\"@type\":\"SearchAction\",\"target\":{\"@type\":\"EntryPoint\",\"urlTemplate\":\"https:\\\/\\\/lightweb.dev\\\/l\\\/svm-temp\\\/?s={search_term_string}\"},\"query-input\":{\"@type\":\"PropertyValueSpecification\",\"valueRequired\":true,\"valueName\":\"search_term_string\"}}],\"inLanguage\":\"sv-SE\"},{\"@type\":\"Organization\",\"@id\":\"https:\\\/\\\/lightweb.dev\\\/l\\\/svm-temp\\\/#organization\",\"name\":\"Melkerson y Nott SL\",\"alternateName\":\"Svenska Magasinet\",\"url\":\"https:\\\/\\\/lightweb.dev\\\/l\\\/svm-temp\\\/\",\"logo\":{\"@type\":\"ImageObject\",\"inLanguage\":\"sv-SE\",\"@id\":\"https:\\\/\\\/lightweb.dev\\\/l\\\/svm-temp\\\/#\\\/schema\\\/logo\\\/image\\\/\",\"url\":\"https:\\\/\\\/lightweb.dev\\\/l\\\/svm-temp\\\/wp-content\\\/uploads\\\/2025\\\/02\\\/SvM-logo-Xtra-Centrerad-SVART.png\",\"contentUrl\":\"https:\\\/\\\/lightweb.dev\\\/l\\\/svm-temp\\\/wp-content\\\/uploads\\\/2025\\\/02\\\/SvM-logo-Xtra-Centrerad-SVART.png\",\"width\":300,\"height\":99,\"caption\":\"Melkerson y Nott SL\"},\"image\":{\"@id\":\"https:\\\/\\\/lightweb.dev\\\/l\\\/svm-temp\\\/#\\\/schema\\\/logo\\\/image\\\/\"},\"sameAs\":[\"https:\\\/\\\/www.facebook.com\\\/svenskamagasinet\",\"https:\\\/\\\/x.com\\\/SvenskaMagasine\"]},{\"@type\":\"Person\",\"@id\":\"https:\\\/\\\/lightweb.dev\\\/l\\\/svm-temp\\\/#\\\/schema\\\/person\\\/206a3bda5b607b0c25e1749191e4d837\",\"name\":\"Redaktionen SvM\",\"description\":\"Redaktionen\",\"sameAs\":[\"https:\\\/\\\/lightweb.dev\\\/l\\\/svm-temp\"],\"url\":\"https:\\\/\\\/lightweb.dev\\\/l\\\/svm-temp\\\/reporter\\\/redaktionen\\\/\"}]}<\/script>\n<!-- \/ Yoast SEO Premium plugin. -->","yoast_head_json":{"title":"Katalanska v\u00e4nsterextremister br\u00e4nde bilder p\u00e5 kungen och flaggor - Svenska Magasinet","robots":{"index":"noindex","follow":"follow","max-snippet":"max-snippet:-1","max-image-preview":"max-image-preview:large","max-video-preview":"max-video-preview:-1"},"og_locale":"sv_SE","og_type":"article","og_title":"Katalanska v\u00e4nsterextremister br\u00e4nde bilder p\u00e5 kungen och flaggor","og_description":"Den regionala katalanska polisk\u00e5ren Los Mossos d&#8217;Esquadra har inlett en unders\u00f6kning d\u00e4r v\u00e4nsterradikala antikapitalister och nationalister ska ha br\u00e4nt bilder av kung Felipe VI och den spanska flaggan. Ytterligare ett \u00e4rende kommer att inledas vid nationaldomstolen Audiencia Nacional. H\u00e4ndelserna ska ha intr\u00e4ffat i s\u00f6ndags n\u00e4r Kataloniens dag la Diada firades skriver Diario SUR p\u00e5 tisdagen. [&hellip;]","og_url":"https:\/\/lightweb.dev\/l\/svm-temp\/nyheter\/katalanska-vansterextremister-brande-bilder-pa-kungen-och-flaggor\/","og_site_name":"Svenska Magasinet","article_publisher":"https:\/\/www.facebook.com\/svenskamagasinet","article_published_time":"2016-09-12T22:00:00+00:00","og_image":[{"width":395,"height":200,"url":"https:\/\/lightweb.dev\/l\/svm-temp\/wp-content\/uploads\/2022\/06\/katalanska-vansterextremister-brande-bilder-pa-kungen-och-flaggor.png","type":"image\/png"}],"author":"Redaktionen SvM","twitter_card":"summary_large_image","twitter_creator":"@SvenskaMagasine","twitter_site":"@SvenskaMagasine","schema":{"@context":"https:\/\/schema.org","@graph":[{"@type":"Article","@id":"https:\/\/lightweb.dev\/l\/svm-temp\/nyheter\/katalanska-vansterextremister-brande-bilder-pa-kungen-och-flaggor\/#article","isPartOf":{"@id":"https:\/\/lightweb.dev\/l\/svm-temp\/nyheter\/katalanska-vansterextremister-brande-bilder-pa-kungen-och-flaggor\/"},"author":{"name":"Redaktionen SvM","@id":"https:\/\/lightweb.dev\/l\/svm-temp\/#\/schema\/person\/206a3bda5b607b0c25e1749191e4d837"},"headline":"Katalanska v\u00e4nsterextremister br\u00e4nde bilder p\u00e5 kungen och flaggor","datePublished":"2016-09-12T22:00:00+00:00","mainEntityOfPage":{"@id":"https:\/\/lightweb.dev\/l\/svm-temp\/nyheter\/katalanska-vansterextremister-brande-bilder-pa-kungen-och-flaggor\/"},"wordCount":219,"commentCount":0,"publisher":{"@id":"https:\/\/lightweb.dev\/l\/svm-temp\/#organization"},"image":{"@id":"https:\/\/lightweb.dev\/l\/svm-temp\/nyheter\/katalanska-vansterextremister-brande-bilder-pa-kungen-och-flaggor\/#primaryimage"},"thumbnailUrl":"https:\/\/lightweb.dev\/l\/svm-temp\/wp-content\/uploads\/2022\/06\/katalanska-vansterextremister-brande-bilder-pa-kungen-och-flaggor.png","articleSection":["Arkiv","Nyheter"],"inLanguage":"sv-SE"},{"@type":"WebPage","@id":"https:\/\/lightweb.dev\/l\/svm-temp\/nyheter\/katalanska-vansterextremister-brande-bilder-pa-kungen-och-flaggor\/","url":"https:\/\/lightweb.dev\/l\/svm-temp\/nyheter\/katalanska-vansterextremister-brande-bilder-pa-kungen-och-flaggor\/","name":"Katalanska v\u00e4nsterextremister br\u00e4nde bilder p\u00e5 kungen och flaggor - Svenska Magasinet","isPartOf":{"@id":"https:\/\/lightweb.dev\/l\/svm-temp\/#website"},"primaryImageOfPage":{"@id":"https:\/\/lightweb.dev\/l\/svm-temp\/nyheter\/katalanska-vansterextremister-brande-bilder-pa-kungen-och-flaggor\/#primaryimage"},"image":{"@id":"https:\/\/lightweb.dev\/l\/svm-temp\/nyheter\/katalanska-vansterextremister-brande-bilder-pa-kungen-och-flaggor\/#primaryimage"},"thumbnailUrl":"https:\/\/lightweb.dev\/l\/svm-temp\/wp-content\/uploads\/2022\/06\/katalanska-vansterextremister-brande-bilder-pa-kungen-och-flaggor.png","datePublished":"2016-09-12T22:00:00+00:00","breadcrumb":{"@id":"https:\/\/lightweb.dev\/l\/svm-temp\/nyheter\/katalanska-vansterextremister-brande-bilder-pa-kungen-och-flaggor\/#breadcrumb"},"inLanguage":"sv-SE","potentialAction":[{"@type":"ReadAction","target":["https:\/\/lightweb.dev\/l\/svm-temp\/nyheter\/katalanska-vansterextremister-brande-bilder-pa-kungen-och-flaggor\/"]}]},{"@type":"ImageObject","inLanguage":"sv-SE","@id":"https:\/\/lightweb.dev\/l\/svm-temp\/nyheter\/katalanska-vansterextremister-brande-bilder-pa-kungen-och-flaggor\/#primaryimage","url":"https:\/\/lightweb.dev\/l\/svm-temp\/wp-content\/uploads\/2022\/06\/katalanska-vansterextremister-brande-bilder-pa-kungen-och-flaggor.png","contentUrl":"https:\/\/lightweb.dev\/l\/svm-temp\/wp-content\/uploads\/2022\/06\/katalanska-vansterextremister-brande-bilder-pa-kungen-och-flaggor.png","width":395,"height":200},{"@type":"BreadcrumbList","@id":"https:\/\/lightweb.dev\/l\/svm-temp\/nyheter\/katalanska-vansterextremister-brande-bilder-pa-kungen-och-flaggor\/#breadcrumb","itemListElement":[{"@type":"ListItem","position":1,"name":"Hem","item":"https:\/\/lightweb.dev\/l\/svm-temp\/"},{"@type":"ListItem","position":2,"name":"Katalanska v\u00e4nsterextremister br\u00e4nde bilder p\u00e5 kungen och flaggor"}]},{"@type":"WebSite","@id":"https:\/\/lightweb.dev\/l\/svm-temp\/#website","url":"https:\/\/lightweb.dev\/l\/svm-temp\/","name":"Svenska Magasinet","description":"Dina Spanska nyheter p&aring; Svenska","publisher":{"@id":"https:\/\/lightweb.dev\/l\/svm-temp\/#organization"},"potentialAction":[{"@type":"SearchAction","target":{"@type":"EntryPoint","urlTemplate":"https:\/\/lightweb.dev\/l\/svm-temp\/?s={search_term_string}"},"query-input":{"@type":"PropertyValueSpecification","valueRequired":true,"valueName":"search_term_string"}}],"inLanguage":"sv-SE"},{"@type":"Organization","@id":"https:\/\/lightweb.dev\/l\/svm-temp\/#organization","name":"Melkerson y Nott SL","alternateName":"Svenska Magasinet","url":"https:\/\/lightweb.dev\/l\/svm-temp\/","logo":{"@type":"ImageObject","inLanguage":"sv-SE","@id":"https:\/\/lightweb.dev\/l\/svm-temp\/#\/schema\/logo\/image\/","url":"https:\/\/lightweb.dev\/l\/svm-temp\/wp-content\/uploads\/2025\/02\/SvM-logo-Xtra-Centrerad-SVART.png","contentUrl":"https:\/\/lightweb.dev\/l\/svm-temp\/wp-content\/uploads\/2025\/02\/SvM-logo-Xtra-Centrerad-SVART.png","width":300,"height":99,"caption":"Melkerson y Nott SL"},"image":{"@id":"https:\/\/lightweb.dev\/l\/svm-temp\/#\/schema\/logo\/image\/"},"sameAs":["https:\/\/www.facebook.com\/svenskamagasinet","https:\/\/x.com\/SvenskaMagasine"]},{"@type":"Person","@id":"https:\/\/lightweb.dev\/l\/svm-temp\/#\/schema\/person\/206a3bda5b607b0c25e1749191e4d837","name":"Redaktionen SvM","description":"Redaktionen","sameAs":["https:\/\/lightweb.dev\/l\/svm-temp"],"url":"https:\/\/lightweb.dev\/l\/svm-temp\/reporter\/redaktionen\/"}]}},"_links":{"self":[{"href":"https:\/\/lightweb.dev\/l\/svm-temp\/wp-json\/wp\/v2\/posts\/21575","targetHints":{"allow":["GET"]}}],"collection":[{"href":"https:\/\/lightweb.dev\/l\/svm-temp\/wp-json\/wp\/v2\/posts"}],"about":[{"href":"https:\/\/lightweb.dev\/l\/svm-temp\/wp-json\/wp\/v2\/types\/post"}],"author":[{"embeddable":true,"href":"https:\/\/lightweb.dev\/l\/svm-temp\/wp-json\/wp\/v2\/users\/8"}],"replies":[{"embeddable":true,"href":"https:\/\/lightweb.dev\/l\/svm-temp\/wp-json\/wp\/v2\/comments?post=21575"}],"version-history":[{"count":0,"href":"https:\/\/lightweb.dev\/l\/svm-temp\/wp-json\/wp\/v2\/posts\/21575\/revisions"}],"wp:featuredmedia":[{"embeddable":true,"href":"https:\/\/lightweb.dev\/l\/svm-temp\/wp-json\/wp\/v2\/media\/21576"}],"wp:attachment":[{"href":"https:\/\/lightweb.dev\/l\/svm-temp\/wp-json\/wp\/v2\/media?parent=21575"}],"wp:term":[{"taxonomy":"category","embeddable":true,"href":"https:\/\/lightweb.dev\/l\/svm-temp\/wp-json\/wp\/v2\/categories?post=21575"},{"taxonomy":"post_tag","embeddable":true,"href":"https:\/\/lightweb.dev\/l\/svm-temp\/wp-json\/wp\/v2\/tags?post=21575"}],"curies":[{"name":"wp","href":"https:\/\/api.w.org\/{rel}","templated":true}]}}