{"id":21583,"date":"2016-09-12T00:00:00","date_gmt":"2016-09-11T22:00:00","guid":{"rendered":"https:\/\/lightweb.dev\/l\/svm-temp\/nyheter\/over-8-000-ansokningar-om-turistlagenhet-pa-fyra-manader\/"},"modified":"2016-09-12T00:00:00","modified_gmt":"2016-09-11T22:00:00","slug":"over-8-000-ansokningar-om-turistlagenhet-pa-fyra-manader","status":"publish","type":"post","link":"https:\/\/lightweb.dev\/l\/svm-temp\/nyheter\/over-8-000-ansokningar-om-turistlagenhet-pa-fyra-manader\/","title":{"rendered":"\u00d6ver 8.000 ans\u00f6kningar om turistl\u00e4genhet p\u00e5 fyra m\u00e5nader"},"content":{"rendered":"<p> Sedan den 10 maj d\u00e5 den nya hyreslagen tr\u00e4dde i kraft och som inneb\u00e4r att en bostad i Andalusien som regelbundet erbjuds f\u00f6r uthyrning ska registreras har \u00f6ver 8.000 ans\u00f6kningar inkommit. 4.000 har hittills behandlats och registrerats. Det skriver Diario SUR p\u00e5 m\u00e5ndagen.<\/p>\n<p>En bostad ska registreras oavsett n\u00e4r och hur l\u00e4nge den hyrs ut. Om bostaden hyrs ut under en sammanh\u00e4ngande period p\u00e5 mer \u00e4n tv\u00e5 m\u00e5nader till samma hyresg\u00e4st, \u00e4r bostaden undantagen kravet p\u00e5 registrering.<\/p>\n<p>Under de senaste fyra m\u00e5naderna efter att den nya hyreslagen tr\u00e4dde i kraft har \u00f6ver 8.000 registreringar gjorts av det som g\u00e5r under namnet \u201dViviendas de Uso Tur\u00edstico\u201d, Turistl\u00e4genheter enligt uppgifter vid regionalregeringen Junta de Andalucias Turistdelegation i M\u00e1laga.<\/p>\n<p>Enligt en studie som Turistdelegationen l\u00e5tit g\u00f6ra finns det 26.847 bost\u00e4der som hyrs ut regelbundet via portaler som fungerar som mellanh\u00e4nder mellan \u00e4gare och turister. Det r\u00f6r sig om Airbnb, Homeaway, Miumba, Windu, Housetrip, Rentalia, Bemate, Vacaciones Espa\u00f1a och Only Apartments.<\/p>\n<p>Efter att en liknande lag antogs i Katalonien har 150.000 bost\u00e4der kommit med i registret f\u00f6r turistbost\u00e4der.<\/p>\n<p>I provinsen M\u00e1laga \u00e4r flest turistl\u00e4genheter registrerade i Marbella (693), M\u00e1laga (673), Nerja (446) och Benalm\u00e1dena (350).<\/p>\n<p>Om en bostads\u00e4gare har en bostad p\u00e5 landsbygden eller om hyresv\u00e4rden hyr ut tre bost\u00e4der eller fler inom en radie p\u00e5 en kilometer, faller bost\u00e4derna utom den nya regleringen. L\u00e4s mer: Fr\u00e5ga advokaten: B\u00f6ter till den som hyr ut utan licens?<\/p>\n","protected":false},"excerpt":{"rendered":"<p>Sedan den 10 maj d\u00e5 den nya hyreslagen tr\u00e4dde i kraft och som inneb\u00e4r att en bostad i Andalusien som regelbundet erbjuds f\u00f6r uthyrning ska registreras har \u00f6ver 8.000 ans\u00f6kningar inkommit. 4.000 har hittills behandlats och registrerats. Det skriver Diario SUR p\u00e5 m\u00e5ndagen. En bostad ska registreras oavsett n\u00e4r och hur l\u00e4nge den hyrs ut. [&hellip;]<\/p>\n","protected":false},"author":8,"featured_media":21584,"comment_status":"open","ping_status":"open","sticky":false,"template":"","format":"standard","meta":{"_et_pb_use_builder":"","_et_pb_old_content":"","_et_gb_content_width":"","footnotes":""},"categories":[395,3],"tags":[],"class_list":["post-21583","post","type-post","status-publish","format-standard","has-post-thumbnail","hentry","category-arkiv-nyheter","category-nyheter"],"yoast_head":"<!-- This site is optimized with the Yoast SEO Premium plugin v26.2 (Yoast SEO v27.4) - https:\/\/yoast.com\/product\/yoast-seo-premium-wordpress\/ -->\n<title>\u00d6ver 8.000 ans\u00f6kningar om turistl\u00e4genhet p\u00e5 fyra m\u00e5nader - Svenska Magasinet<\/title>\n<meta name=\"robots\" content=\"noindex, follow, max-snippet:-1, max-image-preview:large, max-video-preview:-1\" \/>\n<meta property=\"og:locale\" content=\"sv_SE\" \/>\n<meta property=\"og:type\" content=\"article\" \/>\n<meta property=\"og:title\" content=\"\u00d6ver 8.000 ans\u00f6kningar om turistl\u00e4genhet p\u00e5 fyra m\u00e5nader\" \/>\n<meta property=\"og:description\" content=\"Sedan den 10 maj d\u00e5 den nya hyreslagen tr\u00e4dde i kraft och som inneb\u00e4r att en bostad i Andalusien som regelbundet erbjuds f\u00f6r uthyrning ska registreras har \u00f6ver 8.000 ans\u00f6kningar inkommit. 4.000 har hittills behandlats och registrerats. Det skriver Diario SUR p\u00e5 m\u00e5ndagen. En bostad ska registreras oavsett n\u00e4r och hur l\u00e4nge den hyrs ut. [&hellip;]\" \/>\n<meta property=\"og:url\" content=\"https:\/\/lightweb.dev\/l\/svm-temp\/nyheter\/over-8-000-ansokningar-om-turistlagenhet-pa-fyra-manader\/\" \/>\n<meta property=\"og:site_name\" content=\"Svenska Magasinet\" \/>\n<meta property=\"article:publisher\" content=\"https:\/\/www.facebook.com\/svenskamagasinet\" \/>\n<meta property=\"article:published_time\" content=\"2016-09-11T22:00:00+00:00\" \/>\n<meta property=\"og:image\" content=\"https:\/\/lightweb.dev\/l\/svm-temp\/wp-content\/uploads\/2022\/06\/over-8000-ansokningar-om-turistlagenhet-pa-fyra-manader.png\" \/>\n\t<meta property=\"og:image:width\" content=\"300\" \/>\n\t<meta property=\"og:image:height\" content=\"200\" \/>\n\t<meta property=\"og:image:type\" content=\"image\/png\" \/>\n<meta name=\"author\" content=\"Redaktionen SvM\" \/>\n<meta name=\"twitter:card\" content=\"summary_large_image\" \/>\n<meta name=\"twitter:creator\" content=\"@SvenskaMagasine\" \/>\n<meta name=\"twitter:site\" content=\"@SvenskaMagasine\" \/>\n<script type=\"application\/ld+json\" class=\"yoast-schema-graph\">{\"@context\":\"https:\\\/\\\/schema.org\",\"@graph\":[{\"@type\":\"Article\",\"@id\":\"https:\\\/\\\/lightweb.dev\\\/l\\\/svm-temp\\\/nyheter\\\/over-8-000-ansokningar-om-turistlagenhet-pa-fyra-manader\\\/#article\",\"isPartOf\":{\"@id\":\"https:\\\/\\\/lightweb.dev\\\/l\\\/svm-temp\\\/nyheter\\\/over-8-000-ansokningar-om-turistlagenhet-pa-fyra-manader\\\/\"},\"author\":{\"name\":\"Redaktionen SvM\",\"@id\":\"https:\\\/\\\/lightweb.dev\\\/l\\\/svm-temp\\\/#\\\/schema\\\/person\\\/206a3bda5b607b0c25e1749191e4d837\"},\"headline\":\"\u00d6ver 8.000 ans\u00f6kningar om turistl\u00e4genhet p\u00e5 fyra m\u00e5nader\",\"datePublished\":\"2016-09-11T22:00:00+00:00\",\"mainEntityOfPage\":{\"@id\":\"https:\\\/\\\/lightweb.dev\\\/l\\\/svm-temp\\\/nyheter\\\/over-8-000-ansokningar-om-turistlagenhet-pa-fyra-manader\\\/\"},\"wordCount\":268,\"commentCount\":0,\"publisher\":{\"@id\":\"https:\\\/\\\/lightweb.dev\\\/l\\\/svm-temp\\\/#organization\"},\"image\":{\"@id\":\"https:\\\/\\\/lightweb.dev\\\/l\\\/svm-temp\\\/nyheter\\\/over-8-000-ansokningar-om-turistlagenhet-pa-fyra-manader\\\/#primaryimage\"},\"thumbnailUrl\":\"https:\\\/\\\/lightweb.dev\\\/l\\\/svm-temp\\\/wp-content\\\/uploads\\\/2022\\\/06\\\/over-8000-ansokningar-om-turistlagenhet-pa-fyra-manader.png\",\"articleSection\":[\"Arkiv\",\"Nyheter\"],\"inLanguage\":\"sv-SE\"},{\"@type\":\"WebPage\",\"@id\":\"https:\\\/\\\/lightweb.dev\\\/l\\\/svm-temp\\\/nyheter\\\/over-8-000-ansokningar-om-turistlagenhet-pa-fyra-manader\\\/\",\"url\":\"https:\\\/\\\/lightweb.dev\\\/l\\\/svm-temp\\\/nyheter\\\/over-8-000-ansokningar-om-turistlagenhet-pa-fyra-manader\\\/\",\"name\":\"\u00d6ver 8.000 ans\u00f6kningar om turistl\u00e4genhet p\u00e5 fyra m\u00e5nader - Svenska Magasinet\",\"isPartOf\":{\"@id\":\"https:\\\/\\\/lightweb.dev\\\/l\\\/svm-temp\\\/#website\"},\"primaryImageOfPage\":{\"@id\":\"https:\\\/\\\/lightweb.dev\\\/l\\\/svm-temp\\\/nyheter\\\/over-8-000-ansokningar-om-turistlagenhet-pa-fyra-manader\\\/#primaryimage\"},\"image\":{\"@id\":\"https:\\\/\\\/lightweb.dev\\\/l\\\/svm-temp\\\/nyheter\\\/over-8-000-ansokningar-om-turistlagenhet-pa-fyra-manader\\\/#primaryimage\"},\"thumbnailUrl\":\"https:\\\/\\\/lightweb.dev\\\/l\\\/svm-temp\\\/wp-content\\\/uploads\\\/2022\\\/06\\\/over-8000-ansokningar-om-turistlagenhet-pa-fyra-manader.png\",\"datePublished\":\"2016-09-11T22:00:00+00:00\",\"breadcrumb\":{\"@id\":\"https:\\\/\\\/lightweb.dev\\\/l\\\/svm-temp\\\/nyheter\\\/over-8-000-ansokningar-om-turistlagenhet-pa-fyra-manader\\\/#breadcrumb\"},\"inLanguage\":\"sv-SE\",\"potentialAction\":[{\"@type\":\"ReadAction\",\"target\":[\"https:\\\/\\\/lightweb.dev\\\/l\\\/svm-temp\\\/nyheter\\\/over-8-000-ansokningar-om-turistlagenhet-pa-fyra-manader\\\/\"]}]},{\"@type\":\"ImageObject\",\"inLanguage\":\"sv-SE\",\"@id\":\"https:\\\/\\\/lightweb.dev\\\/l\\\/svm-temp\\\/nyheter\\\/over-8-000-ansokningar-om-turistlagenhet-pa-fyra-manader\\\/#primaryimage\",\"url\":\"https:\\\/\\\/lightweb.dev\\\/l\\\/svm-temp\\\/wp-content\\\/uploads\\\/2022\\\/06\\\/over-8000-ansokningar-om-turistlagenhet-pa-fyra-manader.png\",\"contentUrl\":\"https:\\\/\\\/lightweb.dev\\\/l\\\/svm-temp\\\/wp-content\\\/uploads\\\/2022\\\/06\\\/over-8000-ansokningar-om-turistlagenhet-pa-fyra-manader.png\",\"width\":300,\"height\":200},{\"@type\":\"BreadcrumbList\",\"@id\":\"https:\\\/\\\/lightweb.dev\\\/l\\\/svm-temp\\\/nyheter\\\/over-8-000-ansokningar-om-turistlagenhet-pa-fyra-manader\\\/#breadcrumb\",\"itemListElement\":[{\"@type\":\"ListItem\",\"position\":1,\"name\":\"Hem\",\"item\":\"https:\\\/\\\/lightweb.dev\\\/l\\\/svm-temp\\\/\"},{\"@type\":\"ListItem\",\"position\":2,\"name\":\"\u00d6ver 8.000 ans\u00f6kningar om turistl\u00e4genhet p\u00e5 fyra m\u00e5nader\"}]},{\"@type\":\"WebSite\",\"@id\":\"https:\\\/\\\/lightweb.dev\\\/l\\\/svm-temp\\\/#website\",\"url\":\"https:\\\/\\\/lightweb.dev\\\/l\\\/svm-temp\\\/\",\"name\":\"Svenska Magasinet\",\"description\":\"Dina Spanska nyheter p&aring; Svenska\",\"publisher\":{\"@id\":\"https:\\\/\\\/lightweb.dev\\\/l\\\/svm-temp\\\/#organization\"},\"potentialAction\":[{\"@type\":\"SearchAction\",\"target\":{\"@type\":\"EntryPoint\",\"urlTemplate\":\"https:\\\/\\\/lightweb.dev\\\/l\\\/svm-temp\\\/?s={search_term_string}\"},\"query-input\":{\"@type\":\"PropertyValueSpecification\",\"valueRequired\":true,\"valueName\":\"search_term_string\"}}],\"inLanguage\":\"sv-SE\"},{\"@type\":\"Organization\",\"@id\":\"https:\\\/\\\/lightweb.dev\\\/l\\\/svm-temp\\\/#organization\",\"name\":\"Melkerson y Nott SL\",\"alternateName\":\"Svenska Magasinet\",\"url\":\"https:\\\/\\\/lightweb.dev\\\/l\\\/svm-temp\\\/\",\"logo\":{\"@type\":\"ImageObject\",\"inLanguage\":\"sv-SE\",\"@id\":\"https:\\\/\\\/lightweb.dev\\\/l\\\/svm-temp\\\/#\\\/schema\\\/logo\\\/image\\\/\",\"url\":\"https:\\\/\\\/lightweb.dev\\\/l\\\/svm-temp\\\/wp-content\\\/uploads\\\/2025\\\/02\\\/SvM-logo-Xtra-Centrerad-SVART.png\",\"contentUrl\":\"https:\\\/\\\/lightweb.dev\\\/l\\\/svm-temp\\\/wp-content\\\/uploads\\\/2025\\\/02\\\/SvM-logo-Xtra-Centrerad-SVART.png\",\"width\":300,\"height\":99,\"caption\":\"Melkerson y Nott SL\"},\"image\":{\"@id\":\"https:\\\/\\\/lightweb.dev\\\/l\\\/svm-temp\\\/#\\\/schema\\\/logo\\\/image\\\/\"},\"sameAs\":[\"https:\\\/\\\/www.facebook.com\\\/svenskamagasinet\",\"https:\\\/\\\/x.com\\\/SvenskaMagasine\"]},{\"@type\":\"Person\",\"@id\":\"https:\\\/\\\/lightweb.dev\\\/l\\\/svm-temp\\\/#\\\/schema\\\/person\\\/206a3bda5b607b0c25e1749191e4d837\",\"name\":\"Redaktionen SvM\",\"description\":\"Redaktionen\",\"sameAs\":[\"https:\\\/\\\/lightweb.dev\\\/l\\\/svm-temp\"],\"url\":\"https:\\\/\\\/lightweb.dev\\\/l\\\/svm-temp\\\/reporter\\\/redaktionen\\\/\"}]}<\/script>\n<!-- \/ Yoast SEO Premium plugin. -->","yoast_head_json":{"title":"\u00d6ver 8.000 ans\u00f6kningar om turistl\u00e4genhet p\u00e5 fyra m\u00e5nader - Svenska Magasinet","robots":{"index":"noindex","follow":"follow","max-snippet":"max-snippet:-1","max-image-preview":"max-image-preview:large","max-video-preview":"max-video-preview:-1"},"og_locale":"sv_SE","og_type":"article","og_title":"\u00d6ver 8.000 ans\u00f6kningar om turistl\u00e4genhet p\u00e5 fyra m\u00e5nader","og_description":"Sedan den 10 maj d\u00e5 den nya hyreslagen tr\u00e4dde i kraft och som inneb\u00e4r att en bostad i Andalusien som regelbundet erbjuds f\u00f6r uthyrning ska registreras har \u00f6ver 8.000 ans\u00f6kningar inkommit. 4.000 har hittills behandlats och registrerats. Det skriver Diario SUR p\u00e5 m\u00e5ndagen. En bostad ska registreras oavsett n\u00e4r och hur l\u00e4nge den hyrs ut. [&hellip;]","og_url":"https:\/\/lightweb.dev\/l\/svm-temp\/nyheter\/over-8-000-ansokningar-om-turistlagenhet-pa-fyra-manader\/","og_site_name":"Svenska Magasinet","article_publisher":"https:\/\/www.facebook.com\/svenskamagasinet","article_published_time":"2016-09-11T22:00:00+00:00","og_image":[{"width":300,"height":200,"url":"https:\/\/lightweb.dev\/l\/svm-temp\/wp-content\/uploads\/2022\/06\/over-8000-ansokningar-om-turistlagenhet-pa-fyra-manader.png","type":"image\/png"}],"author":"Redaktionen SvM","twitter_card":"summary_large_image","twitter_creator":"@SvenskaMagasine","twitter_site":"@SvenskaMagasine","schema":{"@context":"https:\/\/schema.org","@graph":[{"@type":"Article","@id":"https:\/\/lightweb.dev\/l\/svm-temp\/nyheter\/over-8-000-ansokningar-om-turistlagenhet-pa-fyra-manader\/#article","isPartOf":{"@id":"https:\/\/lightweb.dev\/l\/svm-temp\/nyheter\/over-8-000-ansokningar-om-turistlagenhet-pa-fyra-manader\/"},"author":{"name":"Redaktionen SvM","@id":"https:\/\/lightweb.dev\/l\/svm-temp\/#\/schema\/person\/206a3bda5b607b0c25e1749191e4d837"},"headline":"\u00d6ver 8.000 ans\u00f6kningar om turistl\u00e4genhet p\u00e5 fyra m\u00e5nader","datePublished":"2016-09-11T22:00:00+00:00","mainEntityOfPage":{"@id":"https:\/\/lightweb.dev\/l\/svm-temp\/nyheter\/over-8-000-ansokningar-om-turistlagenhet-pa-fyra-manader\/"},"wordCount":268,"commentCount":0,"publisher":{"@id":"https:\/\/lightweb.dev\/l\/svm-temp\/#organization"},"image":{"@id":"https:\/\/lightweb.dev\/l\/svm-temp\/nyheter\/over-8-000-ansokningar-om-turistlagenhet-pa-fyra-manader\/#primaryimage"},"thumbnailUrl":"https:\/\/lightweb.dev\/l\/svm-temp\/wp-content\/uploads\/2022\/06\/over-8000-ansokningar-om-turistlagenhet-pa-fyra-manader.png","articleSection":["Arkiv","Nyheter"],"inLanguage":"sv-SE"},{"@type":"WebPage","@id":"https:\/\/lightweb.dev\/l\/svm-temp\/nyheter\/over-8-000-ansokningar-om-turistlagenhet-pa-fyra-manader\/","url":"https:\/\/lightweb.dev\/l\/svm-temp\/nyheter\/over-8-000-ansokningar-om-turistlagenhet-pa-fyra-manader\/","name":"\u00d6ver 8.000 ans\u00f6kningar om turistl\u00e4genhet p\u00e5 fyra m\u00e5nader - Svenska Magasinet","isPartOf":{"@id":"https:\/\/lightweb.dev\/l\/svm-temp\/#website"},"primaryImageOfPage":{"@id":"https:\/\/lightweb.dev\/l\/svm-temp\/nyheter\/over-8-000-ansokningar-om-turistlagenhet-pa-fyra-manader\/#primaryimage"},"image":{"@id":"https:\/\/lightweb.dev\/l\/svm-temp\/nyheter\/over-8-000-ansokningar-om-turistlagenhet-pa-fyra-manader\/#primaryimage"},"thumbnailUrl":"https:\/\/lightweb.dev\/l\/svm-temp\/wp-content\/uploads\/2022\/06\/over-8000-ansokningar-om-turistlagenhet-pa-fyra-manader.png","datePublished":"2016-09-11T22:00:00+00:00","breadcrumb":{"@id":"https:\/\/lightweb.dev\/l\/svm-temp\/nyheter\/over-8-000-ansokningar-om-turistlagenhet-pa-fyra-manader\/#breadcrumb"},"inLanguage":"sv-SE","potentialAction":[{"@type":"ReadAction","target":["https:\/\/lightweb.dev\/l\/svm-temp\/nyheter\/over-8-000-ansokningar-om-turistlagenhet-pa-fyra-manader\/"]}]},{"@type":"ImageObject","inLanguage":"sv-SE","@id":"https:\/\/lightweb.dev\/l\/svm-temp\/nyheter\/over-8-000-ansokningar-om-turistlagenhet-pa-fyra-manader\/#primaryimage","url":"https:\/\/lightweb.dev\/l\/svm-temp\/wp-content\/uploads\/2022\/06\/over-8000-ansokningar-om-turistlagenhet-pa-fyra-manader.png","contentUrl":"https:\/\/lightweb.dev\/l\/svm-temp\/wp-content\/uploads\/2022\/06\/over-8000-ansokningar-om-turistlagenhet-pa-fyra-manader.png","width":300,"height":200},{"@type":"BreadcrumbList","@id":"https:\/\/lightweb.dev\/l\/svm-temp\/nyheter\/over-8-000-ansokningar-om-turistlagenhet-pa-fyra-manader\/#breadcrumb","itemListElement":[{"@type":"ListItem","position":1,"name":"Hem","item":"https:\/\/lightweb.dev\/l\/svm-temp\/"},{"@type":"ListItem","position":2,"name":"\u00d6ver 8.000 ans\u00f6kningar om turistl\u00e4genhet p\u00e5 fyra m\u00e5nader"}]},{"@type":"WebSite","@id":"https:\/\/lightweb.dev\/l\/svm-temp\/#website","url":"https:\/\/lightweb.dev\/l\/svm-temp\/","name":"Svenska Magasinet","description":"Dina Spanska nyheter p&aring; Svenska","publisher":{"@id":"https:\/\/lightweb.dev\/l\/svm-temp\/#organization"},"potentialAction":[{"@type":"SearchAction","target":{"@type":"EntryPoint","urlTemplate":"https:\/\/lightweb.dev\/l\/svm-temp\/?s={search_term_string}"},"query-input":{"@type":"PropertyValueSpecification","valueRequired":true,"valueName":"search_term_string"}}],"inLanguage":"sv-SE"},{"@type":"Organization","@id":"https:\/\/lightweb.dev\/l\/svm-temp\/#organization","name":"Melkerson y Nott SL","alternateName":"Svenska Magasinet","url":"https:\/\/lightweb.dev\/l\/svm-temp\/","logo":{"@type":"ImageObject","inLanguage":"sv-SE","@id":"https:\/\/lightweb.dev\/l\/svm-temp\/#\/schema\/logo\/image\/","url":"https:\/\/lightweb.dev\/l\/svm-temp\/wp-content\/uploads\/2025\/02\/SvM-logo-Xtra-Centrerad-SVART.png","contentUrl":"https:\/\/lightweb.dev\/l\/svm-temp\/wp-content\/uploads\/2025\/02\/SvM-logo-Xtra-Centrerad-SVART.png","width":300,"height":99,"caption":"Melkerson y Nott SL"},"image":{"@id":"https:\/\/lightweb.dev\/l\/svm-temp\/#\/schema\/logo\/image\/"},"sameAs":["https:\/\/www.facebook.com\/svenskamagasinet","https:\/\/x.com\/SvenskaMagasine"]},{"@type":"Person","@id":"https:\/\/lightweb.dev\/l\/svm-temp\/#\/schema\/person\/206a3bda5b607b0c25e1749191e4d837","name":"Redaktionen SvM","description":"Redaktionen","sameAs":["https:\/\/lightweb.dev\/l\/svm-temp"],"url":"https:\/\/lightweb.dev\/l\/svm-temp\/reporter\/redaktionen\/"}]}},"_links":{"self":[{"href":"https:\/\/lightweb.dev\/l\/svm-temp\/wp-json\/wp\/v2\/posts\/21583","targetHints":{"allow":["GET"]}}],"collection":[{"href":"https:\/\/lightweb.dev\/l\/svm-temp\/wp-json\/wp\/v2\/posts"}],"about":[{"href":"https:\/\/lightweb.dev\/l\/svm-temp\/wp-json\/wp\/v2\/types\/post"}],"author":[{"embeddable":true,"href":"https:\/\/lightweb.dev\/l\/svm-temp\/wp-json\/wp\/v2\/users\/8"}],"replies":[{"embeddable":true,"href":"https:\/\/lightweb.dev\/l\/svm-temp\/wp-json\/wp\/v2\/comments?post=21583"}],"version-history":[{"count":0,"href":"https:\/\/lightweb.dev\/l\/svm-temp\/wp-json\/wp\/v2\/posts\/21583\/revisions"}],"wp:featuredmedia":[{"embeddable":true,"href":"https:\/\/lightweb.dev\/l\/svm-temp\/wp-json\/wp\/v2\/media\/21584"}],"wp:attachment":[{"href":"https:\/\/lightweb.dev\/l\/svm-temp\/wp-json\/wp\/v2\/media?parent=21583"}],"wp:term":[{"taxonomy":"category","embeddable":true,"href":"https:\/\/lightweb.dev\/l\/svm-temp\/wp-json\/wp\/v2\/categories?post=21583"},{"taxonomy":"post_tag","embeddable":true,"href":"https:\/\/lightweb.dev\/l\/svm-temp\/wp-json\/wp\/v2\/tags?post=21583"}],"curies":[{"name":"wp","href":"https:\/\/api.w.org\/{rel}","templated":true}]}}