{"id":2175,"date":"2007-05-09T00:00:00","date_gmt":"2007-05-08T22:00:00","guid":{"rendered":"https:\/\/lightweb.dev\/l\/svm-temp\/spanien-just-nu-avklatt-infor-kommunalvalet\/"},"modified":"2007-05-09T00:00:00","modified_gmt":"2007-05-08T22:00:00","slug":"spanien-just-nu-avklatt-infor-kommunalvalet","status":"publish","type":"post","link":"https:\/\/lightweb.dev\/l\/svm-temp\/artiklar\/spanien-just-nu-avklatt-infor-kommunalvalet\/","title":{"rendered":"Spanien just nu: Avkl\u00e4tt inf\u00f6r kommunalvalet"},"content":{"rendered":"<p> Korruptionsskandaler, toppstyrning och pampv\u00e4lde i kommunhusen \u00e4r en f\u00f6ljetong i Spanien som aldrig tycks ta slut. Det \u00e4r betydligt enklare att r\u00e4kna upp borgm\u00e4stare som inte har varit i bl\u00e5sv\u00e4der \u00e4n tv\u00e4rtom. Ett antal politiker som vi har tappat r\u00e4kningen p\u00e5 har blivit avkl\u00e4dda i medier, n\u00e5gon har kl\u00e4tt av sig bokstavligt Av Ola Josefsson<\/p>\n<p>\u201dDet hj\u00e4lper inte vem som styr i kommunhuset, de \u00e4r lika dana, korruptionen \u00e4r en del av kulturen\u201d, s\u00e4ger en spanjor. Kanske inte, t\u00e4nker jag. F\u00f6r demokrati och fria val \u00e4r ju en ganska ny f\u00f6reteelse i Spanien.<\/p>\n<p>Det talas mycket om integration i dessa tider. Om den g\u00e5r via politiken \u00e4r tveksamt. Intresset bland svenskar kring kommunalvalet \u00e4r mera iskallt \u00e4n ljummet.<br \/>\nI kommunen Rojales vid Alicante har det bildats ett informationscentrum f\u00f6r invandrare, f\u00f6r att dessa ska integreras i arbetet i att f\u00f6rb\u00e4ttra kommunen och skapa gemenskap.<br \/>\nEn som aktivt deltar i detta arbete \u00e4r svensken Per Arne \u00c5berg. Han och sex andra personer med utl\u00e4ndsk h\u00e4rkomst, har nu tagits upp p\u00e5 vallistan f\u00f6r PSOE. Listan best\u00e5r av 20 personer, sju \u00e4r invandrare vilket kan ses som ett stort steg fram\u00e5t i den demokratiska utvecklingen i ett m\u00e5ngkulturellt Spanien. Men exemplet fr\u00e5n Rojales st\u00e5r sig ganska ensamt i ett land med 44 miljoner inv\u00e5nare.<\/p>\n<p>Ett antal politiker i Spanien har blivit avkl\u00e4dda i medier. Mar\u00eda Dolores Jim\u00e9nez har gjort det bokstavligen, kl\u00e4tt av sig naken i en kulturtidskrift.<br \/>\nKommunalr\u00e5det Mar\u00eda Dolores Jim\u00e9nez har v\u00e4ckt stor uppm\u00e4rksamhet efter att ha poserat naken i hemstaden Lepe i Huelvaprovinsen. Bilden har valsat runt i medier \u00f6ver hela Spanien.<br \/>\nDen 35-\u00e5riga kommunalr\u00e5det har f\u00f6rs\u00f6kt att tona ned uppst\u00e5ndelsen. Hon menar att det ett rent personligt initiativ som inte har n\u00e5got med hennes politiska verksamhet att g\u00f6ra.<br \/>\nJim\u00e9nez, som representerar det konservativa Partido Popular, f\u00e5r \u00e4ven st\u00f6d av socialistpartiets generalsekreterare p\u00e5 orten. Hon s\u00e4ger att bilderna \u00e4r vackra och v\u00e4lgjorda och att beslutet att medverka har med den personliga friheten att g\u00f6ra.<br \/>\nKoalitionspartnern det andalusiska partiet (PA) st\u00f6der \u00e4ven Jim\u00e9nez och den lokala sekreteraren Manuel Jes\u00fas Gonz\u00e1lez s\u00e4ger att \u201dbeslutet \u00e4r v\u00e4rt en appl\u00e5d eftersom hon \u00e4r j\u00e4ttesnygg\u201d.<br \/>\nDet \u00e4r inte snack om n\u00e5got valfl\u00e4sk h\u00e4r inte\u2026<\/p>\n<p>I den spanska enklaven Melilla p\u00e5 andra sidan Medelhavet har oppositionspartierna anm\u00e4lt vad man anser vara ett f\u00f6rs\u00f6k till manipulation i det kommande lokalvalet.<br \/>\nI april fann Guardia Civil blanketter f\u00f6r postr\u00f6stning p\u00e5 ett tryckeri staden i samband med ett tillslag i ett helt annat \u00e4rende. Det visade sig att en ansvarig p\u00e5 Partido Populars lokalkontor p\u00e5 orten hade best\u00e4llt 1.000 exemplar av den officiella blanketten.<br \/>\nOppositionen misst\u00e4nker att de skulle anv\u00e4ndas till att registrera in v\u00e4ljare som bor utanf\u00f6r Melilla och kr\u00e4ver att stats\u00e5klagaren utreder \u00e4rendet. Partido Popular menar att det \u00e4r en storm i ett vattenglas d\u00e5 syftet bara var att f\u00f6rvissa sig om att man skulle ha tillr\u00e4ckligt med blanketter och att en blankett inte inneb\u00e4r att man kringg\u00e5r n\u00e5gra regler f\u00f6r identifiering av v\u00e4ljare i samband med r\u00f6stningen.<\/p>\n<p>Partierna har finslipat p\u00e5 de listor som man kommer att g\u00e5 till val p\u00e5 i kommunerna i M\u00e1lagaprovinsen den 27 maj. J\u00e4mf\u00f6rt med valet f\u00f6r fyra \u00e5r sedan blir det f\u00f6r\u00e4ndringar med 40 procent av listorna.<br \/>\nDet parti som f\u00f6rnyar sig mest \u00e4r det konservativa Partido Popular, med socialistpartiet PSOE \u00e4r det som beh\u00e5ller flest kandidater. I 14 av de 100 kommunerna i provinsen \u00e4r det dessutom en nyhet d\u00e5 antalet fullm\u00e4ktigeledam\u00f6ter ut\u00f6kas f\u00f6r att anpassa sig till befolknings\u00f6kningen. Kustkommunerna Manilva, Estepona, Mijas, Benalm\u00e1dena, Torremolinos och Nerja tillh\u00f6r dem som ut\u00f6kas mest med ytterligare fyra ledam\u00f6ter.<\/p>\n<p>Ingen ska bli \u00f6verraskad om Fuengirolas borgm\u00e4stare, Esperanza O\u00f1a avg\u00e5r. Vinner hon valet i Fuengirola l\u00e4r det inte dr\u00f6ja l\u00e4nge f\u00f6rr\u00e4n hon tack och adj\u00f6 till kommunalpolitiken. Hon siktar p\u00e5 regionalregeringen i Sevilla, kanske senare mot Madrid. <\/p>\n","protected":false},"excerpt":{"rendered":"<p>Korruptionsskandaler, toppstyrning och pampv\u00e4lde i kommunhusen \u00e4r en f\u00f6ljetong i Spanien som aldrig tycks ta slut. Det \u00e4r betydligt enklare att r\u00e4kna upp borgm\u00e4stare som inte har varit i bl\u00e5sv\u00e4der \u00e4n tv\u00e4rtom. Ett antal politiker som vi har tappat r\u00e4kningen p\u00e5 har blivit avkl\u00e4dda i medier, n\u00e5gon har kl\u00e4tt av sig bokstavligt Av Ola Josefsson [&hellip;]<\/p>\n","protected":false},"author":8,"featured_media":2176,"comment_status":"open","ping_status":"open","sticky":false,"template":"","format":"standard","meta":{"_et_pb_use_builder":"","_et_pb_old_content":"","_et_gb_content_width":"","footnotes":""},"categories":[4,36],"tags":[],"class_list":["post-2175","post","type-post","status-publish","format-standard","has-post-thumbnail","hentry","category-artiklar","category-spanien-just-nu"],"yoast_head":"<!-- This site is optimized with the Yoast SEO Premium plugin v26.2 (Yoast SEO v28.2) - https:\/\/yoast.com\/product\/yoast-seo-premium-wordpress\/ -->\n<title>Spanien just nu: Avkl\u00e4tt inf\u00f6r kommunalvalet - Svenska Magasinet<\/title>\n<meta name=\"robots\" content=\"noindex, follow, max-snippet:-1, max-image-preview:large, max-video-preview:-1\" \/>\n<meta property=\"og:locale\" content=\"sv_SE\" \/>\n<meta property=\"og:type\" content=\"article\" \/>\n<meta property=\"og:title\" content=\"Spanien just nu: Avkl\u00e4tt inf\u00f6r kommunalvalet\" \/>\n<meta property=\"og:description\" content=\"Korruptionsskandaler, toppstyrning och pampv\u00e4lde i kommunhusen \u00e4r en f\u00f6ljetong i Spanien som aldrig tycks ta slut. Det \u00e4r betydligt enklare att r\u00e4kna upp borgm\u00e4stare som inte har varit i bl\u00e5sv\u00e4der \u00e4n tv\u00e4rtom. Ett antal politiker som vi har tappat r\u00e4kningen p\u00e5 har blivit avkl\u00e4dda i medier, n\u00e5gon har kl\u00e4tt av sig bokstavligt Av Ola Josefsson [&hellip;]\" \/>\n<meta property=\"og:url\" content=\"https:\/\/lightweb.dev\/l\/svm-temp\/artiklar\/spanien-just-nu-avklatt-infor-kommunalvalet\/\" \/>\n<meta property=\"og:site_name\" content=\"Svenska Magasinet\" \/>\n<meta property=\"article:publisher\" content=\"https:\/\/www.facebook.com\/svenskamagasinet\" \/>\n<meta property=\"article:published_time\" content=\"2007-05-08T22:00:00+00:00\" \/>\n<meta property=\"og:image\" content=\"https:\/\/lightweb.dev\/l\/svm-temp\/wp-content\/uploads\/2022\/04\/spanien-just-nu-avkltt-infr-kommunalvalet.png\" \/>\n\t<meta property=\"og:image:width\" content=\"280\" \/>\n\t<meta property=\"og:image:height\" content=\"396\" \/>\n\t<meta property=\"og:image:type\" content=\"image\/png\" \/>\n<meta name=\"author\" content=\"Redaktionen SvM\" \/>\n<meta name=\"twitter:card\" content=\"summary_large_image\" \/>\n<meta name=\"twitter:creator\" content=\"@SvenskaMagasine\" \/>\n<meta name=\"twitter:site\" content=\"@SvenskaMagasine\" \/>\n<script type=\"application\/ld+json\" class=\"yoast-schema-graph\">{\"@context\":\"https:\\\/\\\/schema.org\",\"@graph\":[{\"@type\":\"Article\",\"@id\":\"https:\\\/\\\/lightweb.dev\\\/l\\\/svm-temp\\\/artiklar\\\/spanien-just-nu-avklatt-infor-kommunalvalet\\\/#article\",\"isPartOf\":{\"@id\":\"https:\\\/\\\/lightweb.dev\\\/l\\\/svm-temp\\\/artiklar\\\/spanien-just-nu-avklatt-infor-kommunalvalet\\\/\"},\"author\":{\"name\":\"Redaktionen SvM\",\"@id\":\"https:\\\/\\\/lightweb.dev\\\/l\\\/svm-temp\\\/#\\\/schema\\\/person\\\/206a3bda5b607b0c25e1749191e4d837\"},\"headline\":\"Spanien just nu: Avkl\u00e4tt inf\u00f6r kommunalvalet\",\"datePublished\":\"2007-05-08T22:00:00+00:00\",\"mainEntityOfPage\":{\"@id\":\"https:\\\/\\\/lightweb.dev\\\/l\\\/svm-temp\\\/artiklar\\\/spanien-just-nu-avklatt-infor-kommunalvalet\\\/\"},\"wordCount\":733,\"commentCount\":0,\"publisher\":{\"@id\":\"https:\\\/\\\/lightweb.dev\\\/l\\\/svm-temp\\\/#organization\"},\"image\":{\"@id\":\"https:\\\/\\\/lightweb.dev\\\/l\\\/svm-temp\\\/artiklar\\\/spanien-just-nu-avklatt-infor-kommunalvalet\\\/#primaryimage\"},\"thumbnailUrl\":\"https:\\\/\\\/lightweb.dev\\\/l\\\/svm-temp\\\/wp-content\\\/uploads\\\/2022\\\/04\\\/spanien-just-nu-avkltt-infr-kommunalvalet.png\",\"articleSection\":[\"Artiklar\",\"Spanien just nu\"],\"inLanguage\":\"sv-SE\"},{\"@type\":\"WebPage\",\"@id\":\"https:\\\/\\\/lightweb.dev\\\/l\\\/svm-temp\\\/artiklar\\\/spanien-just-nu-avklatt-infor-kommunalvalet\\\/\",\"url\":\"https:\\\/\\\/lightweb.dev\\\/l\\\/svm-temp\\\/artiklar\\\/spanien-just-nu-avklatt-infor-kommunalvalet\\\/\",\"name\":\"Spanien just nu: Avkl\u00e4tt inf\u00f6r kommunalvalet - Svenska Magasinet\",\"isPartOf\":{\"@id\":\"https:\\\/\\\/lightweb.dev\\\/l\\\/svm-temp\\\/#website\"},\"primaryImageOfPage\":{\"@id\":\"https:\\\/\\\/lightweb.dev\\\/l\\\/svm-temp\\\/artiklar\\\/spanien-just-nu-avklatt-infor-kommunalvalet\\\/#primaryimage\"},\"image\":{\"@id\":\"https:\\\/\\\/lightweb.dev\\\/l\\\/svm-temp\\\/artiklar\\\/spanien-just-nu-avklatt-infor-kommunalvalet\\\/#primaryimage\"},\"thumbnailUrl\":\"https:\\\/\\\/lightweb.dev\\\/l\\\/svm-temp\\\/wp-content\\\/uploads\\\/2022\\\/04\\\/spanien-just-nu-avkltt-infr-kommunalvalet.png\",\"datePublished\":\"2007-05-08T22:00:00+00:00\",\"breadcrumb\":{\"@id\":\"https:\\\/\\\/lightweb.dev\\\/l\\\/svm-temp\\\/artiklar\\\/spanien-just-nu-avklatt-infor-kommunalvalet\\\/#breadcrumb\"},\"inLanguage\":\"sv-SE\",\"potentialAction\":[{\"@type\":\"ReadAction\",\"target\":[\"https:\\\/\\\/lightweb.dev\\\/l\\\/svm-temp\\\/artiklar\\\/spanien-just-nu-avklatt-infor-kommunalvalet\\\/\"]}]},{\"@type\":\"ImageObject\",\"inLanguage\":\"sv-SE\",\"@id\":\"https:\\\/\\\/lightweb.dev\\\/l\\\/svm-temp\\\/artiklar\\\/spanien-just-nu-avklatt-infor-kommunalvalet\\\/#primaryimage\",\"url\":\"https:\\\/\\\/lightweb.dev\\\/l\\\/svm-temp\\\/wp-content\\\/uploads\\\/2022\\\/04\\\/spanien-just-nu-avkltt-infr-kommunalvalet.png\",\"contentUrl\":\"https:\\\/\\\/lightweb.dev\\\/l\\\/svm-temp\\\/wp-content\\\/uploads\\\/2022\\\/04\\\/spanien-just-nu-avkltt-infr-kommunalvalet.png\",\"width\":280,\"height\":396},{\"@type\":\"BreadcrumbList\",\"@id\":\"https:\\\/\\\/lightweb.dev\\\/l\\\/svm-temp\\\/artiklar\\\/spanien-just-nu-avklatt-infor-kommunalvalet\\\/#breadcrumb\",\"itemListElement\":[{\"@type\":\"ListItem\",\"position\":1,\"name\":\"Hem\",\"item\":\"https:\\\/\\\/lightweb.dev\\\/l\\\/svm-temp\\\/\"},{\"@type\":\"ListItem\",\"position\":2,\"name\":\"Spanien just nu: Avkl\u00e4tt inf\u00f6r kommunalvalet\"}]},{\"@type\":\"WebSite\",\"@id\":\"https:\\\/\\\/lightweb.dev\\\/l\\\/svm-temp\\\/#website\",\"url\":\"https:\\\/\\\/lightweb.dev\\\/l\\\/svm-temp\\\/\",\"name\":\"Svenska Magasinet\",\"description\":\"Dina Spanska nyheter p&aring; Svenska\",\"publisher\":{\"@id\":\"https:\\\/\\\/lightweb.dev\\\/l\\\/svm-temp\\\/#organization\"},\"potentialAction\":[{\"@type\":\"SearchAction\",\"target\":{\"@type\":\"EntryPoint\",\"urlTemplate\":\"https:\\\/\\\/lightweb.dev\\\/l\\\/svm-temp\\\/?s={search_term_string}\"},\"query-input\":{\"@type\":\"PropertyValueSpecification\",\"valueRequired\":true,\"valueName\":\"search_term_string\"}}],\"inLanguage\":\"sv-SE\"},{\"@type\":\"Organization\",\"@id\":\"https:\\\/\\\/lightweb.dev\\\/l\\\/svm-temp\\\/#organization\",\"name\":\"Melkerson y Nott SL\",\"alternateName\":\"Svenska Magasinet\",\"url\":\"https:\\\/\\\/lightweb.dev\\\/l\\\/svm-temp\\\/\",\"logo\":{\"@type\":\"ImageObject\",\"inLanguage\":\"sv-SE\",\"@id\":\"https:\\\/\\\/lightweb.dev\\\/l\\\/svm-temp\\\/#\\\/schema\\\/logo\\\/image\\\/\",\"url\":\"https:\\\/\\\/lightweb.dev\\\/l\\\/svm-temp\\\/wp-content\\\/uploads\\\/2025\\\/02\\\/SvM-logo-Xtra-Centrerad-SVART.png\",\"contentUrl\":\"https:\\\/\\\/lightweb.dev\\\/l\\\/svm-temp\\\/wp-content\\\/uploads\\\/2025\\\/02\\\/SvM-logo-Xtra-Centrerad-SVART.png\",\"width\":300,\"height\":99,\"caption\":\"Melkerson y Nott SL\"},\"image\":{\"@id\":\"https:\\\/\\\/lightweb.dev\\\/l\\\/svm-temp\\\/#\\\/schema\\\/logo\\\/image\\\/\"},\"sameAs\":[\"https:\\\/\\\/www.facebook.com\\\/svenskamagasinet\",\"https:\\\/\\\/x.com\\\/SvenskaMagasine\"]},{\"@type\":\"Person\",\"@id\":\"https:\\\/\\\/lightweb.dev\\\/l\\\/svm-temp\\\/#\\\/schema\\\/person\\\/206a3bda5b607b0c25e1749191e4d837\",\"name\":\"Redaktionen SvM\",\"description\":\"Redaktionen\",\"sameAs\":[\"https:\\\/\\\/lightweb.dev\\\/l\\\/svm-temp\"],\"url\":\"https:\\\/\\\/lightweb.dev\\\/l\\\/svm-temp\\\/reporter\\\/redaktionen\\\/\"}]}<\/script>\n<!-- \/ Yoast SEO Premium plugin. -->","yoast_head_json":{"title":"Spanien just nu: Avkl\u00e4tt inf\u00f6r kommunalvalet - Svenska Magasinet","robots":{"index":"noindex","follow":"follow","max-snippet":"max-snippet:-1","max-image-preview":"max-image-preview:large","max-video-preview":"max-video-preview:-1"},"og_locale":"sv_SE","og_type":"article","og_title":"Spanien just nu: Avkl\u00e4tt inf\u00f6r kommunalvalet","og_description":"Korruptionsskandaler, toppstyrning och pampv\u00e4lde i kommunhusen \u00e4r en f\u00f6ljetong i Spanien som aldrig tycks ta slut. Det \u00e4r betydligt enklare att r\u00e4kna upp borgm\u00e4stare som inte har varit i bl\u00e5sv\u00e4der \u00e4n tv\u00e4rtom. Ett antal politiker som vi har tappat r\u00e4kningen p\u00e5 har blivit avkl\u00e4dda i medier, n\u00e5gon har kl\u00e4tt av sig bokstavligt Av Ola Josefsson [&hellip;]","og_url":"https:\/\/lightweb.dev\/l\/svm-temp\/artiklar\/spanien-just-nu-avklatt-infor-kommunalvalet\/","og_site_name":"Svenska Magasinet","article_publisher":"https:\/\/www.facebook.com\/svenskamagasinet","article_published_time":"2007-05-08T22:00:00+00:00","og_image":[{"width":280,"height":396,"url":"https:\/\/lightweb.dev\/l\/svm-temp\/wp-content\/uploads\/2022\/04\/spanien-just-nu-avkltt-infr-kommunalvalet.png","type":"image\/png"}],"author":"Redaktionen SvM","twitter_card":"summary_large_image","twitter_creator":"@SvenskaMagasine","twitter_site":"@SvenskaMagasine","schema":{"@context":"https:\/\/schema.org","@graph":[{"@type":"Article","@id":"https:\/\/lightweb.dev\/l\/svm-temp\/artiklar\/spanien-just-nu-avklatt-infor-kommunalvalet\/#article","isPartOf":{"@id":"https:\/\/lightweb.dev\/l\/svm-temp\/artiklar\/spanien-just-nu-avklatt-infor-kommunalvalet\/"},"author":{"name":"Redaktionen SvM","@id":"https:\/\/lightweb.dev\/l\/svm-temp\/#\/schema\/person\/206a3bda5b607b0c25e1749191e4d837"},"headline":"Spanien just nu: Avkl\u00e4tt inf\u00f6r kommunalvalet","datePublished":"2007-05-08T22:00:00+00:00","mainEntityOfPage":{"@id":"https:\/\/lightweb.dev\/l\/svm-temp\/artiklar\/spanien-just-nu-avklatt-infor-kommunalvalet\/"},"wordCount":733,"commentCount":0,"publisher":{"@id":"https:\/\/lightweb.dev\/l\/svm-temp\/#organization"},"image":{"@id":"https:\/\/lightweb.dev\/l\/svm-temp\/artiklar\/spanien-just-nu-avklatt-infor-kommunalvalet\/#primaryimage"},"thumbnailUrl":"https:\/\/lightweb.dev\/l\/svm-temp\/wp-content\/uploads\/2022\/04\/spanien-just-nu-avkltt-infr-kommunalvalet.png","articleSection":["Artiklar","Spanien just nu"],"inLanguage":"sv-SE"},{"@type":"WebPage","@id":"https:\/\/lightweb.dev\/l\/svm-temp\/artiklar\/spanien-just-nu-avklatt-infor-kommunalvalet\/","url":"https:\/\/lightweb.dev\/l\/svm-temp\/artiklar\/spanien-just-nu-avklatt-infor-kommunalvalet\/","name":"Spanien just nu: Avkl\u00e4tt inf\u00f6r kommunalvalet - Svenska Magasinet","isPartOf":{"@id":"https:\/\/lightweb.dev\/l\/svm-temp\/#website"},"primaryImageOfPage":{"@id":"https:\/\/lightweb.dev\/l\/svm-temp\/artiklar\/spanien-just-nu-avklatt-infor-kommunalvalet\/#primaryimage"},"image":{"@id":"https:\/\/lightweb.dev\/l\/svm-temp\/artiklar\/spanien-just-nu-avklatt-infor-kommunalvalet\/#primaryimage"},"thumbnailUrl":"https:\/\/lightweb.dev\/l\/svm-temp\/wp-content\/uploads\/2022\/04\/spanien-just-nu-avkltt-infr-kommunalvalet.png","datePublished":"2007-05-08T22:00:00+00:00","breadcrumb":{"@id":"https:\/\/lightweb.dev\/l\/svm-temp\/artiklar\/spanien-just-nu-avklatt-infor-kommunalvalet\/#breadcrumb"},"inLanguage":"sv-SE","potentialAction":[{"@type":"ReadAction","target":["https:\/\/lightweb.dev\/l\/svm-temp\/artiklar\/spanien-just-nu-avklatt-infor-kommunalvalet\/"]}]},{"@type":"ImageObject","inLanguage":"sv-SE","@id":"https:\/\/lightweb.dev\/l\/svm-temp\/artiklar\/spanien-just-nu-avklatt-infor-kommunalvalet\/#primaryimage","url":"https:\/\/lightweb.dev\/l\/svm-temp\/wp-content\/uploads\/2022\/04\/spanien-just-nu-avkltt-infr-kommunalvalet.png","contentUrl":"https:\/\/lightweb.dev\/l\/svm-temp\/wp-content\/uploads\/2022\/04\/spanien-just-nu-avkltt-infr-kommunalvalet.png","width":280,"height":396},{"@type":"BreadcrumbList","@id":"https:\/\/lightweb.dev\/l\/svm-temp\/artiklar\/spanien-just-nu-avklatt-infor-kommunalvalet\/#breadcrumb","itemListElement":[{"@type":"ListItem","position":1,"name":"Hem","item":"https:\/\/lightweb.dev\/l\/svm-temp\/"},{"@type":"ListItem","position":2,"name":"Spanien just nu: Avkl\u00e4tt inf\u00f6r kommunalvalet"}]},{"@type":"WebSite","@id":"https:\/\/lightweb.dev\/l\/svm-temp\/#website","url":"https:\/\/lightweb.dev\/l\/svm-temp\/","name":"Svenska Magasinet","description":"Dina Spanska nyheter p&aring; Svenska","publisher":{"@id":"https:\/\/lightweb.dev\/l\/svm-temp\/#organization"},"potentialAction":[{"@type":"SearchAction","target":{"@type":"EntryPoint","urlTemplate":"https:\/\/lightweb.dev\/l\/svm-temp\/?s={search_term_string}"},"query-input":{"@type":"PropertyValueSpecification","valueRequired":true,"valueName":"search_term_string"}}],"inLanguage":"sv-SE"},{"@type":"Organization","@id":"https:\/\/lightweb.dev\/l\/svm-temp\/#organization","name":"Melkerson y Nott SL","alternateName":"Svenska Magasinet","url":"https:\/\/lightweb.dev\/l\/svm-temp\/","logo":{"@type":"ImageObject","inLanguage":"sv-SE","@id":"https:\/\/lightweb.dev\/l\/svm-temp\/#\/schema\/logo\/image\/","url":"https:\/\/lightweb.dev\/l\/svm-temp\/wp-content\/uploads\/2025\/02\/SvM-logo-Xtra-Centrerad-SVART.png","contentUrl":"https:\/\/lightweb.dev\/l\/svm-temp\/wp-content\/uploads\/2025\/02\/SvM-logo-Xtra-Centrerad-SVART.png","width":300,"height":99,"caption":"Melkerson y Nott SL"},"image":{"@id":"https:\/\/lightweb.dev\/l\/svm-temp\/#\/schema\/logo\/image\/"},"sameAs":["https:\/\/www.facebook.com\/svenskamagasinet","https:\/\/x.com\/SvenskaMagasine"]},{"@type":"Person","@id":"https:\/\/lightweb.dev\/l\/svm-temp\/#\/schema\/person\/206a3bda5b607b0c25e1749191e4d837","name":"Redaktionen SvM","description":"Redaktionen","sameAs":["https:\/\/lightweb.dev\/l\/svm-temp"],"url":"https:\/\/lightweb.dev\/l\/svm-temp\/reporter\/redaktionen\/"}]}},"_links":{"self":[{"href":"https:\/\/lightweb.dev\/l\/svm-temp\/wp-json\/wp\/v2\/posts\/2175","targetHints":{"allow":["GET"]}}],"collection":[{"href":"https:\/\/lightweb.dev\/l\/svm-temp\/wp-json\/wp\/v2\/posts"}],"about":[{"href":"https:\/\/lightweb.dev\/l\/svm-temp\/wp-json\/wp\/v2\/types\/post"}],"author":[{"embeddable":true,"href":"https:\/\/lightweb.dev\/l\/svm-temp\/wp-json\/wp\/v2\/users\/8"}],"replies":[{"embeddable":true,"href":"https:\/\/lightweb.dev\/l\/svm-temp\/wp-json\/wp\/v2\/comments?post=2175"}],"version-history":[{"count":0,"href":"https:\/\/lightweb.dev\/l\/svm-temp\/wp-json\/wp\/v2\/posts\/2175\/revisions"}],"wp:featuredmedia":[{"embeddable":true,"href":"https:\/\/lightweb.dev\/l\/svm-temp\/wp-json\/wp\/v2\/media\/2176"}],"wp:attachment":[{"href":"https:\/\/lightweb.dev\/l\/svm-temp\/wp-json\/wp\/v2\/media?parent=2175"}],"wp:term":[{"taxonomy":"category","embeddable":true,"href":"https:\/\/lightweb.dev\/l\/svm-temp\/wp-json\/wp\/v2\/categories?post=2175"},{"taxonomy":"post_tag","embeddable":true,"href":"https:\/\/lightweb.dev\/l\/svm-temp\/wp-json\/wp\/v2\/tags?post=2175"}],"curies":[{"name":"wp","href":"https:\/\/api.w.org\/{rel}","templated":true}]}}