{"id":2248,"date":"2008-04-01T00:00:00","date_gmt":"2008-03-31T22:00:00","guid":{"rendered":"https:\/\/lightweb.dev\/l\/svm-temp\/mytomspunnen-framlingslegion-med-sate-i-ronda\/"},"modified":"2008-04-01T00:00:00","modified_gmt":"2008-03-31T22:00:00","slug":"mytomspunnen-framlingslegion-med-sate-i-ronda","status":"publish","type":"post","link":"https:\/\/lightweb.dev\/l\/svm-temp\/artiklar\/mytomspunnen-framlingslegion-med-sate-i-ronda\/","title":{"rendered":"Mytomspunnen fr\u00e4mlingslegion med s\u00e4te i Ronda"},"content":{"rendered":"<p> I Ronda finns ett av fyra regementen (\u201dtercio\u201d) inom den Spanska fr\u00e4mlingslegionen eller i dag bara Spanska legionen. N\u00e4r vi bes\u00f6ker platsen f\u00e5r vi veta att de flesta kommer fr\u00e5n Sydamerika. Sedan 2000 \u00e4r det \u00e5terigen till\u00e5tit f\u00f6r utl\u00e4ndska rekryter fr\u00e5n spansktalande l\u00e4nder. I dag rekryteras \u00e4ven kvinnor Av Ola Josefsson<\/p>\n<p>Regementet i Ronda \u00e4r nummer 4 i Spanien. H\u00e4r finns artilleriingenj\u00f6rstrupper, terr\u00e4ngtrupper och stabsbataljon. Under sk\u00e4rtorsdagen vid p\u00e5sken har legionen i Ronda sin egen procession genom staden under ben\u00e4mningen Hermano Mayor de Honor a La Legi\u00f3n Espa\u00f1ola sedan starten 1980, f\u00f6r n\u00e4rvarande med 642 medlemmar. De b\u00e4r p\u00e5 Jesus som ligger p\u00e5 ett kors samtidigt som de sjunger legionss\u00e5ngen och paraderar med sina vapen, helt annorlunda allts\u00e5 j\u00e4mf\u00f6rt med de \u00f6vriga processionerna.<br \/>\nN\u00e5gon menar att de har en viss f\u00f6rm\u00e5ga att st\u00e4lla till br\u00e5k p\u00e5 Rondas diskotek, men det f\u00e5r vi inte bekr\u00e4ftat. Det \u00e4r mycket hysch-hysch kring fr\u00e4mlingslegionen, n\u00e5got som det har varit i alla tider.<\/p>\n<p>Svar p\u00e5 franska<br \/>\nSpanska fr\u00e4mlingslegionen \u00e4r ett svar p\u00e5 den franska, La l\u00e9gion \u00e9trang\u00e9re, som startade 1831 f\u00f6r anv\u00e4ndning ibland annat Algeriet. Ett milit\u00e4rt f\u00f6rband med frivillig rekrytering som sedan 1962 \u00e4r f\u00f6rlagd i s\u00f6dra Frankrike, p\u00e5 Korsika och i de utomeuropeiska departementen. Trupperna best\u00e5r i huvudsakligen av utl\u00e4nningar som binder sig f\u00f6r fem \u00e5r.<br \/>\nRekryterna beh\u00f6ver inte uppge sitt verkliga namn och f\u00f6rbanden har d\u00e4rf\u00f6r blivit en tillflykt f\u00f6r personer som \u00f6nskar d\u00f6lja sin identitet, enligt Nordstedts uppslagsverk Focus. Franska fr\u00e4mlingslegionen som \u00e4r ber\u00f6md f\u00f6r sin h\u00e5rda disciplin, har deltagit i alla krig d\u00e4r Frankrike deltagit.<\/p>\n<p>Spanska 1920<br \/>\nN\u00e4r jag 1987 bes\u00f6kte Kanarie\u00f6n Fuerteventura och Puerto del Rosario stannade jag till med bilen utanf\u00f6r det d\u00e5varande regementet p\u00e5 \u00f6n. Med kameran i handen steg jag ur bilen f\u00f6r att fota posteringen med resultat att jag fick tv\u00e5 gev\u00e4rspipor riktade mot mig. Fotografering var inte till\u00e5tet med skarpladdade vapen till svars.<br \/>\nDen spanska fr\u00e4mlingslegionen bildades 1920 och var f\u00f6rlagd till Ceuta och deltog aktivt i kolonialkriget 1921-1926. Initiativtagare och f\u00f6rste chef var \u00f6verstel\u00f6jtnant Jos\u00e9 Mill\u00e1n Astray som inspirerades av den Franska fr\u00e4mlingslegionen som opererade i Nordafrika. Vid strider i Marocko f\u00f6rlorade han b\u00e5de ett \u00f6ga och en arm mot de stridbara Rifkabylerna som levde i Rifbergen. General Franco blev 1923 legionens tredje chef. Antalet bataljoner ut\u00f6kades till \u00e5tta, grupperade i tv\u00e5 legioner.<\/p>\n<p>Fyra pesetas<br \/>\nRekryterna var 18 till 40 \u00e5r och det s\u00e4gs att de inte beh\u00f6vde n\u00e5gra papper eller intyg p\u00e5 vilka de var, de kunde ta v\u00e4rvning under sitt eget eller ett p\u00e5hittat namn. En v\u00e4rvningsbonus p\u00e5 500 pesetas betalades om man skrev p\u00e5 f\u00f6r tre \u00e5r och en p\u00e5 700 pesetas f\u00f6r fem \u00e5r. Den dagliga l\u00f6nen var p\u00e5 fyra pesetas och tio centimos.<br \/>\nDen republikanska regeringen anv\u00e4nde 1934 fr\u00e4mlingslegionen f\u00f6r att krossa ett gruvarbetaruppror i Asturien och Oviedo. Under spanska inb\u00f6rdeskriget tillh\u00f6rde legionen Francos trognaste trupper och utvidgades till 18 bataljoner.<\/p>\n<p>Tredjedelar<br \/>\n1943 organiserades legionen i tre \u201dtercios\u201d (en tredjedel); f\u00f6rsta regementet \u201dGran Capit\u00e1n\u201d i Melilla, andra regementet \u201dDuque de Alba\u201d i Ceuta och tredje regementet \u201dDon Juan de Austria\u201d i Larache. 1950 tillkom ett fj\u00e4rde regemente, \u201dAlejandro Farnesio\u201d i Alhucemas. Trots att det i v\u00e5ra dagar finns fyra regementen ben\u00e4mns de fortfarande som \u201dtercios\u201d.<br \/>\nEfter Marockos sj\u00e4lvst\u00e4ndighet 1956 slogs tredje och fj\u00e4rde regementet samman till ett sahariskt regemente. Varje regemente bestod d\u00e4refter, f\u00f6rutom av infanteri, ocks\u00e5 av l\u00e4tt kavalleri och artilleri. Legionen deltog aktivt i f\u00f6rsvaret av V\u00e4stsahara under det marockanska invasionsf\u00f6rs\u00f6ket 1957-1958. N\u00e4r Spanien l\u00e4mnade V\u00e4stsahara 1975 blev tredje regementet garnison p\u00e5 \u00f6n Fuerteventura. Fj\u00e4rde regementet \u00e5teruppr\u00e4ttades 1981 och f\u00f6rlades till utkanten av Ronda d\u00e4r det ligger \u00e4n i dag utmed v\u00e4g A-374 p\u00e5 v\u00e4g mot Sevilla.<\/p>\n<p>Uppdrag<br \/>\nI senare \u00e5r har spanska fr\u00e4mlingslegionen tagit p\u00e5 sig uppdrag med bataljonsstridsgrupperna \u201dMalaga\u201d och \u201dCanarias\u201d i UNPROFOR 1992-1993 i Jugoslavien. Brigaden \u201dAlmer\u00eda\u201d ingick 1996 i SFOR i Jugoslavien, bataljonsstridsgruppen &#8221;Serran\u00eda de Ronda&#8221; deltog 1997 i det humanit\u00e4ra arbetet i Albanien, och bataljonsstridsgruppen \u201cValenzuela\u201d ingick 1999 i KFOR i Kosovo.<br \/>\nLegionen deltog ocks\u00e5 i Irakkriget och var grupperade i Najaf tillsammans med trupper fr\u00e5n El Salvador, tills den socialistiska regeringen under Jos\u00e9 Luis Rodr\u00edguez Zapatero med valsegern 2004 drog ned p\u00e5 det spanska engagemanget i Irak. Fr\u00e5n 2005 deltar legionen med trupp i Afganistan, som del av ISAF. Fr\u00e5n 2006 deltar 10: e bataljonen &#8221;Millan Astray&#8221; som en del av F\u00f6renta Nationernas \u00f6vervakningsstyrka i Libanon (UNIFIL).<\/p>\n<p>Utl\u00e4ndska rekryter<br \/>\nIdag best\u00e5r legionen av den legion\u00e4ra brigaden \u201dRey Alfonso XIII\u201d (BRILEG), f\u00f6rsta och andra regementet samt specialf\u00f6rbandet \u201dMaderal Oleaga\u201d. BRILEG ing\u00e5r i den spanska snabbinsatsstyrkan (FAR) och best\u00e5r av tredje och fj\u00e4rde regementet samt artilleri, ingenj\u00f6rstrupper, signaltrupper och tr\u00e4ngtrupper.<br \/>\nLegionen har alltid varit \u00f6ppen f\u00f6r spanjorer och 1987 upph\u00f6rde rekryteringen av utl\u00e4nningar. Namnet \u00e4ndrades d\u00e5 fr\u00e5n fr\u00e4mlingslegionen till spanska legionen. Efter v\u00e4rnpliktens avskaffande i Spanien 2000 \u00f6ppnades legionen \u00e5ter f\u00f6r utl\u00e4ndska rekryter fr\u00e5n spansktalande l\u00e4nder. Idag rekryteras ocks\u00e5 kvinnor.<br \/>\nL\u00e4s mer p\u00e5: www.lalegion.es<br \/>\nF\u00f6rband Spanska legionen<br \/>\nTercio &#8221;Gran Capit\u00e1n&#8221; 1\u00ba de la Legi\u00f3n i Melilla (Ett pansarv\u00e4rnskompani)<br \/>\nI\u00aa Bandera &#8221;Cte. Franco&#8221;<br \/>\nII\u00aa Bandera &#8221;Carlos I&#8221;<br \/>\nTercio &#8221;Duque de Alba&#8221; 2\u00ba de la Legi\u00f3n i Ceuta (Ett pansarv\u00e4rnskompani)<br \/>\nIV\u00aa Bandera &#8221;Cristo de Lepanto&#8221;<br \/>\nV\u00aa Bandera &#8221;Gonzalo de C\u00f3rdoba&#8221; (Denna bataljon blev nedlagd i januari 2008 som ett led i den spanska arm\u00e9ns omorganisering.)<br \/>\nTercio \u201cDon Juan de Austria\u201d 3\u00ba de la Legi\u00f3n i Almer\u00eda<br \/>\nVII\u00aa Bandera &#8221;Valenzuela&#8221;<br \/>\nVIII\u00aa Bandera &#8221;Col\u00f3n&#8221;<br \/>\nTercio \u201cAlejandro Farnesio\u201d 4\u00ba de la Legi\u00f3n i Ronda<br \/>\nX\u00aa Bandera &#8221;Millan Astray&#8221;<br \/>\nGrupo de Operaciones Especiales &#8221;C. L. Maderal Oleaga&#8221; XIX i Alicante (legionens specialf\u00f6rband)<br \/>\nK\u00e4llor f\u00f6r reportaget: Intervjuer, Wikipedia, Norstedts uppslagsverk Focus. <\/p>\n","protected":false},"excerpt":{"rendered":"<p>I Ronda finns ett av fyra regementen (\u201dtercio\u201d) inom den Spanska fr\u00e4mlingslegionen eller i dag bara Spanska legionen. N\u00e4r vi bes\u00f6ker platsen f\u00e5r vi veta att de flesta kommer fr\u00e5n Sydamerika. Sedan 2000 \u00e4r det \u00e5terigen till\u00e5tit f\u00f6r utl\u00e4ndska rekryter fr\u00e5n spansktalande l\u00e4nder. I dag rekryteras \u00e4ven kvinnor Av Ola Josefsson Regementet i Ronda \u00e4r [&hellip;]<\/p>\n","protected":false},"author":8,"featured_media":2249,"comment_status":"open","ping_status":"open","sticky":false,"template":"","format":"standard","meta":{"_et_pb_use_builder":"","_et_pb_old_content":"","_et_gb_content_width":"","footnotes":""},"categories":[396,4],"tags":[],"class_list":["post-2248","post","type-post","status-publish","format-standard","has-post-thumbnail","hentry","category-arkiv-artiklar","category-artiklar"],"yoast_head":"<!-- This site is optimized with the Yoast SEO Premium plugin v26.2 (Yoast SEO v27.4) - https:\/\/yoast.com\/product\/yoast-seo-premium-wordpress\/ -->\n<title>Mytomspunnen fr\u00e4mlingslegion med s\u00e4te i Ronda - Svenska Magasinet<\/title>\n<meta name=\"robots\" content=\"noindex, follow, max-snippet:-1, max-image-preview:large, max-video-preview:-1\" \/>\n<meta property=\"og:locale\" content=\"sv_SE\" \/>\n<meta property=\"og:type\" content=\"article\" \/>\n<meta property=\"og:title\" content=\"Mytomspunnen fr\u00e4mlingslegion med s\u00e4te i Ronda\" \/>\n<meta property=\"og:description\" content=\"I Ronda finns ett av fyra regementen (\u201dtercio\u201d) inom den Spanska fr\u00e4mlingslegionen eller i dag bara Spanska legionen. N\u00e4r vi bes\u00f6ker platsen f\u00e5r vi veta att de flesta kommer fr\u00e5n Sydamerika. Sedan 2000 \u00e4r det \u00e5terigen till\u00e5tit f\u00f6r utl\u00e4ndska rekryter fr\u00e5n spansktalande l\u00e4nder. I dag rekryteras \u00e4ven kvinnor Av Ola Josefsson Regementet i Ronda \u00e4r [&hellip;]\" \/>\n<meta property=\"og:url\" content=\"https:\/\/lightweb.dev\/l\/svm-temp\/artiklar\/mytomspunnen-framlingslegion-med-sate-i-ronda\/\" \/>\n<meta property=\"og:site_name\" content=\"Svenska Magasinet\" \/>\n<meta property=\"article:publisher\" content=\"https:\/\/www.facebook.com\/svenskamagasinet\" \/>\n<meta property=\"article:published_time\" content=\"2008-03-31T22:00:00+00:00\" \/>\n<meta property=\"og:image\" content=\"https:\/\/lightweb.dev\/l\/svm-temp\/wp-content\/uploads\/2022\/04\/mytomspunnen-frmlingslegion-med-ste-i-ronda.png\" \/>\n\t<meta property=\"og:image:width\" content=\"299\" \/>\n\t<meta property=\"og:image:height\" content=\"200\" \/>\n\t<meta property=\"og:image:type\" content=\"image\/png\" \/>\n<meta name=\"author\" content=\"Redaktionen SvM\" \/>\n<meta name=\"twitter:card\" content=\"summary_large_image\" \/>\n<meta name=\"twitter:creator\" content=\"@SvenskaMagasine\" \/>\n<meta name=\"twitter:site\" content=\"@SvenskaMagasine\" \/>\n<script type=\"application\/ld+json\" class=\"yoast-schema-graph\">{\"@context\":\"https:\\\/\\\/schema.org\",\"@graph\":[{\"@type\":\"Article\",\"@id\":\"https:\\\/\\\/lightweb.dev\\\/l\\\/svm-temp\\\/artiklar\\\/mytomspunnen-framlingslegion-med-sate-i-ronda\\\/#article\",\"isPartOf\":{\"@id\":\"https:\\\/\\\/lightweb.dev\\\/l\\\/svm-temp\\\/artiklar\\\/mytomspunnen-framlingslegion-med-sate-i-ronda\\\/\"},\"author\":{\"name\":\"Redaktionen SvM\",\"@id\":\"https:\\\/\\\/lightweb.dev\\\/l\\\/svm-temp\\\/#\\\/schema\\\/person\\\/206a3bda5b607b0c25e1749191e4d837\"},\"headline\":\"Mytomspunnen fr\u00e4mlingslegion med s\u00e4te i Ronda\",\"datePublished\":\"2008-03-31T22:00:00+00:00\",\"mainEntityOfPage\":{\"@id\":\"https:\\\/\\\/lightweb.dev\\\/l\\\/svm-temp\\\/artiklar\\\/mytomspunnen-framlingslegion-med-sate-i-ronda\\\/\"},\"wordCount\":1043,\"commentCount\":0,\"publisher\":{\"@id\":\"https:\\\/\\\/lightweb.dev\\\/l\\\/svm-temp\\\/#organization\"},\"image\":{\"@id\":\"https:\\\/\\\/lightweb.dev\\\/l\\\/svm-temp\\\/artiklar\\\/mytomspunnen-framlingslegion-med-sate-i-ronda\\\/#primaryimage\"},\"thumbnailUrl\":\"https:\\\/\\\/lightweb.dev\\\/l\\\/svm-temp\\\/wp-content\\\/uploads\\\/2022\\\/04\\\/mytomspunnen-frmlingslegion-med-ste-i-ronda.png\",\"articleSection\":[\"Arkiv\",\"Artiklar\"],\"inLanguage\":\"sv-SE\"},{\"@type\":\"WebPage\",\"@id\":\"https:\\\/\\\/lightweb.dev\\\/l\\\/svm-temp\\\/artiklar\\\/mytomspunnen-framlingslegion-med-sate-i-ronda\\\/\",\"url\":\"https:\\\/\\\/lightweb.dev\\\/l\\\/svm-temp\\\/artiklar\\\/mytomspunnen-framlingslegion-med-sate-i-ronda\\\/\",\"name\":\"Mytomspunnen fr\u00e4mlingslegion med s\u00e4te i Ronda - Svenska Magasinet\",\"isPartOf\":{\"@id\":\"https:\\\/\\\/lightweb.dev\\\/l\\\/svm-temp\\\/#website\"},\"primaryImageOfPage\":{\"@id\":\"https:\\\/\\\/lightweb.dev\\\/l\\\/svm-temp\\\/artiklar\\\/mytomspunnen-framlingslegion-med-sate-i-ronda\\\/#primaryimage\"},\"image\":{\"@id\":\"https:\\\/\\\/lightweb.dev\\\/l\\\/svm-temp\\\/artiklar\\\/mytomspunnen-framlingslegion-med-sate-i-ronda\\\/#primaryimage\"},\"thumbnailUrl\":\"https:\\\/\\\/lightweb.dev\\\/l\\\/svm-temp\\\/wp-content\\\/uploads\\\/2022\\\/04\\\/mytomspunnen-frmlingslegion-med-ste-i-ronda.png\",\"datePublished\":\"2008-03-31T22:00:00+00:00\",\"breadcrumb\":{\"@id\":\"https:\\\/\\\/lightweb.dev\\\/l\\\/svm-temp\\\/artiklar\\\/mytomspunnen-framlingslegion-med-sate-i-ronda\\\/#breadcrumb\"},\"inLanguage\":\"sv-SE\",\"potentialAction\":[{\"@type\":\"ReadAction\",\"target\":[\"https:\\\/\\\/lightweb.dev\\\/l\\\/svm-temp\\\/artiklar\\\/mytomspunnen-framlingslegion-med-sate-i-ronda\\\/\"]}]},{\"@type\":\"ImageObject\",\"inLanguage\":\"sv-SE\",\"@id\":\"https:\\\/\\\/lightweb.dev\\\/l\\\/svm-temp\\\/artiklar\\\/mytomspunnen-framlingslegion-med-sate-i-ronda\\\/#primaryimage\",\"url\":\"https:\\\/\\\/lightweb.dev\\\/l\\\/svm-temp\\\/wp-content\\\/uploads\\\/2022\\\/04\\\/mytomspunnen-frmlingslegion-med-ste-i-ronda.png\",\"contentUrl\":\"https:\\\/\\\/lightweb.dev\\\/l\\\/svm-temp\\\/wp-content\\\/uploads\\\/2022\\\/04\\\/mytomspunnen-frmlingslegion-med-ste-i-ronda.png\",\"width\":299,\"height\":200},{\"@type\":\"BreadcrumbList\",\"@id\":\"https:\\\/\\\/lightweb.dev\\\/l\\\/svm-temp\\\/artiklar\\\/mytomspunnen-framlingslegion-med-sate-i-ronda\\\/#breadcrumb\",\"itemListElement\":[{\"@type\":\"ListItem\",\"position\":1,\"name\":\"Hem\",\"item\":\"https:\\\/\\\/lightweb.dev\\\/l\\\/svm-temp\\\/\"},{\"@type\":\"ListItem\",\"position\":2,\"name\":\"Mytomspunnen fr\u00e4mlingslegion med s\u00e4te i Ronda\"}]},{\"@type\":\"WebSite\",\"@id\":\"https:\\\/\\\/lightweb.dev\\\/l\\\/svm-temp\\\/#website\",\"url\":\"https:\\\/\\\/lightweb.dev\\\/l\\\/svm-temp\\\/\",\"name\":\"Svenska Magasinet\",\"description\":\"Dina Spanska nyheter p&aring; Svenska\",\"publisher\":{\"@id\":\"https:\\\/\\\/lightweb.dev\\\/l\\\/svm-temp\\\/#organization\"},\"potentialAction\":[{\"@type\":\"SearchAction\",\"target\":{\"@type\":\"EntryPoint\",\"urlTemplate\":\"https:\\\/\\\/lightweb.dev\\\/l\\\/svm-temp\\\/?s={search_term_string}\"},\"query-input\":{\"@type\":\"PropertyValueSpecification\",\"valueRequired\":true,\"valueName\":\"search_term_string\"}}],\"inLanguage\":\"sv-SE\"},{\"@type\":\"Organization\",\"@id\":\"https:\\\/\\\/lightweb.dev\\\/l\\\/svm-temp\\\/#organization\",\"name\":\"Melkerson y Nott SL\",\"alternateName\":\"Svenska Magasinet\",\"url\":\"https:\\\/\\\/lightweb.dev\\\/l\\\/svm-temp\\\/\",\"logo\":{\"@type\":\"ImageObject\",\"inLanguage\":\"sv-SE\",\"@id\":\"https:\\\/\\\/lightweb.dev\\\/l\\\/svm-temp\\\/#\\\/schema\\\/logo\\\/image\\\/\",\"url\":\"https:\\\/\\\/lightweb.dev\\\/l\\\/svm-temp\\\/wp-content\\\/uploads\\\/2025\\\/02\\\/SvM-logo-Xtra-Centrerad-SVART.png\",\"contentUrl\":\"https:\\\/\\\/lightweb.dev\\\/l\\\/svm-temp\\\/wp-content\\\/uploads\\\/2025\\\/02\\\/SvM-logo-Xtra-Centrerad-SVART.png\",\"width\":300,\"height\":99,\"caption\":\"Melkerson y Nott SL\"},\"image\":{\"@id\":\"https:\\\/\\\/lightweb.dev\\\/l\\\/svm-temp\\\/#\\\/schema\\\/logo\\\/image\\\/\"},\"sameAs\":[\"https:\\\/\\\/www.facebook.com\\\/svenskamagasinet\",\"https:\\\/\\\/x.com\\\/SvenskaMagasine\"]},{\"@type\":\"Person\",\"@id\":\"https:\\\/\\\/lightweb.dev\\\/l\\\/svm-temp\\\/#\\\/schema\\\/person\\\/206a3bda5b607b0c25e1749191e4d837\",\"name\":\"Redaktionen SvM\",\"description\":\"Redaktionen\",\"sameAs\":[\"https:\\\/\\\/lightweb.dev\\\/l\\\/svm-temp\"],\"url\":\"https:\\\/\\\/lightweb.dev\\\/l\\\/svm-temp\\\/reporter\\\/redaktionen\\\/\"}]}<\/script>\n<!-- \/ Yoast SEO Premium plugin. -->","yoast_head_json":{"title":"Mytomspunnen fr\u00e4mlingslegion med s\u00e4te i Ronda - Svenska Magasinet","robots":{"index":"noindex","follow":"follow","max-snippet":"max-snippet:-1","max-image-preview":"max-image-preview:large","max-video-preview":"max-video-preview:-1"},"og_locale":"sv_SE","og_type":"article","og_title":"Mytomspunnen fr\u00e4mlingslegion med s\u00e4te i Ronda","og_description":"I Ronda finns ett av fyra regementen (\u201dtercio\u201d) inom den Spanska fr\u00e4mlingslegionen eller i dag bara Spanska legionen. N\u00e4r vi bes\u00f6ker platsen f\u00e5r vi veta att de flesta kommer fr\u00e5n Sydamerika. Sedan 2000 \u00e4r det \u00e5terigen till\u00e5tit f\u00f6r utl\u00e4ndska rekryter fr\u00e5n spansktalande l\u00e4nder. I dag rekryteras \u00e4ven kvinnor Av Ola Josefsson Regementet i Ronda \u00e4r [&hellip;]","og_url":"https:\/\/lightweb.dev\/l\/svm-temp\/artiklar\/mytomspunnen-framlingslegion-med-sate-i-ronda\/","og_site_name":"Svenska Magasinet","article_publisher":"https:\/\/www.facebook.com\/svenskamagasinet","article_published_time":"2008-03-31T22:00:00+00:00","og_image":[{"width":299,"height":200,"url":"https:\/\/lightweb.dev\/l\/svm-temp\/wp-content\/uploads\/2022\/04\/mytomspunnen-frmlingslegion-med-ste-i-ronda.png","type":"image\/png"}],"author":"Redaktionen SvM","twitter_card":"summary_large_image","twitter_creator":"@SvenskaMagasine","twitter_site":"@SvenskaMagasine","schema":{"@context":"https:\/\/schema.org","@graph":[{"@type":"Article","@id":"https:\/\/lightweb.dev\/l\/svm-temp\/artiklar\/mytomspunnen-framlingslegion-med-sate-i-ronda\/#article","isPartOf":{"@id":"https:\/\/lightweb.dev\/l\/svm-temp\/artiklar\/mytomspunnen-framlingslegion-med-sate-i-ronda\/"},"author":{"name":"Redaktionen SvM","@id":"https:\/\/lightweb.dev\/l\/svm-temp\/#\/schema\/person\/206a3bda5b607b0c25e1749191e4d837"},"headline":"Mytomspunnen fr\u00e4mlingslegion med s\u00e4te i Ronda","datePublished":"2008-03-31T22:00:00+00:00","mainEntityOfPage":{"@id":"https:\/\/lightweb.dev\/l\/svm-temp\/artiklar\/mytomspunnen-framlingslegion-med-sate-i-ronda\/"},"wordCount":1043,"commentCount":0,"publisher":{"@id":"https:\/\/lightweb.dev\/l\/svm-temp\/#organization"},"image":{"@id":"https:\/\/lightweb.dev\/l\/svm-temp\/artiklar\/mytomspunnen-framlingslegion-med-sate-i-ronda\/#primaryimage"},"thumbnailUrl":"https:\/\/lightweb.dev\/l\/svm-temp\/wp-content\/uploads\/2022\/04\/mytomspunnen-frmlingslegion-med-ste-i-ronda.png","articleSection":["Arkiv","Artiklar"],"inLanguage":"sv-SE"},{"@type":"WebPage","@id":"https:\/\/lightweb.dev\/l\/svm-temp\/artiklar\/mytomspunnen-framlingslegion-med-sate-i-ronda\/","url":"https:\/\/lightweb.dev\/l\/svm-temp\/artiklar\/mytomspunnen-framlingslegion-med-sate-i-ronda\/","name":"Mytomspunnen fr\u00e4mlingslegion med s\u00e4te i Ronda - Svenska Magasinet","isPartOf":{"@id":"https:\/\/lightweb.dev\/l\/svm-temp\/#website"},"primaryImageOfPage":{"@id":"https:\/\/lightweb.dev\/l\/svm-temp\/artiklar\/mytomspunnen-framlingslegion-med-sate-i-ronda\/#primaryimage"},"image":{"@id":"https:\/\/lightweb.dev\/l\/svm-temp\/artiklar\/mytomspunnen-framlingslegion-med-sate-i-ronda\/#primaryimage"},"thumbnailUrl":"https:\/\/lightweb.dev\/l\/svm-temp\/wp-content\/uploads\/2022\/04\/mytomspunnen-frmlingslegion-med-ste-i-ronda.png","datePublished":"2008-03-31T22:00:00+00:00","breadcrumb":{"@id":"https:\/\/lightweb.dev\/l\/svm-temp\/artiklar\/mytomspunnen-framlingslegion-med-sate-i-ronda\/#breadcrumb"},"inLanguage":"sv-SE","potentialAction":[{"@type":"ReadAction","target":["https:\/\/lightweb.dev\/l\/svm-temp\/artiklar\/mytomspunnen-framlingslegion-med-sate-i-ronda\/"]}]},{"@type":"ImageObject","inLanguage":"sv-SE","@id":"https:\/\/lightweb.dev\/l\/svm-temp\/artiklar\/mytomspunnen-framlingslegion-med-sate-i-ronda\/#primaryimage","url":"https:\/\/lightweb.dev\/l\/svm-temp\/wp-content\/uploads\/2022\/04\/mytomspunnen-frmlingslegion-med-ste-i-ronda.png","contentUrl":"https:\/\/lightweb.dev\/l\/svm-temp\/wp-content\/uploads\/2022\/04\/mytomspunnen-frmlingslegion-med-ste-i-ronda.png","width":299,"height":200},{"@type":"BreadcrumbList","@id":"https:\/\/lightweb.dev\/l\/svm-temp\/artiklar\/mytomspunnen-framlingslegion-med-sate-i-ronda\/#breadcrumb","itemListElement":[{"@type":"ListItem","position":1,"name":"Hem","item":"https:\/\/lightweb.dev\/l\/svm-temp\/"},{"@type":"ListItem","position":2,"name":"Mytomspunnen fr\u00e4mlingslegion med s\u00e4te i Ronda"}]},{"@type":"WebSite","@id":"https:\/\/lightweb.dev\/l\/svm-temp\/#website","url":"https:\/\/lightweb.dev\/l\/svm-temp\/","name":"Svenska Magasinet","description":"Dina Spanska nyheter p&aring; Svenska","publisher":{"@id":"https:\/\/lightweb.dev\/l\/svm-temp\/#organization"},"potentialAction":[{"@type":"SearchAction","target":{"@type":"EntryPoint","urlTemplate":"https:\/\/lightweb.dev\/l\/svm-temp\/?s={search_term_string}"},"query-input":{"@type":"PropertyValueSpecification","valueRequired":true,"valueName":"search_term_string"}}],"inLanguage":"sv-SE"},{"@type":"Organization","@id":"https:\/\/lightweb.dev\/l\/svm-temp\/#organization","name":"Melkerson y Nott SL","alternateName":"Svenska Magasinet","url":"https:\/\/lightweb.dev\/l\/svm-temp\/","logo":{"@type":"ImageObject","inLanguage":"sv-SE","@id":"https:\/\/lightweb.dev\/l\/svm-temp\/#\/schema\/logo\/image\/","url":"https:\/\/lightweb.dev\/l\/svm-temp\/wp-content\/uploads\/2025\/02\/SvM-logo-Xtra-Centrerad-SVART.png","contentUrl":"https:\/\/lightweb.dev\/l\/svm-temp\/wp-content\/uploads\/2025\/02\/SvM-logo-Xtra-Centrerad-SVART.png","width":300,"height":99,"caption":"Melkerson y Nott SL"},"image":{"@id":"https:\/\/lightweb.dev\/l\/svm-temp\/#\/schema\/logo\/image\/"},"sameAs":["https:\/\/www.facebook.com\/svenskamagasinet","https:\/\/x.com\/SvenskaMagasine"]},{"@type":"Person","@id":"https:\/\/lightweb.dev\/l\/svm-temp\/#\/schema\/person\/206a3bda5b607b0c25e1749191e4d837","name":"Redaktionen SvM","description":"Redaktionen","sameAs":["https:\/\/lightweb.dev\/l\/svm-temp"],"url":"https:\/\/lightweb.dev\/l\/svm-temp\/reporter\/redaktionen\/"}]}},"_links":{"self":[{"href":"https:\/\/lightweb.dev\/l\/svm-temp\/wp-json\/wp\/v2\/posts\/2248","targetHints":{"allow":["GET"]}}],"collection":[{"href":"https:\/\/lightweb.dev\/l\/svm-temp\/wp-json\/wp\/v2\/posts"}],"about":[{"href":"https:\/\/lightweb.dev\/l\/svm-temp\/wp-json\/wp\/v2\/types\/post"}],"author":[{"embeddable":true,"href":"https:\/\/lightweb.dev\/l\/svm-temp\/wp-json\/wp\/v2\/users\/8"}],"replies":[{"embeddable":true,"href":"https:\/\/lightweb.dev\/l\/svm-temp\/wp-json\/wp\/v2\/comments?post=2248"}],"version-history":[{"count":0,"href":"https:\/\/lightweb.dev\/l\/svm-temp\/wp-json\/wp\/v2\/posts\/2248\/revisions"}],"wp:featuredmedia":[{"embeddable":true,"href":"https:\/\/lightweb.dev\/l\/svm-temp\/wp-json\/wp\/v2\/media\/2249"}],"wp:attachment":[{"href":"https:\/\/lightweb.dev\/l\/svm-temp\/wp-json\/wp\/v2\/media?parent=2248"}],"wp:term":[{"taxonomy":"category","embeddable":true,"href":"https:\/\/lightweb.dev\/l\/svm-temp\/wp-json\/wp\/v2\/categories?post=2248"},{"taxonomy":"post_tag","embeddable":true,"href":"https:\/\/lightweb.dev\/l\/svm-temp\/wp-json\/wp\/v2\/tags?post=2248"}],"curies":[{"name":"wp","href":"https:\/\/api.w.org\/{rel}","templated":true}]}}