{"id":2252,"date":"2008-04-01T00:00:00","date_gmt":"2008-03-31T22:00:00","guid":{"rendered":"https:\/\/lightweb.dev\/l\/svm-temp\/sa-reser-du-i-300-knyck-till-madrid\/"},"modified":"2008-04-01T00:00:00","modified_gmt":"2008-03-31T22:00:00","slug":"sa-reser-du-i-300-knyck-till-madrid","status":"publish","type":"post","link":"https:\/\/lightweb.dev\/l\/svm-temp\/artiklar\/sa-reser-du-i-300-knyck-till-madrid\/","title":{"rendered":"S\u00e5 reser du i 300 knyck till Madrid"},"content":{"rendered":"<p> Aldrig har du rest snabbare, och enklare, till hj\u00e4rtat av den spanska huvudstaden Madrid. Du kan flyga, och det \u00e4r b\u00e5de billigt och bra, men snabbt g\u00e5r det inte. F\u00f6rst m\u00e5ste du vara en timme i f\u00f6rv\u00e4g p\u00e5 flygplatsen och d\u00e4refter m\u00e5ste du kr\u00e5ngla dig fr\u00e5n flygplatsen Barajas in till sj\u00e4lva stadens k\u00e4rna. Eller s\u00e5 v\u00e4ljer du t\u00e5get i 300 km\/h och \u201dlandar\u201d i centrala Madrid Av Elin Petersson<\/p>\n<p>Sedan den 23 december 2007 finns ett smidigt, bekv\u00e4mt och relativt ekonomiskt alternativ f\u00f6r dig som \u00e4r nyfiken p\u00e5 storstadens puls, n\u00f6jesutbud och kulturella liv. Res fr\u00e5n den nyligen restaurerade t\u00e5gstationen i M\u00e1laga till Puerta de Atocha, den stora t\u00e5gstationen som bara ligger ett stenkast fr\u00e5n Museo del Prado och El Rastro marknaden.<\/p>\n<p>Enkelt att boka<br \/>\nDet \u00e4r enkelt att boka, bara du vet hur man ska g\u00f6ra. G\u00e5 in p\u00e5 www.renfe.es, talar du inte spanska kan du v\u00e4lja engelska som spr\u00e5k l\u00e4ngst ned p\u00e5 sidan till v\u00e4nster. Du kan endast hitta biljetter till de billigaste prisklasserna (Tarifa Web och Tarifa Estrella) om du v\u00e4ljer enkelbiljetter. I Madrid finns det flera t\u00e5gstationer men v\u00e4lj alternativet Madrid*.<br \/>\nDu fyller i ditt avresedatum och kommer vidare till en lista \u00f6ver tillg\u00e4ngliga avg\u00e5ngar. Intill ankomsttiden kan du se om det finns tillg\u00e4ngliga biljetter till bra pris (finns det biljetter med 40 procent rabatt p\u00e5 ursprungspriset, Tarifa Estrella, s\u00e5 ser du en stj\u00e4rna, finns det biljetter med 60 procent rabatt p\u00e5 ursprungspriset, Tarifa Web, s\u00e5 ser du ett W). Du v\u00e4ljer din avg\u00e5ng, fyller i en kontrollkod som ligger l\u00e4ngst ner p\u00e5 sidan och g\u00e5r s\u00e5 vidare till att bekr\u00e4fta bokningen. H\u00e4r kommer priset upp och en rullgardinruta d\u00e4r det st\u00e5r \u201dtarifa\u201d intill, h\u00e4r v\u00e4ljer du \u201destrella\u201d eller \u201dweb\u201d.<\/p>\n<p>Skriv ut biljetten<br \/>\nL\u00e4ngre ner p\u00e5 sidan fyller du i ditt namn, adress samt din betalningsinformation. Gl\u00f6m inte att l\u00e4sa och kryssa i villkoren, annars kan du inte g\u00e5 vidare med bokningen. V\u00e4lj \u201dcomprar\u201d och du f\u00e5r ett identifikationsnummer som du beh\u00f6ver f\u00f6r att f\u00e5 din biljett. P\u00e5 samma sida som identifikationsnumret kan du ocks\u00e5 v\u00e4lja \u201dimprimir billete\u201d, att skriva ut din biljett, och d\u00e5 \u00e4r allting klart. Observera: det r\u00e4cker inte med att bara uppvisa detta nummer vid resan, du m\u00e5ste skriva ut din biljett, antingen vid din dator eller p\u00e5 t\u00e5gstationen i Malaga i speciella \u201dauto check in\u201d maskiner.<\/p>\n<p>Fr\u00e5n 27,50<br \/>\nDet g\u00e5r 10 dagliga AVE t\u00e5g (trenes de alta velocidad) samt n\u00e5gra extra avg\u00e5ngar under veckorna och helgerna. Har du tur kan du hitta enkelbiljetter f\u00f6r bara 27,50 euros mellan Malaga och Madrid, men d\u00e5 f\u00e5r du vara ute i god tid och ha lite tur. Du kan k\u00f6pa biljetter som tidigast 60 dagar innan planerad avresa. Kommer t\u00e5get f\u00f6r sent till sin destination har du r\u00e4tt till \u00e5terbetalning p\u00e5 upp till 100 procent av biljettpriset, beroende p\u00e5 tiden f\u00f6r f\u00f6rseningen. Du kan g\u00f6ra \u00e4ndringar p\u00e5 din resa utan kostnad om du byter till ett t\u00e5g som g\u00e5r samma dag och f\u00f6rutsatt att det \u00e4r samma t\u00e5gtyp och klass. Om du byter till ett annat datum f\u00e5r du betala ytterligare 10% av biljettpriset. Du kan avboka din resa fram till 5 minuter innan avg\u00e5ng, du f\u00e5r tillbaka biljettkostnaden minus 15 procent. Det finns dock erbjudanden som varken till\u00e5ter \u00e5terbetalning vid byte eller avbokning.<\/p>\n<p>Restaurangvagn<br \/>\nP\u00e5 t\u00e5gen finns restaurangvagn och lekh\u00f6rna f\u00f6r barnen. Under resans g\u00e5ng visas dessutom en aktuell film (p\u00e5 spanska) och du har ocks\u00e5 tillg\u00e5ng till fyra musikkanaler att lyssna p\u00e5.<br \/>\nVi rekommenderar en liten rundvandring i den fantastiska t\u00e5gstationen Atocha i Madrid, d\u00e4r ryms till och med en botanisk tr\u00e4dg\u00e5rd. Inga \u201dspottkoppar\u201d som p\u00e5 Centralen i Stockholm inte! F\u00f6r mer information ring Renfe p\u00e5 telefon 902 24 02 02.<br \/>\nFotnot. Det rekommenderas till de \u00f6ver 65 \u00e5r att man utf\u00e4rdar ett \u201dRenfe Tarjeta Dorada\u201d, det kostar fem euro och ger upp till 40 procents rabatt de flesta av veckans dagar p\u00e5 samtliga t\u00e5g i Spanien. <\/p>\n","protected":false},"excerpt":{"rendered":"<p>Aldrig har du rest snabbare, och enklare, till hj\u00e4rtat av den spanska huvudstaden Madrid. Du kan flyga, och det \u00e4r b\u00e5de billigt och bra, men snabbt g\u00e5r det inte. F\u00f6rst m\u00e5ste du vara en timme i f\u00f6rv\u00e4g p\u00e5 flygplatsen och d\u00e4refter m\u00e5ste du kr\u00e5ngla dig fr\u00e5n flygplatsen Barajas in till sj\u00e4lva stadens k\u00e4rna. Eller s\u00e5 [&hellip;]<\/p>\n","protected":false},"author":8,"featured_media":2253,"comment_status":"open","ping_status":"open","sticky":false,"template":"","format":"standard","meta":{"_et_pb_use_builder":"","_et_pb_old_content":"","_et_gb_content_width":"","footnotes":""},"categories":[396,4],"tags":[],"class_list":["post-2252","post","type-post","status-publish","format-standard","has-post-thumbnail","hentry","category-arkiv-artiklar","category-artiklar"],"yoast_head":"<!-- This site is optimized with the Yoast SEO Premium plugin v26.2 (Yoast SEO v27.4) - https:\/\/yoast.com\/product\/yoast-seo-premium-wordpress\/ -->\n<title>S\u00e5 reser du i 300 knyck till Madrid - Svenska Magasinet<\/title>\n<meta name=\"robots\" content=\"noindex, follow, max-snippet:-1, max-image-preview:large, max-video-preview:-1\" \/>\n<meta property=\"og:locale\" content=\"sv_SE\" \/>\n<meta property=\"og:type\" content=\"article\" \/>\n<meta property=\"og:title\" content=\"S\u00e5 reser du i 300 knyck till Madrid\" \/>\n<meta property=\"og:description\" content=\"Aldrig har du rest snabbare, och enklare, till hj\u00e4rtat av den spanska huvudstaden Madrid. Du kan flyga, och det \u00e4r b\u00e5de billigt och bra, men snabbt g\u00e5r det inte. F\u00f6rst m\u00e5ste du vara en timme i f\u00f6rv\u00e4g p\u00e5 flygplatsen och d\u00e4refter m\u00e5ste du kr\u00e5ngla dig fr\u00e5n flygplatsen Barajas in till sj\u00e4lva stadens k\u00e4rna. Eller s\u00e5 [&hellip;]\" \/>\n<meta property=\"og:url\" content=\"https:\/\/lightweb.dev\/l\/svm-temp\/artiklar\/sa-reser-du-i-300-knyck-till-madrid\/\" \/>\n<meta property=\"og:site_name\" content=\"Svenska Magasinet\" \/>\n<meta property=\"article:publisher\" content=\"https:\/\/www.facebook.com\/svenskamagasinet\" \/>\n<meta property=\"article:published_time\" content=\"2008-03-31T22:00:00+00:00\" \/>\n<meta property=\"og:image\" content=\"https:\/\/lightweb.dev\/l\/svm-temp\/wp-content\/uploads\/2022\/04\/s-reser-du-i-300-knyck-till-madrid.png\" \/>\n\t<meta property=\"og:image:width\" content=\"280\" \/>\n\t<meta property=\"og:image:height\" content=\"210\" \/>\n\t<meta property=\"og:image:type\" content=\"image\/png\" \/>\n<meta name=\"author\" content=\"Redaktionen SvM\" \/>\n<meta name=\"twitter:card\" content=\"summary_large_image\" \/>\n<meta name=\"twitter:creator\" content=\"@SvenskaMagasine\" \/>\n<meta name=\"twitter:site\" content=\"@SvenskaMagasine\" \/>\n<script type=\"application\/ld+json\" class=\"yoast-schema-graph\">{\"@context\":\"https:\\\/\\\/schema.org\",\"@graph\":[{\"@type\":\"Article\",\"@id\":\"https:\\\/\\\/lightweb.dev\\\/l\\\/svm-temp\\\/artiklar\\\/sa-reser-du-i-300-knyck-till-madrid\\\/#article\",\"isPartOf\":{\"@id\":\"https:\\\/\\\/lightweb.dev\\\/l\\\/svm-temp\\\/artiklar\\\/sa-reser-du-i-300-knyck-till-madrid\\\/\"},\"author\":{\"name\":\"Redaktionen SvM\",\"@id\":\"https:\\\/\\\/lightweb.dev\\\/l\\\/svm-temp\\\/#\\\/schema\\\/person\\\/206a3bda5b607b0c25e1749191e4d837\"},\"headline\":\"S\u00e5 reser du i 300 knyck till Madrid\",\"datePublished\":\"2008-03-31T22:00:00+00:00\",\"mainEntityOfPage\":{\"@id\":\"https:\\\/\\\/lightweb.dev\\\/l\\\/svm-temp\\\/artiklar\\\/sa-reser-du-i-300-knyck-till-madrid\\\/\"},\"wordCount\":726,\"commentCount\":0,\"publisher\":{\"@id\":\"https:\\\/\\\/lightweb.dev\\\/l\\\/svm-temp\\\/#organization\"},\"image\":{\"@id\":\"https:\\\/\\\/lightweb.dev\\\/l\\\/svm-temp\\\/artiklar\\\/sa-reser-du-i-300-knyck-till-madrid\\\/#primaryimage\"},\"thumbnailUrl\":\"https:\\\/\\\/lightweb.dev\\\/l\\\/svm-temp\\\/wp-content\\\/uploads\\\/2022\\\/04\\\/s-reser-du-i-300-knyck-till-madrid.png\",\"articleSection\":[\"Arkiv\",\"Artiklar\"],\"inLanguage\":\"sv-SE\"},{\"@type\":\"WebPage\",\"@id\":\"https:\\\/\\\/lightweb.dev\\\/l\\\/svm-temp\\\/artiklar\\\/sa-reser-du-i-300-knyck-till-madrid\\\/\",\"url\":\"https:\\\/\\\/lightweb.dev\\\/l\\\/svm-temp\\\/artiklar\\\/sa-reser-du-i-300-knyck-till-madrid\\\/\",\"name\":\"S\u00e5 reser du i 300 knyck till Madrid - Svenska Magasinet\",\"isPartOf\":{\"@id\":\"https:\\\/\\\/lightweb.dev\\\/l\\\/svm-temp\\\/#website\"},\"primaryImageOfPage\":{\"@id\":\"https:\\\/\\\/lightweb.dev\\\/l\\\/svm-temp\\\/artiklar\\\/sa-reser-du-i-300-knyck-till-madrid\\\/#primaryimage\"},\"image\":{\"@id\":\"https:\\\/\\\/lightweb.dev\\\/l\\\/svm-temp\\\/artiklar\\\/sa-reser-du-i-300-knyck-till-madrid\\\/#primaryimage\"},\"thumbnailUrl\":\"https:\\\/\\\/lightweb.dev\\\/l\\\/svm-temp\\\/wp-content\\\/uploads\\\/2022\\\/04\\\/s-reser-du-i-300-knyck-till-madrid.png\",\"datePublished\":\"2008-03-31T22:00:00+00:00\",\"breadcrumb\":{\"@id\":\"https:\\\/\\\/lightweb.dev\\\/l\\\/svm-temp\\\/artiklar\\\/sa-reser-du-i-300-knyck-till-madrid\\\/#breadcrumb\"},\"inLanguage\":\"sv-SE\",\"potentialAction\":[{\"@type\":\"ReadAction\",\"target\":[\"https:\\\/\\\/lightweb.dev\\\/l\\\/svm-temp\\\/artiklar\\\/sa-reser-du-i-300-knyck-till-madrid\\\/\"]}]},{\"@type\":\"ImageObject\",\"inLanguage\":\"sv-SE\",\"@id\":\"https:\\\/\\\/lightweb.dev\\\/l\\\/svm-temp\\\/artiklar\\\/sa-reser-du-i-300-knyck-till-madrid\\\/#primaryimage\",\"url\":\"https:\\\/\\\/lightweb.dev\\\/l\\\/svm-temp\\\/wp-content\\\/uploads\\\/2022\\\/04\\\/s-reser-du-i-300-knyck-till-madrid.png\",\"contentUrl\":\"https:\\\/\\\/lightweb.dev\\\/l\\\/svm-temp\\\/wp-content\\\/uploads\\\/2022\\\/04\\\/s-reser-du-i-300-knyck-till-madrid.png\",\"width\":280,\"height\":210},{\"@type\":\"BreadcrumbList\",\"@id\":\"https:\\\/\\\/lightweb.dev\\\/l\\\/svm-temp\\\/artiklar\\\/sa-reser-du-i-300-knyck-till-madrid\\\/#breadcrumb\",\"itemListElement\":[{\"@type\":\"ListItem\",\"position\":1,\"name\":\"Hem\",\"item\":\"https:\\\/\\\/lightweb.dev\\\/l\\\/svm-temp\\\/\"},{\"@type\":\"ListItem\",\"position\":2,\"name\":\"S\u00e5 reser du i 300 knyck till Madrid\"}]},{\"@type\":\"WebSite\",\"@id\":\"https:\\\/\\\/lightweb.dev\\\/l\\\/svm-temp\\\/#website\",\"url\":\"https:\\\/\\\/lightweb.dev\\\/l\\\/svm-temp\\\/\",\"name\":\"Svenska Magasinet\",\"description\":\"Dina Spanska nyheter p&aring; Svenska\",\"publisher\":{\"@id\":\"https:\\\/\\\/lightweb.dev\\\/l\\\/svm-temp\\\/#organization\"},\"potentialAction\":[{\"@type\":\"SearchAction\",\"target\":{\"@type\":\"EntryPoint\",\"urlTemplate\":\"https:\\\/\\\/lightweb.dev\\\/l\\\/svm-temp\\\/?s={search_term_string}\"},\"query-input\":{\"@type\":\"PropertyValueSpecification\",\"valueRequired\":true,\"valueName\":\"search_term_string\"}}],\"inLanguage\":\"sv-SE\"},{\"@type\":\"Organization\",\"@id\":\"https:\\\/\\\/lightweb.dev\\\/l\\\/svm-temp\\\/#organization\",\"name\":\"Melkerson y Nott SL\",\"alternateName\":\"Svenska Magasinet\",\"url\":\"https:\\\/\\\/lightweb.dev\\\/l\\\/svm-temp\\\/\",\"logo\":{\"@type\":\"ImageObject\",\"inLanguage\":\"sv-SE\",\"@id\":\"https:\\\/\\\/lightweb.dev\\\/l\\\/svm-temp\\\/#\\\/schema\\\/logo\\\/image\\\/\",\"url\":\"https:\\\/\\\/lightweb.dev\\\/l\\\/svm-temp\\\/wp-content\\\/uploads\\\/2025\\\/02\\\/SvM-logo-Xtra-Centrerad-SVART.png\",\"contentUrl\":\"https:\\\/\\\/lightweb.dev\\\/l\\\/svm-temp\\\/wp-content\\\/uploads\\\/2025\\\/02\\\/SvM-logo-Xtra-Centrerad-SVART.png\",\"width\":300,\"height\":99,\"caption\":\"Melkerson y Nott SL\"},\"image\":{\"@id\":\"https:\\\/\\\/lightweb.dev\\\/l\\\/svm-temp\\\/#\\\/schema\\\/logo\\\/image\\\/\"},\"sameAs\":[\"https:\\\/\\\/www.facebook.com\\\/svenskamagasinet\",\"https:\\\/\\\/x.com\\\/SvenskaMagasine\"]},{\"@type\":\"Person\",\"@id\":\"https:\\\/\\\/lightweb.dev\\\/l\\\/svm-temp\\\/#\\\/schema\\\/person\\\/206a3bda5b607b0c25e1749191e4d837\",\"name\":\"Redaktionen SvM\",\"description\":\"Redaktionen\",\"sameAs\":[\"https:\\\/\\\/lightweb.dev\\\/l\\\/svm-temp\"],\"url\":\"https:\\\/\\\/lightweb.dev\\\/l\\\/svm-temp\\\/reporter\\\/redaktionen\\\/\"}]}<\/script>\n<!-- \/ Yoast SEO Premium plugin. -->","yoast_head_json":{"title":"S\u00e5 reser du i 300 knyck till Madrid - Svenska Magasinet","robots":{"index":"noindex","follow":"follow","max-snippet":"max-snippet:-1","max-image-preview":"max-image-preview:large","max-video-preview":"max-video-preview:-1"},"og_locale":"sv_SE","og_type":"article","og_title":"S\u00e5 reser du i 300 knyck till Madrid","og_description":"Aldrig har du rest snabbare, och enklare, till hj\u00e4rtat av den spanska huvudstaden Madrid. Du kan flyga, och det \u00e4r b\u00e5de billigt och bra, men snabbt g\u00e5r det inte. F\u00f6rst m\u00e5ste du vara en timme i f\u00f6rv\u00e4g p\u00e5 flygplatsen och d\u00e4refter m\u00e5ste du kr\u00e5ngla dig fr\u00e5n flygplatsen Barajas in till sj\u00e4lva stadens k\u00e4rna. Eller s\u00e5 [&hellip;]","og_url":"https:\/\/lightweb.dev\/l\/svm-temp\/artiklar\/sa-reser-du-i-300-knyck-till-madrid\/","og_site_name":"Svenska Magasinet","article_publisher":"https:\/\/www.facebook.com\/svenskamagasinet","article_published_time":"2008-03-31T22:00:00+00:00","og_image":[{"width":280,"height":210,"url":"https:\/\/lightweb.dev\/l\/svm-temp\/wp-content\/uploads\/2022\/04\/s-reser-du-i-300-knyck-till-madrid.png","type":"image\/png"}],"author":"Redaktionen SvM","twitter_card":"summary_large_image","twitter_creator":"@SvenskaMagasine","twitter_site":"@SvenskaMagasine","schema":{"@context":"https:\/\/schema.org","@graph":[{"@type":"Article","@id":"https:\/\/lightweb.dev\/l\/svm-temp\/artiklar\/sa-reser-du-i-300-knyck-till-madrid\/#article","isPartOf":{"@id":"https:\/\/lightweb.dev\/l\/svm-temp\/artiklar\/sa-reser-du-i-300-knyck-till-madrid\/"},"author":{"name":"Redaktionen SvM","@id":"https:\/\/lightweb.dev\/l\/svm-temp\/#\/schema\/person\/206a3bda5b607b0c25e1749191e4d837"},"headline":"S\u00e5 reser du i 300 knyck till Madrid","datePublished":"2008-03-31T22:00:00+00:00","mainEntityOfPage":{"@id":"https:\/\/lightweb.dev\/l\/svm-temp\/artiklar\/sa-reser-du-i-300-knyck-till-madrid\/"},"wordCount":726,"commentCount":0,"publisher":{"@id":"https:\/\/lightweb.dev\/l\/svm-temp\/#organization"},"image":{"@id":"https:\/\/lightweb.dev\/l\/svm-temp\/artiklar\/sa-reser-du-i-300-knyck-till-madrid\/#primaryimage"},"thumbnailUrl":"https:\/\/lightweb.dev\/l\/svm-temp\/wp-content\/uploads\/2022\/04\/s-reser-du-i-300-knyck-till-madrid.png","articleSection":["Arkiv","Artiklar"],"inLanguage":"sv-SE"},{"@type":"WebPage","@id":"https:\/\/lightweb.dev\/l\/svm-temp\/artiklar\/sa-reser-du-i-300-knyck-till-madrid\/","url":"https:\/\/lightweb.dev\/l\/svm-temp\/artiklar\/sa-reser-du-i-300-knyck-till-madrid\/","name":"S\u00e5 reser du i 300 knyck till Madrid - Svenska Magasinet","isPartOf":{"@id":"https:\/\/lightweb.dev\/l\/svm-temp\/#website"},"primaryImageOfPage":{"@id":"https:\/\/lightweb.dev\/l\/svm-temp\/artiklar\/sa-reser-du-i-300-knyck-till-madrid\/#primaryimage"},"image":{"@id":"https:\/\/lightweb.dev\/l\/svm-temp\/artiklar\/sa-reser-du-i-300-knyck-till-madrid\/#primaryimage"},"thumbnailUrl":"https:\/\/lightweb.dev\/l\/svm-temp\/wp-content\/uploads\/2022\/04\/s-reser-du-i-300-knyck-till-madrid.png","datePublished":"2008-03-31T22:00:00+00:00","breadcrumb":{"@id":"https:\/\/lightweb.dev\/l\/svm-temp\/artiklar\/sa-reser-du-i-300-knyck-till-madrid\/#breadcrumb"},"inLanguage":"sv-SE","potentialAction":[{"@type":"ReadAction","target":["https:\/\/lightweb.dev\/l\/svm-temp\/artiklar\/sa-reser-du-i-300-knyck-till-madrid\/"]}]},{"@type":"ImageObject","inLanguage":"sv-SE","@id":"https:\/\/lightweb.dev\/l\/svm-temp\/artiklar\/sa-reser-du-i-300-knyck-till-madrid\/#primaryimage","url":"https:\/\/lightweb.dev\/l\/svm-temp\/wp-content\/uploads\/2022\/04\/s-reser-du-i-300-knyck-till-madrid.png","contentUrl":"https:\/\/lightweb.dev\/l\/svm-temp\/wp-content\/uploads\/2022\/04\/s-reser-du-i-300-knyck-till-madrid.png","width":280,"height":210},{"@type":"BreadcrumbList","@id":"https:\/\/lightweb.dev\/l\/svm-temp\/artiklar\/sa-reser-du-i-300-knyck-till-madrid\/#breadcrumb","itemListElement":[{"@type":"ListItem","position":1,"name":"Hem","item":"https:\/\/lightweb.dev\/l\/svm-temp\/"},{"@type":"ListItem","position":2,"name":"S\u00e5 reser du i 300 knyck till Madrid"}]},{"@type":"WebSite","@id":"https:\/\/lightweb.dev\/l\/svm-temp\/#website","url":"https:\/\/lightweb.dev\/l\/svm-temp\/","name":"Svenska Magasinet","description":"Dina Spanska nyheter p&aring; Svenska","publisher":{"@id":"https:\/\/lightweb.dev\/l\/svm-temp\/#organization"},"potentialAction":[{"@type":"SearchAction","target":{"@type":"EntryPoint","urlTemplate":"https:\/\/lightweb.dev\/l\/svm-temp\/?s={search_term_string}"},"query-input":{"@type":"PropertyValueSpecification","valueRequired":true,"valueName":"search_term_string"}}],"inLanguage":"sv-SE"},{"@type":"Organization","@id":"https:\/\/lightweb.dev\/l\/svm-temp\/#organization","name":"Melkerson y Nott SL","alternateName":"Svenska Magasinet","url":"https:\/\/lightweb.dev\/l\/svm-temp\/","logo":{"@type":"ImageObject","inLanguage":"sv-SE","@id":"https:\/\/lightweb.dev\/l\/svm-temp\/#\/schema\/logo\/image\/","url":"https:\/\/lightweb.dev\/l\/svm-temp\/wp-content\/uploads\/2025\/02\/SvM-logo-Xtra-Centrerad-SVART.png","contentUrl":"https:\/\/lightweb.dev\/l\/svm-temp\/wp-content\/uploads\/2025\/02\/SvM-logo-Xtra-Centrerad-SVART.png","width":300,"height":99,"caption":"Melkerson y Nott SL"},"image":{"@id":"https:\/\/lightweb.dev\/l\/svm-temp\/#\/schema\/logo\/image\/"},"sameAs":["https:\/\/www.facebook.com\/svenskamagasinet","https:\/\/x.com\/SvenskaMagasine"]},{"@type":"Person","@id":"https:\/\/lightweb.dev\/l\/svm-temp\/#\/schema\/person\/206a3bda5b607b0c25e1749191e4d837","name":"Redaktionen SvM","description":"Redaktionen","sameAs":["https:\/\/lightweb.dev\/l\/svm-temp"],"url":"https:\/\/lightweb.dev\/l\/svm-temp\/reporter\/redaktionen\/"}]}},"_links":{"self":[{"href":"https:\/\/lightweb.dev\/l\/svm-temp\/wp-json\/wp\/v2\/posts\/2252","targetHints":{"allow":["GET"]}}],"collection":[{"href":"https:\/\/lightweb.dev\/l\/svm-temp\/wp-json\/wp\/v2\/posts"}],"about":[{"href":"https:\/\/lightweb.dev\/l\/svm-temp\/wp-json\/wp\/v2\/types\/post"}],"author":[{"embeddable":true,"href":"https:\/\/lightweb.dev\/l\/svm-temp\/wp-json\/wp\/v2\/users\/8"}],"replies":[{"embeddable":true,"href":"https:\/\/lightweb.dev\/l\/svm-temp\/wp-json\/wp\/v2\/comments?post=2252"}],"version-history":[{"count":0,"href":"https:\/\/lightweb.dev\/l\/svm-temp\/wp-json\/wp\/v2\/posts\/2252\/revisions"}],"wp:featuredmedia":[{"embeddable":true,"href":"https:\/\/lightweb.dev\/l\/svm-temp\/wp-json\/wp\/v2\/media\/2253"}],"wp:attachment":[{"href":"https:\/\/lightweb.dev\/l\/svm-temp\/wp-json\/wp\/v2\/media?parent=2252"}],"wp:term":[{"taxonomy":"category","embeddable":true,"href":"https:\/\/lightweb.dev\/l\/svm-temp\/wp-json\/wp\/v2\/categories?post=2252"},{"taxonomy":"post_tag","embeddable":true,"href":"https:\/\/lightweb.dev\/l\/svm-temp\/wp-json\/wp\/v2\/tags?post=2252"}],"curies":[{"name":"wp","href":"https:\/\/api.w.org\/{rel}","templated":true}]}}