{"id":2254,"date":"2008-04-01T00:00:00","date_gmt":"2008-03-31T22:00:00","guid":{"rendered":"https:\/\/lightweb.dev\/l\/svm-temp\/handelsbanken-blir-fullsortimentsbank-i-host\/"},"modified":"2008-04-01T00:00:00","modified_gmt":"2008-03-31T22:00:00","slug":"handelsbanken-blir-fullsortimentsbank-i-host","status":"publish","type":"post","link":"https:\/\/lightweb.dev\/l\/svm-temp\/artiklar\/handelsbanken-blir-fullsortimentsbank-i-host\/","title":{"rendered":"Handelsbanken blir fullsortimentsbank i h\u00f6st"},"content":{"rendered":"<p> Som vi kunde ber\u00e4tta redan i h\u00f6stas g\u00f6r SHB, Svenska Handelsbanken, en storsatsning p\u00e5 Spanien, h\u00f6sten 2008 r\u00e4knar man med att bli en fullsortimentsbank<\/p>\n<p> Av Ola Josefsson<\/p>\n<p>-Just nu jobbar vi med produktutveckling s\u00e5 att vi successivt kommer att erbjuda en m\u00e4ngd olika tj\u00e4nster. N\u00e5gon g\u00e5ng fram\u00e5t h\u00f6sten 2008 r\u00e4knar vi med om allt g\u00e5r i l\u00e5s att vi blir en fullsortimentsbank i Spanien, s\u00e4ger Senior Advisor Anders Pettersson som n\u00e4rmast kommer fr\u00e5n Handelsbankens kontor i Nice, Frankrike, men fr\u00e5n nu finns p\u00e5 kontoret i La Nucia, Alicante.<\/p>\n<p>Tre provinser<br \/>\nM\u00e1laga, Alicante och Madrid \u00e4r de provinser d\u00e4r svenska Handelsbanken numera finns. En utveckling som ligger v\u00e4l med bankens framtidsvisioner.<br \/>\n-Handelsbanken har som m\u00e5l att \u00f6ppna ett antal bankkontor i Spanien allteftersom det finns behov, och det finns nordbor och britter. I framtiden kommer vi \u00e4ven att inrikta oss p\u00e5 spanjorer, s\u00e4ger Anders Pettersson n\u00e4r vi tr\u00e4ffar honom i samband med utst\u00e4llningen K\u00f6pa Hus Utomlands i G\u00f6teborg.<br \/>\n-Vi kommer att expandera p\u00e5 platser d\u00e4r det finns m\u00f6jligheter att v\u00e4xa, d\u00e4r vi kan erbjuda det som vi kallar v\u00e5rt \u201dHB-s\u00e4tt\u201d. Enbart i England har vi just nu 50 kontor och vi finns exempelvis \u00e4ven i Holland, Polen, Tyskland och Ryssland.<\/p>\n<p>F\u00f6lja nordborna<br \/>\nEn m\u00e4ssa som K\u00f6pa Hus Utomlands \u00e4r viktig f\u00f6r Handelsbanken att n\u00e4rvara vid.<br \/>\n-Vi vill f\u00f6lja nordborna ut i v\u00e4rlden. S\u00e5 vi upplyser om bostadsfinansiering och skattefr\u00e5gor som exempelvis arvsskatten hur den p\u00e5verkar.<br \/>\nHandelsbanken finns i La Nucia, Alicante, d\u00e4r Christian Nielsen \u00e4r kontorschef, i Marbella med Bo Hedberg som kontorschef, samt i Madrid d\u00e4r Stephan Oxenborg \u00e4r landschef p\u00e5 regionala huvudkontoret. Handelsbanken har \u00e4ven ett kontor i Torrevieja d\u00e4r Anders Pettersson finns p\u00e5 torsdagar.<br \/>\nP\u00e5 Costa del Sol finns Handelsbanken sedan m\u00e5nga \u00e5r med kontor i Nueva Andalucia, Marbella. I mars arrangerades informationsm\u00f6te i Marbella och Fuengirola. Joachim Spetz, VD vid Handelsbanken Fonder informerade om utvecklingen inom fondomr\u00e5det.<br \/>\nJan Daresj\u00f6, chefsanalytiker i Luxemburg ber\u00e4ttade om finansmarknaden och intressanta placeringar samtidigt som Ulf Hessedahl, k\u00e4nd och m\u00e5ng\u00e5rig fastighetsm\u00e4klare p\u00e5 Solkusten var inbjuden f\u00f6r att ge sin syn p\u00e5 fastighetsmarknaden.<\/p>\n","protected":false},"excerpt":{"rendered":"<p>Som vi kunde ber\u00e4tta redan i h\u00f6stas g\u00f6r SHB, Svenska Handelsbanken, en storsatsning p\u00e5 Spanien, h\u00f6sten 2008 r\u00e4knar man med att bli en fullsortimentsbank Av Ola Josefsson -Just nu jobbar vi med produktutveckling s\u00e5 att vi successivt kommer att erbjuda en m\u00e4ngd olika tj\u00e4nster. N\u00e5gon g\u00e5ng fram\u00e5t h\u00f6sten 2008 r\u00e4knar vi med om allt g\u00e5r [&hellip;]<\/p>\n","protected":false},"author":8,"featured_media":2255,"comment_status":"open","ping_status":"open","sticky":false,"template":"","format":"standard","meta":{"_et_pb_use_builder":"","_et_pb_old_content":"","_et_gb_content_width":"","footnotes":""},"categories":[4,398],"tags":[],"class_list":["post-2254","post","type-post","status-publish","format-standard","has-post-thumbnail","hentry","category-artiklar","category-naringsliv"],"yoast_head":"<!-- This site is optimized with the Yoast SEO Premium plugin v26.2 (Yoast SEO v27.4) - https:\/\/yoast.com\/product\/yoast-seo-premium-wordpress\/ -->\n<title>Handelsbanken blir fullsortimentsbank i h\u00f6st - Svenska Magasinet<\/title>\n<meta name=\"robots\" content=\"noindex, follow, max-snippet:-1, max-image-preview:large, max-video-preview:-1\" \/>\n<meta property=\"og:locale\" content=\"sv_SE\" \/>\n<meta property=\"og:type\" content=\"article\" \/>\n<meta property=\"og:title\" content=\"Handelsbanken blir fullsortimentsbank i h\u00f6st\" \/>\n<meta property=\"og:description\" content=\"Som vi kunde ber\u00e4tta redan i h\u00f6stas g\u00f6r SHB, Svenska Handelsbanken, en storsatsning p\u00e5 Spanien, h\u00f6sten 2008 r\u00e4knar man med att bli en fullsortimentsbank Av Ola Josefsson -Just nu jobbar vi med produktutveckling s\u00e5 att vi successivt kommer att erbjuda en m\u00e4ngd olika tj\u00e4nster. N\u00e5gon g\u00e5ng fram\u00e5t h\u00f6sten 2008 r\u00e4knar vi med om allt g\u00e5r [&hellip;]\" \/>\n<meta property=\"og:url\" content=\"https:\/\/lightweb.dev\/l\/svm-temp\/artiklar\/handelsbanken-blir-fullsortimentsbank-i-host\/\" \/>\n<meta property=\"og:site_name\" content=\"Svenska Magasinet\" \/>\n<meta property=\"article:publisher\" content=\"https:\/\/www.facebook.com\/svenskamagasinet\" \/>\n<meta property=\"article:published_time\" content=\"2008-03-31T22:00:00+00:00\" \/>\n<meta property=\"og:image\" content=\"https:\/\/lightweb.dev\/l\/svm-temp\/wp-content\/uploads\/2022\/04\/handelsbanken-blir-fullsortimentsbank-i-hst.png\" \/>\n\t<meta property=\"og:image:width\" content=\"280\" \/>\n\t<meta property=\"og:image:height\" content=\"210\" \/>\n\t<meta property=\"og:image:type\" content=\"image\/png\" \/>\n<meta name=\"author\" content=\"Redaktionen SvM\" \/>\n<meta name=\"twitter:card\" content=\"summary_large_image\" \/>\n<meta name=\"twitter:creator\" content=\"@SvenskaMagasine\" \/>\n<meta name=\"twitter:site\" content=\"@SvenskaMagasine\" \/>\n<script type=\"application\/ld+json\" class=\"yoast-schema-graph\">{\"@context\":\"https:\\\/\\\/schema.org\",\"@graph\":[{\"@type\":\"Article\",\"@id\":\"https:\\\/\\\/lightweb.dev\\\/l\\\/svm-temp\\\/artiklar\\\/handelsbanken-blir-fullsortimentsbank-i-host\\\/#article\",\"isPartOf\":{\"@id\":\"https:\\\/\\\/lightweb.dev\\\/l\\\/svm-temp\\\/artiklar\\\/handelsbanken-blir-fullsortimentsbank-i-host\\\/\"},\"author\":{\"name\":\"Redaktionen SvM\",\"@id\":\"https:\\\/\\\/lightweb.dev\\\/l\\\/svm-temp\\\/#\\\/schema\\\/person\\\/206a3bda5b607b0c25e1749191e4d837\"},\"headline\":\"Handelsbanken blir fullsortimentsbank i h\u00f6st\",\"datePublished\":\"2008-03-31T22:00:00+00:00\",\"mainEntityOfPage\":{\"@id\":\"https:\\\/\\\/lightweb.dev\\\/l\\\/svm-temp\\\/artiklar\\\/handelsbanken-blir-fullsortimentsbank-i-host\\\/\"},\"wordCount\":398,\"commentCount\":0,\"publisher\":{\"@id\":\"https:\\\/\\\/lightweb.dev\\\/l\\\/svm-temp\\\/#organization\"},\"image\":{\"@id\":\"https:\\\/\\\/lightweb.dev\\\/l\\\/svm-temp\\\/artiklar\\\/handelsbanken-blir-fullsortimentsbank-i-host\\\/#primaryimage\"},\"thumbnailUrl\":\"https:\\\/\\\/lightweb.dev\\\/l\\\/svm-temp\\\/wp-content\\\/uploads\\\/2022\\\/04\\\/handelsbanken-blir-fullsortimentsbank-i-hst.png\",\"articleSection\":[\"Artiklar\",\"N\u00e4ringsliv\"],\"inLanguage\":\"sv-SE\"},{\"@type\":\"WebPage\",\"@id\":\"https:\\\/\\\/lightweb.dev\\\/l\\\/svm-temp\\\/artiklar\\\/handelsbanken-blir-fullsortimentsbank-i-host\\\/\",\"url\":\"https:\\\/\\\/lightweb.dev\\\/l\\\/svm-temp\\\/artiklar\\\/handelsbanken-blir-fullsortimentsbank-i-host\\\/\",\"name\":\"Handelsbanken blir fullsortimentsbank i h\u00f6st - Svenska Magasinet\",\"isPartOf\":{\"@id\":\"https:\\\/\\\/lightweb.dev\\\/l\\\/svm-temp\\\/#website\"},\"primaryImageOfPage\":{\"@id\":\"https:\\\/\\\/lightweb.dev\\\/l\\\/svm-temp\\\/artiklar\\\/handelsbanken-blir-fullsortimentsbank-i-host\\\/#primaryimage\"},\"image\":{\"@id\":\"https:\\\/\\\/lightweb.dev\\\/l\\\/svm-temp\\\/artiklar\\\/handelsbanken-blir-fullsortimentsbank-i-host\\\/#primaryimage\"},\"thumbnailUrl\":\"https:\\\/\\\/lightweb.dev\\\/l\\\/svm-temp\\\/wp-content\\\/uploads\\\/2022\\\/04\\\/handelsbanken-blir-fullsortimentsbank-i-hst.png\",\"datePublished\":\"2008-03-31T22:00:00+00:00\",\"breadcrumb\":{\"@id\":\"https:\\\/\\\/lightweb.dev\\\/l\\\/svm-temp\\\/artiklar\\\/handelsbanken-blir-fullsortimentsbank-i-host\\\/#breadcrumb\"},\"inLanguage\":\"sv-SE\",\"potentialAction\":[{\"@type\":\"ReadAction\",\"target\":[\"https:\\\/\\\/lightweb.dev\\\/l\\\/svm-temp\\\/artiklar\\\/handelsbanken-blir-fullsortimentsbank-i-host\\\/\"]}]},{\"@type\":\"ImageObject\",\"inLanguage\":\"sv-SE\",\"@id\":\"https:\\\/\\\/lightweb.dev\\\/l\\\/svm-temp\\\/artiklar\\\/handelsbanken-blir-fullsortimentsbank-i-host\\\/#primaryimage\",\"url\":\"https:\\\/\\\/lightweb.dev\\\/l\\\/svm-temp\\\/wp-content\\\/uploads\\\/2022\\\/04\\\/handelsbanken-blir-fullsortimentsbank-i-hst.png\",\"contentUrl\":\"https:\\\/\\\/lightweb.dev\\\/l\\\/svm-temp\\\/wp-content\\\/uploads\\\/2022\\\/04\\\/handelsbanken-blir-fullsortimentsbank-i-hst.png\",\"width\":280,\"height\":210},{\"@type\":\"BreadcrumbList\",\"@id\":\"https:\\\/\\\/lightweb.dev\\\/l\\\/svm-temp\\\/artiklar\\\/handelsbanken-blir-fullsortimentsbank-i-host\\\/#breadcrumb\",\"itemListElement\":[{\"@type\":\"ListItem\",\"position\":1,\"name\":\"Hem\",\"item\":\"https:\\\/\\\/lightweb.dev\\\/l\\\/svm-temp\\\/\"},{\"@type\":\"ListItem\",\"position\":2,\"name\":\"Handelsbanken blir fullsortimentsbank i h\u00f6st\"}]},{\"@type\":\"WebSite\",\"@id\":\"https:\\\/\\\/lightweb.dev\\\/l\\\/svm-temp\\\/#website\",\"url\":\"https:\\\/\\\/lightweb.dev\\\/l\\\/svm-temp\\\/\",\"name\":\"Svenska Magasinet\",\"description\":\"Dina Spanska nyheter p&aring; Svenska\",\"publisher\":{\"@id\":\"https:\\\/\\\/lightweb.dev\\\/l\\\/svm-temp\\\/#organization\"},\"potentialAction\":[{\"@type\":\"SearchAction\",\"target\":{\"@type\":\"EntryPoint\",\"urlTemplate\":\"https:\\\/\\\/lightweb.dev\\\/l\\\/svm-temp\\\/?s={search_term_string}\"},\"query-input\":{\"@type\":\"PropertyValueSpecification\",\"valueRequired\":true,\"valueName\":\"search_term_string\"}}],\"inLanguage\":\"sv-SE\"},{\"@type\":\"Organization\",\"@id\":\"https:\\\/\\\/lightweb.dev\\\/l\\\/svm-temp\\\/#organization\",\"name\":\"Melkerson y Nott SL\",\"alternateName\":\"Svenska Magasinet\",\"url\":\"https:\\\/\\\/lightweb.dev\\\/l\\\/svm-temp\\\/\",\"logo\":{\"@type\":\"ImageObject\",\"inLanguage\":\"sv-SE\",\"@id\":\"https:\\\/\\\/lightweb.dev\\\/l\\\/svm-temp\\\/#\\\/schema\\\/logo\\\/image\\\/\",\"url\":\"https:\\\/\\\/lightweb.dev\\\/l\\\/svm-temp\\\/wp-content\\\/uploads\\\/2025\\\/02\\\/SvM-logo-Xtra-Centrerad-SVART.png\",\"contentUrl\":\"https:\\\/\\\/lightweb.dev\\\/l\\\/svm-temp\\\/wp-content\\\/uploads\\\/2025\\\/02\\\/SvM-logo-Xtra-Centrerad-SVART.png\",\"width\":300,\"height\":99,\"caption\":\"Melkerson y Nott SL\"},\"image\":{\"@id\":\"https:\\\/\\\/lightweb.dev\\\/l\\\/svm-temp\\\/#\\\/schema\\\/logo\\\/image\\\/\"},\"sameAs\":[\"https:\\\/\\\/www.facebook.com\\\/svenskamagasinet\",\"https:\\\/\\\/x.com\\\/SvenskaMagasine\"]},{\"@type\":\"Person\",\"@id\":\"https:\\\/\\\/lightweb.dev\\\/l\\\/svm-temp\\\/#\\\/schema\\\/person\\\/206a3bda5b607b0c25e1749191e4d837\",\"name\":\"Redaktionen SvM\",\"description\":\"Redaktionen\",\"sameAs\":[\"https:\\\/\\\/lightweb.dev\\\/l\\\/svm-temp\"],\"url\":\"https:\\\/\\\/lightweb.dev\\\/l\\\/svm-temp\\\/reporter\\\/redaktionen\\\/\"}]}<\/script>\n<!-- \/ Yoast SEO Premium plugin. -->","yoast_head_json":{"title":"Handelsbanken blir fullsortimentsbank i h\u00f6st - Svenska Magasinet","robots":{"index":"noindex","follow":"follow","max-snippet":"max-snippet:-1","max-image-preview":"max-image-preview:large","max-video-preview":"max-video-preview:-1"},"og_locale":"sv_SE","og_type":"article","og_title":"Handelsbanken blir fullsortimentsbank i h\u00f6st","og_description":"Som vi kunde ber\u00e4tta redan i h\u00f6stas g\u00f6r SHB, Svenska Handelsbanken, en storsatsning p\u00e5 Spanien, h\u00f6sten 2008 r\u00e4knar man med att bli en fullsortimentsbank Av Ola Josefsson -Just nu jobbar vi med produktutveckling s\u00e5 att vi successivt kommer att erbjuda en m\u00e4ngd olika tj\u00e4nster. N\u00e5gon g\u00e5ng fram\u00e5t h\u00f6sten 2008 r\u00e4knar vi med om allt g\u00e5r [&hellip;]","og_url":"https:\/\/lightweb.dev\/l\/svm-temp\/artiklar\/handelsbanken-blir-fullsortimentsbank-i-host\/","og_site_name":"Svenska Magasinet","article_publisher":"https:\/\/www.facebook.com\/svenskamagasinet","article_published_time":"2008-03-31T22:00:00+00:00","og_image":[{"width":280,"height":210,"url":"https:\/\/lightweb.dev\/l\/svm-temp\/wp-content\/uploads\/2022\/04\/handelsbanken-blir-fullsortimentsbank-i-hst.png","type":"image\/png"}],"author":"Redaktionen SvM","twitter_card":"summary_large_image","twitter_creator":"@SvenskaMagasine","twitter_site":"@SvenskaMagasine","schema":{"@context":"https:\/\/schema.org","@graph":[{"@type":"Article","@id":"https:\/\/lightweb.dev\/l\/svm-temp\/artiklar\/handelsbanken-blir-fullsortimentsbank-i-host\/#article","isPartOf":{"@id":"https:\/\/lightweb.dev\/l\/svm-temp\/artiklar\/handelsbanken-blir-fullsortimentsbank-i-host\/"},"author":{"name":"Redaktionen SvM","@id":"https:\/\/lightweb.dev\/l\/svm-temp\/#\/schema\/person\/206a3bda5b607b0c25e1749191e4d837"},"headline":"Handelsbanken blir fullsortimentsbank i h\u00f6st","datePublished":"2008-03-31T22:00:00+00:00","mainEntityOfPage":{"@id":"https:\/\/lightweb.dev\/l\/svm-temp\/artiklar\/handelsbanken-blir-fullsortimentsbank-i-host\/"},"wordCount":398,"commentCount":0,"publisher":{"@id":"https:\/\/lightweb.dev\/l\/svm-temp\/#organization"},"image":{"@id":"https:\/\/lightweb.dev\/l\/svm-temp\/artiklar\/handelsbanken-blir-fullsortimentsbank-i-host\/#primaryimage"},"thumbnailUrl":"https:\/\/lightweb.dev\/l\/svm-temp\/wp-content\/uploads\/2022\/04\/handelsbanken-blir-fullsortimentsbank-i-hst.png","articleSection":["Artiklar","N\u00e4ringsliv"],"inLanguage":"sv-SE"},{"@type":"WebPage","@id":"https:\/\/lightweb.dev\/l\/svm-temp\/artiklar\/handelsbanken-blir-fullsortimentsbank-i-host\/","url":"https:\/\/lightweb.dev\/l\/svm-temp\/artiklar\/handelsbanken-blir-fullsortimentsbank-i-host\/","name":"Handelsbanken blir fullsortimentsbank i h\u00f6st - Svenska Magasinet","isPartOf":{"@id":"https:\/\/lightweb.dev\/l\/svm-temp\/#website"},"primaryImageOfPage":{"@id":"https:\/\/lightweb.dev\/l\/svm-temp\/artiklar\/handelsbanken-blir-fullsortimentsbank-i-host\/#primaryimage"},"image":{"@id":"https:\/\/lightweb.dev\/l\/svm-temp\/artiklar\/handelsbanken-blir-fullsortimentsbank-i-host\/#primaryimage"},"thumbnailUrl":"https:\/\/lightweb.dev\/l\/svm-temp\/wp-content\/uploads\/2022\/04\/handelsbanken-blir-fullsortimentsbank-i-hst.png","datePublished":"2008-03-31T22:00:00+00:00","breadcrumb":{"@id":"https:\/\/lightweb.dev\/l\/svm-temp\/artiklar\/handelsbanken-blir-fullsortimentsbank-i-host\/#breadcrumb"},"inLanguage":"sv-SE","potentialAction":[{"@type":"ReadAction","target":["https:\/\/lightweb.dev\/l\/svm-temp\/artiklar\/handelsbanken-blir-fullsortimentsbank-i-host\/"]}]},{"@type":"ImageObject","inLanguage":"sv-SE","@id":"https:\/\/lightweb.dev\/l\/svm-temp\/artiklar\/handelsbanken-blir-fullsortimentsbank-i-host\/#primaryimage","url":"https:\/\/lightweb.dev\/l\/svm-temp\/wp-content\/uploads\/2022\/04\/handelsbanken-blir-fullsortimentsbank-i-hst.png","contentUrl":"https:\/\/lightweb.dev\/l\/svm-temp\/wp-content\/uploads\/2022\/04\/handelsbanken-blir-fullsortimentsbank-i-hst.png","width":280,"height":210},{"@type":"BreadcrumbList","@id":"https:\/\/lightweb.dev\/l\/svm-temp\/artiklar\/handelsbanken-blir-fullsortimentsbank-i-host\/#breadcrumb","itemListElement":[{"@type":"ListItem","position":1,"name":"Hem","item":"https:\/\/lightweb.dev\/l\/svm-temp\/"},{"@type":"ListItem","position":2,"name":"Handelsbanken blir fullsortimentsbank i h\u00f6st"}]},{"@type":"WebSite","@id":"https:\/\/lightweb.dev\/l\/svm-temp\/#website","url":"https:\/\/lightweb.dev\/l\/svm-temp\/","name":"Svenska Magasinet","description":"Dina Spanska nyheter p&aring; Svenska","publisher":{"@id":"https:\/\/lightweb.dev\/l\/svm-temp\/#organization"},"potentialAction":[{"@type":"SearchAction","target":{"@type":"EntryPoint","urlTemplate":"https:\/\/lightweb.dev\/l\/svm-temp\/?s={search_term_string}"},"query-input":{"@type":"PropertyValueSpecification","valueRequired":true,"valueName":"search_term_string"}}],"inLanguage":"sv-SE"},{"@type":"Organization","@id":"https:\/\/lightweb.dev\/l\/svm-temp\/#organization","name":"Melkerson y Nott SL","alternateName":"Svenska Magasinet","url":"https:\/\/lightweb.dev\/l\/svm-temp\/","logo":{"@type":"ImageObject","inLanguage":"sv-SE","@id":"https:\/\/lightweb.dev\/l\/svm-temp\/#\/schema\/logo\/image\/","url":"https:\/\/lightweb.dev\/l\/svm-temp\/wp-content\/uploads\/2025\/02\/SvM-logo-Xtra-Centrerad-SVART.png","contentUrl":"https:\/\/lightweb.dev\/l\/svm-temp\/wp-content\/uploads\/2025\/02\/SvM-logo-Xtra-Centrerad-SVART.png","width":300,"height":99,"caption":"Melkerson y Nott SL"},"image":{"@id":"https:\/\/lightweb.dev\/l\/svm-temp\/#\/schema\/logo\/image\/"},"sameAs":["https:\/\/www.facebook.com\/svenskamagasinet","https:\/\/x.com\/SvenskaMagasine"]},{"@type":"Person","@id":"https:\/\/lightweb.dev\/l\/svm-temp\/#\/schema\/person\/206a3bda5b607b0c25e1749191e4d837","name":"Redaktionen SvM","description":"Redaktionen","sameAs":["https:\/\/lightweb.dev\/l\/svm-temp"],"url":"https:\/\/lightweb.dev\/l\/svm-temp\/reporter\/redaktionen\/"}]}},"_links":{"self":[{"href":"https:\/\/lightweb.dev\/l\/svm-temp\/wp-json\/wp\/v2\/posts\/2254","targetHints":{"allow":["GET"]}}],"collection":[{"href":"https:\/\/lightweb.dev\/l\/svm-temp\/wp-json\/wp\/v2\/posts"}],"about":[{"href":"https:\/\/lightweb.dev\/l\/svm-temp\/wp-json\/wp\/v2\/types\/post"}],"author":[{"embeddable":true,"href":"https:\/\/lightweb.dev\/l\/svm-temp\/wp-json\/wp\/v2\/users\/8"}],"replies":[{"embeddable":true,"href":"https:\/\/lightweb.dev\/l\/svm-temp\/wp-json\/wp\/v2\/comments?post=2254"}],"version-history":[{"count":0,"href":"https:\/\/lightweb.dev\/l\/svm-temp\/wp-json\/wp\/v2\/posts\/2254\/revisions"}],"wp:featuredmedia":[{"embeddable":true,"href":"https:\/\/lightweb.dev\/l\/svm-temp\/wp-json\/wp\/v2\/media\/2255"}],"wp:attachment":[{"href":"https:\/\/lightweb.dev\/l\/svm-temp\/wp-json\/wp\/v2\/media?parent=2254"}],"wp:term":[{"taxonomy":"category","embeddable":true,"href":"https:\/\/lightweb.dev\/l\/svm-temp\/wp-json\/wp\/v2\/categories?post=2254"},{"taxonomy":"post_tag","embeddable":true,"href":"https:\/\/lightweb.dev\/l\/svm-temp\/wp-json\/wp\/v2\/tags?post=2254"}],"curies":[{"name":"wp","href":"https:\/\/api.w.org\/{rel}","templated":true}]}}