{"id":2260,"date":"2008-04-01T00:00:00","date_gmt":"2008-03-31T22:00:00","guid":{"rendered":"https:\/\/lightweb.dev\/l\/svm-temp\/spanien-just-nu-mammarollen-komplicerad-sak-i-moderna-spanien\/"},"modified":"2008-04-01T00:00:00","modified_gmt":"2008-03-31T22:00:00","slug":"spanien-just-nu-mammarollen-komplicerad-sak-i-moderna-spanien","status":"publish","type":"post","link":"https:\/\/lightweb.dev\/l\/svm-temp\/artiklar\/spanien-just-nu-mammarollen-komplicerad-sak-i-moderna-spanien\/","title":{"rendered":"Spanien just nu: Mammarollen \u2013 komplicerad sak i moderna Spanien"},"content":{"rendered":"<p> N\u00e4rmare 40 procent av mor och farf\u00f6r\u00e4ldrar tar hand om sina barnbarn medan f\u00f6r\u00e4ldrarna jobbar. Enligt Junta de Andalucia finns det 897.822 mor och farf\u00f6r\u00e4ldrar som tar hand om barnbarn under 18 \u00e5r. Vad skulle h\u00e4nda om inte mor och farf\u00f6r\u00e4ldrar fanns\u2026 Av Ola Josefsson<\/p>\n<p>Regeringschefen och socialdemokraten Zapatero talade i valr\u00f6relsen om det moderna Spaniens utveckling. D\u00e5 handlade det mest om de homosexuellas r\u00e4ttigheter, mindre om mammans och barnens r\u00e4ttigheter \u2013 att f\u00e5 vara tillsammans.<\/p>\n<p>Med 16 veckors mammaledighet kommer man inte l\u00e5ngt. \u201dJa, vad skulle jag g\u00f6ra om inte jag hade min mamma h\u00e4r\u201d, s\u00e4ger en tv\u00e5barnsmamma som nu v\u00e4ntar sitt tredje barn. \u201dAnnars blev jag tvungen att skaffa en barnflicka m\u00e5ndag till fredag till en kostnad av cirka 350 euro i m\u00e5naden, en summa jag blir tvungen att arbeta in p\u00e5 helgen d\u00e5 pappan kan vara hemma hos barnet\u201d.<\/p>\n<p>40 procent av mor och farf\u00f6r\u00e4ldrarna tar hand om sina barnbarn medan f\u00f6r\u00e4ldrarna jobbar, skriver tidningen ABC och h\u00e4nvisar till f\u00e4rska siffror fr\u00e5n Instituto de Estad\u00edstica de Andalucia (IEA). Om nu inte mor eller farf\u00f6r\u00e4ldrarna \u00e4r f\u00f6r gamla, sjuka, handikappade eller \u00e4r bosatta p\u00e5 annat h\u00e5ll vill s\u00e4ga. Annars blir det dagis.<br \/>\n78,9 procent av de spanska arbetande mammorna \u00e4r med sina barn 40 timmar i veckan, hos m\u00e4nnen \u00e4r motsvarande siffra 31,6 procent. 25,3 procent av m\u00e4nnen s\u00e4ger att de \u00e4r med sina barn endast mellan 15 och 30 timmar i veckan.<\/p>\n<p>Nativiteten \u00e4r l\u00e5g i Spanien som i m\u00e5nga andra v\u00e4steuroepiska l\u00e4nder. Och v\u00e5ra dagars samh\u00e4lle g\u00f6r det inte s\u00e5 mycket enklare. Myndigheter st\u00f6der knappast kvinnor n\u00e4r de bara ger dem 16 veckors mammaledighet till v\u00e5rd av eget barn. En pappaledighet p\u00e5 14 dagar hj\u00e4lper knappast till.<br \/>\nSamtidigt som myndigheter uppmanar mammor genom tv-reklam att amma barn och hur viktig amning \u00e4r f\u00f6r h\u00e4lsan. Men hur ska amning g\u00e5 till n\u00e4r mamman bara har 16 veckor (i Sverige 96 veckor) tillsammans med sitt barn och resten av tiden \u00e4r p\u00e5 jobbet. Amning \u00e4r ett naturligt fenomen som inte g\u00e5r att styra efter klockan, det handlar ju om barns spontana hunger och behov. Ibland handlar det lika mycket om att de vill ligga d\u00e4r och vara n\u00e4ra sin mamma som f\u00f6tt dem.<\/p>\n<p>Regeringschefen och Zapatero (PSOE) gav f\u00f6rst vall\u00f6fte om 300.000 nya dagisplatser, en \u00f6kning fr\u00e5n 16 till 18 veckors mammaledighet f\u00f6r andra barnet och 20 veckors mammaledighet f\u00f6r tredje barnet, l\u00f6ften som sedan tonades ned.<\/p>\n<p>En del mammor v\u00e4ntar med att ta ut sin semester och s\u00e4tter samman den med mammaledigheten. 16 veckor mammaledighet plus fyra veckors semester om nu arbetsgivaren till\u00e5ter det. Tj\u00e4nstledigt har man r\u00e4tt till i tre \u00e5r utan n\u00e5gon som helst ers\u00e4ttning, men allt h\u00e4nger p\u00e5 hur l\u00e4nge anst\u00e4llningen har varit. Som mamma har du r\u00e4tt till att jobba deltid fram till att barnet fyllt 6 \u00e5r.<\/p>\n<p>Nyligen f\u00e5r f\u00f6r\u00e4ldrar ett bidrag, ett eng\u00e5ngsbelopp p\u00e5 2.500 euro per barn, fr\u00e5n barn nummer tre g\u00e4ller 3.000 euro. N\u00e4r f\u00f6r\u00e4ldrar f\u00f6rst h\u00f6r detta k\u00e4nns det n\u00e4stan lite tryggt, tills de r\u00e4knat ut vad det r\u00e4cker till.<br \/>\n\u00c4r det f\u00f6rsta barnet eller ett sladdbarn har du antagligen inga barnprylar kvar. Det bli till att k\u00f6pa ny vagn, sk\u00f6tbord, kl\u00e4der och bl\u00f6jor som kostar mellan 19 till 27 euro beroende p\u00e5 m\u00e4rke och kvalitet. N\u00e4r sedan barnvagnar har blivit en statussymbol \u00e4r det l\u00e4tt att hamna i den f\u00e4llan. Det anses knappast fint i Spanien med second hand-varor till barn, vilket g\u00f6r att ekonomin kan krisa och en del tar l\u00e5n f\u00f6r att h\u00e5lla uppe skenet och kunna visa upp nyink\u00f6pta grejer till barnet. Tar en spanjorska emot vagn eller spj\u00e4ls\u00e4ng, \u00e4r det n\u00e4rmast fr\u00e5n syster eller b\u00e4sta v\u00e4ninna.<\/p>\n<p>M\u00e5nga f\u00f6redrar s\u00e4nkt skatt och moms p\u00e5 baslivsmedel och barnsaker i st\u00e4llet f\u00f6r ett bidrag p\u00e5 2.500 euro. En s\u00e5dan klumpsumma f\u00f6rsvinner oftast ganska fort. Men som i m\u00e5nga andra politiska sammanhang lockar politiker med bidrag, oftast kortsiktiga och inte l\u00e4ngre \u00e4n vad n\u00e4san r\u00e4cker. <\/p>\n","protected":false},"excerpt":{"rendered":"<p>N\u00e4rmare 40 procent av mor och farf\u00f6r\u00e4ldrar tar hand om sina barnbarn medan f\u00f6r\u00e4ldrarna jobbar. Enligt Junta de Andalucia finns det 897.822 mor och farf\u00f6r\u00e4ldrar som tar hand om barnbarn under 18 \u00e5r. Vad skulle h\u00e4nda om inte mor och farf\u00f6r\u00e4ldrar fanns\u2026 Av Ola Josefsson Regeringschefen och socialdemokraten Zapatero talade i valr\u00f6relsen om det moderna [&hellip;]<\/p>\n","protected":false},"author":8,"featured_media":2261,"comment_status":"open","ping_status":"open","sticky":false,"template":"","format":"standard","meta":{"_et_pb_use_builder":"","_et_pb_old_content":"","_et_gb_content_width":"","footnotes":""},"categories":[4,36],"tags":[],"class_list":["post-2260","post","type-post","status-publish","format-standard","has-post-thumbnail","hentry","category-artiklar","category-spanien-just-nu"],"yoast_head":"<!-- This site is optimized with the Yoast SEO Premium plugin v26.2 (Yoast SEO v28.2) - https:\/\/yoast.com\/product\/yoast-seo-premium-wordpress\/ -->\n<title>Spanien just nu: Mammarollen \u2013 komplicerad sak i moderna Spanien - Svenska Magasinet<\/title>\n<meta name=\"robots\" content=\"noindex, follow, max-snippet:-1, max-image-preview:large, max-video-preview:-1\" \/>\n<meta property=\"og:locale\" content=\"sv_SE\" \/>\n<meta property=\"og:type\" content=\"article\" \/>\n<meta property=\"og:title\" content=\"Spanien just nu: Mammarollen \u2013 komplicerad sak i moderna Spanien\" \/>\n<meta property=\"og:description\" content=\"N\u00e4rmare 40 procent av mor och farf\u00f6r\u00e4ldrar tar hand om sina barnbarn medan f\u00f6r\u00e4ldrarna jobbar. Enligt Junta de Andalucia finns det 897.822 mor och farf\u00f6r\u00e4ldrar som tar hand om barnbarn under 18 \u00e5r. Vad skulle h\u00e4nda om inte mor och farf\u00f6r\u00e4ldrar fanns\u2026 Av Ola Josefsson Regeringschefen och socialdemokraten Zapatero talade i valr\u00f6relsen om det moderna [&hellip;]\" \/>\n<meta property=\"og:url\" content=\"https:\/\/lightweb.dev\/l\/svm-temp\/artiklar\/spanien-just-nu-mammarollen-komplicerad-sak-i-moderna-spanien\/\" \/>\n<meta property=\"og:site_name\" content=\"Svenska Magasinet\" \/>\n<meta property=\"article:publisher\" content=\"https:\/\/www.facebook.com\/svenskamagasinet\" \/>\n<meta property=\"article:published_time\" content=\"2008-03-31T22:00:00+00:00\" \/>\n<meta property=\"og:image\" content=\"https:\/\/lightweb.dev\/l\/svm-temp\/wp-content\/uploads\/2022\/04\/spanien-just-nu-mammarollen-komplicerad-sak-i-moderna-spanien.png\" \/>\n\t<meta property=\"og:image:width\" content=\"280\" \/>\n\t<meta property=\"og:image:height\" content=\"280\" \/>\n\t<meta property=\"og:image:type\" content=\"image\/png\" \/>\n<meta name=\"author\" content=\"Redaktionen SvM\" \/>\n<meta name=\"twitter:card\" content=\"summary_large_image\" \/>\n<meta name=\"twitter:creator\" content=\"@SvenskaMagasine\" \/>\n<meta name=\"twitter:site\" content=\"@SvenskaMagasine\" \/>\n<script type=\"application\/ld+json\" class=\"yoast-schema-graph\">{\"@context\":\"https:\\\/\\\/schema.org\",\"@graph\":[{\"@type\":\"Article\",\"@id\":\"https:\\\/\\\/lightweb.dev\\\/l\\\/svm-temp\\\/artiklar\\\/spanien-just-nu-mammarollen-komplicerad-sak-i-moderna-spanien\\\/#article\",\"isPartOf\":{\"@id\":\"https:\\\/\\\/lightweb.dev\\\/l\\\/svm-temp\\\/artiklar\\\/spanien-just-nu-mammarollen-komplicerad-sak-i-moderna-spanien\\\/\"},\"author\":{\"name\":\"Redaktionen SvM\",\"@id\":\"https:\\\/\\\/lightweb.dev\\\/l\\\/svm-temp\\\/#\\\/schema\\\/person\\\/206a3bda5b607b0c25e1749191e4d837\"},\"headline\":\"Spanien just nu: Mammarollen \u2013 komplicerad sak i moderna Spanien\",\"datePublished\":\"2008-03-31T22:00:00+00:00\",\"mainEntityOfPage\":{\"@id\":\"https:\\\/\\\/lightweb.dev\\\/l\\\/svm-temp\\\/artiklar\\\/spanien-just-nu-mammarollen-komplicerad-sak-i-moderna-spanien\\\/\"},\"wordCount\":747,\"commentCount\":0,\"publisher\":{\"@id\":\"https:\\\/\\\/lightweb.dev\\\/l\\\/svm-temp\\\/#organization\"},\"image\":{\"@id\":\"https:\\\/\\\/lightweb.dev\\\/l\\\/svm-temp\\\/artiklar\\\/spanien-just-nu-mammarollen-komplicerad-sak-i-moderna-spanien\\\/#primaryimage\"},\"thumbnailUrl\":\"https:\\\/\\\/lightweb.dev\\\/l\\\/svm-temp\\\/wp-content\\\/uploads\\\/2022\\\/04\\\/spanien-just-nu-mammarollen-komplicerad-sak-i-moderna-spanien.png\",\"articleSection\":[\"Artiklar\",\"Spanien just nu\"],\"inLanguage\":\"sv-SE\"},{\"@type\":\"WebPage\",\"@id\":\"https:\\\/\\\/lightweb.dev\\\/l\\\/svm-temp\\\/artiklar\\\/spanien-just-nu-mammarollen-komplicerad-sak-i-moderna-spanien\\\/\",\"url\":\"https:\\\/\\\/lightweb.dev\\\/l\\\/svm-temp\\\/artiklar\\\/spanien-just-nu-mammarollen-komplicerad-sak-i-moderna-spanien\\\/\",\"name\":\"Spanien just nu: Mammarollen \u2013 komplicerad sak i moderna Spanien - Svenska Magasinet\",\"isPartOf\":{\"@id\":\"https:\\\/\\\/lightweb.dev\\\/l\\\/svm-temp\\\/#website\"},\"primaryImageOfPage\":{\"@id\":\"https:\\\/\\\/lightweb.dev\\\/l\\\/svm-temp\\\/artiklar\\\/spanien-just-nu-mammarollen-komplicerad-sak-i-moderna-spanien\\\/#primaryimage\"},\"image\":{\"@id\":\"https:\\\/\\\/lightweb.dev\\\/l\\\/svm-temp\\\/artiklar\\\/spanien-just-nu-mammarollen-komplicerad-sak-i-moderna-spanien\\\/#primaryimage\"},\"thumbnailUrl\":\"https:\\\/\\\/lightweb.dev\\\/l\\\/svm-temp\\\/wp-content\\\/uploads\\\/2022\\\/04\\\/spanien-just-nu-mammarollen-komplicerad-sak-i-moderna-spanien.png\",\"datePublished\":\"2008-03-31T22:00:00+00:00\",\"breadcrumb\":{\"@id\":\"https:\\\/\\\/lightweb.dev\\\/l\\\/svm-temp\\\/artiklar\\\/spanien-just-nu-mammarollen-komplicerad-sak-i-moderna-spanien\\\/#breadcrumb\"},\"inLanguage\":\"sv-SE\",\"potentialAction\":[{\"@type\":\"ReadAction\",\"target\":[\"https:\\\/\\\/lightweb.dev\\\/l\\\/svm-temp\\\/artiklar\\\/spanien-just-nu-mammarollen-komplicerad-sak-i-moderna-spanien\\\/\"]}]},{\"@type\":\"ImageObject\",\"inLanguage\":\"sv-SE\",\"@id\":\"https:\\\/\\\/lightweb.dev\\\/l\\\/svm-temp\\\/artiklar\\\/spanien-just-nu-mammarollen-komplicerad-sak-i-moderna-spanien\\\/#primaryimage\",\"url\":\"https:\\\/\\\/lightweb.dev\\\/l\\\/svm-temp\\\/wp-content\\\/uploads\\\/2022\\\/04\\\/spanien-just-nu-mammarollen-komplicerad-sak-i-moderna-spanien.png\",\"contentUrl\":\"https:\\\/\\\/lightweb.dev\\\/l\\\/svm-temp\\\/wp-content\\\/uploads\\\/2022\\\/04\\\/spanien-just-nu-mammarollen-komplicerad-sak-i-moderna-spanien.png\",\"width\":280,\"height\":280},{\"@type\":\"BreadcrumbList\",\"@id\":\"https:\\\/\\\/lightweb.dev\\\/l\\\/svm-temp\\\/artiklar\\\/spanien-just-nu-mammarollen-komplicerad-sak-i-moderna-spanien\\\/#breadcrumb\",\"itemListElement\":[{\"@type\":\"ListItem\",\"position\":1,\"name\":\"Hem\",\"item\":\"https:\\\/\\\/lightweb.dev\\\/l\\\/svm-temp\\\/\"},{\"@type\":\"ListItem\",\"position\":2,\"name\":\"Spanien just nu: Mammarollen \u2013 komplicerad sak i moderna Spanien\"}]},{\"@type\":\"WebSite\",\"@id\":\"https:\\\/\\\/lightweb.dev\\\/l\\\/svm-temp\\\/#website\",\"url\":\"https:\\\/\\\/lightweb.dev\\\/l\\\/svm-temp\\\/\",\"name\":\"Svenska Magasinet\",\"description\":\"Dina Spanska nyheter p&aring; Svenska\",\"publisher\":{\"@id\":\"https:\\\/\\\/lightweb.dev\\\/l\\\/svm-temp\\\/#organization\"},\"potentialAction\":[{\"@type\":\"SearchAction\",\"target\":{\"@type\":\"EntryPoint\",\"urlTemplate\":\"https:\\\/\\\/lightweb.dev\\\/l\\\/svm-temp\\\/?s={search_term_string}\"},\"query-input\":{\"@type\":\"PropertyValueSpecification\",\"valueRequired\":true,\"valueName\":\"search_term_string\"}}],\"inLanguage\":\"sv-SE\"},{\"@type\":\"Organization\",\"@id\":\"https:\\\/\\\/lightweb.dev\\\/l\\\/svm-temp\\\/#organization\",\"name\":\"Melkerson y Nott SL\",\"alternateName\":\"Svenska Magasinet\",\"url\":\"https:\\\/\\\/lightweb.dev\\\/l\\\/svm-temp\\\/\",\"logo\":{\"@type\":\"ImageObject\",\"inLanguage\":\"sv-SE\",\"@id\":\"https:\\\/\\\/lightweb.dev\\\/l\\\/svm-temp\\\/#\\\/schema\\\/logo\\\/image\\\/\",\"url\":\"https:\\\/\\\/lightweb.dev\\\/l\\\/svm-temp\\\/wp-content\\\/uploads\\\/2025\\\/02\\\/SvM-logo-Xtra-Centrerad-SVART.png\",\"contentUrl\":\"https:\\\/\\\/lightweb.dev\\\/l\\\/svm-temp\\\/wp-content\\\/uploads\\\/2025\\\/02\\\/SvM-logo-Xtra-Centrerad-SVART.png\",\"width\":300,\"height\":99,\"caption\":\"Melkerson y Nott SL\"},\"image\":{\"@id\":\"https:\\\/\\\/lightweb.dev\\\/l\\\/svm-temp\\\/#\\\/schema\\\/logo\\\/image\\\/\"},\"sameAs\":[\"https:\\\/\\\/www.facebook.com\\\/svenskamagasinet\",\"https:\\\/\\\/x.com\\\/SvenskaMagasine\"]},{\"@type\":\"Person\",\"@id\":\"https:\\\/\\\/lightweb.dev\\\/l\\\/svm-temp\\\/#\\\/schema\\\/person\\\/206a3bda5b607b0c25e1749191e4d837\",\"name\":\"Redaktionen SvM\",\"description\":\"Redaktionen\",\"sameAs\":[\"https:\\\/\\\/lightweb.dev\\\/l\\\/svm-temp\"],\"url\":\"https:\\\/\\\/lightweb.dev\\\/l\\\/svm-temp\\\/reporter\\\/redaktionen\\\/\"}]}<\/script>\n<!-- \/ Yoast SEO Premium plugin. -->","yoast_head_json":{"title":"Spanien just nu: Mammarollen \u2013 komplicerad sak i moderna Spanien - Svenska Magasinet","robots":{"index":"noindex","follow":"follow","max-snippet":"max-snippet:-1","max-image-preview":"max-image-preview:large","max-video-preview":"max-video-preview:-1"},"og_locale":"sv_SE","og_type":"article","og_title":"Spanien just nu: Mammarollen \u2013 komplicerad sak i moderna Spanien","og_description":"N\u00e4rmare 40 procent av mor och farf\u00f6r\u00e4ldrar tar hand om sina barnbarn medan f\u00f6r\u00e4ldrarna jobbar. Enligt Junta de Andalucia finns det 897.822 mor och farf\u00f6r\u00e4ldrar som tar hand om barnbarn under 18 \u00e5r. Vad skulle h\u00e4nda om inte mor och farf\u00f6r\u00e4ldrar fanns\u2026 Av Ola Josefsson Regeringschefen och socialdemokraten Zapatero talade i valr\u00f6relsen om det moderna [&hellip;]","og_url":"https:\/\/lightweb.dev\/l\/svm-temp\/artiklar\/spanien-just-nu-mammarollen-komplicerad-sak-i-moderna-spanien\/","og_site_name":"Svenska Magasinet","article_publisher":"https:\/\/www.facebook.com\/svenskamagasinet","article_published_time":"2008-03-31T22:00:00+00:00","og_image":[{"width":280,"height":280,"url":"https:\/\/lightweb.dev\/l\/svm-temp\/wp-content\/uploads\/2022\/04\/spanien-just-nu-mammarollen-komplicerad-sak-i-moderna-spanien.png","type":"image\/png"}],"author":"Redaktionen SvM","twitter_card":"summary_large_image","twitter_creator":"@SvenskaMagasine","twitter_site":"@SvenskaMagasine","schema":{"@context":"https:\/\/schema.org","@graph":[{"@type":"Article","@id":"https:\/\/lightweb.dev\/l\/svm-temp\/artiklar\/spanien-just-nu-mammarollen-komplicerad-sak-i-moderna-spanien\/#article","isPartOf":{"@id":"https:\/\/lightweb.dev\/l\/svm-temp\/artiklar\/spanien-just-nu-mammarollen-komplicerad-sak-i-moderna-spanien\/"},"author":{"name":"Redaktionen SvM","@id":"https:\/\/lightweb.dev\/l\/svm-temp\/#\/schema\/person\/206a3bda5b607b0c25e1749191e4d837"},"headline":"Spanien just nu: Mammarollen \u2013 komplicerad sak i moderna Spanien","datePublished":"2008-03-31T22:00:00+00:00","mainEntityOfPage":{"@id":"https:\/\/lightweb.dev\/l\/svm-temp\/artiklar\/spanien-just-nu-mammarollen-komplicerad-sak-i-moderna-spanien\/"},"wordCount":747,"commentCount":0,"publisher":{"@id":"https:\/\/lightweb.dev\/l\/svm-temp\/#organization"},"image":{"@id":"https:\/\/lightweb.dev\/l\/svm-temp\/artiklar\/spanien-just-nu-mammarollen-komplicerad-sak-i-moderna-spanien\/#primaryimage"},"thumbnailUrl":"https:\/\/lightweb.dev\/l\/svm-temp\/wp-content\/uploads\/2022\/04\/spanien-just-nu-mammarollen-komplicerad-sak-i-moderna-spanien.png","articleSection":["Artiklar","Spanien just nu"],"inLanguage":"sv-SE"},{"@type":"WebPage","@id":"https:\/\/lightweb.dev\/l\/svm-temp\/artiklar\/spanien-just-nu-mammarollen-komplicerad-sak-i-moderna-spanien\/","url":"https:\/\/lightweb.dev\/l\/svm-temp\/artiklar\/spanien-just-nu-mammarollen-komplicerad-sak-i-moderna-spanien\/","name":"Spanien just nu: Mammarollen \u2013 komplicerad sak i moderna Spanien - Svenska Magasinet","isPartOf":{"@id":"https:\/\/lightweb.dev\/l\/svm-temp\/#website"},"primaryImageOfPage":{"@id":"https:\/\/lightweb.dev\/l\/svm-temp\/artiklar\/spanien-just-nu-mammarollen-komplicerad-sak-i-moderna-spanien\/#primaryimage"},"image":{"@id":"https:\/\/lightweb.dev\/l\/svm-temp\/artiklar\/spanien-just-nu-mammarollen-komplicerad-sak-i-moderna-spanien\/#primaryimage"},"thumbnailUrl":"https:\/\/lightweb.dev\/l\/svm-temp\/wp-content\/uploads\/2022\/04\/spanien-just-nu-mammarollen-komplicerad-sak-i-moderna-spanien.png","datePublished":"2008-03-31T22:00:00+00:00","breadcrumb":{"@id":"https:\/\/lightweb.dev\/l\/svm-temp\/artiklar\/spanien-just-nu-mammarollen-komplicerad-sak-i-moderna-spanien\/#breadcrumb"},"inLanguage":"sv-SE","potentialAction":[{"@type":"ReadAction","target":["https:\/\/lightweb.dev\/l\/svm-temp\/artiklar\/spanien-just-nu-mammarollen-komplicerad-sak-i-moderna-spanien\/"]}]},{"@type":"ImageObject","inLanguage":"sv-SE","@id":"https:\/\/lightweb.dev\/l\/svm-temp\/artiklar\/spanien-just-nu-mammarollen-komplicerad-sak-i-moderna-spanien\/#primaryimage","url":"https:\/\/lightweb.dev\/l\/svm-temp\/wp-content\/uploads\/2022\/04\/spanien-just-nu-mammarollen-komplicerad-sak-i-moderna-spanien.png","contentUrl":"https:\/\/lightweb.dev\/l\/svm-temp\/wp-content\/uploads\/2022\/04\/spanien-just-nu-mammarollen-komplicerad-sak-i-moderna-spanien.png","width":280,"height":280},{"@type":"BreadcrumbList","@id":"https:\/\/lightweb.dev\/l\/svm-temp\/artiklar\/spanien-just-nu-mammarollen-komplicerad-sak-i-moderna-spanien\/#breadcrumb","itemListElement":[{"@type":"ListItem","position":1,"name":"Hem","item":"https:\/\/lightweb.dev\/l\/svm-temp\/"},{"@type":"ListItem","position":2,"name":"Spanien just nu: Mammarollen \u2013 komplicerad sak i moderna Spanien"}]},{"@type":"WebSite","@id":"https:\/\/lightweb.dev\/l\/svm-temp\/#website","url":"https:\/\/lightweb.dev\/l\/svm-temp\/","name":"Svenska Magasinet","description":"Dina Spanska nyheter p&aring; Svenska","publisher":{"@id":"https:\/\/lightweb.dev\/l\/svm-temp\/#organization"},"potentialAction":[{"@type":"SearchAction","target":{"@type":"EntryPoint","urlTemplate":"https:\/\/lightweb.dev\/l\/svm-temp\/?s={search_term_string}"},"query-input":{"@type":"PropertyValueSpecification","valueRequired":true,"valueName":"search_term_string"}}],"inLanguage":"sv-SE"},{"@type":"Organization","@id":"https:\/\/lightweb.dev\/l\/svm-temp\/#organization","name":"Melkerson y Nott SL","alternateName":"Svenska Magasinet","url":"https:\/\/lightweb.dev\/l\/svm-temp\/","logo":{"@type":"ImageObject","inLanguage":"sv-SE","@id":"https:\/\/lightweb.dev\/l\/svm-temp\/#\/schema\/logo\/image\/","url":"https:\/\/lightweb.dev\/l\/svm-temp\/wp-content\/uploads\/2025\/02\/SvM-logo-Xtra-Centrerad-SVART.png","contentUrl":"https:\/\/lightweb.dev\/l\/svm-temp\/wp-content\/uploads\/2025\/02\/SvM-logo-Xtra-Centrerad-SVART.png","width":300,"height":99,"caption":"Melkerson y Nott SL"},"image":{"@id":"https:\/\/lightweb.dev\/l\/svm-temp\/#\/schema\/logo\/image\/"},"sameAs":["https:\/\/www.facebook.com\/svenskamagasinet","https:\/\/x.com\/SvenskaMagasine"]},{"@type":"Person","@id":"https:\/\/lightweb.dev\/l\/svm-temp\/#\/schema\/person\/206a3bda5b607b0c25e1749191e4d837","name":"Redaktionen SvM","description":"Redaktionen","sameAs":["https:\/\/lightweb.dev\/l\/svm-temp"],"url":"https:\/\/lightweb.dev\/l\/svm-temp\/reporter\/redaktionen\/"}]}},"_links":{"self":[{"href":"https:\/\/lightweb.dev\/l\/svm-temp\/wp-json\/wp\/v2\/posts\/2260","targetHints":{"allow":["GET"]}}],"collection":[{"href":"https:\/\/lightweb.dev\/l\/svm-temp\/wp-json\/wp\/v2\/posts"}],"about":[{"href":"https:\/\/lightweb.dev\/l\/svm-temp\/wp-json\/wp\/v2\/types\/post"}],"author":[{"embeddable":true,"href":"https:\/\/lightweb.dev\/l\/svm-temp\/wp-json\/wp\/v2\/users\/8"}],"replies":[{"embeddable":true,"href":"https:\/\/lightweb.dev\/l\/svm-temp\/wp-json\/wp\/v2\/comments?post=2260"}],"version-history":[{"count":0,"href":"https:\/\/lightweb.dev\/l\/svm-temp\/wp-json\/wp\/v2\/posts\/2260\/revisions"}],"wp:featuredmedia":[{"embeddable":true,"href":"https:\/\/lightweb.dev\/l\/svm-temp\/wp-json\/wp\/v2\/media\/2261"}],"wp:attachment":[{"href":"https:\/\/lightweb.dev\/l\/svm-temp\/wp-json\/wp\/v2\/media?parent=2260"}],"wp:term":[{"taxonomy":"category","embeddable":true,"href":"https:\/\/lightweb.dev\/l\/svm-temp\/wp-json\/wp\/v2\/categories?post=2260"},{"taxonomy":"post_tag","embeddable":true,"href":"https:\/\/lightweb.dev\/l\/svm-temp\/wp-json\/wp\/v2\/tags?post=2260"}],"curies":[{"name":"wp","href":"https:\/\/api.w.org\/{rel}","templated":true}]}}