{"id":2269,"date":"2008-03-19T00:00:00","date_gmt":"2008-03-18T23:00:00","guid":{"rendered":"https:\/\/lightweb.dev\/l\/svm-temp\/svenska-magasinet-listar-arets-f-1-sasong\/"},"modified":"2008-03-19T00:00:00","modified_gmt":"2008-03-18T23:00:00","slug":"svenska-magasinet-listar-arets-f-1-sasong","status":"publish","type":"post","link":"https:\/\/lightweb.dev\/l\/svm-temp\/artiklar\/svenska-magasinet-listar-arets-f-1-sasong\/","title":{"rendered":"Svenska Magasinet listar \u00e5rets F 1-s\u00e4song"},"content":{"rendered":"<p> Nu brakar det loss igen. Formel1-cirkusen k\u00f6r ig\u00e5ng under mars m\u00e5nad och f\u00f6rst ut \u00e4r Australien. Av Carl Munther<\/p>\n<p>Sedan oktober har det h\u00e4nt en del hos teamen. Vissa f\u00f6rare har bytt team och ett team har faktiskt bytt team det med. Hur ser det d\u00e5 ut inf\u00f6r \u00e5rets omg\u00e5ng av Formel1? Vem har chans att ta hem segern och v\u00e5gar man att tippa \u00f6verhuvudtaget? De senaste \u00e5ren har vi vant oss vid att ha tv\u00e5 huvudkombattanter, men i \u00e5r verkar det bli fler som sl\u00e5ss om m\u00e4sterskapstiteln.<\/p>\n<p>Force India<br \/>\nSpyker Ferarri, som kom p\u00e5 10:e plats i f\u00f6rra \u00e5rets konstrukt\u00f6rst\u00e4vling har k\u00f6pts upp av den indiske miljard\u00e4ren Dr Vijay Mallya och till 2008 bytt namn till Force India.<br \/>\nTeamet \u00e4r det f\u00f6rsta Indiska genom tiderna och man har fr\u00e5n \u00e4garsidan satsat stora summor i att f\u00f6rb\u00e4ttra tekniken i bilarna och peppa sina f\u00f6rare f\u00f6r att n\u00e5 b\u00e4ttre resultat 2008.<br \/>\nF\u00f6rare i nya Force India \u00e4r Adrian Sutil och Giancarlo Fisichella. Sutil har som b\u00e4st placerat sig p\u00e5 8:e plats, men s\u00e5 debuterade han ocks\u00e5 under 2007 i Formel 1-sammanhang. Desto b\u00e4ttre placeringar har Fisichella haft under sina m\u00e5nga \u00e5r i Formel 1. 2007 slutade han p\u00e5 8:e plats och med en b\u00e4ttre bil, kanske det r\u00e4cker n\u00e5gra pinnh\u00e5l till.<br \/>\nForce India kan allts\u00e5 vara en joker att ta med i ber\u00e4kningarna.<\/p>\n<p>Ferarri<br \/>\nBorde inte beh\u00f6va n\u00e5gon detaljerad beskrivning. Under flera \u00e5r l\u00e5g man i absolut t\u00e4tposition genom Michael Schumacher och 2007 knep man m\u00e4sterskapstiteln fr\u00e5n McLaren genom ett mycket j\u00e4mnt \u00e5r av finske Kimi R\u00e4ikk\u00f6nen som avgjorde s\u00e4songen under sista loppet.<br \/>\nR\u00e4ikk\u00f6nen k\u00f6r, precis som f\u00f6reg\u00e5ende \u00e5r, med Felipe Massa som stallkamrat och fr\u00e5gan \u00e4r vem som blir vassast under 2008. Massa \u00e4r en mycket tuff f\u00f6rare som under 2007, enligt bed\u00f6mare, missade vinsten p\u00e5 grund av hans olust f\u00f6r regnv\u00e5ta banor.<\/p>\n<p>McLaren<br \/>\n\u00c4ven detta ett team som inte beh\u00f6ver n\u00e5gon st\u00f6rre genomg\u00e5ng. Lewis Hamilton forts\u00e4tter k\u00f6ra f\u00f6r det team som tog hand om honom redan p\u00e5 cartingstadiet och d\u00e5 spanske Fernando Alonso l\u00e4mnade teamet vid \u00e5rsskiftet, k\u00f6r Hamilton nu med Heikki Kovalainen \u2013 en finne med drag under sulorna och en mycket farlig kombattant f\u00f6r \u00e5ret 2008. Heikki har visat framf\u00f6tterna ett antal g\u00e5nger och med den bil McLaren kan erbjuda honom, \u00e4r han helt klart en toppkandidat till vinnarpositionen om nu teamet l\u00e5ter honom.<\/p>\n<p>Renault<br \/>\nSpaniens stolthet Fernando Alonso \u00e4r tillbaka hos Renault efter sitt \u00e5r hos McLaren. Efter s\u00e4songen 2006, l\u00e4mnade Alonso Renault och kommentarerna om teamet var v\u00e4l inte enbart positiva. Under 2007 upprepades historien och redan under senh\u00f6sten stod det klart att Fernando inte skulle vara kvar hos McLaren. Alonso k\u00f6r nu med Nelsinho Piquet, son till legenden Nelson Piquet och en mycket s\u00e4ker f\u00f6rare med \u00e5tskilliga vinster bakom sig. F\u00f6rsta \u00e5ret i Formel 1 och teamkamrat med Alonso. F\u00e5r Nelsinho komma fram, eller \u00e4r \u201dfram\u201d reserverat f\u00f6r Alonso?<\/p>\n<p>BMW Sauber<br \/>\nEtt farligt team som kan n\u00e5 hur l\u00e5ngt som helst, om bilarna h\u00e5ller\u2026 Nick Heidfeld och Robert Kubica k\u00f6r i \u00e5r igen och teamet slutade faktiskt p\u00e5 andra plats i konstrukt\u00f6rs-VM 2007. B\u00e5de Heidfeld och Kubica \u00e4r snabba och s\u00e4kra f\u00f6rare och teamet \u00e4r bland dem som syns minst i skvallertidningarna. Visst \u00e4r bilarnas kvalitet och f\u00f6rarnas nerver viktiga i dessa sammanhang, men ett v\u00e4l sammansvetsat team kan g\u00f6ra mycket det ocks\u00e5.<\/p>\n<p>\u00d6vriga team<br \/>\nDet finns ett antal team till, men dessa har inte visat p\u00e5 n\u00e5got stabilt m\u00f6nster under 2007. RedBull och ToroRosso har haft en hel del problem med tekniken, Honda \u00e4r ett team med bra f\u00f6rare som lagt beslag p\u00e5 positioner emellan\u00e5t, men \u00e4nd\u00e5 inte vaknat upp \u00e4nnu. Super Aguri \u00e4r ett trevligt Honda-team d\u00e4r Takuma Sato ibland ses flyga fram som v\u00e4rsta kamikasepilot fr\u00e5n ett tidigare krig. Sato lyckas ofta k\u00f6ra av, men n\u00e4r han inte g\u00f6r det, kan han vara farlig.<\/p>\n<p>Vem kommer var<br \/>\nF\u00f6r 2008 har vi p\u00e5 redaktionen tagit fram en lista \u00f6ver kombatanternas m\u00f6jligheter att n\u00e5 toppen. Ett arbete som visat sig sv\u00e5rare \u00e4n vi trodde fr\u00e5n b\u00f6rjan, d\u00e5 antalet jokrar \u00e4r m\u00e5nga och nyheterna likas\u00e5.<br \/>\n1. Lewis Hamilton<br \/>\n2. Felipe Massa<br \/>\n3. Nick Hedifeld<br \/>\n4. Heikki Kovalainen<br \/>\n5. Kimi R\u00e4ikk\u00f6nen<br \/>\n6. Robert Kubica<br \/>\n7. Giancarlo Fisichella<br \/>\n8. Fernando Alonso<br \/>\nListan kanske ser lite underlig ut f\u00f6r den som f\u00f6ljt Formel 1 under n\u00e5gra \u00e5r, men med tanke p\u00e5 lagsammanh\u00e5llning, teknik, ekonomi och f\u00f6rarnas signalerade motivation, \u00e4r detta den lista vi tror kommer att st\u00e5 sig vid \u00e5rets slut. \u00c5terst\u00e5r att se om vi har r\u00e4tt. <\/p>\n","protected":false},"excerpt":{"rendered":"<p>Nu brakar det loss igen. Formel1-cirkusen k\u00f6r ig\u00e5ng under mars m\u00e5nad och f\u00f6rst ut \u00e4r Australien. Av Carl Munther Sedan oktober har det h\u00e4nt en del hos teamen. Vissa f\u00f6rare har bytt team och ett team har faktiskt bytt team det med. Hur ser det d\u00e5 ut inf\u00f6r \u00e5rets omg\u00e5ng av Formel1? Vem har chans [&hellip;]<\/p>\n","protected":false},"author":8,"featured_media":2270,"comment_status":"open","ping_status":"open","sticky":false,"template":"","format":"standard","meta":{"_et_pb_use_builder":"","_et_pb_old_content":"","_et_gb_content_width":"","footnotes":""},"categories":[4,400],"tags":[],"class_list":["post-2269","post","type-post","status-publish","format-standard","has-post-thumbnail","hentry","category-artiklar","category-sport-artiklar"],"yoast_head":"<!-- This site is optimized with the Yoast SEO Premium plugin v26.2 (Yoast SEO v27.4) - https:\/\/yoast.com\/product\/yoast-seo-premium-wordpress\/ -->\n<title>Svenska Magasinet listar \u00e5rets F 1-s\u00e4song - Svenska Magasinet<\/title>\n<meta name=\"robots\" content=\"noindex, follow, max-snippet:-1, max-image-preview:large, max-video-preview:-1\" \/>\n<meta property=\"og:locale\" content=\"sv_SE\" \/>\n<meta property=\"og:type\" content=\"article\" \/>\n<meta property=\"og:title\" content=\"Svenska Magasinet listar \u00e5rets F 1-s\u00e4song\" \/>\n<meta property=\"og:description\" content=\"Nu brakar det loss igen. Formel1-cirkusen k\u00f6r ig\u00e5ng under mars m\u00e5nad och f\u00f6rst ut \u00e4r Australien. Av Carl Munther Sedan oktober har det h\u00e4nt en del hos teamen. Vissa f\u00f6rare har bytt team och ett team har faktiskt bytt team det med. Hur ser det d\u00e5 ut inf\u00f6r \u00e5rets omg\u00e5ng av Formel1? Vem har chans [&hellip;]\" \/>\n<meta property=\"og:url\" content=\"https:\/\/lightweb.dev\/l\/svm-temp\/artiklar\/svenska-magasinet-listar-arets-f-1-sasong\/\" \/>\n<meta property=\"og:site_name\" content=\"Svenska Magasinet\" \/>\n<meta property=\"article:publisher\" content=\"https:\/\/www.facebook.com\/svenskamagasinet\" \/>\n<meta property=\"article:published_time\" content=\"2008-03-18T23:00:00+00:00\" \/>\n<meta property=\"og:image\" content=\"https:\/\/lightweb.dev\/l\/svm-temp\/wp-content\/uploads\/2022\/04\/svenska-magasinet-listar-rets-f-1-ssong.png\" \/>\n\t<meta property=\"og:image:width\" content=\"299\" \/>\n\t<meta property=\"og:image:height\" content=\"200\" \/>\n\t<meta property=\"og:image:type\" content=\"image\/png\" \/>\n<meta name=\"author\" content=\"Redaktionen SvM\" \/>\n<meta name=\"twitter:card\" content=\"summary_large_image\" \/>\n<meta name=\"twitter:creator\" content=\"@SvenskaMagasine\" \/>\n<meta name=\"twitter:site\" content=\"@SvenskaMagasine\" \/>\n<script type=\"application\/ld+json\" class=\"yoast-schema-graph\">{\"@context\":\"https:\\\/\\\/schema.org\",\"@graph\":[{\"@type\":\"Article\",\"@id\":\"https:\\\/\\\/lightweb.dev\\\/l\\\/svm-temp\\\/artiklar\\\/svenska-magasinet-listar-arets-f-1-sasong\\\/#article\",\"isPartOf\":{\"@id\":\"https:\\\/\\\/lightweb.dev\\\/l\\\/svm-temp\\\/artiklar\\\/svenska-magasinet-listar-arets-f-1-sasong\\\/\"},\"author\":{\"name\":\"Redaktionen SvM\",\"@id\":\"https:\\\/\\\/lightweb.dev\\\/l\\\/svm-temp\\\/#\\\/schema\\\/person\\\/206a3bda5b607b0c25e1749191e4d837\"},\"headline\":\"Svenska Magasinet listar \u00e5rets F 1-s\u00e4song\",\"datePublished\":\"2008-03-18T23:00:00+00:00\",\"mainEntityOfPage\":{\"@id\":\"https:\\\/\\\/lightweb.dev\\\/l\\\/svm-temp\\\/artiklar\\\/svenska-magasinet-listar-arets-f-1-sasong\\\/\"},\"wordCount\":834,\"commentCount\":0,\"publisher\":{\"@id\":\"https:\\\/\\\/lightweb.dev\\\/l\\\/svm-temp\\\/#organization\"},\"image\":{\"@id\":\"https:\\\/\\\/lightweb.dev\\\/l\\\/svm-temp\\\/artiklar\\\/svenska-magasinet-listar-arets-f-1-sasong\\\/#primaryimage\"},\"thumbnailUrl\":\"https:\\\/\\\/lightweb.dev\\\/l\\\/svm-temp\\\/wp-content\\\/uploads\\\/2022\\\/04\\\/svenska-magasinet-listar-rets-f-1-ssong.png\",\"articleSection\":[\"Artiklar\",\"Sport\"],\"inLanguage\":\"sv-SE\"},{\"@type\":\"WebPage\",\"@id\":\"https:\\\/\\\/lightweb.dev\\\/l\\\/svm-temp\\\/artiklar\\\/svenska-magasinet-listar-arets-f-1-sasong\\\/\",\"url\":\"https:\\\/\\\/lightweb.dev\\\/l\\\/svm-temp\\\/artiklar\\\/svenska-magasinet-listar-arets-f-1-sasong\\\/\",\"name\":\"Svenska Magasinet listar \u00e5rets F 1-s\u00e4song - Svenska Magasinet\",\"isPartOf\":{\"@id\":\"https:\\\/\\\/lightweb.dev\\\/l\\\/svm-temp\\\/#website\"},\"primaryImageOfPage\":{\"@id\":\"https:\\\/\\\/lightweb.dev\\\/l\\\/svm-temp\\\/artiklar\\\/svenska-magasinet-listar-arets-f-1-sasong\\\/#primaryimage\"},\"image\":{\"@id\":\"https:\\\/\\\/lightweb.dev\\\/l\\\/svm-temp\\\/artiklar\\\/svenska-magasinet-listar-arets-f-1-sasong\\\/#primaryimage\"},\"thumbnailUrl\":\"https:\\\/\\\/lightweb.dev\\\/l\\\/svm-temp\\\/wp-content\\\/uploads\\\/2022\\\/04\\\/svenska-magasinet-listar-rets-f-1-ssong.png\",\"datePublished\":\"2008-03-18T23:00:00+00:00\",\"breadcrumb\":{\"@id\":\"https:\\\/\\\/lightweb.dev\\\/l\\\/svm-temp\\\/artiklar\\\/svenska-magasinet-listar-arets-f-1-sasong\\\/#breadcrumb\"},\"inLanguage\":\"sv-SE\",\"potentialAction\":[{\"@type\":\"ReadAction\",\"target\":[\"https:\\\/\\\/lightweb.dev\\\/l\\\/svm-temp\\\/artiklar\\\/svenska-magasinet-listar-arets-f-1-sasong\\\/\"]}]},{\"@type\":\"ImageObject\",\"inLanguage\":\"sv-SE\",\"@id\":\"https:\\\/\\\/lightweb.dev\\\/l\\\/svm-temp\\\/artiklar\\\/svenska-magasinet-listar-arets-f-1-sasong\\\/#primaryimage\",\"url\":\"https:\\\/\\\/lightweb.dev\\\/l\\\/svm-temp\\\/wp-content\\\/uploads\\\/2022\\\/04\\\/svenska-magasinet-listar-rets-f-1-ssong.png\",\"contentUrl\":\"https:\\\/\\\/lightweb.dev\\\/l\\\/svm-temp\\\/wp-content\\\/uploads\\\/2022\\\/04\\\/svenska-magasinet-listar-rets-f-1-ssong.png\",\"width\":299,\"height\":200},{\"@type\":\"BreadcrumbList\",\"@id\":\"https:\\\/\\\/lightweb.dev\\\/l\\\/svm-temp\\\/artiklar\\\/svenska-magasinet-listar-arets-f-1-sasong\\\/#breadcrumb\",\"itemListElement\":[{\"@type\":\"ListItem\",\"position\":1,\"name\":\"Hem\",\"item\":\"https:\\\/\\\/lightweb.dev\\\/l\\\/svm-temp\\\/\"},{\"@type\":\"ListItem\",\"position\":2,\"name\":\"Svenska Magasinet listar \u00e5rets F 1-s\u00e4song\"}]},{\"@type\":\"WebSite\",\"@id\":\"https:\\\/\\\/lightweb.dev\\\/l\\\/svm-temp\\\/#website\",\"url\":\"https:\\\/\\\/lightweb.dev\\\/l\\\/svm-temp\\\/\",\"name\":\"Svenska Magasinet\",\"description\":\"Dina Spanska nyheter p&aring; Svenska\",\"publisher\":{\"@id\":\"https:\\\/\\\/lightweb.dev\\\/l\\\/svm-temp\\\/#organization\"},\"potentialAction\":[{\"@type\":\"SearchAction\",\"target\":{\"@type\":\"EntryPoint\",\"urlTemplate\":\"https:\\\/\\\/lightweb.dev\\\/l\\\/svm-temp\\\/?s={search_term_string}\"},\"query-input\":{\"@type\":\"PropertyValueSpecification\",\"valueRequired\":true,\"valueName\":\"search_term_string\"}}],\"inLanguage\":\"sv-SE\"},{\"@type\":\"Organization\",\"@id\":\"https:\\\/\\\/lightweb.dev\\\/l\\\/svm-temp\\\/#organization\",\"name\":\"Melkerson y Nott SL\",\"alternateName\":\"Svenska Magasinet\",\"url\":\"https:\\\/\\\/lightweb.dev\\\/l\\\/svm-temp\\\/\",\"logo\":{\"@type\":\"ImageObject\",\"inLanguage\":\"sv-SE\",\"@id\":\"https:\\\/\\\/lightweb.dev\\\/l\\\/svm-temp\\\/#\\\/schema\\\/logo\\\/image\\\/\",\"url\":\"https:\\\/\\\/lightweb.dev\\\/l\\\/svm-temp\\\/wp-content\\\/uploads\\\/2025\\\/02\\\/SvM-logo-Xtra-Centrerad-SVART.png\",\"contentUrl\":\"https:\\\/\\\/lightweb.dev\\\/l\\\/svm-temp\\\/wp-content\\\/uploads\\\/2025\\\/02\\\/SvM-logo-Xtra-Centrerad-SVART.png\",\"width\":300,\"height\":99,\"caption\":\"Melkerson y Nott SL\"},\"image\":{\"@id\":\"https:\\\/\\\/lightweb.dev\\\/l\\\/svm-temp\\\/#\\\/schema\\\/logo\\\/image\\\/\"},\"sameAs\":[\"https:\\\/\\\/www.facebook.com\\\/svenskamagasinet\",\"https:\\\/\\\/x.com\\\/SvenskaMagasine\"]},{\"@type\":\"Person\",\"@id\":\"https:\\\/\\\/lightweb.dev\\\/l\\\/svm-temp\\\/#\\\/schema\\\/person\\\/206a3bda5b607b0c25e1749191e4d837\",\"name\":\"Redaktionen SvM\",\"description\":\"Redaktionen\",\"sameAs\":[\"https:\\\/\\\/lightweb.dev\\\/l\\\/svm-temp\"],\"url\":\"https:\\\/\\\/lightweb.dev\\\/l\\\/svm-temp\\\/reporter\\\/redaktionen\\\/\"}]}<\/script>\n<!-- \/ Yoast SEO Premium plugin. -->","yoast_head_json":{"title":"Svenska Magasinet listar \u00e5rets F 1-s\u00e4song - Svenska Magasinet","robots":{"index":"noindex","follow":"follow","max-snippet":"max-snippet:-1","max-image-preview":"max-image-preview:large","max-video-preview":"max-video-preview:-1"},"og_locale":"sv_SE","og_type":"article","og_title":"Svenska Magasinet listar \u00e5rets F 1-s\u00e4song","og_description":"Nu brakar det loss igen. Formel1-cirkusen k\u00f6r ig\u00e5ng under mars m\u00e5nad och f\u00f6rst ut \u00e4r Australien. Av Carl Munther Sedan oktober har det h\u00e4nt en del hos teamen. Vissa f\u00f6rare har bytt team och ett team har faktiskt bytt team det med. Hur ser det d\u00e5 ut inf\u00f6r \u00e5rets omg\u00e5ng av Formel1? Vem har chans [&hellip;]","og_url":"https:\/\/lightweb.dev\/l\/svm-temp\/artiklar\/svenska-magasinet-listar-arets-f-1-sasong\/","og_site_name":"Svenska Magasinet","article_publisher":"https:\/\/www.facebook.com\/svenskamagasinet","article_published_time":"2008-03-18T23:00:00+00:00","og_image":[{"width":299,"height":200,"url":"https:\/\/lightweb.dev\/l\/svm-temp\/wp-content\/uploads\/2022\/04\/svenska-magasinet-listar-rets-f-1-ssong.png","type":"image\/png"}],"author":"Redaktionen SvM","twitter_card":"summary_large_image","twitter_creator":"@SvenskaMagasine","twitter_site":"@SvenskaMagasine","schema":{"@context":"https:\/\/schema.org","@graph":[{"@type":"Article","@id":"https:\/\/lightweb.dev\/l\/svm-temp\/artiklar\/svenska-magasinet-listar-arets-f-1-sasong\/#article","isPartOf":{"@id":"https:\/\/lightweb.dev\/l\/svm-temp\/artiklar\/svenska-magasinet-listar-arets-f-1-sasong\/"},"author":{"name":"Redaktionen SvM","@id":"https:\/\/lightweb.dev\/l\/svm-temp\/#\/schema\/person\/206a3bda5b607b0c25e1749191e4d837"},"headline":"Svenska Magasinet listar \u00e5rets F 1-s\u00e4song","datePublished":"2008-03-18T23:00:00+00:00","mainEntityOfPage":{"@id":"https:\/\/lightweb.dev\/l\/svm-temp\/artiklar\/svenska-magasinet-listar-arets-f-1-sasong\/"},"wordCount":834,"commentCount":0,"publisher":{"@id":"https:\/\/lightweb.dev\/l\/svm-temp\/#organization"},"image":{"@id":"https:\/\/lightweb.dev\/l\/svm-temp\/artiklar\/svenska-magasinet-listar-arets-f-1-sasong\/#primaryimage"},"thumbnailUrl":"https:\/\/lightweb.dev\/l\/svm-temp\/wp-content\/uploads\/2022\/04\/svenska-magasinet-listar-rets-f-1-ssong.png","articleSection":["Artiklar","Sport"],"inLanguage":"sv-SE"},{"@type":"WebPage","@id":"https:\/\/lightweb.dev\/l\/svm-temp\/artiklar\/svenska-magasinet-listar-arets-f-1-sasong\/","url":"https:\/\/lightweb.dev\/l\/svm-temp\/artiklar\/svenska-magasinet-listar-arets-f-1-sasong\/","name":"Svenska Magasinet listar \u00e5rets F 1-s\u00e4song - Svenska Magasinet","isPartOf":{"@id":"https:\/\/lightweb.dev\/l\/svm-temp\/#website"},"primaryImageOfPage":{"@id":"https:\/\/lightweb.dev\/l\/svm-temp\/artiklar\/svenska-magasinet-listar-arets-f-1-sasong\/#primaryimage"},"image":{"@id":"https:\/\/lightweb.dev\/l\/svm-temp\/artiklar\/svenska-magasinet-listar-arets-f-1-sasong\/#primaryimage"},"thumbnailUrl":"https:\/\/lightweb.dev\/l\/svm-temp\/wp-content\/uploads\/2022\/04\/svenska-magasinet-listar-rets-f-1-ssong.png","datePublished":"2008-03-18T23:00:00+00:00","breadcrumb":{"@id":"https:\/\/lightweb.dev\/l\/svm-temp\/artiklar\/svenska-magasinet-listar-arets-f-1-sasong\/#breadcrumb"},"inLanguage":"sv-SE","potentialAction":[{"@type":"ReadAction","target":["https:\/\/lightweb.dev\/l\/svm-temp\/artiklar\/svenska-magasinet-listar-arets-f-1-sasong\/"]}]},{"@type":"ImageObject","inLanguage":"sv-SE","@id":"https:\/\/lightweb.dev\/l\/svm-temp\/artiklar\/svenska-magasinet-listar-arets-f-1-sasong\/#primaryimage","url":"https:\/\/lightweb.dev\/l\/svm-temp\/wp-content\/uploads\/2022\/04\/svenska-magasinet-listar-rets-f-1-ssong.png","contentUrl":"https:\/\/lightweb.dev\/l\/svm-temp\/wp-content\/uploads\/2022\/04\/svenska-magasinet-listar-rets-f-1-ssong.png","width":299,"height":200},{"@type":"BreadcrumbList","@id":"https:\/\/lightweb.dev\/l\/svm-temp\/artiklar\/svenska-magasinet-listar-arets-f-1-sasong\/#breadcrumb","itemListElement":[{"@type":"ListItem","position":1,"name":"Hem","item":"https:\/\/lightweb.dev\/l\/svm-temp\/"},{"@type":"ListItem","position":2,"name":"Svenska Magasinet listar \u00e5rets F 1-s\u00e4song"}]},{"@type":"WebSite","@id":"https:\/\/lightweb.dev\/l\/svm-temp\/#website","url":"https:\/\/lightweb.dev\/l\/svm-temp\/","name":"Svenska Magasinet","description":"Dina Spanska nyheter p&aring; Svenska","publisher":{"@id":"https:\/\/lightweb.dev\/l\/svm-temp\/#organization"},"potentialAction":[{"@type":"SearchAction","target":{"@type":"EntryPoint","urlTemplate":"https:\/\/lightweb.dev\/l\/svm-temp\/?s={search_term_string}"},"query-input":{"@type":"PropertyValueSpecification","valueRequired":true,"valueName":"search_term_string"}}],"inLanguage":"sv-SE"},{"@type":"Organization","@id":"https:\/\/lightweb.dev\/l\/svm-temp\/#organization","name":"Melkerson y Nott SL","alternateName":"Svenska Magasinet","url":"https:\/\/lightweb.dev\/l\/svm-temp\/","logo":{"@type":"ImageObject","inLanguage":"sv-SE","@id":"https:\/\/lightweb.dev\/l\/svm-temp\/#\/schema\/logo\/image\/","url":"https:\/\/lightweb.dev\/l\/svm-temp\/wp-content\/uploads\/2025\/02\/SvM-logo-Xtra-Centrerad-SVART.png","contentUrl":"https:\/\/lightweb.dev\/l\/svm-temp\/wp-content\/uploads\/2025\/02\/SvM-logo-Xtra-Centrerad-SVART.png","width":300,"height":99,"caption":"Melkerson y Nott SL"},"image":{"@id":"https:\/\/lightweb.dev\/l\/svm-temp\/#\/schema\/logo\/image\/"},"sameAs":["https:\/\/www.facebook.com\/svenskamagasinet","https:\/\/x.com\/SvenskaMagasine"]},{"@type":"Person","@id":"https:\/\/lightweb.dev\/l\/svm-temp\/#\/schema\/person\/206a3bda5b607b0c25e1749191e4d837","name":"Redaktionen SvM","description":"Redaktionen","sameAs":["https:\/\/lightweb.dev\/l\/svm-temp"],"url":"https:\/\/lightweb.dev\/l\/svm-temp\/reporter\/redaktionen\/"}]}},"_links":{"self":[{"href":"https:\/\/lightweb.dev\/l\/svm-temp\/wp-json\/wp\/v2\/posts\/2269","targetHints":{"allow":["GET"]}}],"collection":[{"href":"https:\/\/lightweb.dev\/l\/svm-temp\/wp-json\/wp\/v2\/posts"}],"about":[{"href":"https:\/\/lightweb.dev\/l\/svm-temp\/wp-json\/wp\/v2\/types\/post"}],"author":[{"embeddable":true,"href":"https:\/\/lightweb.dev\/l\/svm-temp\/wp-json\/wp\/v2\/users\/8"}],"replies":[{"embeddable":true,"href":"https:\/\/lightweb.dev\/l\/svm-temp\/wp-json\/wp\/v2\/comments?post=2269"}],"version-history":[{"count":0,"href":"https:\/\/lightweb.dev\/l\/svm-temp\/wp-json\/wp\/v2\/posts\/2269\/revisions"}],"wp:featuredmedia":[{"embeddable":true,"href":"https:\/\/lightweb.dev\/l\/svm-temp\/wp-json\/wp\/v2\/media\/2270"}],"wp:attachment":[{"href":"https:\/\/lightweb.dev\/l\/svm-temp\/wp-json\/wp\/v2\/media?parent=2269"}],"wp:term":[{"taxonomy":"category","embeddable":true,"href":"https:\/\/lightweb.dev\/l\/svm-temp\/wp-json\/wp\/v2\/categories?post=2269"},{"taxonomy":"post_tag","embeddable":true,"href":"https:\/\/lightweb.dev\/l\/svm-temp\/wp-json\/wp\/v2\/tags?post=2269"}],"curies":[{"name":"wp","href":"https:\/\/api.w.org\/{rel}","templated":true}]}}