{"id":2271,"date":"2008-03-19T00:00:00","date_gmt":"2008-03-18T23:00:00","guid":{"rendered":"https:\/\/lightweb.dev\/l\/svm-temp\/vem-ar-du-bo-balderson-statsradet-ar-du-dum-eller-smart\/"},"modified":"2008-03-19T00:00:00","modified_gmt":"2008-03-18T23:00:00","slug":"vem-ar-du-bo-balderson-statsradet-ar-du-dum-eller-smart","status":"publish","type":"post","link":"https:\/\/lightweb.dev\/l\/svm-temp\/artiklar\/vem-ar-du-bo-balderson-statsradet-ar-du-dum-eller-smart\/","title":{"rendered":"Vem \u00e4r du Bo Balderson? Statsr\u00e5det \u00e4r du dum eller smart?"},"content":{"rendered":"<p> Bo Balderson! Var finns du? Lever du eller \u00e5stadkommer du full kalabalik i himmelens salar? Jag kan ge mig sjutton p\u00e5 att du och din skapelse \u201dStatsr\u00e5det\u201d s\u00e4tter spr\u00e4tt p\u00e5 b\u00e5de de vingburna och den svansviftande hornbocken. Jag kommer i alla fall att titta noga p\u00e5<br \/>\nSt. Per den dag jag st\u00e5r och bankar p\u00e5 p\u00e4rleporten. \u00c4r det han bakom sk\u00e4gget eller \u00e4r det statsr\u00e5det? Av Ingalill Munther<\/p>\n<p>Du \u00e4r en v\u00e4lbevarad statshemlighet, vilket inte ens den idogt arbetande svenska<br \/>\nskattemyndigheten har lyckats avsl\u00f6ja. Det \u00e4r en bragd bara det. F\u00f6r jag har sv\u00e5rt f\u00f6r att<br \/>\nt\u00e4nka mig att de skulle ha missat den inkomstk\u00e4llan. Men det \u00e4r en samvetsfr\u00e5ga som<br \/>\nskall riktas till Bonniers i f\u00f6rsta hand.<br \/>\nMen du kanske vandrar omkring h\u00e4r p\u00e5 jorden \u00e4nnu och tycker att det \u00e4r h\u00f6jden av all jordisk lycka att h\u00e5lla dig anonym och \u00f6verl\u00e5ta \u00e5t oss kloka och mindre kloka att l\u00f6sa g\u00e5tan.<br \/>\nStatsr\u00e5det, denna fantastiska litter\u00e4ra skapelse som \u00e5stadkommit s\u00e5 m\u00e5nga frustande skratt under \u00e5rtionden. Maken till figur har inte funnits och kommer nog heller aldrig att finnas. Tyv\u00e4rr!<\/p>\n<p>Statsr\u00e5det<br \/>\nDu statsr\u00e5det, du m\u00e5ste ha uppsnappat n\u00e5gonting under skolans biologilektioner f\u00f6r du lyckades bli far till 16 barn. Det var duktigt gjort \u00e4ven om mina sympatier ligger hos din hustru Margareta som l\u00e5tit dig vara lika vildsint och spontan i s\u00e4ngvolmen som p\u00e5 brottsplatser. Nog \u00e4r det m\u00e4rkligt \u00e4nd\u00e5 att din upphovsman kristnat dig till Lilleman! Eller \u00e4r det  kanske de \u00e4ldre sl\u00e4ktingarna som lever kvar idet f\u00f6rg\u00e5ngna? Vad kallar statsr\u00e5dinnan dig? Din stackars sv\u00e5ger, l\u00e4roverkadjunkt tillika kr\u00f6nik\u00f6r, Vilhelm  Persson, honom tar du inte n\u00e5gon st\u00f6rre h\u00e4nsyn till. Han f\u00e5r utst\u00e5 dina barn och oh\u00e4mmade och olagliga inbrott i akt och mening att m\u00f6darna skall avsl\u00f6jas. Han \u00e4r ju en hypokondriker med svagt hj\u00e4rta och det har varit n\u00e4ra \u00f6gat f\u00f6r honom vid ett par tillf\u00e4llen. Arme man!  Och din stora vurm att kl\u00e4 ut dig i alla m\u00f6jliga f\u00f6rkl\u00e4dnader. Det visar ju p\u00e5 att du har barnasinnet kvar och det \u00e4r klart att med alla ungar du dagligen umg\u00e5s med s\u00e5 \u00e4r det kanske inte s\u00e5 konstigt.<\/p>\n<p>Den roligaste incidenten i dina uppt\u00e5g \u00e4r utan tvekan n\u00e4r du kl\u00e4r ut sig till shejk vilket slutar med direkts\u00e4ndning i radion \u201dEtt plan ifr\u00e5n Kristianstad? Vem kan komma fr\u00e5n Kristianstad\u2026\u2026det \u00e4r en arab\u2026.och nu, nu rusar utrikesministern fram och kastar sig om halsen p\u00e5 araben. Hon formligen kl\u00e4nger sig fast vid honom och kramar och pussar honom l\u00e4nge, l\u00e4nge. Hon stryker honom passionerat \u00f6ver kroppen, uppifr\u00e5n och ner. Jag anade inte att fru S\u00f6der var m\u00e4ktig en s\u00e5dan lidelse\u201d, skrek en upphetsad reporter.<\/p>\n<p>Din sv\u00e5ger ber\u00e4ttar om ditt liv som minister, hur de olika regeringarna f\u00f6rs\u00f6ker f\u00e5  dig<br \/>\natt h\u00e5lla tyst, f\u00f6r du har ju en ben\u00e4genhet att  gl\u00f6mma omsorgsfullt nedtecknande tal fr\u00e5n<br \/>\npartiers ideologer och talar ur hj\u00e4rtat till f\u00f6rundrade v\u00e4ljare och partimedlemmar. Ingen som du drar s\u00e5 mycket folk, det \u00e4r nog d\u00e4rf\u00f6r de inte v\u00e5gar ge dig time out.  Tyv\u00e4rr, f\u00f6r en s-regering, \u00e4r du en oerh\u00f6rt f\u00f6rm\u00f6gen person i klass med Wallenberg vilket g\u00f6r att du spontant uttrycker dina borgerliga v\u00e4rderingar ist\u00e4llet f\u00f6r att f\u00f6ra  fram partiets officiella politik. Ibland \u00e4ven den inofficiella.  Det \u00e4r inte l\u00e4tt n\u00e4r man \u00e4r industriman i miljon\u00e4rsklass att skrika \u201dner med kapitalet och \u00e5t helvete med Wallenberg\u201d och i st\u00e4llet pl\u00e4dera f\u00f6r tv\u00e5ngsanslutning till facket. Ibland undrar jag om du \u00e4r dum eller oerh\u00f6rt smart. Du har i alla fall drag under galoscherna vilket gav dig plats i regeringen. S\u00e5 h\u00e4r ber\u00e4ttar, i sammandrag, din sv\u00e5ger om hur detta gick till. Det var en regning dag och du befann dig p\u00e5 regeringskansliet i egenskap av kanslir\u00e5d. Du hade f\u00e5tt p\u00e5 dig fel galoscher som var alltf\u00f6r stora. Du fick syn p\u00e5 dagens tidning, vecklade ut den och b\u00f6rjade slita s\u00f6nder ledarsidan i l\u00e4mpliga galoschdelar. I detta \u00f6gonblick kom statsministern in i rummet. Man kan f\u00f6rmoda att han var djupt uppr\u00f6rd, d\u00e5 ledarsidan riktat ett fr\u00e4nt personligt angrepp mot honom. Han k\u00e4nde s\u00e4kert denna dag ett starkt behov av st\u00f6d och sympati. Framf\u00f6r honom s\u00e5g han dig med ett ansikte f\u00f6rvridet av besinningsl\u00f6s vrede. Han kunde ju inte veta att du brukar se s\u00e5dan ut under koncentration. Statsministern blev glad och tog eld. \u2013 \u00c4r ni med i partiet? ropade han. Du kraxade h\u00e4pet nej. Bra, bra! skrek statsministern. Hellre en icke partiansluten, \u00e4rlig sympatis\u00f6r \u00e4n tio svansviftande partisaner (sic!)! Du skall bli min nya inrikesminister! Tage heter jag! (Sedermera blev du justitieminister men historien ber\u00e4ttar inte om det var du som uppr\u00e4ttade Brottsf\u00f6rebyggande r\u00e5det.)<\/p>\n<p>Vem \u00e4r han?<br \/>\nS\u00e5 kan det g\u00e5 till i regeringskretsar. I alla fall i Bo Baldersons b\u00f6cker om statsr\u00e5det. Vi saknar<br \/>\nBo Balderson och m\u00e5nga har spekulerat i vem eller vilka som d\u00f6ljer sig under synonymen.<br \/>\nEn som har lagt ner ett stort arbete f\u00f6r att f\u00e5 fram ett namn \u00e4r J\u00f6rgen Dicander som ni  hittar<br \/>\np\u00e5 Internet. Han \u00e4r helt \u00f6vertygad om att det \u00e4r G\u00f6sta-Gustav Janson, som jag under flera \u00e5r s\u00e5gs promenera i B\u00e5stad. F\u00f6rslag har ocks\u00e5 kommit p\u00e5 Astrid Lindgren, Olof Palme, Sven Andersson m fl. Sj\u00e4lv tror jag att det \u00e4r en mindre grupp i vilken bl a  Ian Wachtmeister<br \/>\ning\u00e5r. Ta t ex statsr\u00e5det f\u00f6rtjusning \u00f6ver att kl\u00e4 ut sig. Det g\u00f6r Ian ocks\u00e5. Vem gl\u00f6mmer hans<br \/>\nf\u00e4rggranna peruk under torgm\u00f6ten p\u00e5 90-talet  eller historierna om hans olika busstr\u00e4ck som   t ex flygv\u00e4rdinna. Sedan \u00e4r det ocks\u00e5 hans f\u00f6rk\u00e4rlek till galoscher, (drag under galoscherna), som inledde b\u00e5de statsr\u00e5dets och Ians karri\u00e4r som politiker. Ian har ocks\u00e5 en h\u00e4rlig humor och har l\u00e4tt f\u00f6r att skriva med ironisk underton. Han \u00e4r ocks\u00e5 befriande barnslig, intelligent och \u00f6vertygande samt \u00e4r miljon\u00e4r och industriman.  Det enda som talar emot honom \u00e4r att jag har sv\u00e5rt f\u00f6r att tro att han skulle kunna h\u00e5lla tyst om sin medverkan.<br \/>\nIan tycker ju om medial uppm\u00e4rksamhet. Eller hur, Ian? V\u00e4ntar p\u00e5 genm\u00e4le till n\u00e4sta nummer.<br \/>\nNu \u00e4r det upp till er, l\u00e4sare, att komma med l\u00f6sningen. Vem \u00e4r Bo Balderson? Har ni n\u00e5gra f\u00f6rslag? Jag hoppas att Bonniers kommer med n\u00e5gon kommentar till n\u00e4sta nummer.<br \/>\nDu, Bo Balderson. Om du fortfarande valsar omkring p\u00e5 jordens \u00e4ngar, h\u00f6r av dig. Nu \u00e4r v\u00e4l \u00e4nd\u00e5 din synd preskriberad. <\/p>\n","protected":false},"excerpt":{"rendered":"<p>Bo Balderson! Var finns du? Lever du eller \u00e5stadkommer du full kalabalik i himmelens salar? Jag kan ge mig sjutton p\u00e5 att du och din skapelse \u201dStatsr\u00e5det\u201d s\u00e4tter spr\u00e4tt p\u00e5 b\u00e5de de vingburna och den svansviftande hornbocken. Jag kommer i alla fall att titta noga p\u00e5 St. Per den dag jag st\u00e5r och bankar p\u00e5 [&hellip;]<\/p>\n","protected":false},"author":8,"featured_media":2272,"comment_status":"open","ping_status":"open","sticky":false,"template":"","format":"standard","meta":{"_et_pb_use_builder":"","_et_pb_old_content":"","_et_gb_content_width":"","footnotes":""},"categories":[396,4],"tags":[],"class_list":["post-2271","post","type-post","status-publish","format-standard","has-post-thumbnail","hentry","category-arkiv-artiklar","category-artiklar"],"yoast_head":"<!-- This site is optimized with the Yoast SEO Premium plugin v26.2 (Yoast SEO v27.4) - https:\/\/yoast.com\/product\/yoast-seo-premium-wordpress\/ -->\n<title>Vem \u00e4r du Bo Balderson? Statsr\u00e5det \u00e4r du dum eller smart? - Svenska Magasinet<\/title>\n<meta name=\"robots\" content=\"noindex, follow, max-snippet:-1, max-image-preview:large, max-video-preview:-1\" \/>\n<meta property=\"og:locale\" content=\"sv_SE\" \/>\n<meta property=\"og:type\" content=\"article\" \/>\n<meta property=\"og:title\" content=\"Vem \u00e4r du Bo Balderson? Statsr\u00e5det \u00e4r du dum eller smart?\" \/>\n<meta property=\"og:description\" content=\"Bo Balderson! Var finns du? Lever du eller \u00e5stadkommer du full kalabalik i himmelens salar? Jag kan ge mig sjutton p\u00e5 att du och din skapelse \u201dStatsr\u00e5det\u201d s\u00e4tter spr\u00e4tt p\u00e5 b\u00e5de de vingburna och den svansviftande hornbocken. Jag kommer i alla fall att titta noga p\u00e5 St. Per den dag jag st\u00e5r och bankar p\u00e5 [&hellip;]\" \/>\n<meta property=\"og:url\" content=\"https:\/\/lightweb.dev\/l\/svm-temp\/artiklar\/vem-ar-du-bo-balderson-statsradet-ar-du-dum-eller-smart\/\" \/>\n<meta property=\"og:site_name\" content=\"Svenska Magasinet\" \/>\n<meta property=\"article:publisher\" content=\"https:\/\/www.facebook.com\/svenskamagasinet\" \/>\n<meta property=\"article:published_time\" content=\"2008-03-18T23:00:00+00:00\" \/>\n<meta property=\"og:image\" content=\"https:\/\/lightweb.dev\/l\/svm-temp\/wp-content\/uploads\/2022\/04\/vem-r-du-bo-balderson-statsrdet-r-du-dum-eller-smart.png\" \/>\n\t<meta property=\"og:image:width\" content=\"651\" \/>\n\t<meta property=\"og:image:height\" content=\"200\" \/>\n\t<meta property=\"og:image:type\" content=\"image\/png\" \/>\n<meta name=\"author\" content=\"Redaktionen SvM\" \/>\n<meta name=\"twitter:card\" content=\"summary_large_image\" \/>\n<meta name=\"twitter:creator\" content=\"@SvenskaMagasine\" \/>\n<meta name=\"twitter:site\" content=\"@SvenskaMagasine\" \/>\n<script type=\"application\/ld+json\" class=\"yoast-schema-graph\">{\"@context\":\"https:\\\/\\\/schema.org\",\"@graph\":[{\"@type\":\"Article\",\"@id\":\"https:\\\/\\\/lightweb.dev\\\/l\\\/svm-temp\\\/artiklar\\\/vem-ar-du-bo-balderson-statsradet-ar-du-dum-eller-smart\\\/#article\",\"isPartOf\":{\"@id\":\"https:\\\/\\\/lightweb.dev\\\/l\\\/svm-temp\\\/artiklar\\\/vem-ar-du-bo-balderson-statsradet-ar-du-dum-eller-smart\\\/\"},\"author\":{\"name\":\"Redaktionen SvM\",\"@id\":\"https:\\\/\\\/lightweb.dev\\\/l\\\/svm-temp\\\/#\\\/schema\\\/person\\\/206a3bda5b607b0c25e1749191e4d837\"},\"headline\":\"Vem \u00e4r du Bo Balderson? Statsr\u00e5det \u00e4r du dum eller smart?\",\"datePublished\":\"2008-03-18T23:00:00+00:00\",\"mainEntityOfPage\":{\"@id\":\"https:\\\/\\\/lightweb.dev\\\/l\\\/svm-temp\\\/artiklar\\\/vem-ar-du-bo-balderson-statsradet-ar-du-dum-eller-smart\\\/\"},\"wordCount\":1215,\"commentCount\":0,\"publisher\":{\"@id\":\"https:\\\/\\\/lightweb.dev\\\/l\\\/svm-temp\\\/#organization\"},\"image\":{\"@id\":\"https:\\\/\\\/lightweb.dev\\\/l\\\/svm-temp\\\/artiklar\\\/vem-ar-du-bo-balderson-statsradet-ar-du-dum-eller-smart\\\/#primaryimage\"},\"thumbnailUrl\":\"https:\\\/\\\/lightweb.dev\\\/l\\\/svm-temp\\\/wp-content\\\/uploads\\\/2022\\\/04\\\/vem-r-du-bo-balderson-statsrdet-r-du-dum-eller-smart.png\",\"articleSection\":[\"Arkiv\",\"Artiklar\"],\"inLanguage\":\"sv-SE\"},{\"@type\":\"WebPage\",\"@id\":\"https:\\\/\\\/lightweb.dev\\\/l\\\/svm-temp\\\/artiklar\\\/vem-ar-du-bo-balderson-statsradet-ar-du-dum-eller-smart\\\/\",\"url\":\"https:\\\/\\\/lightweb.dev\\\/l\\\/svm-temp\\\/artiklar\\\/vem-ar-du-bo-balderson-statsradet-ar-du-dum-eller-smart\\\/\",\"name\":\"Vem \u00e4r du Bo Balderson? Statsr\u00e5det \u00e4r du dum eller smart? - Svenska Magasinet\",\"isPartOf\":{\"@id\":\"https:\\\/\\\/lightweb.dev\\\/l\\\/svm-temp\\\/#website\"},\"primaryImageOfPage\":{\"@id\":\"https:\\\/\\\/lightweb.dev\\\/l\\\/svm-temp\\\/artiklar\\\/vem-ar-du-bo-balderson-statsradet-ar-du-dum-eller-smart\\\/#primaryimage\"},\"image\":{\"@id\":\"https:\\\/\\\/lightweb.dev\\\/l\\\/svm-temp\\\/artiklar\\\/vem-ar-du-bo-balderson-statsradet-ar-du-dum-eller-smart\\\/#primaryimage\"},\"thumbnailUrl\":\"https:\\\/\\\/lightweb.dev\\\/l\\\/svm-temp\\\/wp-content\\\/uploads\\\/2022\\\/04\\\/vem-r-du-bo-balderson-statsrdet-r-du-dum-eller-smart.png\",\"datePublished\":\"2008-03-18T23:00:00+00:00\",\"breadcrumb\":{\"@id\":\"https:\\\/\\\/lightweb.dev\\\/l\\\/svm-temp\\\/artiklar\\\/vem-ar-du-bo-balderson-statsradet-ar-du-dum-eller-smart\\\/#breadcrumb\"},\"inLanguage\":\"sv-SE\",\"potentialAction\":[{\"@type\":\"ReadAction\",\"target\":[\"https:\\\/\\\/lightweb.dev\\\/l\\\/svm-temp\\\/artiklar\\\/vem-ar-du-bo-balderson-statsradet-ar-du-dum-eller-smart\\\/\"]}]},{\"@type\":\"ImageObject\",\"inLanguage\":\"sv-SE\",\"@id\":\"https:\\\/\\\/lightweb.dev\\\/l\\\/svm-temp\\\/artiklar\\\/vem-ar-du-bo-balderson-statsradet-ar-du-dum-eller-smart\\\/#primaryimage\",\"url\":\"https:\\\/\\\/lightweb.dev\\\/l\\\/svm-temp\\\/wp-content\\\/uploads\\\/2022\\\/04\\\/vem-r-du-bo-balderson-statsrdet-r-du-dum-eller-smart.png\",\"contentUrl\":\"https:\\\/\\\/lightweb.dev\\\/l\\\/svm-temp\\\/wp-content\\\/uploads\\\/2022\\\/04\\\/vem-r-du-bo-balderson-statsrdet-r-du-dum-eller-smart.png\",\"width\":651,\"height\":200},{\"@type\":\"BreadcrumbList\",\"@id\":\"https:\\\/\\\/lightweb.dev\\\/l\\\/svm-temp\\\/artiklar\\\/vem-ar-du-bo-balderson-statsradet-ar-du-dum-eller-smart\\\/#breadcrumb\",\"itemListElement\":[{\"@type\":\"ListItem\",\"position\":1,\"name\":\"Hem\",\"item\":\"https:\\\/\\\/lightweb.dev\\\/l\\\/svm-temp\\\/\"},{\"@type\":\"ListItem\",\"position\":2,\"name\":\"Vem \u00e4r du Bo Balderson? Statsr\u00e5det \u00e4r du dum eller smart?\"}]},{\"@type\":\"WebSite\",\"@id\":\"https:\\\/\\\/lightweb.dev\\\/l\\\/svm-temp\\\/#website\",\"url\":\"https:\\\/\\\/lightweb.dev\\\/l\\\/svm-temp\\\/\",\"name\":\"Svenska Magasinet\",\"description\":\"Dina Spanska nyheter p&aring; Svenska\",\"publisher\":{\"@id\":\"https:\\\/\\\/lightweb.dev\\\/l\\\/svm-temp\\\/#organization\"},\"potentialAction\":[{\"@type\":\"SearchAction\",\"target\":{\"@type\":\"EntryPoint\",\"urlTemplate\":\"https:\\\/\\\/lightweb.dev\\\/l\\\/svm-temp\\\/?s={search_term_string}\"},\"query-input\":{\"@type\":\"PropertyValueSpecification\",\"valueRequired\":true,\"valueName\":\"search_term_string\"}}],\"inLanguage\":\"sv-SE\"},{\"@type\":\"Organization\",\"@id\":\"https:\\\/\\\/lightweb.dev\\\/l\\\/svm-temp\\\/#organization\",\"name\":\"Melkerson y Nott SL\",\"alternateName\":\"Svenska Magasinet\",\"url\":\"https:\\\/\\\/lightweb.dev\\\/l\\\/svm-temp\\\/\",\"logo\":{\"@type\":\"ImageObject\",\"inLanguage\":\"sv-SE\",\"@id\":\"https:\\\/\\\/lightweb.dev\\\/l\\\/svm-temp\\\/#\\\/schema\\\/logo\\\/image\\\/\",\"url\":\"https:\\\/\\\/lightweb.dev\\\/l\\\/svm-temp\\\/wp-content\\\/uploads\\\/2025\\\/02\\\/SvM-logo-Xtra-Centrerad-SVART.png\",\"contentUrl\":\"https:\\\/\\\/lightweb.dev\\\/l\\\/svm-temp\\\/wp-content\\\/uploads\\\/2025\\\/02\\\/SvM-logo-Xtra-Centrerad-SVART.png\",\"width\":300,\"height\":99,\"caption\":\"Melkerson y Nott SL\"},\"image\":{\"@id\":\"https:\\\/\\\/lightweb.dev\\\/l\\\/svm-temp\\\/#\\\/schema\\\/logo\\\/image\\\/\"},\"sameAs\":[\"https:\\\/\\\/www.facebook.com\\\/svenskamagasinet\",\"https:\\\/\\\/x.com\\\/SvenskaMagasine\"]},{\"@type\":\"Person\",\"@id\":\"https:\\\/\\\/lightweb.dev\\\/l\\\/svm-temp\\\/#\\\/schema\\\/person\\\/206a3bda5b607b0c25e1749191e4d837\",\"name\":\"Redaktionen SvM\",\"description\":\"Redaktionen\",\"sameAs\":[\"https:\\\/\\\/lightweb.dev\\\/l\\\/svm-temp\"],\"url\":\"https:\\\/\\\/lightweb.dev\\\/l\\\/svm-temp\\\/reporter\\\/redaktionen\\\/\"}]}<\/script>\n<!-- \/ Yoast SEO Premium plugin. -->","yoast_head_json":{"title":"Vem \u00e4r du Bo Balderson? Statsr\u00e5det \u00e4r du dum eller smart? - Svenska Magasinet","robots":{"index":"noindex","follow":"follow","max-snippet":"max-snippet:-1","max-image-preview":"max-image-preview:large","max-video-preview":"max-video-preview:-1"},"og_locale":"sv_SE","og_type":"article","og_title":"Vem \u00e4r du Bo Balderson? Statsr\u00e5det \u00e4r du dum eller smart?","og_description":"Bo Balderson! Var finns du? Lever du eller \u00e5stadkommer du full kalabalik i himmelens salar? Jag kan ge mig sjutton p\u00e5 att du och din skapelse \u201dStatsr\u00e5det\u201d s\u00e4tter spr\u00e4tt p\u00e5 b\u00e5de de vingburna och den svansviftande hornbocken. Jag kommer i alla fall att titta noga p\u00e5 St. Per den dag jag st\u00e5r och bankar p\u00e5 [&hellip;]","og_url":"https:\/\/lightweb.dev\/l\/svm-temp\/artiklar\/vem-ar-du-bo-balderson-statsradet-ar-du-dum-eller-smart\/","og_site_name":"Svenska Magasinet","article_publisher":"https:\/\/www.facebook.com\/svenskamagasinet","article_published_time":"2008-03-18T23:00:00+00:00","og_image":[{"width":651,"height":200,"url":"https:\/\/lightweb.dev\/l\/svm-temp\/wp-content\/uploads\/2022\/04\/vem-r-du-bo-balderson-statsrdet-r-du-dum-eller-smart.png","type":"image\/png"}],"author":"Redaktionen SvM","twitter_card":"summary_large_image","twitter_creator":"@SvenskaMagasine","twitter_site":"@SvenskaMagasine","schema":{"@context":"https:\/\/schema.org","@graph":[{"@type":"Article","@id":"https:\/\/lightweb.dev\/l\/svm-temp\/artiklar\/vem-ar-du-bo-balderson-statsradet-ar-du-dum-eller-smart\/#article","isPartOf":{"@id":"https:\/\/lightweb.dev\/l\/svm-temp\/artiklar\/vem-ar-du-bo-balderson-statsradet-ar-du-dum-eller-smart\/"},"author":{"name":"Redaktionen SvM","@id":"https:\/\/lightweb.dev\/l\/svm-temp\/#\/schema\/person\/206a3bda5b607b0c25e1749191e4d837"},"headline":"Vem \u00e4r du Bo Balderson? Statsr\u00e5det \u00e4r du dum eller smart?","datePublished":"2008-03-18T23:00:00+00:00","mainEntityOfPage":{"@id":"https:\/\/lightweb.dev\/l\/svm-temp\/artiklar\/vem-ar-du-bo-balderson-statsradet-ar-du-dum-eller-smart\/"},"wordCount":1215,"commentCount":0,"publisher":{"@id":"https:\/\/lightweb.dev\/l\/svm-temp\/#organization"},"image":{"@id":"https:\/\/lightweb.dev\/l\/svm-temp\/artiklar\/vem-ar-du-bo-balderson-statsradet-ar-du-dum-eller-smart\/#primaryimage"},"thumbnailUrl":"https:\/\/lightweb.dev\/l\/svm-temp\/wp-content\/uploads\/2022\/04\/vem-r-du-bo-balderson-statsrdet-r-du-dum-eller-smart.png","articleSection":["Arkiv","Artiklar"],"inLanguage":"sv-SE"},{"@type":"WebPage","@id":"https:\/\/lightweb.dev\/l\/svm-temp\/artiklar\/vem-ar-du-bo-balderson-statsradet-ar-du-dum-eller-smart\/","url":"https:\/\/lightweb.dev\/l\/svm-temp\/artiklar\/vem-ar-du-bo-balderson-statsradet-ar-du-dum-eller-smart\/","name":"Vem \u00e4r du Bo Balderson? Statsr\u00e5det \u00e4r du dum eller smart? - Svenska Magasinet","isPartOf":{"@id":"https:\/\/lightweb.dev\/l\/svm-temp\/#website"},"primaryImageOfPage":{"@id":"https:\/\/lightweb.dev\/l\/svm-temp\/artiklar\/vem-ar-du-bo-balderson-statsradet-ar-du-dum-eller-smart\/#primaryimage"},"image":{"@id":"https:\/\/lightweb.dev\/l\/svm-temp\/artiklar\/vem-ar-du-bo-balderson-statsradet-ar-du-dum-eller-smart\/#primaryimage"},"thumbnailUrl":"https:\/\/lightweb.dev\/l\/svm-temp\/wp-content\/uploads\/2022\/04\/vem-r-du-bo-balderson-statsrdet-r-du-dum-eller-smart.png","datePublished":"2008-03-18T23:00:00+00:00","breadcrumb":{"@id":"https:\/\/lightweb.dev\/l\/svm-temp\/artiklar\/vem-ar-du-bo-balderson-statsradet-ar-du-dum-eller-smart\/#breadcrumb"},"inLanguage":"sv-SE","potentialAction":[{"@type":"ReadAction","target":["https:\/\/lightweb.dev\/l\/svm-temp\/artiklar\/vem-ar-du-bo-balderson-statsradet-ar-du-dum-eller-smart\/"]}]},{"@type":"ImageObject","inLanguage":"sv-SE","@id":"https:\/\/lightweb.dev\/l\/svm-temp\/artiklar\/vem-ar-du-bo-balderson-statsradet-ar-du-dum-eller-smart\/#primaryimage","url":"https:\/\/lightweb.dev\/l\/svm-temp\/wp-content\/uploads\/2022\/04\/vem-r-du-bo-balderson-statsrdet-r-du-dum-eller-smart.png","contentUrl":"https:\/\/lightweb.dev\/l\/svm-temp\/wp-content\/uploads\/2022\/04\/vem-r-du-bo-balderson-statsrdet-r-du-dum-eller-smart.png","width":651,"height":200},{"@type":"BreadcrumbList","@id":"https:\/\/lightweb.dev\/l\/svm-temp\/artiklar\/vem-ar-du-bo-balderson-statsradet-ar-du-dum-eller-smart\/#breadcrumb","itemListElement":[{"@type":"ListItem","position":1,"name":"Hem","item":"https:\/\/lightweb.dev\/l\/svm-temp\/"},{"@type":"ListItem","position":2,"name":"Vem \u00e4r du Bo Balderson? Statsr\u00e5det \u00e4r du dum eller smart?"}]},{"@type":"WebSite","@id":"https:\/\/lightweb.dev\/l\/svm-temp\/#website","url":"https:\/\/lightweb.dev\/l\/svm-temp\/","name":"Svenska Magasinet","description":"Dina Spanska nyheter p&aring; Svenska","publisher":{"@id":"https:\/\/lightweb.dev\/l\/svm-temp\/#organization"},"potentialAction":[{"@type":"SearchAction","target":{"@type":"EntryPoint","urlTemplate":"https:\/\/lightweb.dev\/l\/svm-temp\/?s={search_term_string}"},"query-input":{"@type":"PropertyValueSpecification","valueRequired":true,"valueName":"search_term_string"}}],"inLanguage":"sv-SE"},{"@type":"Organization","@id":"https:\/\/lightweb.dev\/l\/svm-temp\/#organization","name":"Melkerson y Nott SL","alternateName":"Svenska Magasinet","url":"https:\/\/lightweb.dev\/l\/svm-temp\/","logo":{"@type":"ImageObject","inLanguage":"sv-SE","@id":"https:\/\/lightweb.dev\/l\/svm-temp\/#\/schema\/logo\/image\/","url":"https:\/\/lightweb.dev\/l\/svm-temp\/wp-content\/uploads\/2025\/02\/SvM-logo-Xtra-Centrerad-SVART.png","contentUrl":"https:\/\/lightweb.dev\/l\/svm-temp\/wp-content\/uploads\/2025\/02\/SvM-logo-Xtra-Centrerad-SVART.png","width":300,"height":99,"caption":"Melkerson y Nott SL"},"image":{"@id":"https:\/\/lightweb.dev\/l\/svm-temp\/#\/schema\/logo\/image\/"},"sameAs":["https:\/\/www.facebook.com\/svenskamagasinet","https:\/\/x.com\/SvenskaMagasine"]},{"@type":"Person","@id":"https:\/\/lightweb.dev\/l\/svm-temp\/#\/schema\/person\/206a3bda5b607b0c25e1749191e4d837","name":"Redaktionen SvM","description":"Redaktionen","sameAs":["https:\/\/lightweb.dev\/l\/svm-temp"],"url":"https:\/\/lightweb.dev\/l\/svm-temp\/reporter\/redaktionen\/"}]}},"_links":{"self":[{"href":"https:\/\/lightweb.dev\/l\/svm-temp\/wp-json\/wp\/v2\/posts\/2271","targetHints":{"allow":["GET"]}}],"collection":[{"href":"https:\/\/lightweb.dev\/l\/svm-temp\/wp-json\/wp\/v2\/posts"}],"about":[{"href":"https:\/\/lightweb.dev\/l\/svm-temp\/wp-json\/wp\/v2\/types\/post"}],"author":[{"embeddable":true,"href":"https:\/\/lightweb.dev\/l\/svm-temp\/wp-json\/wp\/v2\/users\/8"}],"replies":[{"embeddable":true,"href":"https:\/\/lightweb.dev\/l\/svm-temp\/wp-json\/wp\/v2\/comments?post=2271"}],"version-history":[{"count":0,"href":"https:\/\/lightweb.dev\/l\/svm-temp\/wp-json\/wp\/v2\/posts\/2271\/revisions"}],"wp:featuredmedia":[{"embeddable":true,"href":"https:\/\/lightweb.dev\/l\/svm-temp\/wp-json\/wp\/v2\/media\/2272"}],"wp:attachment":[{"href":"https:\/\/lightweb.dev\/l\/svm-temp\/wp-json\/wp\/v2\/media?parent=2271"}],"wp:term":[{"taxonomy":"category","embeddable":true,"href":"https:\/\/lightweb.dev\/l\/svm-temp\/wp-json\/wp\/v2\/categories?post=2271"},{"taxonomy":"post_tag","embeddable":true,"href":"https:\/\/lightweb.dev\/l\/svm-temp\/wp-json\/wp\/v2\/tags?post=2271"}],"curies":[{"name":"wp","href":"https:\/\/api.w.org\/{rel}","templated":true}]}}