{"id":2277,"date":"2008-03-05T00:00:00","date_gmt":"2008-03-04T23:00:00","guid":{"rendered":"https:\/\/lightweb.dev\/l\/svm-temp\/on-tour-coin-hasttavlingar-och-apelsinens-dag\/"},"modified":"2008-03-05T00:00:00","modified_gmt":"2008-03-04T23:00:00","slug":"on-tour-coin-hasttavlingar-och-apelsinens-dag","status":"publish","type":"post","link":"https:\/\/lightweb.dev\/l\/svm-temp\/artiklar\/on-tour-coin-hasttavlingar-och-apelsinens-dag\/","title":{"rendered":"On tour Co\u00edn &#8211; H\u00e4stt\u00e4vlingar och Apelsinens Dag"},"content":{"rendered":"<p> H\u00e4r firas apelsinens dag i b\u00f6rjan p\u00e5 maj. Romare och morer har l\u00e4mnat sp\u00e5r efter sig. I v\u00e5r tid \u00e4r det mest h\u00e4stsp\u00e5r. Mellan den 26 till 30 mars arrangeras en av Spaniens mest k\u00e4nda h\u00e4stt\u00e4vlingar i Co\u00edn Av Ola Josefsson<br \/>\nFoto Johan Ting\u00e5<\/p>\n<p>I Nordisk familjebok fr\u00e5n 1906 hittar jag f\u00f6ljande beskrivning av Co\u00edn:<br \/>\n\u201dCoin [k\u00e5^n], stad i spanska prov. Malaga, en af Andalusiens vackraste st\u00e4der med 2,000 tr\u00e4dg\u00e5rdar (huertas). 12,326 inv. (1900). Marmorbrott\u201d.<br \/>\nS\u00e5 m\u00e5nga tr\u00e4dg\u00e5rdar hittar vi inte nu, n\u00e4r vi bes\u00f6ker Co\u00edn lite mer \u00e4n 100 \u00e5r senare. Nu \u00e4r inlandskommunen mest k\u00e4nt f\u00f6r sina fruktfirmor, citrusodlingar och h\u00e4stt\u00e4vlingar. Britter, tyskar, spanjorer, kanadensare, indier och n\u00e5gra skandinaver har hittat hit och slagit ned sina bop\u00e5lar. Staden \u00e4r omgiven av h\u00f6ga berg (1.037meter). De omgivande bergen och floderna g\u00f6r att det f\u00f6r det mesta finns tillr\u00e4ckligt gott om vatten f\u00f6r att ge en gr\u00f6n och fruktbar dal.<br \/>\nDet finns arkeologiska fynd i n\u00e4rheten av Co\u00edn s\u00e5som rester fr\u00e5n en stad, gravar, keramik och annan utrustning. Romarna har ocks\u00e5 l\u00e4mnat sp\u00e5r efter sig runt \u00e5r 0. Staden hette d\u00e5 Lacibis men blev senare Cobin och Cohine. \u00c5r 1925 fick Co\u00edn utm\u00e4rkelsen att vara stad av Alfonso XIII.<\/p>\n<p>Vackraste h\u00e4star<br \/>\nBes\u00f6k Co\u00edn och stadsdelen El Rodeo under dagarna 26 till 30 mars d\u00e5 inlandsbyn 20 km fr\u00e5n Fuengirola arrangerar Sacab-t\u00e4vling f\u00f6r h\u00e4star. Co\u00edn-t\u00e4vlingen har vuxit i popularitet och \u00e4r nu den st\u00f6rsta efter Sevilla. H\u00e4r visas Spaniens vackraste h\u00e4star n\u00e4r de h\u00e5ller sin egen \u201dfitness-t\u00e4vling\u201d, morfologico.<br \/>\nH\u00e4r hittar vi ocks\u00e5 Miguel Barrionuevo som \u00e4r M\u00e1lagas b\u00e4sta inom dressyrridning. Han \u00e4r en riktig maestro fr\u00e5n den gamla skolan, och \u00e4r uppl\u00e4rd av en Nuno Oliveira, som \u00e4r en legend inom h\u00e4stkretsar. Miguel i Co\u00edn \u00e4r k\u00e4nd f\u00f6r att ha varit med och startat de stora h\u00e4stshowerna Levade och Apassionata som turnerat i Europa i flera \u00e5r. Han \u00e5ker ocks\u00e5 regelbundet till Sverige och Danmark och h\u00e5ller s\u00e5 kallade clinics (kurser i ridning) och h\u00e5ller sina egna shower i Spanien och \u00f6vriga Europa. L\u00e4s mer p\u00e5: www.artequuscenter.com<\/p>\n<p>20 procent utl\u00e4nningar<br \/>\nBorgm\u00e4staren Gabriel Jes\u00fas Clavijo S\u00e1nchez (PSOE) har sett den utl\u00e4ndska befolkningen v\u00e4xa i Co\u00edn den senaste tiden. I slutet p\u00e5 \u00e5ret 2007 rapporterade lokala medier att inlandskommunen Co\u00edn f\u00f6r f\u00f6rsta g\u00e5ngen har mer \u00e4n 20 procent utl\u00e4ndska medborgare.<br \/>\nDen senaste statistiken visar att inflyttningen av utl\u00e4nningar forts\u00e4tter att vara h\u00f6g. Det h\u00e4r \u00e4r en tendens som k\u00e4nns igen fr\u00e5n andra kommuner i provinsens inland och i synnerhet l\u00e4ngs Guadalhorcedalen. Det har tillkommit 800 registrerade utl\u00e4nningar i Co\u00edn under det g\u00e5ngna \u00e5ret och de \u00e4r nu total knappt 5.000. Den st\u00f6rsta nationaliteten forts\u00e4tter att vara britter, rapporterar SUR.<br \/>\nDe kan gl\u00e4djas \u00e5t att den h\u00e5rt trafikerad v\u00e4gen ner mot Fuengirola kommer att f\u00e5 en rej\u00e4l upprustning. Det \u00e4r v\u00e4g A-7053 mellan Alhaur\u00edn el Grande och Fuengirola som ska byggas ut p\u00e5 en knappt nio kilometer l\u00e5ng str\u00e4cka mellan Puerto de los Pescadores och Entrerr\u00edos.<br \/>\nDen bitvis mycket krokiga v\u00e4gen ska r\u00e4tas ut och samtidigt breddas f\u00f6r \u00f6kad trafiks\u00e4kerhet. Det inneb\u00e4r samtidigt att hastigheten p\u00e5 str\u00e4ckan kan h\u00f6jas till 80 km\/h. V\u00e4garbetena startade i februari och kommer att p\u00e5g\u00e5 i 18 m\u00e5nader. Det handlar om en total investering p\u00e5 15,6 miljoner euro.<\/p>\n<p>L\u00f6rdagsmarknad<br \/>\nCo\u00edn \u00e4r ett samh\u00e4lle v\u00e4ster om M\u00e1laga och norr om Marbella. Det \u00e4r en v\u00e4xande inlandskommun med en spansk touche av sm\u00e5stadsmentalitet. Det \u00e4r en modern kommun med n\u00e5gorlunda infrastruktur med ett stort shoppingcenter, La Trocha, plus fyra st\u00f6rre supermarkets, bio, bowling samt barer och restauranger.<br \/>\nP\u00e5 grund av k\u00f6pcentret La Trocha som ligger i utkanten av stadsdelen El Rodeo \u00e4r Co\u00edn centrum inte n\u00e4mnv\u00e4rt n\u00e5got levande centrum. N\u00e4r vi bes\u00f6ker den gamla stadsdelen ser vi m\u00e4ngder av igenbommade aff\u00e4rer. En trist utveckling som vi ser p\u00e5 allt fler h\u00e5ll i Spanien. Desto st\u00f6rre folkliv \u00e4r det p\u00e5 l\u00f6rdagsmarknaden p\u00e5 feriaplatsen d\u00e4r du k\u00f6per Solkustens b\u00e4sta och billigaste (?) citrusfrukter.<\/p>\n<p>Friidrottsanl\u00e4ggning<br \/>\nVi finner \u00e4ven den fina fotbolls\u2013 och friidrottsanl\u00e4ggningen Ciudad del Deporte inte s\u00e5 l\u00e5ngt fr\u00e5n filmstaden i Los Llanos de Nacimiento. Fantastiskt fina l\u00f6parbanor, naturgr\u00e4s och just vid tillf\u00e4llet \u00e4r ett elitlag i fotboll fr\u00e5n Ukraina p\u00e5 tr\u00e4ningsl\u00e4ger med boende p\u00e5 n\u00e4rbel\u00e4gna Alhaurin del golf.<br \/>\nKommunen med 20.000 inv\u00e5nare t\u00e4cker ca 127 kvadratkilometer och byn ligger 209 meter \u00f6ver havet. Innev\u00e5narna kallas f\u00f6r Co\u00ednos. Stora h\u00f6gtider under \u00e5ret \u00e4r den 31 december, Nochevieja eller ny\u00e5rsafton firar alla med att vara utkl\u00e4dda och h\u00e4lsa varandra Gott Nytt \u00c5r framf\u00f6r kyrkan. H\u00f6g musik spelas p\u00e5 torget Plaza Berm\u00fadez de la Rubia.<br \/>\nP\u00e5sken firas med processioner varje dag fr\u00e5n onsdagen till och med s\u00f6ndagen i p\u00e5skveckan. Det \u00e4r olika br\u00f6draskap som st\u00e5r f\u00f6r processionerna tillsammans Ayto. i Co\u00edn. Alla processioner utom den p\u00e5 p\u00e5skdagen \u00e4ger rum p\u00e5 kv\u00e4llen.<\/p>\n<p>Apelsindag<br \/>\nI Maj firas Apelsinens Dag. Apelsinsk\u00f6rden p\u00e5g\u00e5r mellan oktober och maj och avslutas med firande av apelsinens dag. Typiska apelsinprodukter saluf\u00f6rs och presenteras. Man visar upp en tradionell fiskr\u00e4tt med apelsin och m\u00e5nga olika apelsinefterr\u00e4tter. Firandet startade 1996. Fr\u00e5n den 9 till den 15 augusti h\u00e5lls stadens Feria som startade 1765.<br \/>\nI utkanterna av Co\u00edn vid El Rodeo ligger urbanisation Caballo Blanco. Den b\u00f6rjade bebyggas i slutet av 1960-talet och har en internationell sammanslutning av boende. N\u00e4r vi k\u00f6rde igenom omr\u00e5det s\u00e5g vi den bl\u00e5a flaggan med gula korset vaja i vinden p\u00e5 ett av husen. L\u00e4s mer p\u00e5: www.caballo-blanco.se<br \/>\nMer om Co\u00edn p\u00e5:<br \/>\nCo\u00edn kommun<br \/>\nwww.ayto-coin.es<br \/>\nwww.coin.es <\/p>\n","protected":false},"excerpt":{"rendered":"<p>H\u00e4r firas apelsinens dag i b\u00f6rjan p\u00e5 maj. Romare och morer har l\u00e4mnat sp\u00e5r efter sig. I v\u00e5r tid \u00e4r det mest h\u00e4stsp\u00e5r. Mellan den 26 till 30 mars arrangeras en av Spaniens mest k\u00e4nda h\u00e4stt\u00e4vlingar i Co\u00edn Av Ola Josefsson Foto Johan Ting\u00e5 I Nordisk familjebok fr\u00e5n 1906 hittar jag f\u00f6ljande beskrivning av Co\u00edn: [&hellip;]<\/p>\n","protected":false},"author":8,"featured_media":2278,"comment_status":"open","ping_status":"open","sticky":false,"template":"","format":"standard","meta":{"_et_pb_use_builder":"","_et_pb_old_content":"","_et_gb_content_width":"","footnotes":""},"categories":[396,4],"tags":[],"class_list":["post-2277","post","type-post","status-publish","format-standard","has-post-thumbnail","hentry","category-arkiv-artiklar","category-artiklar"],"yoast_head":"<!-- This site is optimized with the Yoast SEO Premium plugin v26.2 (Yoast SEO v27.4) - https:\/\/yoast.com\/product\/yoast-seo-premium-wordpress\/ -->\n<title>On tour Co\u00edn - H\u00e4stt\u00e4vlingar och Apelsinens Dag - Svenska Magasinet<\/title>\n<meta name=\"robots\" content=\"noindex, follow, max-snippet:-1, max-image-preview:large, max-video-preview:-1\" \/>\n<meta property=\"og:locale\" content=\"sv_SE\" \/>\n<meta property=\"og:type\" content=\"article\" \/>\n<meta property=\"og:title\" content=\"On tour Co\u00edn - H\u00e4stt\u00e4vlingar och Apelsinens Dag\" \/>\n<meta property=\"og:description\" content=\"H\u00e4r firas apelsinens dag i b\u00f6rjan p\u00e5 maj. Romare och morer har l\u00e4mnat sp\u00e5r efter sig. I v\u00e5r tid \u00e4r det mest h\u00e4stsp\u00e5r. Mellan den 26 till 30 mars arrangeras en av Spaniens mest k\u00e4nda h\u00e4stt\u00e4vlingar i Co\u00edn Av Ola Josefsson Foto Johan Ting\u00e5 I Nordisk familjebok fr\u00e5n 1906 hittar jag f\u00f6ljande beskrivning av Co\u00edn: [&hellip;]\" \/>\n<meta property=\"og:url\" content=\"https:\/\/lightweb.dev\/l\/svm-temp\/artiklar\/on-tour-coin-hasttavlingar-och-apelsinens-dag\/\" \/>\n<meta property=\"og:site_name\" content=\"Svenska Magasinet\" \/>\n<meta property=\"article:publisher\" content=\"https:\/\/www.facebook.com\/svenskamagasinet\" \/>\n<meta property=\"article:published_time\" content=\"2008-03-04T23:00:00+00:00\" \/>\n<meta property=\"og:image\" content=\"https:\/\/lightweb.dev\/l\/svm-temp\/wp-content\/uploads\/2022\/04\/on-tour-con-hsttvlingar-och-apelsinens-dag.png\" \/>\n\t<meta property=\"og:image:width\" content=\"299\" \/>\n\t<meta property=\"og:image:height\" content=\"200\" \/>\n\t<meta property=\"og:image:type\" content=\"image\/png\" \/>\n<meta name=\"author\" content=\"Redaktionen SvM\" \/>\n<meta name=\"twitter:card\" content=\"summary_large_image\" \/>\n<meta name=\"twitter:creator\" content=\"@SvenskaMagasine\" \/>\n<meta name=\"twitter:site\" content=\"@SvenskaMagasine\" \/>\n<script type=\"application\/ld+json\" class=\"yoast-schema-graph\">{\"@context\":\"https:\\\/\\\/schema.org\",\"@graph\":[{\"@type\":\"Article\",\"@id\":\"https:\\\/\\\/lightweb.dev\\\/l\\\/svm-temp\\\/artiklar\\\/on-tour-coin-hasttavlingar-och-apelsinens-dag\\\/#article\",\"isPartOf\":{\"@id\":\"https:\\\/\\\/lightweb.dev\\\/l\\\/svm-temp\\\/artiklar\\\/on-tour-coin-hasttavlingar-och-apelsinens-dag\\\/\"},\"author\":{\"name\":\"Redaktionen SvM\",\"@id\":\"https:\\\/\\\/lightweb.dev\\\/l\\\/svm-temp\\\/#\\\/schema\\\/person\\\/206a3bda5b607b0c25e1749191e4d837\"},\"headline\":\"On tour Co\u00edn &#8211; H\u00e4stt\u00e4vlingar och Apelsinens Dag\",\"datePublished\":\"2008-03-04T23:00:00+00:00\",\"mainEntityOfPage\":{\"@id\":\"https:\\\/\\\/lightweb.dev\\\/l\\\/svm-temp\\\/artiklar\\\/on-tour-coin-hasttavlingar-och-apelsinens-dag\\\/\"},\"wordCount\":1068,\"commentCount\":0,\"publisher\":{\"@id\":\"https:\\\/\\\/lightweb.dev\\\/l\\\/svm-temp\\\/#organization\"},\"image\":{\"@id\":\"https:\\\/\\\/lightweb.dev\\\/l\\\/svm-temp\\\/artiklar\\\/on-tour-coin-hasttavlingar-och-apelsinens-dag\\\/#primaryimage\"},\"thumbnailUrl\":\"https:\\\/\\\/lightweb.dev\\\/l\\\/svm-temp\\\/wp-content\\\/uploads\\\/2022\\\/04\\\/on-tour-con-hsttvlingar-och-apelsinens-dag.png\",\"articleSection\":[\"Arkiv\",\"Artiklar\"],\"inLanguage\":\"sv-SE\"},{\"@type\":\"WebPage\",\"@id\":\"https:\\\/\\\/lightweb.dev\\\/l\\\/svm-temp\\\/artiklar\\\/on-tour-coin-hasttavlingar-och-apelsinens-dag\\\/\",\"url\":\"https:\\\/\\\/lightweb.dev\\\/l\\\/svm-temp\\\/artiklar\\\/on-tour-coin-hasttavlingar-och-apelsinens-dag\\\/\",\"name\":\"On tour Co\u00edn - H\u00e4stt\u00e4vlingar och Apelsinens Dag - Svenska Magasinet\",\"isPartOf\":{\"@id\":\"https:\\\/\\\/lightweb.dev\\\/l\\\/svm-temp\\\/#website\"},\"primaryImageOfPage\":{\"@id\":\"https:\\\/\\\/lightweb.dev\\\/l\\\/svm-temp\\\/artiklar\\\/on-tour-coin-hasttavlingar-och-apelsinens-dag\\\/#primaryimage\"},\"image\":{\"@id\":\"https:\\\/\\\/lightweb.dev\\\/l\\\/svm-temp\\\/artiklar\\\/on-tour-coin-hasttavlingar-och-apelsinens-dag\\\/#primaryimage\"},\"thumbnailUrl\":\"https:\\\/\\\/lightweb.dev\\\/l\\\/svm-temp\\\/wp-content\\\/uploads\\\/2022\\\/04\\\/on-tour-con-hsttvlingar-och-apelsinens-dag.png\",\"datePublished\":\"2008-03-04T23:00:00+00:00\",\"breadcrumb\":{\"@id\":\"https:\\\/\\\/lightweb.dev\\\/l\\\/svm-temp\\\/artiklar\\\/on-tour-coin-hasttavlingar-och-apelsinens-dag\\\/#breadcrumb\"},\"inLanguage\":\"sv-SE\",\"potentialAction\":[{\"@type\":\"ReadAction\",\"target\":[\"https:\\\/\\\/lightweb.dev\\\/l\\\/svm-temp\\\/artiklar\\\/on-tour-coin-hasttavlingar-och-apelsinens-dag\\\/\"]}]},{\"@type\":\"ImageObject\",\"inLanguage\":\"sv-SE\",\"@id\":\"https:\\\/\\\/lightweb.dev\\\/l\\\/svm-temp\\\/artiklar\\\/on-tour-coin-hasttavlingar-och-apelsinens-dag\\\/#primaryimage\",\"url\":\"https:\\\/\\\/lightweb.dev\\\/l\\\/svm-temp\\\/wp-content\\\/uploads\\\/2022\\\/04\\\/on-tour-con-hsttvlingar-och-apelsinens-dag.png\",\"contentUrl\":\"https:\\\/\\\/lightweb.dev\\\/l\\\/svm-temp\\\/wp-content\\\/uploads\\\/2022\\\/04\\\/on-tour-con-hsttvlingar-och-apelsinens-dag.png\",\"width\":299,\"height\":200},{\"@type\":\"BreadcrumbList\",\"@id\":\"https:\\\/\\\/lightweb.dev\\\/l\\\/svm-temp\\\/artiklar\\\/on-tour-coin-hasttavlingar-och-apelsinens-dag\\\/#breadcrumb\",\"itemListElement\":[{\"@type\":\"ListItem\",\"position\":1,\"name\":\"Hem\",\"item\":\"https:\\\/\\\/lightweb.dev\\\/l\\\/svm-temp\\\/\"},{\"@type\":\"ListItem\",\"position\":2,\"name\":\"On tour Co\u00edn &#8211; H\u00e4stt\u00e4vlingar och Apelsinens Dag\"}]},{\"@type\":\"WebSite\",\"@id\":\"https:\\\/\\\/lightweb.dev\\\/l\\\/svm-temp\\\/#website\",\"url\":\"https:\\\/\\\/lightweb.dev\\\/l\\\/svm-temp\\\/\",\"name\":\"Svenska Magasinet\",\"description\":\"Dina Spanska nyheter p&aring; Svenska\",\"publisher\":{\"@id\":\"https:\\\/\\\/lightweb.dev\\\/l\\\/svm-temp\\\/#organization\"},\"potentialAction\":[{\"@type\":\"SearchAction\",\"target\":{\"@type\":\"EntryPoint\",\"urlTemplate\":\"https:\\\/\\\/lightweb.dev\\\/l\\\/svm-temp\\\/?s={search_term_string}\"},\"query-input\":{\"@type\":\"PropertyValueSpecification\",\"valueRequired\":true,\"valueName\":\"search_term_string\"}}],\"inLanguage\":\"sv-SE\"},{\"@type\":\"Organization\",\"@id\":\"https:\\\/\\\/lightweb.dev\\\/l\\\/svm-temp\\\/#organization\",\"name\":\"Melkerson y Nott SL\",\"alternateName\":\"Svenska Magasinet\",\"url\":\"https:\\\/\\\/lightweb.dev\\\/l\\\/svm-temp\\\/\",\"logo\":{\"@type\":\"ImageObject\",\"inLanguage\":\"sv-SE\",\"@id\":\"https:\\\/\\\/lightweb.dev\\\/l\\\/svm-temp\\\/#\\\/schema\\\/logo\\\/image\\\/\",\"url\":\"https:\\\/\\\/lightweb.dev\\\/l\\\/svm-temp\\\/wp-content\\\/uploads\\\/2025\\\/02\\\/SvM-logo-Xtra-Centrerad-SVART.png\",\"contentUrl\":\"https:\\\/\\\/lightweb.dev\\\/l\\\/svm-temp\\\/wp-content\\\/uploads\\\/2025\\\/02\\\/SvM-logo-Xtra-Centrerad-SVART.png\",\"width\":300,\"height\":99,\"caption\":\"Melkerson y Nott SL\"},\"image\":{\"@id\":\"https:\\\/\\\/lightweb.dev\\\/l\\\/svm-temp\\\/#\\\/schema\\\/logo\\\/image\\\/\"},\"sameAs\":[\"https:\\\/\\\/www.facebook.com\\\/svenskamagasinet\",\"https:\\\/\\\/x.com\\\/SvenskaMagasine\"]},{\"@type\":\"Person\",\"@id\":\"https:\\\/\\\/lightweb.dev\\\/l\\\/svm-temp\\\/#\\\/schema\\\/person\\\/206a3bda5b607b0c25e1749191e4d837\",\"name\":\"Redaktionen SvM\",\"description\":\"Redaktionen\",\"sameAs\":[\"https:\\\/\\\/lightweb.dev\\\/l\\\/svm-temp\"],\"url\":\"https:\\\/\\\/lightweb.dev\\\/l\\\/svm-temp\\\/reporter\\\/redaktionen\\\/\"}]}<\/script>\n<!-- \/ Yoast SEO Premium plugin. -->","yoast_head_json":{"title":"On tour Co\u00edn - H\u00e4stt\u00e4vlingar och Apelsinens Dag - Svenska Magasinet","robots":{"index":"noindex","follow":"follow","max-snippet":"max-snippet:-1","max-image-preview":"max-image-preview:large","max-video-preview":"max-video-preview:-1"},"og_locale":"sv_SE","og_type":"article","og_title":"On tour Co\u00edn - H\u00e4stt\u00e4vlingar och Apelsinens Dag","og_description":"H\u00e4r firas apelsinens dag i b\u00f6rjan p\u00e5 maj. Romare och morer har l\u00e4mnat sp\u00e5r efter sig. I v\u00e5r tid \u00e4r det mest h\u00e4stsp\u00e5r. Mellan den 26 till 30 mars arrangeras en av Spaniens mest k\u00e4nda h\u00e4stt\u00e4vlingar i Co\u00edn Av Ola Josefsson Foto Johan Ting\u00e5 I Nordisk familjebok fr\u00e5n 1906 hittar jag f\u00f6ljande beskrivning av Co\u00edn: [&hellip;]","og_url":"https:\/\/lightweb.dev\/l\/svm-temp\/artiklar\/on-tour-coin-hasttavlingar-och-apelsinens-dag\/","og_site_name":"Svenska Magasinet","article_publisher":"https:\/\/www.facebook.com\/svenskamagasinet","article_published_time":"2008-03-04T23:00:00+00:00","og_image":[{"width":299,"height":200,"url":"https:\/\/lightweb.dev\/l\/svm-temp\/wp-content\/uploads\/2022\/04\/on-tour-con-hsttvlingar-och-apelsinens-dag.png","type":"image\/png"}],"author":"Redaktionen SvM","twitter_card":"summary_large_image","twitter_creator":"@SvenskaMagasine","twitter_site":"@SvenskaMagasine","schema":{"@context":"https:\/\/schema.org","@graph":[{"@type":"Article","@id":"https:\/\/lightweb.dev\/l\/svm-temp\/artiklar\/on-tour-coin-hasttavlingar-och-apelsinens-dag\/#article","isPartOf":{"@id":"https:\/\/lightweb.dev\/l\/svm-temp\/artiklar\/on-tour-coin-hasttavlingar-och-apelsinens-dag\/"},"author":{"name":"Redaktionen SvM","@id":"https:\/\/lightweb.dev\/l\/svm-temp\/#\/schema\/person\/206a3bda5b607b0c25e1749191e4d837"},"headline":"On tour Co\u00edn &#8211; H\u00e4stt\u00e4vlingar och Apelsinens Dag","datePublished":"2008-03-04T23:00:00+00:00","mainEntityOfPage":{"@id":"https:\/\/lightweb.dev\/l\/svm-temp\/artiklar\/on-tour-coin-hasttavlingar-och-apelsinens-dag\/"},"wordCount":1068,"commentCount":0,"publisher":{"@id":"https:\/\/lightweb.dev\/l\/svm-temp\/#organization"},"image":{"@id":"https:\/\/lightweb.dev\/l\/svm-temp\/artiklar\/on-tour-coin-hasttavlingar-och-apelsinens-dag\/#primaryimage"},"thumbnailUrl":"https:\/\/lightweb.dev\/l\/svm-temp\/wp-content\/uploads\/2022\/04\/on-tour-con-hsttvlingar-och-apelsinens-dag.png","articleSection":["Arkiv","Artiklar"],"inLanguage":"sv-SE"},{"@type":"WebPage","@id":"https:\/\/lightweb.dev\/l\/svm-temp\/artiklar\/on-tour-coin-hasttavlingar-och-apelsinens-dag\/","url":"https:\/\/lightweb.dev\/l\/svm-temp\/artiklar\/on-tour-coin-hasttavlingar-och-apelsinens-dag\/","name":"On tour Co\u00edn - H\u00e4stt\u00e4vlingar och Apelsinens Dag - Svenska Magasinet","isPartOf":{"@id":"https:\/\/lightweb.dev\/l\/svm-temp\/#website"},"primaryImageOfPage":{"@id":"https:\/\/lightweb.dev\/l\/svm-temp\/artiklar\/on-tour-coin-hasttavlingar-och-apelsinens-dag\/#primaryimage"},"image":{"@id":"https:\/\/lightweb.dev\/l\/svm-temp\/artiklar\/on-tour-coin-hasttavlingar-och-apelsinens-dag\/#primaryimage"},"thumbnailUrl":"https:\/\/lightweb.dev\/l\/svm-temp\/wp-content\/uploads\/2022\/04\/on-tour-con-hsttvlingar-och-apelsinens-dag.png","datePublished":"2008-03-04T23:00:00+00:00","breadcrumb":{"@id":"https:\/\/lightweb.dev\/l\/svm-temp\/artiklar\/on-tour-coin-hasttavlingar-och-apelsinens-dag\/#breadcrumb"},"inLanguage":"sv-SE","potentialAction":[{"@type":"ReadAction","target":["https:\/\/lightweb.dev\/l\/svm-temp\/artiklar\/on-tour-coin-hasttavlingar-och-apelsinens-dag\/"]}]},{"@type":"ImageObject","inLanguage":"sv-SE","@id":"https:\/\/lightweb.dev\/l\/svm-temp\/artiklar\/on-tour-coin-hasttavlingar-och-apelsinens-dag\/#primaryimage","url":"https:\/\/lightweb.dev\/l\/svm-temp\/wp-content\/uploads\/2022\/04\/on-tour-con-hsttvlingar-och-apelsinens-dag.png","contentUrl":"https:\/\/lightweb.dev\/l\/svm-temp\/wp-content\/uploads\/2022\/04\/on-tour-con-hsttvlingar-och-apelsinens-dag.png","width":299,"height":200},{"@type":"BreadcrumbList","@id":"https:\/\/lightweb.dev\/l\/svm-temp\/artiklar\/on-tour-coin-hasttavlingar-och-apelsinens-dag\/#breadcrumb","itemListElement":[{"@type":"ListItem","position":1,"name":"Hem","item":"https:\/\/lightweb.dev\/l\/svm-temp\/"},{"@type":"ListItem","position":2,"name":"On tour Co\u00edn &#8211; H\u00e4stt\u00e4vlingar och Apelsinens Dag"}]},{"@type":"WebSite","@id":"https:\/\/lightweb.dev\/l\/svm-temp\/#website","url":"https:\/\/lightweb.dev\/l\/svm-temp\/","name":"Svenska Magasinet","description":"Dina Spanska nyheter p&aring; Svenska","publisher":{"@id":"https:\/\/lightweb.dev\/l\/svm-temp\/#organization"},"potentialAction":[{"@type":"SearchAction","target":{"@type":"EntryPoint","urlTemplate":"https:\/\/lightweb.dev\/l\/svm-temp\/?s={search_term_string}"},"query-input":{"@type":"PropertyValueSpecification","valueRequired":true,"valueName":"search_term_string"}}],"inLanguage":"sv-SE"},{"@type":"Organization","@id":"https:\/\/lightweb.dev\/l\/svm-temp\/#organization","name":"Melkerson y Nott SL","alternateName":"Svenska Magasinet","url":"https:\/\/lightweb.dev\/l\/svm-temp\/","logo":{"@type":"ImageObject","inLanguage":"sv-SE","@id":"https:\/\/lightweb.dev\/l\/svm-temp\/#\/schema\/logo\/image\/","url":"https:\/\/lightweb.dev\/l\/svm-temp\/wp-content\/uploads\/2025\/02\/SvM-logo-Xtra-Centrerad-SVART.png","contentUrl":"https:\/\/lightweb.dev\/l\/svm-temp\/wp-content\/uploads\/2025\/02\/SvM-logo-Xtra-Centrerad-SVART.png","width":300,"height":99,"caption":"Melkerson y Nott SL"},"image":{"@id":"https:\/\/lightweb.dev\/l\/svm-temp\/#\/schema\/logo\/image\/"},"sameAs":["https:\/\/www.facebook.com\/svenskamagasinet","https:\/\/x.com\/SvenskaMagasine"]},{"@type":"Person","@id":"https:\/\/lightweb.dev\/l\/svm-temp\/#\/schema\/person\/206a3bda5b607b0c25e1749191e4d837","name":"Redaktionen SvM","description":"Redaktionen","sameAs":["https:\/\/lightweb.dev\/l\/svm-temp"],"url":"https:\/\/lightweb.dev\/l\/svm-temp\/reporter\/redaktionen\/"}]}},"_links":{"self":[{"href":"https:\/\/lightweb.dev\/l\/svm-temp\/wp-json\/wp\/v2\/posts\/2277","targetHints":{"allow":["GET"]}}],"collection":[{"href":"https:\/\/lightweb.dev\/l\/svm-temp\/wp-json\/wp\/v2\/posts"}],"about":[{"href":"https:\/\/lightweb.dev\/l\/svm-temp\/wp-json\/wp\/v2\/types\/post"}],"author":[{"embeddable":true,"href":"https:\/\/lightweb.dev\/l\/svm-temp\/wp-json\/wp\/v2\/users\/8"}],"replies":[{"embeddable":true,"href":"https:\/\/lightweb.dev\/l\/svm-temp\/wp-json\/wp\/v2\/comments?post=2277"}],"version-history":[{"count":0,"href":"https:\/\/lightweb.dev\/l\/svm-temp\/wp-json\/wp\/v2\/posts\/2277\/revisions"}],"wp:featuredmedia":[{"embeddable":true,"href":"https:\/\/lightweb.dev\/l\/svm-temp\/wp-json\/wp\/v2\/media\/2278"}],"wp:attachment":[{"href":"https:\/\/lightweb.dev\/l\/svm-temp\/wp-json\/wp\/v2\/media?parent=2277"}],"wp:term":[{"taxonomy":"category","embeddable":true,"href":"https:\/\/lightweb.dev\/l\/svm-temp\/wp-json\/wp\/v2\/categories?post=2277"},{"taxonomy":"post_tag","embeddable":true,"href":"https:\/\/lightweb.dev\/l\/svm-temp\/wp-json\/wp\/v2\/tags?post=2277"}],"curies":[{"name":"wp","href":"https:\/\/api.w.org\/{rel}","templated":true}]}}